{"id":10059,"date":"2025-05-08T12:35:01","date_gmt":"2025-05-08T12:35:01","guid":{"rendered":"https:\/\/vraji.sk\/?p=10059"},"modified":"2025-06-20T07:02:57","modified_gmt":"2025-06-20T07:02:57","slug":"posilnene-letne-spoje-do-slovenskeho-raja-a-na-juzny-spis","status":"publish","type":"post","link":"https:\/\/vraji.sk\/de\/posilnene-letne-spoje-do-slovenskeho-raja-a-na-juzny-spis\/","title":{"rendered":"Posilnen\u00e9 letn\u00e9 spoje do Slovensk\u00e9ho raja a\u00a0na ju\u017en\u00fd Spi\u0161"},"content":{"rendered":"\n<p><\/p>\n\n\n\n<p>Aj toto leto zlep\u0161ia letn\u00e9 spoje dostupnos\u0165 turistick\u00fdch stred\u00edsk v na\u0161om regi\u00f3ne. <\/p>\n\n\n\n<p>OOCR v\u00a0spolupr\u00e1ci s\u00a0autobusov\u00fdm dopravcom <strong><a href=\"http:\/\/www.eurobus.sk\" target=\"_blank\" rel=\"noreferrer noopener\">eurobus a.s.<\/a><\/strong> , integrovan\u00fdm dopravn\u00fdm syst\u00e9mom <a href=\"https:\/\/idsvychod.sk\/\" target=\"_blank\" rel=\"noreferrer noopener\"><strong>IDS v\u00fdchod<\/strong><\/a> a krajskou oblastnou organiz\u00e1ciou <strong><a href=\"https:\/\/org.kosiceregion.com\/\" target=\"_blank\" rel=\"noreferrer noopener\">Ko\u0161ice Regi\u00f3n Turizmus<\/a> <\/strong>pon\u00faka na autobusov\u00fdch link\u00e1ch <strong>810436<\/strong> a<strong> 810438<\/strong> zn\u00e1mych aj ako <strong>LETN\u00dd BUS<a href=\"http:\/\/n2024.pdf\" target=\"_blank\" rel=\"noreferrer noopener\"><img decoding=\"async\" class=\"wp-image-12360\" style=\"width: NaNpx;\" src=\"https:\/\/vraji.sk\/wp-content\/uploads\/2023\/06\/grafikon2023.pdf\" alt=\"\"><\/a><\/strong>, slu\u017ebu prepravy bicyklov. Linky prem\u00e1vaj\u00fa medzi severom a\u00a0juhom Raja cez sedlo Kopanec tento rok od 28. j\u00fana do <br>31. augusta 2025. Autobusov\u00e9 spoje vybaven\u00e9<strong> cyklopr\u00edvesom<\/strong> s kapacitou 15 bicyklov, s\u00fa aj pre pe\u0161\u00edch turistov a maj\u00fa kapacitu 26 miest na sedenie, 6 na st\u00e1tie. Trasy:<\/p>\n\n\n<div class=\"wp-block-image\">\n<figure class=\"aligncenter size-full\"><a href=\"https:\/\/vraji.sk\/wp-content\/uploads\/2025\/05\/CP_EurobusRaj.png\"><img loading=\"lazy\" decoding=\"async\" width=\"400\" height=\"555\" src=\"https:\/\/vraji.sk\/wp-content\/uploads\/2025\/05\/CP_EurobusRaj.png\" alt=\"\" class=\"wp-image-19558\" srcset=\"https:\/\/vraji.sk\/wp-content\/uploads\/2025\/05\/CP_EurobusRaj.png 400w, https:\/\/vraji.sk\/wp-content\/uploads\/2025\/05\/CP_EurobusRaj-216x300.png 216w\" sizes=\"auto, (max-width: 400px) 100vw, 400px\" \/><\/a><\/figure>\n<\/div>\n\n<div class=\"wp-block-image\">\n<figure class=\"aligncenter size-full\"><a href=\"https:\/\/vraji.sk\/wp-content\/uploads\/2025\/05\/Cennik.jpg\"><img loading=\"lazy\" decoding=\"async\" width=\"912\" height=\"213\" src=\"https:\/\/vraji.sk\/wp-content\/uploads\/2025\/05\/Cennik.jpg\" alt=\"\" class=\"wp-image-19562\" srcset=\"https:\/\/vraji.sk\/wp-content\/uploads\/2025\/05\/Cennik.jpg 912w, https:\/\/vraji.sk\/wp-content\/uploads\/2025\/05\/Cennik-300x70.jpg 300w, https:\/\/vraji.sk\/wp-content\/uploads\/2025\/05\/Cennik-768x179.jpg 768w\" sizes=\"auto, (max-width: 912px) 100vw, 912px\" \/><\/a><\/figure>\n<\/div>\n\n\n<p><\/p>\n\n\n\n<p>810436 Sp. Nov\u00e1 Ves &#8211; Sp. Tom\u00e1\u0161ovce &#8211; Sp. \u0160tvrtok &#8211; Hrabu\u0161ice \/ Vydrn\u00edk-Straten\u00e1, Dob\u0161. \u013dad. Jasky\u0148a &#8211; Dedinky \/ Telg\u00e1rt<\/p>\n\n\n<div class=\"wp-block-image\">\n<figure class=\"aligncenter size-large is-resized\"><a href=\"https:\/\/vraji.sk\/wp-content\/uploads\/2025\/05\/810436-bike-1-2.pdf\" target=\"_blank\" rel=\"noreferrer noopener\"><img loading=\"lazy\" decoding=\"async\" width=\"1024\" height=\"724\" src=\"https:\/\/vraji.sk\/wp-content\/uploads\/2025\/05\/810436-bike-1-2-pdf-1024x724.jpg\" alt=\"\" class=\"wp-image-19546\" style=\"width:354px;height:auto\"\/><\/a><\/figure>\n<\/div>\n\n\n<p>810436 Dedinky \/ Telg\u00e1rt &#8211; Straten\u00e1, Dob\u0161. \u013dad. Jasky\u0148a Sp. Nov\u00e1 Ves &#8211; Hrabu\u0161ice \/ Vydrn\u00edk &#8211; Sp. \u0160tvrtok &#8211; Sp. Tom\u00e1\u0161ovce &#8211; Sp. Nov\u00e1 Ves<\/p>\n\n\n<div class=\"wp-block-image\">\n<figure class=\"aligncenter size-large is-resized\"><a href=\"https:\/\/vraji.sk\/wp-content\/uploads\/2025\/05\/810436-bike-2-1.pdf\" target=\"_blank\" rel=\"noreferrer noopener\"><img loading=\"lazy\" decoding=\"async\" width=\"1024\" height=\"724\" src=\"https:\/\/vraji.sk\/wp-content\/uploads\/2025\/05\/810436-bike-2-1-pdf-1024x724.jpg\" alt=\"\" class=\"wp-image-19548\" style=\"width:358px;height:auto\"\/><\/a><\/figure>\n<\/div>\n\n\n<p>810438 Spi\u0161sk\u00e1 Nov\u00e1 Ves &#8211; Spi\u0161sk\u00fd \u0160tvrtok &#8211; Hrabu\u0161ice &#8211; Vydrn\u00edk &#8211; Betlanovce &#8211; Hrabu\u0161ice<\/p>\n\n\n<div class=\"wp-block-image\">\n<figure class=\"aligncenter size-large is-resized\"><a href=\"https:\/\/vraji.sk\/wp-content\/uploads\/2025\/05\/810438_1.pdf\" target=\"_blank\" rel=\"noreferrer noopener\"><img loading=\"lazy\" decoding=\"async\" width=\"1024\" height=\"724\" src=\"https:\/\/vraji.sk\/wp-content\/uploads\/2025\/05\/810438_1-pdf-1024x724.jpg\" alt=\"\" class=\"wp-image-19281\" style=\"width:362px;height:auto\"\/><\/a><\/figure>\n<\/div>\n\n\n<p>810438 Hrabu\u0161ice &#8211; Betlanovce &#8211; Vydrn\u00edk &#8211; Hrabu\u0161ice &#8211; Spi\u0161sk\u00fd \u0160tvrtok &#8211; Spi\u0161sk\u00e1 Nov\u00e1 Ves<\/p>\n\n\n<div class=\"wp-block-image\">\n<figure class=\"aligncenter size-large is-resized\"><a href=\"https:\/\/vraji.sk\/wp-content\/uploads\/2025\/05\/810438_2.pdf\" target=\"_blank\" rel=\"noreferrer noopener\"><img loading=\"lazy\" decoding=\"async\" width=\"1024\" height=\"724\" src=\"https:\/\/vraji.sk\/wp-content\/uploads\/2025\/05\/810438_2-pdf-1024x724.jpg\" alt=\"\" class=\"wp-image-19284\" style=\"width:354px;height:auto\"\/><\/a><\/figure>\n<\/div>\n\n\n<p><strong>Pre pe\u0161\u00edch turistov:<\/strong> bez cyklopr\u00edvesu<\/p>\n\n\n\n<p>810433 Spi\u0161sk\u00e1 Nov\u00e1 Ves &#8211; Hnilec &#8211; Mlynky &#8211; Dedinky &#8211; Straten\u00e1, Dob\u0161insk\u00e1 \u013dadov\u00e1 Jasky\u0148a \/ Dob\u0161in\u00e1<\/p>\n\n\n<div class=\"wp-block-image\">\n<figure class=\"aligncenter size-large is-resized\"><a href=\"https:\/\/vraji.sk\/wp-content\/uploads\/2025\/05\/810433-1-1.pdf\"><img loading=\"lazy\" decoding=\"async\" width=\"1024\" height=\"724\" src=\"https:\/\/vraji.sk\/wp-content\/uploads\/2025\/05\/810433-1-1-pdf-1024x724.jpg\" alt=\"\" class=\"wp-image-19304\" style=\"width:334px;height:auto\"\/><\/a><\/figure>\n<\/div>\n\n\n<p>810433 Dob\u0161in\u00e1 &#8211; Straten\u00e1, Dob\u0161insk\u00e1 \u013dadov\u00e1 Jasky\u0148a &#8211; Dedinky &#8211; Hnilec &#8211; Spi\u0161sk\u00e1 Nov\u00e1 Ves<\/p>\n\n\n<div class=\"wp-block-image\">\n<figure class=\"aligncenter size-medium\"><a href=\"https:\/\/vraji.sk\/wp-content\/uploads\/2025\/05\/810433-2-2.pdf\"><img loading=\"lazy\" decoding=\"async\" width=\"300\" height=\"212\" src=\"https:\/\/vraji.sk\/wp-content\/uploads\/2025\/05\/810433-2-2-pdf-300x212.jpg\" alt=\"\" class=\"wp-image-19313\"\/><\/a><\/figure>\n<\/div>\n\n\n<p>810435 Spi\u0161sk\u00e1 Nov\u00e1 Ves &#8211; \u010cingov &#8211; Spi\u0161sk\u00e9 Tom\u00e1\u0161ovce &#8211; Spi\u0161sk\u00e1 Nov\u00e1 Ves<\/p>\n\n\n<div class=\"wp-block-image\">\n<figure class=\"aligncenter size-large is-resized\"><a href=\"https:\/\/vraji.sk\/wp-content\/uploads\/2025\/05\/810435.pdf\" target=\"_blank\" rel=\"noreferrer noopener\"><img loading=\"lazy\" decoding=\"async\" width=\"1024\" height=\"724\" src=\"https:\/\/vraji.sk\/wp-content\/uploads\/2025\/05\/810435-pdf-1024x724.jpg\" alt=\"\" class=\"wp-image-19293\" style=\"width:342px;height:auto\"\/><\/a><\/figure>\n<\/div>\n\n\n<p>V spolupr\u00e1cii s <strong><em><a href=\"https:\/\/www.kosiceregion.com\/sk\/\" target=\"_blank\" rel=\"noreferrer noopener\">Ko\u0161ice Regi\u00f3n Turizmus<\/a><\/em><\/strong> sme taktie\u017e pripravili tipy na v\u00fdlety Bicyklom do Raja s eurobusom <a href=\"https:\/\/vylety.kosiceregion.com\/vylety\/bicyklom-do-raja-s-eurobusom-2\/\" target=\"_blank\" rel=\"noreferrer noopener\"><strong>TU<\/strong><\/a><\/p>\n\n\n\n<p>Cyklonosi\u010dom pre 6 bicyklov bud\u00fa vybaven\u00e9 aj dva pravideln\u00e9 autobusov\u00e9 spoje dopravcu <strong><a href=\"http:\/\/eurobus.sk\" target=\"_blank\" rel=\"noreferrer noopener\">eurobus a.s.<\/a> <\/strong>na trase Ko\u0161ice \u2013 Gelnica a&nbsp;sp\u00e4\u0165, prem\u00e1vaj\u00face cez v\u00edkendy a&nbsp;sviatky od 1. j\u00fana do 29. septembra 2024. Viac info<strong> <a href=\"https:\/\/vylety.kosiceregion.com\/vylety\/bicyklom-na-spis-s-eurobusom\/\" target=\"_blank\" rel=\"noreferrer noopener\">TU<\/a><\/strong><\/p>\n\n\n\n<p><strong>LETN\u00c9 VLAKY <\/strong><\/p>\n\n\n\n<p><strong><a href=\"http:\/\/www.zssk.sk\">\u017delezni\u010dn\u00e1 spolo\u010dnos\u0165 Slovensko (ZSSK)<\/a> <\/strong>v koordin\u00e1cii s objedn\u00e1vate\u013eom dopravn\u00fdch v\u00fdkonov <strong><a href=\"https:\/\/www.mindop.sk\/\">Ministerstvom dopravy SR (MD SR)<\/a><\/strong>, n\u00e1rodn\u00fdm port\u00e1lom cestovn\u00e9ho ruchu Slovenska <strong><a href=\"https:\/\/slovakia.travel\/\">Slovakia Travel <\/a><\/strong>a <strong>krajsk\u00fdmi organiz\u00e1ciami cestovn\u00e9ho ruchu (KOCR) <\/strong>op\u00e4\u0165 prich\u00e1dza s ponukou zauj\u00edmav\u00fdch letn\u00fdch vlakov\u00fdch spojen\u00ed. 18 letn\u00fdch vlakov, ktor\u00e9 podporia turizmus na Slovensku.<br><strong>Letn\u00e9 vlaky<\/strong>, t. j. spoje so sez\u00f3nnym obmedzen\u00edm, zapo\u010dn\u00fa svoju piatu sez\u00f3nu od 1. 7. a&nbsp;bud\u00fa prem\u00e1va\u0165 do 31. 8. 2025. Viac info <strong><a href=\"https:\/\/www.zssk.sk\/zlavy-cestovne\/letna-ponuka-slovak\/\">TU<\/a><\/strong><\/p>\n\n\n<div class=\"wp-block-image\">\n<figure class=\"aligncenter size-full is-resized\"><a href=\"https:\/\/vraji.sk\/wp-content\/uploads\/2024\/06\/mapa_letne_vlaky_2023-1024x523-1.webp\" target=\"_blank\" rel=\"noreferrer noopener\"><img loading=\"lazy\" decoding=\"async\" width=\"1024\" height=\"523\" src=\"https:\/\/vraji.sk\/wp-content\/uploads\/2024\/06\/mapa_letne_vlaky_2023-1024x523-1.webp\" alt=\"\" class=\"wp-image-16066\" style=\"aspect-ratio:2.3378995433789953;width:1002px;height:auto\" srcset=\"https:\/\/vraji.sk\/wp-content\/uploads\/2024\/06\/mapa_letne_vlaky_2023-1024x523-1.webp 1024w, https:\/\/vraji.sk\/wp-content\/uploads\/2024\/06\/mapa_letne_vlaky_2023-1024x523-1-300x153.webp 300w, https:\/\/vraji.sk\/wp-content\/uploads\/2024\/06\/mapa_letne_vlaky_2023-1024x523-1-768x392.webp 768w\" sizes=\"auto, (max-width: 1024px) 100vw, 1024px\" \/><\/a><\/figure>\n<\/div>\n\n\n<p>Tipy na v\u00fdlety vlakom n\u00e1jdete <strong><a href=\"https:\/\/www.zssk.sk\/vylet\/spisska-nova-ves-mesto-zvonov-a-adrenalinu\/\">TU<\/a><\/strong><\/p>\n\n\n\n<p>Grafikony jednotliv\u00fdch \u017eelezni\u010dn\u00fdch spojov:<\/p>\n\n\n\n<p><strong>Ko\u0161ice \u2013 \u010cerven\u00e1 Skala \u2013 Bansk\u00e1 Bystrica<\/strong>:<br><strong>\u2022<\/strong> <strong>REX<\/strong> <strong>1680\/1782<\/strong> (Ko\u0161ice 09:19 \u2013 Bansk\u00e1 Bystrica 14:12), <br>\u2013 kalend\u00e1rne obmedzenie: ide v sobotu (6) 15.6 &#8211; 14.9. 2025<\/p>\n\n\n\n<p><strong>Pre\u0161ov \u2013 \u010cerven\u00e1 Skala \u2013 Bansk\u00e1 Bystrica<\/strong>:<br><strong>\u2022<\/strong> <strong>REX 1682\/1782<\/strong> (Pre\u0161ov 09:21 \u2013 Bansk\u00e1 Bystrica 14:12)<br><strong>\u2022 REX 1787\/1689 <\/strong>(Bansk\u00e1 Bystrica 18:17 \u2013 Pre\u0161ov 22:41)<br>\u2013 kalend\u00e1rne obmedzenie: id\u00fa v nede\u013eu (+) v obdob\u00ed 16.6. &#8211; 15.9. 2025<br><\/p>\n\n\n\n<p><strong>Bansk\u00e1 Bystrica \u2013 \u010cerven\u00e1 Skala \u2013 Mlynky<\/strong>:<br><strong>\u2022 Zr 1681<\/strong> (Bansk\u00e1 Bystrica 08:13 \u2013 Mlynky 10:33),<br><strong>\u2022<\/strong> <strong>Zr 1684 <\/strong>(Mlynky 13:33 \u2013 Bansk\u00e1 Bystrica 16:06),<br>\u2013 kalend\u00e1rne obmedzenie: ide v sobotu (6), v nede\u013eu  a d\u0148och pracovn\u00e9ho pokoja (+) <\/p>\n","protected":false},"excerpt":{"rendered":"<p>Aj toto leto zlep\u0161ia letn\u00e9 spoje dostupnos\u0165 turistick\u00fdch stred\u00edsk v na\u0161om regi\u00f3ne. OOCR v\u00a0sp<\/p>\n","protected":false},"author":50,"featured_media":19555,"comment_status":"open","ping_status":"open","sticky":false,"template":"","format":"standard","meta":{"_acf_changed":false,"footnotes":""},"categories":[1],"tags":[],"class_list":["post-10059","post","type-post","status-publish","format-standard","has-post-thumbnail","hentry","category-uncategorized-sk"],"acf":[],"yoast_head":"<!-- This site is optimized with the Yoast SEO plugin v27.4 - https:\/\/yoast.com\/product\/yoast-seo-wordpress\/ -->\n<title>Posilnen\u00e9 letn\u00e9 spoje do Slovensk\u00e9ho raja a\u00a0na ju\u017en\u00fd Spi\u0161 - OOCR<\/title>\n<meta name=\"description\" content=\"Aj toto leto prem\u00e1va do ob\u013e\u00faben\u00fdch stred\u00edsk Slovensk\u00e9ho raja v\u00edkendov\u00fd turistick\u00fd Letn\u00fd bus s podporou eurobus a.s.\" \/>\n<meta name=\"robots\" content=\"index, follow, max-snippet:-1, max-image-preview:large, max-video-preview:-1\" \/>\n<link rel=\"canonical\" href=\"https:\/\/vraji.sk\/de\/posilnene-letne-spoje-do-slovenskeho-raja-a-na-juzny-spis\/\" \/>\n<meta property=\"og:locale\" content=\"de_DE\" \/>\n<meta property=\"og:type\" content=\"article\" \/>\n<meta property=\"og:title\" content=\"Posilnen\u00e9 letn\u00e9 spoje do Slovensk\u00e9ho raja a\u00a0na ju\u017en\u00fd Spi\u0161 - OOCR\" \/>\n<meta property=\"og:description\" content=\"Aj toto leto prem\u00e1va do ob\u013e\u00faben\u00fdch stred\u00edsk Slovensk\u00e9ho raja v\u00edkendov\u00fd turistick\u00fd Letn\u00fd bus s podporou eurobus a.s.\" \/>\n<meta property=\"og:url\" content=\"https:\/\/vraji.sk\/de\/posilnene-letne-spoje-do-slovenskeho-raja-a-na-juzny-spis\/\" \/>\n<meta property=\"og:site_name\" content=\"OOCR\" \/>\n<meta property=\"article:published_time\" content=\"2025-05-08T12:35:01+00:00\" \/>\n<meta property=\"article:modified_time\" content=\"2025-06-20T07:02:57+00:00\" \/>\n<meta property=\"og:image\" content=\"https:\/\/vraji.sk\/wp-content\/uploads\/2025\/05\/LCD_doRaja_1280x720px.jpg\" \/>\n\t<meta property=\"og:image:width\" content=\"1280\" \/>\n\t<meta property=\"og:image:height\" content=\"720\" \/>\n\t<meta property=\"og:image:type\" content=\"image\/jpeg\" \/>\n<meta name=\"author\" content=\"oocr-obsah\" \/>\n<meta name=\"twitter:card\" content=\"summary_large_image\" \/>\n<meta name=\"twitter:label1\" content=\"Verfasst von\" \/>\n\t<meta name=\"twitter:data1\" content=\"oocr-obsah\" \/>\n\t<meta name=\"twitter:label2\" content=\"Gesch\u00e4tzte Lesezeit\" \/>\n\t<meta name=\"twitter:data2\" content=\"5\u00a0Minuten\" \/>\n<script type=\"application\/ld+json\" class=\"yoast-schema-graph\">{\"@context\":\"https:\\\/\\\/schema.org\",\"@graph\":[{\"@type\":\"Article\",\"@id\":\"https:\\\/\\\/vraji.sk\\\/de\\\/posilnene-letne-spoje-do-slovenskeho-raja-a-na-juzny-spis\\\/#article\",\"isPartOf\":{\"@id\":\"https:\\\/\\\/vraji.sk\\\/de\\\/posilnene-letne-spoje-do-slovenskeho-raja-a-na-juzny-spis\\\/\"},\"author\":{\"name\":\"oocr-obsah\",\"@id\":\"https:\\\/\\\/vraji.sk\\\/de\\\/#\\\/schema\\\/person\\\/01641cf41f9d52638cb29a73818cf39c\"},\"headline\":\"Posilnen\u00e9 letn\u00e9 spoje do Slovensk\u00e9ho raja a\u00a0na ju\u017en\u00fd Spi\u0161\",\"datePublished\":\"2025-05-08T12:35:01+00:00\",\"dateModified\":\"2025-06-20T07:02:57+00:00\",\"mainEntityOfPage\":{\"@id\":\"https:\\\/\\\/vraji.sk\\\/de\\\/posilnene-letne-spoje-do-slovenskeho-raja-a-na-juzny-spis\\\/\"},\"wordCount\":508,\"commentCount\":0,\"publisher\":{\"@id\":\"https:\\\/\\\/vraji.sk\\\/de\\\/#organization\"},\"image\":{\"@id\":\"https:\\\/\\\/vraji.sk\\\/de\\\/posilnene-letne-spoje-do-slovenskeho-raja-a-na-juzny-spis\\\/#primaryimage\"},\"thumbnailUrl\":\"https:\\\/\\\/vraji.sk\\\/wp-content\\\/uploads\\\/2025\\\/05\\\/LCD_doRaja_1280x720px.jpg\",\"articleSection\":[\"Uncategorized @sk\"],\"inLanguage\":\"de\",\"potentialAction\":[{\"@type\":\"CommentAction\",\"name\":\"Comment\",\"target\":[\"https:\\\/\\\/vraji.sk\\\/de\\\/posilnene-letne-spoje-do-slovenskeho-raja-a-na-juzny-spis\\\/#respond\"]}]},{\"@type\":\"WebPage\",\"@id\":\"https:\\\/\\\/vraji.sk\\\/de\\\/posilnene-letne-spoje-do-slovenskeho-raja-a-na-juzny-spis\\\/\",\"url\":\"https:\\\/\\\/vraji.sk\\\/de\\\/posilnene-letne-spoje-do-slovenskeho-raja-a-na-juzny-spis\\\/\",\"name\":\"Posilnen\u00e9 letn\u00e9 spoje do Slovensk\u00e9ho raja a\u00a0na ju\u017en\u00fd Spi\u0161 - OOCR\",\"isPartOf\":{\"@id\":\"https:\\\/\\\/vraji.sk\\\/de\\\/#website\"},\"primaryImageOfPage\":{\"@id\":\"https:\\\/\\\/vraji.sk\\\/de\\\/posilnene-letne-spoje-do-slovenskeho-raja-a-na-juzny-spis\\\/#primaryimage\"},\"image\":{\"@id\":\"https:\\\/\\\/vraji.sk\\\/de\\\/posilnene-letne-spoje-do-slovenskeho-raja-a-na-juzny-spis\\\/#primaryimage\"},\"thumbnailUrl\":\"https:\\\/\\\/vraji.sk\\\/wp-content\\\/uploads\\\/2025\\\/05\\\/LCD_doRaja_1280x720px.jpg\",\"datePublished\":\"2025-05-08T12:35:01+00:00\",\"dateModified\":\"2025-06-20T07:02:57+00:00\",\"description\":\"Aj toto leto prem\u00e1va do ob\u013e\u00faben\u00fdch stred\u00edsk Slovensk\u00e9ho raja v\u00edkendov\u00fd turistick\u00fd Letn\u00fd bus s podporou eurobus a.s.\",\"breadcrumb\":{\"@id\":\"https:\\\/\\\/vraji.sk\\\/de\\\/posilnene-letne-spoje-do-slovenskeho-raja-a-na-juzny-spis\\\/#breadcrumb\"},\"inLanguage\":\"de\",\"potentialAction\":[{\"@type\":\"ReadAction\",\"target\":[\"https:\\\/\\\/vraji.sk\\\/de\\\/posilnene-letne-spoje-do-slovenskeho-raja-a-na-juzny-spis\\\/\"]}]},{\"@type\":\"ImageObject\",\"inLanguage\":\"de\",\"@id\":\"https:\\\/\\\/vraji.sk\\\/de\\\/posilnene-letne-spoje-do-slovenskeho-raja-a-na-juzny-spis\\\/#primaryimage\",\"url\":\"https:\\\/\\\/vraji.sk\\\/wp-content\\\/uploads\\\/2025\\\/05\\\/LCD_doRaja_1280x720px.jpg\",\"contentUrl\":\"https:\\\/\\\/vraji.sk\\\/wp-content\\\/uploads\\\/2025\\\/05\\\/LCD_doRaja_1280x720px.jpg\",\"width\":1280,\"height\":720},{\"@type\":\"BreadcrumbList\",\"@id\":\"https:\\\/\\\/vraji.sk\\\/de\\\/posilnene-letne-spoje-do-slovenskeho-raja-a-na-juzny-spis\\\/#breadcrumb\",\"itemListElement\":[{\"@type\":\"ListItem\",\"position\":1,\"name\":\"Home\",\"item\":\"https:\\\/\\\/vraji.sk\\\/de\\\/homepage\\\/\"},{\"@type\":\"ListItem\",\"position\":2,\"name\":\"Posilnen\u00e9 letn\u00e9 spoje do Slovensk\u00e9ho raja a\u00a0na ju\u017en\u00fd Spi\u0161\"}]},{\"@type\":\"WebSite\",\"@id\":\"https:\\\/\\\/vraji.sk\\\/de\\\/#website\",\"url\":\"https:\\\/\\\/vraji.sk\\\/de\\\/\",\"name\":\"OOCR\",\"description\":\"Regi\u00f3n Slovensk\u00fd raj a Spi\u0161 | Z\u00e1\u017eitky, turistika, hist\u00f3ria | vRaji.sk\",\"publisher\":{\"@id\":\"https:\\\/\\\/vraji.sk\\\/de\\\/#organization\"},\"potentialAction\":[{\"@type\":\"SearchAction\",\"target\":{\"@type\":\"EntryPoint\",\"urlTemplate\":\"https:\\\/\\\/vraji.sk\\\/de\\\/?s={search_term_string}\"},\"query-input\":{\"@type\":\"PropertyValueSpecification\",\"valueRequired\":true,\"valueName\":\"search_term_string\"}}],\"inLanguage\":\"de\"},{\"@type\":\"Organization\",\"@id\":\"https:\\\/\\\/vraji.sk\\\/de\\\/#organization\",\"name\":\"OOCR\",\"url\":\"https:\\\/\\\/vraji.sk\\\/de\\\/\",\"logo\":{\"@type\":\"ImageObject\",\"inLanguage\":\"de\",\"@id\":\"https:\\\/\\\/vraji.sk\\\/de\\\/#\\\/schema\\\/logo\\\/image\\\/\",\"url\":\"https:\\\/\\\/vraji.sk\\\/wp-content\\\/uploads\\\/2021\\\/11\\\/biele-logo-1.svg\",\"contentUrl\":\"https:\\\/\\\/vraji.sk\\\/wp-content\\\/uploads\\\/2021\\\/11\\\/biele-logo-1.svg\",\"caption\":\"OOCR\"},\"image\":{\"@id\":\"https:\\\/\\\/vraji.sk\\\/de\\\/#\\\/schema\\\/logo\\\/image\\\/\"}},{\"@type\":\"Person\",\"@id\":\"https:\\\/\\\/vraji.sk\\\/de\\\/#\\\/schema\\\/person\\\/01641cf41f9d52638cb29a73818cf39c\",\"name\":\"oocr-obsah\",\"image\":{\"@type\":\"ImageObject\",\"inLanguage\":\"de\",\"@id\":\"https:\\\/\\\/secure.gravatar.com\\\/avatar\\\/bc547f4d1cfe56f35ef07eb29186b1e943f6b533e816d5758667f08b34617b3b?s=96&d=mm&r=g\",\"url\":\"https:\\\/\\\/secure.gravatar.com\\\/avatar\\\/bc547f4d1cfe56f35ef07eb29186b1e943f6b533e816d5758667f08b34617b3b?s=96&d=mm&r=g\",\"contentUrl\":\"https:\\\/\\\/secure.gravatar.com\\\/avatar\\\/bc547f4d1cfe56f35ef07eb29186b1e943f6b533e816d5758667f08b34617b3b?s=96&d=mm&r=g\",\"caption\":\"oocr-obsah\"},\"description\":\"alexpark.sk\",\"url\":\"https:\\\/\\\/vraji.sk\\\/de\\\/author\\\/oocr-obsah\\\/\"}]}<\/script>\n<!-- \/ Yoast SEO plugin. -->","yoast_head_json":{"title":"Posilnen\u00e9 letn\u00e9 spoje do Slovensk\u00e9ho raja a\u00a0na ju\u017en\u00fd Spi\u0161 - OOCR","description":"Aj toto leto prem\u00e1va do ob\u013e\u00faben\u00fdch stred\u00edsk Slovensk\u00e9ho raja v\u00edkendov\u00fd turistick\u00fd Letn\u00fd bus s podporou eurobus a.s.","robots":{"index":"index","follow":"follow","max-snippet":"max-snippet:-1","max-image-preview":"max-image-preview:large","max-video-preview":"max-video-preview:-1"},"canonical":"https:\/\/vraji.sk\/de\/posilnene-letne-spoje-do-slovenskeho-raja-a-na-juzny-spis\/","og_locale":"de_DE","og_type":"article","og_title":"Posilnen\u00e9 letn\u00e9 spoje do Slovensk\u00e9ho raja a\u00a0na ju\u017en\u00fd Spi\u0161 - OOCR","og_description":"Aj toto leto prem\u00e1va do ob\u013e\u00faben\u00fdch stred\u00edsk Slovensk\u00e9ho raja v\u00edkendov\u00fd turistick\u00fd Letn\u00fd bus s podporou eurobus a.s.","og_url":"https:\/\/vraji.sk\/de\/posilnene-letne-spoje-do-slovenskeho-raja-a-na-juzny-spis\/","og_site_name":"OOCR","article_published_time":"2025-05-08T12:35:01+00:00","article_modified_time":"2025-06-20T07:02:57+00:00","og_image":[{"width":1280,"height":720,"url":"https:\/\/vraji.sk\/wp-content\/uploads\/2025\/05\/LCD_doRaja_1280x720px.jpg","type":"image\/jpeg"}],"author":"oocr-obsah","twitter_card":"summary_large_image","twitter_misc":{"Verfasst von":"oocr-obsah","Gesch\u00e4tzte Lesezeit":"5\u00a0Minuten"},"schema":{"@context":"https:\/\/schema.org","@graph":[{"@type":"Article","@id":"https:\/\/vraji.sk\/de\/posilnene-letne-spoje-do-slovenskeho-raja-a-na-juzny-spis\/#article","isPartOf":{"@id":"https:\/\/vraji.sk\/de\/posilnene-letne-spoje-do-slovenskeho-raja-a-na-juzny-spis\/"},"author":{"name":"oocr-obsah","@id":"https:\/\/vraji.sk\/de\/#\/schema\/person\/01641cf41f9d52638cb29a73818cf39c"},"headline":"Posilnen\u00e9 letn\u00e9 spoje do Slovensk\u00e9ho raja a\u00a0na ju\u017en\u00fd Spi\u0161","datePublished":"2025-05-08T12:35:01+00:00","dateModified":"2025-06-20T07:02:57+00:00","mainEntityOfPage":{"@id":"https:\/\/vraji.sk\/de\/posilnene-letne-spoje-do-slovenskeho-raja-a-na-juzny-spis\/"},"wordCount":508,"commentCount":0,"publisher":{"@id":"https:\/\/vraji.sk\/de\/#organization"},"image":{"@id":"https:\/\/vraji.sk\/de\/posilnene-letne-spoje-do-slovenskeho-raja-a-na-juzny-spis\/#primaryimage"},"thumbnailUrl":"https:\/\/vraji.sk\/wp-content\/uploads\/2025\/05\/LCD_doRaja_1280x720px.jpg","articleSection":["Uncategorized @sk"],"inLanguage":"de","potentialAction":[{"@type":"CommentAction","name":"Comment","target":["https:\/\/vraji.sk\/de\/posilnene-letne-spoje-do-slovenskeho-raja-a-na-juzny-spis\/#respond"]}]},{"@type":"WebPage","@id":"https:\/\/vraji.sk\/de\/posilnene-letne-spoje-do-slovenskeho-raja-a-na-juzny-spis\/","url":"https:\/\/vraji.sk\/de\/posilnene-letne-spoje-do-slovenskeho-raja-a-na-juzny-spis\/","name":"Posilnen\u00e9 letn\u00e9 spoje do Slovensk\u00e9ho raja a\u00a0na ju\u017en\u00fd Spi\u0161 - OOCR","isPartOf":{"@id":"https:\/\/vraji.sk\/de\/#website"},"primaryImageOfPage":{"@id":"https:\/\/vraji.sk\/de\/posilnene-letne-spoje-do-slovenskeho-raja-a-na-juzny-spis\/#primaryimage"},"image":{"@id":"https:\/\/vraji.sk\/de\/posilnene-letne-spoje-do-slovenskeho-raja-a-na-juzny-spis\/#primaryimage"},"thumbnailUrl":"https:\/\/vraji.sk\/wp-content\/uploads\/2025\/05\/LCD_doRaja_1280x720px.jpg","datePublished":"2025-05-08T12:35:01+00:00","dateModified":"2025-06-20T07:02:57+00:00","description":"Aj toto leto prem\u00e1va do ob\u013e\u00faben\u00fdch stred\u00edsk Slovensk\u00e9ho raja v\u00edkendov\u00fd turistick\u00fd Letn\u00fd bus s podporou eurobus a.s.","breadcrumb":{"@id":"https:\/\/vraji.sk\/de\/posilnene-letne-spoje-do-slovenskeho-raja-a-na-juzny-spis\/#breadcrumb"},"inLanguage":"de","potentialAction":[{"@type":"ReadAction","target":["https:\/\/vraji.sk\/de\/posilnene-letne-spoje-do-slovenskeho-raja-a-na-juzny-spis\/"]}]},{"@type":"ImageObject","inLanguage":"de","@id":"https:\/\/vraji.sk\/de\/posilnene-letne-spoje-do-slovenskeho-raja-a-na-juzny-spis\/#primaryimage","url":"https:\/\/vraji.sk\/wp-content\/uploads\/2025\/05\/LCD_doRaja_1280x720px.jpg","contentUrl":"https:\/\/vraji.sk\/wp-content\/uploads\/2025\/05\/LCD_doRaja_1280x720px.jpg","width":1280,"height":720},{"@type":"BreadcrumbList","@id":"https:\/\/vraji.sk\/de\/posilnene-letne-spoje-do-slovenskeho-raja-a-na-juzny-spis\/#breadcrumb","itemListElement":[{"@type":"ListItem","position":1,"name":"Home","item":"https:\/\/vraji.sk\/de\/homepage\/"},{"@type":"ListItem","position":2,"name":"Posilnen\u00e9 letn\u00e9 spoje do Slovensk\u00e9ho raja a\u00a0na ju\u017en\u00fd Spi\u0161"}]},{"@type":"WebSite","@id":"https:\/\/vraji.sk\/de\/#website","url":"https:\/\/vraji.sk\/de\/","name":"OOCR","description":"Regi\u00f3n Slovensk\u00fd raj a Spi\u0161 | Z\u00e1\u017eitky, turistika, hist\u00f3ria | vRaji.sk","publisher":{"@id":"https:\/\/vraji.sk\/de\/#organization"},"potentialAction":[{"@type":"SearchAction","target":{"@type":"EntryPoint","urlTemplate":"https:\/\/vraji.sk\/de\/?s={search_term_string}"},"query-input":{"@type":"PropertyValueSpecification","valueRequired":true,"valueName":"search_term_string"}}],"inLanguage":"de"},{"@type":"Organization","@id":"https:\/\/vraji.sk\/de\/#organization","name":"OOCR","url":"https:\/\/vraji.sk\/de\/","logo":{"@type":"ImageObject","inLanguage":"de","@id":"https:\/\/vraji.sk\/de\/#\/schema\/logo\/image\/","url":"https:\/\/vraji.sk\/wp-content\/uploads\/2021\/11\/biele-logo-1.svg","contentUrl":"https:\/\/vraji.sk\/wp-content\/uploads\/2021\/11\/biele-logo-1.svg","caption":"OOCR"},"image":{"@id":"https:\/\/vraji.sk\/de\/#\/schema\/logo\/image\/"}},{"@type":"Person","@id":"https:\/\/vraji.sk\/de\/#\/schema\/person\/01641cf41f9d52638cb29a73818cf39c","name":"oocr-obsah","image":{"@type":"ImageObject","inLanguage":"de","@id":"https:\/\/secure.gravatar.com\/avatar\/bc547f4d1cfe56f35ef07eb29186b1e943f6b533e816d5758667f08b34617b3b?s=96&d=mm&r=g","url":"https:\/\/secure.gravatar.com\/avatar\/bc547f4d1cfe56f35ef07eb29186b1e943f6b533e816d5758667f08b34617b3b?s=96&d=mm&r=g","contentUrl":"https:\/\/secure.gravatar.com\/avatar\/bc547f4d1cfe56f35ef07eb29186b1e943f6b533e816d5758667f08b34617b3b?s=96&d=mm&r=g","caption":"oocr-obsah"},"description":"alexpark.sk","url":"https:\/\/vraji.sk\/de\/author\/oocr-obsah\/"}]}},"_links":{"self":[{"href":"https:\/\/vraji.sk\/de\/wp-json\/wp\/v2\/posts\/10059","targetHints":{"allow":["GET"]}}],"collection":[{"href":"https:\/\/vraji.sk\/de\/wp-json\/wp\/v2\/posts"}],"about":[{"href":"https:\/\/vraji.sk\/de\/wp-json\/wp\/v2\/types\/post"}],"author":[{"embeddable":true,"href":"https:\/\/vraji.sk\/de\/wp-json\/wp\/v2\/users\/50"}],"replies":[{"embeddable":true,"href":"https:\/\/vraji.sk\/de\/wp-json\/wp\/v2\/comments?post=10059"}],"version-history":[{"count":84,"href":"https:\/\/vraji.sk\/de\/wp-json\/wp\/v2\/posts\/10059\/revisions"}],"predecessor-version":[{"id":19564,"href":"https:\/\/vraji.sk\/de\/wp-json\/wp\/v2\/posts\/10059\/revisions\/19564"}],"wp:featuredmedia":[{"embeddable":true,"href":"https:\/\/vraji.sk\/de\/wp-json\/wp\/v2\/media\/19555"}],"wp:attachment":[{"href":"https:\/\/vraji.sk\/de\/wp-json\/wp\/v2\/media?parent=10059"}],"wp:term":[{"taxonomy":"category","embeddable":true,"href":"https:\/\/vraji.sk\/de\/wp-json\/wp\/v2\/categories?post=10059"},{"taxonomy":"post_tag","embeddable":true,"href":"https:\/\/vraji.sk\/de\/wp-json\/wp\/v2\/tags?post=10059"}],"curies":[{"name":"wp","href":"https:\/\/api.w.org\/{rel}","templated":true}]}}