{"id":11484,"date":"2023-02-12T18:40:14","date_gmt":"2023-02-12T18:40:14","guid":{"rendered":"https:\/\/vraji.sk\/?p=11484"},"modified":"2023-02-12T21:41:27","modified_gmt":"2023-02-12T21:41:27","slug":"valentinska-romantika-v-raji-a-na-spisi","status":"publish","type":"post","link":"https:\/\/vraji.sk\/de\/valentinska-romantika-v-raji-a-na-spisi\/","title":{"rendered":"Valent\u00ednska romantika v Raji a na Spi\u0161i"},"content":{"rendered":"\n<p><\/p>\n\n\n\n<p><em><strong>Sviatok v\u0161etk\u00fdch za\u013e\u00faben\u00fdch, sv\u00e4t\u00fd Valent\u00edn, klope na dvere. M\u00e1te u\u017e n\u00e1pad, ako v t\u00fdchto d\u0148och pote\u0161i\u0165 svoju partnerku \u010di partnera? Ak nie, prin\u00e1\u0161ame v\u00e1m nieko\u013eko skvel\u00fdch tipov na z\u00e1\u017eitky pln\u00e9 romantiky u n\u00e1s v Slovenskom raji a na ju\u017enom Spi\u0161i! <\/strong><\/em><\/p>\n\n\n\n<div class=\"row\">\n    <div class=\"col\">\n        <hr class=\"mt-45 mb-45\">\n    <\/div>\n<\/div>\n\n\n<h3 class=\"wp-block-heading\">Valent\u00ednske dni v Hoteli Metropol****<\/h3>\n\n\n\n<p>Luxusn\u00fd \u0161tvorhviezdi\u010dkov\u00fd Hotel Metropol v Spi\u0161skej Novej Vsi je azda t\u00fdm najlep\u0161\u00edm miestom pre romantiku v srdci ju\u017en\u00e9ho Spi\u0161a. \u0160pi\u010dkov\u00e9 ubytovanie, v\u00fdberov\u00e1 gastron\u00f3mia a k tomu v\u0161etky kr\u00e1sy pr\u00edrody Slovensk\u00e9ho raja a kult\u00farne klenoty n\u00e1\u0161ho regi\u00f3nu na dosah. <\/p>\n\n\n\n<p>Pri pr\u00edle\u017eitosti sviatku zamilovan\u00fdch od 14. do 18. febru\u00e1ra v Metropole pripravili \u0161peci\u00e1lnu ponuku &#8211; v\u00fdnimo\u010dn\u00fa p\u00e4\u0165chodov\u00fa ve\u010deru pre dvoch spolu s 2x dvojhodinov\u00fdm vstupom do ich vych\u00fdren\u00e9ho hotelov\u00e9ho wellness centra za zv\u00fdhodnen\u00fa cenu 89\u20ac. Nev\u00e1hajte a doprajte si so svojou polovi\u010dkou tento z\u00e1\u017eitok s n\u00e1dychom luxusu a skvel\u00e9ho relaxu. <\/p>\n\n\n\n<p>Viac inform\u00e1ci\u00ed m\u00f4\u017eete z\u00edska\u0165 na webe <a href=\"http:\/\/www.hotelmetropol.sk\">www.hotelmetropol.sk<\/a>, <a href=\"https:\/\/www.facebook.com\/hotelmetropol1969\">facebookovej str\u00e1nke hotela<\/a>, alebo telefonicky na \u010d\u00edsle +421 904 777 630. <\/p>\n\n\n<div class=\"wp-block-image\">\n<figure class=\"alignleft size-large is-resized\"><a href=\"https:\/\/www.facebook.com\/photo?fbid=626210902841106&amp;set=a.501845388610992\"><img loading=\"lazy\" decoding=\"async\" src=\"https:\/\/vraji.sk\/wp-content\/uploads\/2023\/02\/Valentin-Hotel-Metropol-2-1024x1024.jpg\" alt=\"\" class=\"wp-image-11485\" width=\"405\" height=\"402\"\/><\/a><figcaption class=\"wp-element-caption\">Valent\u00ednske dni v Metropole<\/figcaption><\/figure>\n<\/div>\n\n\n<figure class=\"wp-block-image size-large is-resized\"><a href=\"https:\/\/www.facebook.com\/photo\/?fbid=634526035342926&amp;set=a.501845388610992\"><img loading=\"lazy\" decoding=\"async\" src=\"https:\/\/vraji.sk\/wp-content\/uploads\/2023\/02\/Valentin-Hotel-Metropol-722x1024.jpg\" alt=\"\" class=\"wp-image-11487\" width=\"309\" height=\"437\" srcset=\"https:\/\/vraji.sk\/wp-content\/uploads\/2023\/02\/Valentin-Hotel-Metropol-722x1024.jpg 722w, https:\/\/vraji.sk\/wp-content\/uploads\/2023\/02\/Valentin-Hotel-Metropol-212x300.jpg 212w, https:\/\/vraji.sk\/wp-content\/uploads\/2023\/02\/Valentin-Hotel-Metropol-768x1089.jpg 768w, https:\/\/vraji.sk\/wp-content\/uploads\/2023\/02\/Valentin-Hotel-Metropol-1083x1536.jpg 1083w, https:\/\/vraji.sk\/wp-content\/uploads\/2023\/02\/Valentin-Hotel-Metropol.jpg 1444w\" sizes=\"auto, (max-width: 309px) 100vw, 309px\" \/><\/a><figcaption class=\"wp-element-caption\">Valent\u00ednske menu v Hoteli Metropol  <\/figcaption><\/figure>\n\n\n\n<div class=\"row\">\n    <div class=\"col\">\n        <hr class=\"mt-45 mb-45\">\n    <\/div>\n<\/div>\n\n\n<h3 class=\"wp-block-heading\">Valent\u00ednsky pobyt na &#8222;konci sveta&#8220; v Horskom hoteli Por\u00e1\u010d Park***<\/h3>\n\n\n\n<p>Uv\u00edtali by ste na Valent\u00edna rad\u0161ej relax v pokojnej atmosf\u00e9re \u010faleko od ruchu miest, obklopen\u00ed \u010darovnou pr\u00edrodou? V tom pr\u00edpade zav\u00edtajte na &#8222;koniec sveta&#8220; do Por\u00e1\u010dskej doliny, kde m\u00f4\u017eete vyu\u017ei\u0165 ponuku valent\u00ednskeho pobytu v Horskom hoteli Por\u00e1\u010d Park.*** Za vynikaj\u00facu cenu 132\u20ac v\u00e1m cez v\u00edkend 18. &#8211; 19. febru\u00e1ra pon\u00fakaj\u00fa pobyt pln\u00fd z\u00e1\u017eitkov na nezaplatenie, ktor\u00fd zah\u0155\u0148a noc pre dvoch v izbe s man\u017eelskou poste\u013eou s mo\u017enos\u0165ou neskor\u00e9ho check-outu, polpenziu, vstup do wellness centra hotela, z\u013eavnen\u00fd skipas v pri\u013eahlom ly\u017eiarskom stredisku Ski Por\u00e1\u010d Park, a tie\u017e speci\u00e1lne valent\u00ednske prekvapenie. <\/p>\n\n\n\n<p>Viac infom\u00e1ci\u00ed m\u00f4\u017eete n\u00e1js\u0165 na webovej str\u00e1nke hotela <a href=\"https:\/\/www.poracpark.sk\/\">www.poracpark.sk<\/a>, <a href=\"https:\/\/www.facebook.com\/poracpark.sk\">facebookovej str\u00e1nke hotela<\/a> alebo na telef\u00f3nnom \u010d\u00edsle +421 905 794 705. <\/p>\n\n\n<div class=\"wp-block-image\">\n<figure class=\"aligncenter size-large is-resized\"><a href=\"https:\/\/www.facebook.com\/photo\/?fbid=635337258592806&amp;set=a.464187992374401\"><img loading=\"lazy\" decoding=\"async\" src=\"https:\/\/vraji.sk\/wp-content\/uploads\/2023\/02\/Valentin-Porac-Park-819x1024.jpg\" alt=\"\" class=\"wp-image-11489\" width=\"384\" height=\"476\"\/><\/a><figcaption class=\"wp-element-caption\">Valent\u00ednska ponuka v Horskom hoteli Por\u00e1\u010d Park***<\/figcaption><\/figure>\n<\/div>\n\n\n<p><\/p>\n\n\n\n<div class=\"row\">\n    <div class=\"col\">\n        <hr class=\"mt-45 mb-45\">\n    <\/div>\n<\/div>\n\n\n<h2 class=\"wp-block-heading\">Valent\u00ednske menu v Penzi\u00f3ne Lesnica<\/h2>\n\n\n\n<p>Priali by ste si osl\u00e1vi\u0165 v\u00e1\u0161 romantick\u00fd vz\u0165ah ve\u010derou priamo v Slovenskom raji? V tom pr\u00edpade nev\u00e1hajte vyu\u017ei\u0165 ponuku Penzi\u00f3nu Lesnica, ktor\u00fd sa nach\u00e1dza v turistickom stredisku \u010cingov ne\u010faleko Spi\u0161skej Novej Vsi, Smi\u017eian a Spi\u0161sk\u00fdch Tom\u00e1\u0161oviec. Ich \u0161peci\u00e1lne Valent\u00ednske menu m\u00f4\u017eete pr\u00eds\u0165 ochutna\u0165 od nedele 12. 2. do utorka 14. 2. <\/p>\n\n\n\n<p>Viac inform\u00e1ci\u00ed na <a href=\"https:\/\/www.facebook.com\/PenzionLesnica\">facebookovej str\u00e1nke penzi\u00f3nu,<\/a> alebo na telef\u00f3nnom \u010d\u00edsle +421 53 321 01 07<\/p>\n\n\n<div class=\"wp-block-image\">\n<figure class=\"aligncenter size-full is-resized\"><a href=\"https:\/\/www.facebook.com\/photo\/?fbid=689004096345883&amp;set=a.573546757891618\"><img loading=\"lazy\" decoding=\"async\" src=\"https:\/\/vraji.sk\/wp-content\/uploads\/2023\/02\/Penzion-Lesnica-Valentin.jpg\" alt=\"\" class=\"wp-image-11491\" width=\"397\" height=\"560\"\/><\/a><figcaption class=\"wp-element-caption\">Valent\u00ednske menu v Penzi\u00f3ne Lesnica<\/figcaption><\/figure>\n<\/div>\n\n\n<div class=\"row\">\n    <div class=\"col\">\n        <hr class=\"mt-45 mb-45\">\n    <\/div>\n<\/div>\n\n\n<h3 class=\"wp-block-heading\">Valent\u00ednske menu v re\u0161taur\u00e1cii Nostalgie<\/h3>\n\n\n\n<p>Svoje \u0161peci\u00e1lne menu si pre za\u013e\u00faben\u00fdch pripravila aj jedna z najvych\u00fdrenej\u0161\u00edch re\u0161taur\u00e1ci\u00ed na Spi\u0161i, <strong><a href=\"https:\/\/www.facebook.com\/nostalgie.sk\">Nostalgie, Restaurant &#8211; Cafe <\/a><\/strong>v Spi\u0161skej Novej Vsi. Trojchodov\u00e9 menu pre dve osoby zlo\u017een\u00e9 z t\u00fdch najvyberanej\u0161\u00edch \u0161pecial\u00edt si tu m\u00f4\u017eete objedna\u0165 v cene 55\u20ac.  Naozaj v\u00fdnimo\u010dn\u00fd gastronomick\u00fd z\u00e1\u017eitok pre v\u00e1s a va\u0161u l\u00e1sku. Pre viac inform\u00e1ci\u00ed a rezerv\u00e1cu stolov nev\u00e1hajte zavola\u0165 na \u010d\u00edslo +421 53 4414 144 alebo +421 904 580 650. <\/p>\n\n\n<div class=\"wp-block-image\">\n<figure class=\"alignleft size-full is-resized\"><a href=\"https:\/\/www.facebook.com\/nostalgie.sk\"><img loading=\"lazy\" decoding=\"async\" src=\"https:\/\/vraji.sk\/wp-content\/uploads\/2023\/02\/Valentin-Nostalgie.jpg\" alt=\"\" class=\"wp-image-11493\" width=\"455\" height=\"380\" srcset=\"https:\/\/vraji.sk\/wp-content\/uploads\/2023\/02\/Valentin-Nostalgie.jpg 940w, https:\/\/vraji.sk\/wp-content\/uploads\/2023\/02\/Valentin-Nostalgie-300x251.jpg 300w\" sizes=\"auto, (max-width: 455px) 100vw, 455px\" \/><\/a><figcaption class=\"wp-element-caption\">Valent\u00edn v re\u0161taur\u00e1cii Nostalgie, Spi\u0161sk\u00e1 Nov\u00e1 Ves<\/figcaption><\/figure>\n<\/div>\n\n\n<figure class=\"wp-block-image size-large is-resized\"><a href=\"http:\/\/www.nostalgie.sk\/userfiles\/files\/valentinske_menu_2023.pdf\"><img loading=\"lazy\" decoding=\"async\" src=\"https:\/\/vraji.sk\/wp-content\/uploads\/2023\/02\/Valentinske-menu-Nostalgie-880x1024.jpg\" alt=\"\" class=\"wp-image-11495\" width=\"334\" height=\"386\"\/><\/a><figcaption class=\"wp-element-caption\">Valent\u00ednske menu<\/figcaption><\/figure>\n\n\n\n<div class=\"row\">\n    <div class=\"col\">\n        <hr class=\"mt-45 mb-45\">\n    <\/div>\n<\/div>\n\n\n<p>Ver\u00edme, \u017ee si z na\u0161ich tipov vyberiete a osl\u00e1vite sviatok za\u013e\u00faben\u00fdch u n\u00e1s v Slovenskom raji a na ju\u017enom Spi\u0161i. Te\u0161\u00edme sa na v\u00e1s! <\/p>\n\n\n\n<p>xxx<\/p>\n","protected":false},"excerpt":{"rendered":"<p>Sviatok v\u0161etk\u00fdch za\u013e\u00faben\u00fdch, sv\u00e4t\u00fd Valent\u00edn, klope na dvere. M\u00e1te u\u017e n\u00e1pad, ako v t\u00fdchto<\/p>\n","protected":false},"author":52,"featured_media":11497,"comment_status":"open","ping_status":"open","sticky":false,"template":"","format":"standard","meta":{"_acf_changed":false,"footnotes":""},"categories":[1],"tags":[96,98,93,95,94],"class_list":["post-11484","post","type-post","status-publish","format-standard","has-post-thumbnail","hentry","category-uncategorized-sk","tag-romantika","tag-spis","tag-valentin","tag-valentinska-vecera","tag-valentinsky-pobyt"],"acf":[],"yoast_head":"<!-- This site is optimized with the Yoast SEO plugin v27.4 - https:\/\/yoast.com\/product\/yoast-seo-wordpress\/ -->\n<title>Valent\u00ednska romantika v Raji a na Spi\u0161i - OOCR<\/title>\n<meta name=\"description\" content=\"Za\u017eite tie najkraj\u0161ie chv\u00edle pln\u00e9 romantiky s va\u0161ou polovi\u010dkou na sviatok sv. Valent\u00edna v Slovenskom raji a na ju\u017enom Spi\u0161i!\" \/>\n<meta name=\"robots\" content=\"index, follow, max-snippet:-1, max-image-preview:large, max-video-preview:-1\" \/>\n<link rel=\"canonical\" href=\"https:\/\/vraji.sk\/de\/valentinska-romantika-v-raji-a-na-spisi\/\" \/>\n<meta property=\"og:locale\" content=\"de_DE\" \/>\n<meta property=\"og:type\" content=\"article\" \/>\n<meta property=\"og:title\" content=\"Valent\u00ednska romantika v Raji a na Spi\u0161i - OOCR\" \/>\n<meta property=\"og:description\" content=\"Za\u017eite tie najkraj\u0161ie chv\u00edle pln\u00e9 romantiky s va\u0161ou polovi\u010dkou na sviatok sv. Valent\u00edna v Slovenskom raji a na ju\u017enom Spi\u0161i!\" \/>\n<meta property=\"og:url\" content=\"https:\/\/vraji.sk\/de\/valentinska-romantika-v-raji-a-na-spisi\/\" \/>\n<meta property=\"og:site_name\" content=\"OOCR\" \/>\n<meta property=\"article:published_time\" content=\"2023-02-12T18:40:14+00:00\" \/>\n<meta property=\"article:modified_time\" content=\"2023-02-12T21:41:27+00:00\" \/>\n<meta property=\"og:image\" content=\"https:\/\/vraji.sk\/wp-content\/uploads\/2023\/02\/HM_Wellness_1.jpg\" \/>\n\t<meta property=\"og:image:width\" content=\"1700\" \/>\n\t<meta property=\"og:image:height\" content=\"1133\" \/>\n\t<meta property=\"og:image:type\" content=\"image\/jpeg\" \/>\n<meta name=\"author\" content=\"OOCR\" \/>\n<meta name=\"twitter:card\" content=\"summary_large_image\" \/>\n<meta name=\"twitter:label1\" content=\"Verfasst von\" \/>\n\t<meta name=\"twitter:data1\" content=\"OOCR\" \/>\n\t<meta name=\"twitter:label2\" content=\"Gesch\u00e4tzte Lesezeit\" \/>\n\t<meta name=\"twitter:data2\" content=\"4\u00a0Minuten\" \/>\n<script type=\"application\/ld+json\" class=\"yoast-schema-graph\">{\"@context\":\"https:\\\/\\\/schema.org\",\"@graph\":[{\"@type\":\"Article\",\"@id\":\"https:\\\/\\\/vraji.sk\\\/de\\\/valentinska-romantika-v-raji-a-na-spisi\\\/#article\",\"isPartOf\":{\"@id\":\"https:\\\/\\\/vraji.sk\\\/de\\\/valentinska-romantika-v-raji-a-na-spisi\\\/\"},\"author\":{\"name\":\"OOCR\",\"@id\":\"https:\\\/\\\/vraji.sk\\\/de\\\/#\\\/schema\\\/person\\\/6ba5da72601ea4018533f90f796d4530\"},\"headline\":\"Valent\u00ednska romantika v Raji a na Spi\u0161i\",\"datePublished\":\"2023-02-12T18:40:14+00:00\",\"dateModified\":\"2023-02-12T21:41:27+00:00\",\"mainEntityOfPage\":{\"@id\":\"https:\\\/\\\/vraji.sk\\\/de\\\/valentinska-romantika-v-raji-a-na-spisi\\\/\"},\"wordCount\":614,\"commentCount\":0,\"publisher\":{\"@id\":\"https:\\\/\\\/vraji.sk\\\/de\\\/#organization\"},\"image\":{\"@id\":\"https:\\\/\\\/vraji.sk\\\/de\\\/valentinska-romantika-v-raji-a-na-spisi\\\/#primaryimage\"},\"thumbnailUrl\":\"https:\\\/\\\/vraji.sk\\\/wp-content\\\/uploads\\\/2023\\\/02\\\/HM_Wellness_1.jpg\",\"keywords\":[\"Romantika\",\"Spi\u0161\",\"Valent\u00edn\",\"Valent\u00ednska ve\u010dera\",\"Valent\u00ednsky pobyt\"],\"articleSection\":[\"Uncategorized @sk\"],\"inLanguage\":\"de\",\"potentialAction\":[{\"@type\":\"CommentAction\",\"name\":\"Comment\",\"target\":[\"https:\\\/\\\/vraji.sk\\\/de\\\/valentinska-romantika-v-raji-a-na-spisi\\\/#respond\"]}]},{\"@type\":\"WebPage\",\"@id\":\"https:\\\/\\\/vraji.sk\\\/de\\\/valentinska-romantika-v-raji-a-na-spisi\\\/\",\"url\":\"https:\\\/\\\/vraji.sk\\\/de\\\/valentinska-romantika-v-raji-a-na-spisi\\\/\",\"name\":\"Valent\u00ednska romantika v Raji a na Spi\u0161i - OOCR\",\"isPartOf\":{\"@id\":\"https:\\\/\\\/vraji.sk\\\/de\\\/#website\"},\"primaryImageOfPage\":{\"@id\":\"https:\\\/\\\/vraji.sk\\\/de\\\/valentinska-romantika-v-raji-a-na-spisi\\\/#primaryimage\"},\"image\":{\"@id\":\"https:\\\/\\\/vraji.sk\\\/de\\\/valentinska-romantika-v-raji-a-na-spisi\\\/#primaryimage\"},\"thumbnailUrl\":\"https:\\\/\\\/vraji.sk\\\/wp-content\\\/uploads\\\/2023\\\/02\\\/HM_Wellness_1.jpg\",\"datePublished\":\"2023-02-12T18:40:14+00:00\",\"dateModified\":\"2023-02-12T21:41:27+00:00\",\"description\":\"Za\u017eite tie najkraj\u0161ie chv\u00edle pln\u00e9 romantiky s va\u0161ou polovi\u010dkou na sviatok sv. Valent\u00edna v Slovenskom raji a na ju\u017enom Spi\u0161i!\",\"breadcrumb\":{\"@id\":\"https:\\\/\\\/vraji.sk\\\/de\\\/valentinska-romantika-v-raji-a-na-spisi\\\/#breadcrumb\"},\"inLanguage\":\"de\",\"potentialAction\":[{\"@type\":\"ReadAction\",\"target\":[\"https:\\\/\\\/vraji.sk\\\/de\\\/valentinska-romantika-v-raji-a-na-spisi\\\/\"]}]},{\"@type\":\"ImageObject\",\"inLanguage\":\"de\",\"@id\":\"https:\\\/\\\/vraji.sk\\\/de\\\/valentinska-romantika-v-raji-a-na-spisi\\\/#primaryimage\",\"url\":\"https:\\\/\\\/vraji.sk\\\/wp-content\\\/uploads\\\/2023\\\/02\\\/HM_Wellness_1.jpg\",\"contentUrl\":\"https:\\\/\\\/vraji.sk\\\/wp-content\\\/uploads\\\/2023\\\/02\\\/HM_Wellness_1.jpg\",\"width\":1700,\"height\":1133},{\"@type\":\"BreadcrumbList\",\"@id\":\"https:\\\/\\\/vraji.sk\\\/de\\\/valentinska-romantika-v-raji-a-na-spisi\\\/#breadcrumb\",\"itemListElement\":[{\"@type\":\"ListItem\",\"position\":1,\"name\":\"Home\",\"item\":\"https:\\\/\\\/vraji.sk\\\/de\\\/homepage\\\/\"},{\"@type\":\"ListItem\",\"position\":2,\"name\":\"Valent\u00ednska romantika v Raji a na Spi\u0161i\"}]},{\"@type\":\"WebSite\",\"@id\":\"https:\\\/\\\/vraji.sk\\\/de\\\/#website\",\"url\":\"https:\\\/\\\/vraji.sk\\\/de\\\/\",\"name\":\"OOCR\",\"description\":\"Regi\u00f3n Slovensk\u00fd raj a Spi\u0161 | Z\u00e1\u017eitky, turistika, hist\u00f3ria | vRaji.sk\",\"publisher\":{\"@id\":\"https:\\\/\\\/vraji.sk\\\/de\\\/#organization\"},\"potentialAction\":[{\"@type\":\"SearchAction\",\"target\":{\"@type\":\"EntryPoint\",\"urlTemplate\":\"https:\\\/\\\/vraji.sk\\\/de\\\/?s={search_term_string}\"},\"query-input\":{\"@type\":\"PropertyValueSpecification\",\"valueRequired\":true,\"valueName\":\"search_term_string\"}}],\"inLanguage\":\"de\"},{\"@type\":\"Organization\",\"@id\":\"https:\\\/\\\/vraji.sk\\\/de\\\/#organization\",\"name\":\"OOCR\",\"url\":\"https:\\\/\\\/vraji.sk\\\/de\\\/\",\"logo\":{\"@type\":\"ImageObject\",\"inLanguage\":\"de\",\"@id\":\"https:\\\/\\\/vraji.sk\\\/de\\\/#\\\/schema\\\/logo\\\/image\\\/\",\"url\":\"https:\\\/\\\/vraji.sk\\\/wp-content\\\/uploads\\\/2021\\\/11\\\/biele-logo-1.svg\",\"contentUrl\":\"https:\\\/\\\/vraji.sk\\\/wp-content\\\/uploads\\\/2021\\\/11\\\/biele-logo-1.svg\",\"caption\":\"OOCR\"},\"image\":{\"@id\":\"https:\\\/\\\/vraji.sk\\\/de\\\/#\\\/schema\\\/logo\\\/image\\\/\"}},{\"@type\":\"Person\",\"@id\":\"https:\\\/\\\/vraji.sk\\\/de\\\/#\\\/schema\\\/person\\\/6ba5da72601ea4018533f90f796d4530\",\"name\":\"OOCR\",\"image\":{\"@type\":\"ImageObject\",\"inLanguage\":\"de\",\"@id\":\"https:\\\/\\\/secure.gravatar.com\\\/avatar\\\/254aa66d580269ab31c41bb5eb446b00d03ea31eab4a58840a0e31f2890e31c4?s=96&d=mm&r=g\",\"url\":\"https:\\\/\\\/secure.gravatar.com\\\/avatar\\\/254aa66d580269ab31c41bb5eb446b00d03ea31eab4a58840a0e31f2890e31c4?s=96&d=mm&r=g\",\"contentUrl\":\"https:\\\/\\\/secure.gravatar.com\\\/avatar\\\/254aa66d580269ab31c41bb5eb446b00d03ea31eab4a58840a0e31f2890e31c4?s=96&d=mm&r=g\",\"caption\":\"OOCR\"},\"url\":\"https:\\\/\\\/vraji.sk\\\/de\\\/author\\\/oocr-info\\\/\"}]}<\/script>\n<!-- \/ Yoast SEO plugin. -->","yoast_head_json":{"title":"Valent\u00ednska romantika v Raji a na Spi\u0161i - OOCR","description":"Za\u017eite tie najkraj\u0161ie chv\u00edle pln\u00e9 romantiky s va\u0161ou polovi\u010dkou na sviatok sv. Valent\u00edna v Slovenskom raji a na ju\u017enom Spi\u0161i!","robots":{"index":"index","follow":"follow","max-snippet":"max-snippet:-1","max-image-preview":"max-image-preview:large","max-video-preview":"max-video-preview:-1"},"canonical":"https:\/\/vraji.sk\/de\/valentinska-romantika-v-raji-a-na-spisi\/","og_locale":"de_DE","og_type":"article","og_title":"Valent\u00ednska romantika v Raji a na Spi\u0161i - OOCR","og_description":"Za\u017eite tie najkraj\u0161ie chv\u00edle pln\u00e9 romantiky s va\u0161ou polovi\u010dkou na sviatok sv. Valent\u00edna v Slovenskom raji a na ju\u017enom Spi\u0161i!","og_url":"https:\/\/vraji.sk\/de\/valentinska-romantika-v-raji-a-na-spisi\/","og_site_name":"OOCR","article_published_time":"2023-02-12T18:40:14+00:00","article_modified_time":"2023-02-12T21:41:27+00:00","og_image":[{"width":1700,"height":1133,"url":"https:\/\/vraji.sk\/wp-content\/uploads\/2023\/02\/HM_Wellness_1.jpg","type":"image\/jpeg"}],"author":"OOCR","twitter_card":"summary_large_image","twitter_misc":{"Verfasst von":"OOCR","Gesch\u00e4tzte Lesezeit":"4\u00a0Minuten"},"schema":{"@context":"https:\/\/schema.org","@graph":[{"@type":"Article","@id":"https:\/\/vraji.sk\/de\/valentinska-romantika-v-raji-a-na-spisi\/#article","isPartOf":{"@id":"https:\/\/vraji.sk\/de\/valentinska-romantika-v-raji-a-na-spisi\/"},"author":{"name":"OOCR","@id":"https:\/\/vraji.sk\/de\/#\/schema\/person\/6ba5da72601ea4018533f90f796d4530"},"headline":"Valent\u00ednska romantika v Raji a na Spi\u0161i","datePublished":"2023-02-12T18:40:14+00:00","dateModified":"2023-02-12T21:41:27+00:00","mainEntityOfPage":{"@id":"https:\/\/vraji.sk\/de\/valentinska-romantika-v-raji-a-na-spisi\/"},"wordCount":614,"commentCount":0,"publisher":{"@id":"https:\/\/vraji.sk\/de\/#organization"},"image":{"@id":"https:\/\/vraji.sk\/de\/valentinska-romantika-v-raji-a-na-spisi\/#primaryimage"},"thumbnailUrl":"https:\/\/vraji.sk\/wp-content\/uploads\/2023\/02\/HM_Wellness_1.jpg","keywords":["Romantika","Spi\u0161","Valent\u00edn","Valent\u00ednska ve\u010dera","Valent\u00ednsky pobyt"],"articleSection":["Uncategorized @sk"],"inLanguage":"de","potentialAction":[{"@type":"CommentAction","name":"Comment","target":["https:\/\/vraji.sk\/de\/valentinska-romantika-v-raji-a-na-spisi\/#respond"]}]},{"@type":"WebPage","@id":"https:\/\/vraji.sk\/de\/valentinska-romantika-v-raji-a-na-spisi\/","url":"https:\/\/vraji.sk\/de\/valentinska-romantika-v-raji-a-na-spisi\/","name":"Valent\u00ednska romantika v Raji a na Spi\u0161i - OOCR","isPartOf":{"@id":"https:\/\/vraji.sk\/de\/#website"},"primaryImageOfPage":{"@id":"https:\/\/vraji.sk\/de\/valentinska-romantika-v-raji-a-na-spisi\/#primaryimage"},"image":{"@id":"https:\/\/vraji.sk\/de\/valentinska-romantika-v-raji-a-na-spisi\/#primaryimage"},"thumbnailUrl":"https:\/\/vraji.sk\/wp-content\/uploads\/2023\/02\/HM_Wellness_1.jpg","datePublished":"2023-02-12T18:40:14+00:00","dateModified":"2023-02-12T21:41:27+00:00","description":"Za\u017eite tie najkraj\u0161ie chv\u00edle pln\u00e9 romantiky s va\u0161ou polovi\u010dkou na sviatok sv. Valent\u00edna v Slovenskom raji a na ju\u017enom Spi\u0161i!","breadcrumb":{"@id":"https:\/\/vraji.sk\/de\/valentinska-romantika-v-raji-a-na-spisi\/#breadcrumb"},"inLanguage":"de","potentialAction":[{"@type":"ReadAction","target":["https:\/\/vraji.sk\/de\/valentinska-romantika-v-raji-a-na-spisi\/"]}]},{"@type":"ImageObject","inLanguage":"de","@id":"https:\/\/vraji.sk\/de\/valentinska-romantika-v-raji-a-na-spisi\/#primaryimage","url":"https:\/\/vraji.sk\/wp-content\/uploads\/2023\/02\/HM_Wellness_1.jpg","contentUrl":"https:\/\/vraji.sk\/wp-content\/uploads\/2023\/02\/HM_Wellness_1.jpg","width":1700,"height":1133},{"@type":"BreadcrumbList","@id":"https:\/\/vraji.sk\/de\/valentinska-romantika-v-raji-a-na-spisi\/#breadcrumb","itemListElement":[{"@type":"ListItem","position":1,"name":"Home","item":"https:\/\/vraji.sk\/de\/homepage\/"},{"@type":"ListItem","position":2,"name":"Valent\u00ednska romantika v Raji a na Spi\u0161i"}]},{"@type":"WebSite","@id":"https:\/\/vraji.sk\/de\/#website","url":"https:\/\/vraji.sk\/de\/","name":"OOCR","description":"Regi\u00f3n Slovensk\u00fd raj a Spi\u0161 | Z\u00e1\u017eitky, turistika, hist\u00f3ria | vRaji.sk","publisher":{"@id":"https:\/\/vraji.sk\/de\/#organization"},"potentialAction":[{"@type":"SearchAction","target":{"@type":"EntryPoint","urlTemplate":"https:\/\/vraji.sk\/de\/?s={search_term_string}"},"query-input":{"@type":"PropertyValueSpecification","valueRequired":true,"valueName":"search_term_string"}}],"inLanguage":"de"},{"@type":"Organization","@id":"https:\/\/vraji.sk\/de\/#organization","name":"OOCR","url":"https:\/\/vraji.sk\/de\/","logo":{"@type":"ImageObject","inLanguage":"de","@id":"https:\/\/vraji.sk\/de\/#\/schema\/logo\/image\/","url":"https:\/\/vraji.sk\/wp-content\/uploads\/2021\/11\/biele-logo-1.svg","contentUrl":"https:\/\/vraji.sk\/wp-content\/uploads\/2021\/11\/biele-logo-1.svg","caption":"OOCR"},"image":{"@id":"https:\/\/vraji.sk\/de\/#\/schema\/logo\/image\/"}},{"@type":"Person","@id":"https:\/\/vraji.sk\/de\/#\/schema\/person\/6ba5da72601ea4018533f90f796d4530","name":"OOCR","image":{"@type":"ImageObject","inLanguage":"de","@id":"https:\/\/secure.gravatar.com\/avatar\/254aa66d580269ab31c41bb5eb446b00d03ea31eab4a58840a0e31f2890e31c4?s=96&d=mm&r=g","url":"https:\/\/secure.gravatar.com\/avatar\/254aa66d580269ab31c41bb5eb446b00d03ea31eab4a58840a0e31f2890e31c4?s=96&d=mm&r=g","contentUrl":"https:\/\/secure.gravatar.com\/avatar\/254aa66d580269ab31c41bb5eb446b00d03ea31eab4a58840a0e31f2890e31c4?s=96&d=mm&r=g","caption":"OOCR"},"url":"https:\/\/vraji.sk\/de\/author\/oocr-info\/"}]}},"_links":{"self":[{"href":"https:\/\/vraji.sk\/de\/wp-json\/wp\/v2\/posts\/11484","targetHints":{"allow":["GET"]}}],"collection":[{"href":"https:\/\/vraji.sk\/de\/wp-json\/wp\/v2\/posts"}],"about":[{"href":"https:\/\/vraji.sk\/de\/wp-json\/wp\/v2\/types\/post"}],"author":[{"embeddable":true,"href":"https:\/\/vraji.sk\/de\/wp-json\/wp\/v2\/users\/52"}],"replies":[{"embeddable":true,"href":"https:\/\/vraji.sk\/de\/wp-json\/wp\/v2\/comments?post=11484"}],"version-history":[{"count":10,"href":"https:\/\/vraji.sk\/de\/wp-json\/wp\/v2\/posts\/11484\/revisions"}],"predecessor-version":[{"id":11509,"href":"https:\/\/vraji.sk\/de\/wp-json\/wp\/v2\/posts\/11484\/revisions\/11509"}],"wp:featuredmedia":[{"embeddable":true,"href":"https:\/\/vraji.sk\/de\/wp-json\/wp\/v2\/media\/11497"}],"wp:attachment":[{"href":"https:\/\/vraji.sk\/de\/wp-json\/wp\/v2\/media?parent=11484"}],"wp:term":[{"taxonomy":"category","embeddable":true,"href":"https:\/\/vraji.sk\/de\/wp-json\/wp\/v2\/categories?post=11484"},{"taxonomy":"post_tag","embeddable":true,"href":"https:\/\/vraji.sk\/de\/wp-json\/wp\/v2\/tags?post=11484"}],"curies":[{"name":"wp","href":"https:\/\/api.w.org\/{rel}","templated":true}]}}