{"id":12524,"date":"2023-05-31T07:46:42","date_gmt":"2023-05-31T07:46:42","guid":{"rendered":"https:\/\/vraji.sk\/?p=12524"},"modified":"2024-02-14T11:15:24","modified_gmt":"2024-02-14T11:15:24","slug":"nove-otvaracie-hodiny-informacneho-centra-na-podlesku","status":"publish","type":"post","link":"https:\/\/vraji.sk\/de\/nove-otvaracie-hodiny-informacneho-centra-na-podlesku\/","title":{"rendered":"Nov\u00e9 otv\u00e1racie hodiny Informa\u010dn\u00e9ho centra na Podlesku"},"content":{"rendered":"\n<div class=\"row\">\n    <div class=\"col\">\n        <hr class=\"mt-45 mb-45\">\n    <\/div>\n<\/div>\n\n\n<p>Mil\u00ed priatelia Slovensk\u00e9ho raja, dovo\u013eujeme si v\u00e1s poinformova\u0165 o nov\u00fdch otv\u00e1rac\u00edch hodin\u00e1ch Informa\u010dn\u00e9ho centra Spr\u00e1vy N\u00e1rodn\u00e9ho parku Slovensk\u00fd raj v turistickom stredisku Podlesok pri Hrabu\u0161iciach. Po novom je v\u00e1m k dispoz\u00edcii <strong>ka\u017ed\u00fd de\u0148 v t\u00fd\u017edni od 7:30 do 15:00 hod. <\/strong><\/p>\n\n\n\n<p><\/p>\n\n\n\n<p>Pracovn\u00edci Spr\u00e1vy N\u00e1rodn\u00e9ho parku v\u00e1m tu ochotne poradia pri v\u00fdbere ide\u00e1lnej trasy pre v\u00e1\u0161 v\u00fdlet v Slovenskom raji a poskytn\u00fa bli\u017e\u0161ie inform\u00e1cie o pr\u00edrodn\u00fdch kr\u00e1sach, s ktor\u00fdmi sa v \u00fazem\u00ed n\u00e1rodn\u00e9ho parku m\u00f4\u017eete stretn\u00fa\u0165. S pomocou modern\u00e9ho vybavenia a virtu\u00e1lnych technol\u00f3gi\u00ed ak\u00fdmi s\u00fa virtu\u00e1lna realita \u010di atrakt\u00edvne video prezent\u00e1cie v\u00e1m dokonale pribl\u00ed\u017eia prostredie a podmienky, ktor\u00e9 v\u00e1s \u010dakaj\u00fa pri prechode ob\u013e\u00faben\u00fdch rokl\u00edn. <\/p>\n\n\n<div class=\"wp-block-image\">\n<figure class=\"aligncenter size-full\"><img loading=\"lazy\" decoding=\"async\" width=\"1024\" height=\"683\" src=\"https:\/\/vraji.sk\/wp-content\/uploads\/2023\/07\/Turisticke-informacne-centrum-Podlesok-2.jpg\" alt=\"Informa\u010dn\u00e9 centrum Spr\u00e1vy N\u00e1rodn\u00e9ho parku Slovensk\u00fd raj na Podlesku. Zdroj fotografie: www.slovesnkyraj.eu \" class=\"wp-image-12525\" srcset=\"https:\/\/vraji.sk\/wp-content\/uploads\/2023\/07\/Turisticke-informacne-centrum-Podlesok-2.jpg 1024w, https:\/\/vraji.sk\/wp-content\/uploads\/2023\/07\/Turisticke-informacne-centrum-Podlesok-2-300x200.jpg 300w, https:\/\/vraji.sk\/wp-content\/uploads\/2023\/07\/Turisticke-informacne-centrum-Podlesok-2-768x512.jpg 768w\" sizes=\"auto, (max-width: 1024px) 100vw, 1024px\" \/><\/figure>\n<\/div>","protected":false},"excerpt":{"rendered":"<p>Mil\u00ed priatelia Slovensk\u00e9ho raja, dovo\u013eujeme si v\u00e1s poinformova\u0165 o nov\u00fdch otv\u00e1rac\u00edch hodin\u00e1c<\/p>\n","protected":false},"author":52,"featured_media":12525,"comment_status":"open","ping_status":"open","sticky":false,"template":"","format":"standard","meta":{"_acf_changed":false,"footnotes":""},"categories":[1],"tags":[],"class_list":["post-12524","post","type-post","status-publish","format-standard","has-post-thumbnail","hentry","category-uncategorized-sk"],"acf":[],"yoast_head":"<!-- This site is optimized with the Yoast SEO plugin v27.5 - https:\/\/yoast.com\/product\/yoast-seo-wordpress\/ -->\n<title>Nov\u00e9 otv\u00e1racie hodiny Informa\u010dn\u00e9ho centra na Podlesku - OOCR<\/title>\n<meta name=\"description\" content=\"Ob\u013e\u00faben\u00e9 Informa\u010dn\u00e9 centrum Spr\u00e1vy NP Slovensk\u00fd raj na Podlesku pri Hrabu\u0161iciach d\u00e1va do pozornosti nov\u00e9 otv\u00e1racie hodiny pre turistov.\" \/>\n<meta name=\"robots\" content=\"index, follow, max-snippet:-1, max-image-preview:large, max-video-preview:-1\" \/>\n<link rel=\"canonical\" href=\"https:\/\/vraji.sk\/de\/nove-otvaracie-hodiny-informacneho-centra-na-podlesku\/\" \/>\n<meta property=\"og:locale\" content=\"de_DE\" \/>\n<meta property=\"og:type\" content=\"article\" \/>\n<meta property=\"og:title\" content=\"Nov\u00e9 otv\u00e1racie hodiny Informa\u010dn\u00e9ho centra na Podlesku - OOCR\" \/>\n<meta property=\"og:description\" content=\"Ob\u013e\u00faben\u00e9 Informa\u010dn\u00e9 centrum Spr\u00e1vy NP Slovensk\u00fd raj na Podlesku pri Hrabu\u0161iciach d\u00e1va do pozornosti nov\u00e9 otv\u00e1racie hodiny pre turistov.\" \/>\n<meta property=\"og:url\" content=\"https:\/\/vraji.sk\/de\/nove-otvaracie-hodiny-informacneho-centra-na-podlesku\/\" \/>\n<meta property=\"og:site_name\" content=\"OOCR\" \/>\n<meta property=\"article:published_time\" content=\"2023-05-31T07:46:42+00:00\" \/>\n<meta property=\"article:modified_time\" content=\"2024-02-14T11:15:24+00:00\" \/>\n<meta property=\"og:image\" content=\"https:\/\/vraji.sk\/wp-content\/uploads\/2023\/07\/Turisticke-informacne-centrum-Podlesok-2.jpg\" \/>\n\t<meta property=\"og:image:width\" content=\"1024\" \/>\n\t<meta property=\"og:image:height\" content=\"683\" \/>\n\t<meta property=\"og:image:type\" content=\"image\/jpeg\" \/>\n<meta name=\"author\" content=\"OOCR\" \/>\n<meta name=\"twitter:card\" content=\"summary_large_image\" \/>\n<meta name=\"twitter:label1\" content=\"Verfasst von\" \/>\n\t<meta name=\"twitter:data1\" content=\"OOCR\" \/>\n<script type=\"application\/ld+json\" class=\"yoast-schema-graph\">{\"@context\":\"https:\\\/\\\/schema.org\",\"@graph\":[{\"@type\":\"Article\",\"@id\":\"https:\\\/\\\/vraji.sk\\\/de\\\/nove-otvaracie-hodiny-informacneho-centra-na-podlesku\\\/#article\",\"isPartOf\":{\"@id\":\"https:\\\/\\\/vraji.sk\\\/de\\\/nove-otvaracie-hodiny-informacneho-centra-na-podlesku\\\/\"},\"author\":{\"name\":\"OOCR\",\"@id\":\"https:\\\/\\\/vraji.sk\\\/de\\\/#\\\/schema\\\/person\\\/6ba5da72601ea4018533f90f796d4530\"},\"headline\":\"Nov\u00e9 otv\u00e1racie hodiny Informa\u010dn\u00e9ho centra na Podlesku\",\"datePublished\":\"2023-05-31T07:46:42+00:00\",\"dateModified\":\"2024-02-14T11:15:24+00:00\",\"mainEntityOfPage\":{\"@id\":\"https:\\\/\\\/vraji.sk\\\/de\\\/nove-otvaracie-hodiny-informacneho-centra-na-podlesku\\\/\"},\"wordCount\":157,\"commentCount\":0,\"publisher\":{\"@id\":\"https:\\\/\\\/vraji.sk\\\/de\\\/#organization\"},\"image\":{\"@id\":\"https:\\\/\\\/vraji.sk\\\/de\\\/nove-otvaracie-hodiny-informacneho-centra-na-podlesku\\\/#primaryimage\"},\"thumbnailUrl\":\"https:\\\/\\\/vraji.sk\\\/wp-content\\\/uploads\\\/2023\\\/07\\\/Turisticke-informacne-centrum-Podlesok-2.jpg\",\"articleSection\":[\"Uncategorized @sk\"],\"inLanguage\":\"de\",\"potentialAction\":[{\"@type\":\"CommentAction\",\"name\":\"Comment\",\"target\":[\"https:\\\/\\\/vraji.sk\\\/de\\\/nove-otvaracie-hodiny-informacneho-centra-na-podlesku\\\/#respond\"]}]},{\"@type\":\"WebPage\",\"@id\":\"https:\\\/\\\/vraji.sk\\\/de\\\/nove-otvaracie-hodiny-informacneho-centra-na-podlesku\\\/\",\"url\":\"https:\\\/\\\/vraji.sk\\\/de\\\/nove-otvaracie-hodiny-informacneho-centra-na-podlesku\\\/\",\"name\":\"Nov\u00e9 otv\u00e1racie hodiny Informa\u010dn\u00e9ho centra na Podlesku - OOCR\",\"isPartOf\":{\"@id\":\"https:\\\/\\\/vraji.sk\\\/de\\\/#website\"},\"primaryImageOfPage\":{\"@id\":\"https:\\\/\\\/vraji.sk\\\/de\\\/nove-otvaracie-hodiny-informacneho-centra-na-podlesku\\\/#primaryimage\"},\"image\":{\"@id\":\"https:\\\/\\\/vraji.sk\\\/de\\\/nove-otvaracie-hodiny-informacneho-centra-na-podlesku\\\/#primaryimage\"},\"thumbnailUrl\":\"https:\\\/\\\/vraji.sk\\\/wp-content\\\/uploads\\\/2023\\\/07\\\/Turisticke-informacne-centrum-Podlesok-2.jpg\",\"datePublished\":\"2023-05-31T07:46:42+00:00\",\"dateModified\":\"2024-02-14T11:15:24+00:00\",\"description\":\"Ob\u013e\u00faben\u00e9 Informa\u010dn\u00e9 centrum Spr\u00e1vy NP Slovensk\u00fd raj na Podlesku pri Hrabu\u0161iciach d\u00e1va do pozornosti nov\u00e9 otv\u00e1racie hodiny pre turistov.\",\"breadcrumb\":{\"@id\":\"https:\\\/\\\/vraji.sk\\\/de\\\/nove-otvaracie-hodiny-informacneho-centra-na-podlesku\\\/#breadcrumb\"},\"inLanguage\":\"de\",\"potentialAction\":[{\"@type\":\"ReadAction\",\"target\":[\"https:\\\/\\\/vraji.sk\\\/de\\\/nove-otvaracie-hodiny-informacneho-centra-na-podlesku\\\/\"]}]},{\"@type\":\"ImageObject\",\"inLanguage\":\"de\",\"@id\":\"https:\\\/\\\/vraji.sk\\\/de\\\/nove-otvaracie-hodiny-informacneho-centra-na-podlesku\\\/#primaryimage\",\"url\":\"https:\\\/\\\/vraji.sk\\\/wp-content\\\/uploads\\\/2023\\\/07\\\/Turisticke-informacne-centrum-Podlesok-2.jpg\",\"contentUrl\":\"https:\\\/\\\/vraji.sk\\\/wp-content\\\/uploads\\\/2023\\\/07\\\/Turisticke-informacne-centrum-Podlesok-2.jpg\",\"width\":1024,\"height\":683},{\"@type\":\"BreadcrumbList\",\"@id\":\"https:\\\/\\\/vraji.sk\\\/de\\\/nove-otvaracie-hodiny-informacneho-centra-na-podlesku\\\/#breadcrumb\",\"itemListElement\":[{\"@type\":\"ListItem\",\"position\":1,\"name\":\"Home\",\"item\":\"https:\\\/\\\/vraji.sk\\\/de\\\/homepage\\\/\"},{\"@type\":\"ListItem\",\"position\":2,\"name\":\"Nov\u00e9 otv\u00e1racie hodiny Informa\u010dn\u00e9ho centra na Podlesku\"}]},{\"@type\":\"WebSite\",\"@id\":\"https:\\\/\\\/vraji.sk\\\/de\\\/#website\",\"url\":\"https:\\\/\\\/vraji.sk\\\/de\\\/\",\"name\":\"OOCR\",\"description\":\"Regi\u00f3n Slovensk\u00fd raj a Spi\u0161 | Z\u00e1\u017eitky, turistika, hist\u00f3ria | vRaji.sk\",\"publisher\":{\"@id\":\"https:\\\/\\\/vraji.sk\\\/de\\\/#organization\"},\"potentialAction\":[{\"@type\":\"SearchAction\",\"target\":{\"@type\":\"EntryPoint\",\"urlTemplate\":\"https:\\\/\\\/vraji.sk\\\/de\\\/?s={search_term_string}\"},\"query-input\":{\"@type\":\"PropertyValueSpecification\",\"valueRequired\":true,\"valueName\":\"search_term_string\"}}],\"inLanguage\":\"de\"},{\"@type\":\"Organization\",\"@id\":\"https:\\\/\\\/vraji.sk\\\/de\\\/#organization\",\"name\":\"OOCR\",\"url\":\"https:\\\/\\\/vraji.sk\\\/de\\\/\",\"logo\":{\"@type\":\"ImageObject\",\"inLanguage\":\"de\",\"@id\":\"https:\\\/\\\/vraji.sk\\\/de\\\/#\\\/schema\\\/logo\\\/image\\\/\",\"url\":\"https:\\\/\\\/vraji.sk\\\/wp-content\\\/uploads\\\/2021\\\/11\\\/biele-logo-1.svg\",\"contentUrl\":\"https:\\\/\\\/vraji.sk\\\/wp-content\\\/uploads\\\/2021\\\/11\\\/biele-logo-1.svg\",\"caption\":\"OOCR\"},\"image\":{\"@id\":\"https:\\\/\\\/vraji.sk\\\/de\\\/#\\\/schema\\\/logo\\\/image\\\/\"}},{\"@type\":\"Person\",\"@id\":\"https:\\\/\\\/vraji.sk\\\/de\\\/#\\\/schema\\\/person\\\/6ba5da72601ea4018533f90f796d4530\",\"name\":\"OOCR\",\"image\":{\"@type\":\"ImageObject\",\"inLanguage\":\"de\",\"@id\":\"https:\\\/\\\/secure.gravatar.com\\\/avatar\\\/254aa66d580269ab31c41bb5eb446b00d03ea31eab4a58840a0e31f2890e31c4?s=96&d=mm&r=g\",\"url\":\"https:\\\/\\\/secure.gravatar.com\\\/avatar\\\/254aa66d580269ab31c41bb5eb446b00d03ea31eab4a58840a0e31f2890e31c4?s=96&d=mm&r=g\",\"contentUrl\":\"https:\\\/\\\/secure.gravatar.com\\\/avatar\\\/254aa66d580269ab31c41bb5eb446b00d03ea31eab4a58840a0e31f2890e31c4?s=96&d=mm&r=g\",\"caption\":\"OOCR\"},\"url\":\"https:\\\/\\\/vraji.sk\\\/de\\\/author\\\/oocr-info\\\/\"}]}<\/script>\n<!-- \/ Yoast SEO plugin. -->","yoast_head_json":{"title":"Nov\u00e9 otv\u00e1racie hodiny Informa\u010dn\u00e9ho centra na Podlesku - OOCR","description":"Ob\u013e\u00faben\u00e9 Informa\u010dn\u00e9 centrum Spr\u00e1vy NP Slovensk\u00fd raj na Podlesku pri Hrabu\u0161iciach d\u00e1va do pozornosti nov\u00e9 otv\u00e1racie hodiny pre turistov.","robots":{"index":"index","follow":"follow","max-snippet":"max-snippet:-1","max-image-preview":"max-image-preview:large","max-video-preview":"max-video-preview:-1"},"canonical":"https:\/\/vraji.sk\/de\/nove-otvaracie-hodiny-informacneho-centra-na-podlesku\/","og_locale":"de_DE","og_type":"article","og_title":"Nov\u00e9 otv\u00e1racie hodiny Informa\u010dn\u00e9ho centra na Podlesku - OOCR","og_description":"Ob\u013e\u00faben\u00e9 Informa\u010dn\u00e9 centrum Spr\u00e1vy NP Slovensk\u00fd raj na Podlesku pri Hrabu\u0161iciach d\u00e1va do pozornosti nov\u00e9 otv\u00e1racie hodiny pre turistov.","og_url":"https:\/\/vraji.sk\/de\/nove-otvaracie-hodiny-informacneho-centra-na-podlesku\/","og_site_name":"OOCR","article_published_time":"2023-05-31T07:46:42+00:00","article_modified_time":"2024-02-14T11:15:24+00:00","og_image":[{"width":1024,"height":683,"url":"https:\/\/vraji.sk\/wp-content\/uploads\/2023\/07\/Turisticke-informacne-centrum-Podlesok-2.jpg","type":"image\/jpeg"}],"author":"OOCR","twitter_card":"summary_large_image","twitter_misc":{"Verfasst von":"OOCR"},"schema":{"@context":"https:\/\/schema.org","@graph":[{"@type":"Article","@id":"https:\/\/vraji.sk\/de\/nove-otvaracie-hodiny-informacneho-centra-na-podlesku\/#article","isPartOf":{"@id":"https:\/\/vraji.sk\/de\/nove-otvaracie-hodiny-informacneho-centra-na-podlesku\/"},"author":{"name":"OOCR","@id":"https:\/\/vraji.sk\/de\/#\/schema\/person\/6ba5da72601ea4018533f90f796d4530"},"headline":"Nov\u00e9 otv\u00e1racie hodiny Informa\u010dn\u00e9ho centra na Podlesku","datePublished":"2023-05-31T07:46:42+00:00","dateModified":"2024-02-14T11:15:24+00:00","mainEntityOfPage":{"@id":"https:\/\/vraji.sk\/de\/nove-otvaracie-hodiny-informacneho-centra-na-podlesku\/"},"wordCount":157,"commentCount":0,"publisher":{"@id":"https:\/\/vraji.sk\/de\/#organization"},"image":{"@id":"https:\/\/vraji.sk\/de\/nove-otvaracie-hodiny-informacneho-centra-na-podlesku\/#primaryimage"},"thumbnailUrl":"https:\/\/vraji.sk\/wp-content\/uploads\/2023\/07\/Turisticke-informacne-centrum-Podlesok-2.jpg","articleSection":["Uncategorized @sk"],"inLanguage":"de","potentialAction":[{"@type":"CommentAction","name":"Comment","target":["https:\/\/vraji.sk\/de\/nove-otvaracie-hodiny-informacneho-centra-na-podlesku\/#respond"]}]},{"@type":"WebPage","@id":"https:\/\/vraji.sk\/de\/nove-otvaracie-hodiny-informacneho-centra-na-podlesku\/","url":"https:\/\/vraji.sk\/de\/nove-otvaracie-hodiny-informacneho-centra-na-podlesku\/","name":"Nov\u00e9 otv\u00e1racie hodiny Informa\u010dn\u00e9ho centra na Podlesku - OOCR","isPartOf":{"@id":"https:\/\/vraji.sk\/de\/#website"},"primaryImageOfPage":{"@id":"https:\/\/vraji.sk\/de\/nove-otvaracie-hodiny-informacneho-centra-na-podlesku\/#primaryimage"},"image":{"@id":"https:\/\/vraji.sk\/de\/nove-otvaracie-hodiny-informacneho-centra-na-podlesku\/#primaryimage"},"thumbnailUrl":"https:\/\/vraji.sk\/wp-content\/uploads\/2023\/07\/Turisticke-informacne-centrum-Podlesok-2.jpg","datePublished":"2023-05-31T07:46:42+00:00","dateModified":"2024-02-14T11:15:24+00:00","description":"Ob\u013e\u00faben\u00e9 Informa\u010dn\u00e9 centrum Spr\u00e1vy NP Slovensk\u00fd raj na Podlesku pri Hrabu\u0161iciach d\u00e1va do pozornosti nov\u00e9 otv\u00e1racie hodiny pre turistov.","breadcrumb":{"@id":"https:\/\/vraji.sk\/de\/nove-otvaracie-hodiny-informacneho-centra-na-podlesku\/#breadcrumb"},"inLanguage":"de","potentialAction":[{"@type":"ReadAction","target":["https:\/\/vraji.sk\/de\/nove-otvaracie-hodiny-informacneho-centra-na-podlesku\/"]}]},{"@type":"ImageObject","inLanguage":"de","@id":"https:\/\/vraji.sk\/de\/nove-otvaracie-hodiny-informacneho-centra-na-podlesku\/#primaryimage","url":"https:\/\/vraji.sk\/wp-content\/uploads\/2023\/07\/Turisticke-informacne-centrum-Podlesok-2.jpg","contentUrl":"https:\/\/vraji.sk\/wp-content\/uploads\/2023\/07\/Turisticke-informacne-centrum-Podlesok-2.jpg","width":1024,"height":683},{"@type":"BreadcrumbList","@id":"https:\/\/vraji.sk\/de\/nove-otvaracie-hodiny-informacneho-centra-na-podlesku\/#breadcrumb","itemListElement":[{"@type":"ListItem","position":1,"name":"Home","item":"https:\/\/vraji.sk\/de\/homepage\/"},{"@type":"ListItem","position":2,"name":"Nov\u00e9 otv\u00e1racie hodiny Informa\u010dn\u00e9ho centra na Podlesku"}]},{"@type":"WebSite","@id":"https:\/\/vraji.sk\/de\/#website","url":"https:\/\/vraji.sk\/de\/","name":"OOCR","description":"Regi\u00f3n Slovensk\u00fd raj a Spi\u0161 | Z\u00e1\u017eitky, turistika, hist\u00f3ria | vRaji.sk","publisher":{"@id":"https:\/\/vraji.sk\/de\/#organization"},"potentialAction":[{"@type":"SearchAction","target":{"@type":"EntryPoint","urlTemplate":"https:\/\/vraji.sk\/de\/?s={search_term_string}"},"query-input":{"@type":"PropertyValueSpecification","valueRequired":true,"valueName":"search_term_string"}}],"inLanguage":"de"},{"@type":"Organization","@id":"https:\/\/vraji.sk\/de\/#organization","name":"OOCR","url":"https:\/\/vraji.sk\/de\/","logo":{"@type":"ImageObject","inLanguage":"de","@id":"https:\/\/vraji.sk\/de\/#\/schema\/logo\/image\/","url":"https:\/\/vraji.sk\/wp-content\/uploads\/2021\/11\/biele-logo-1.svg","contentUrl":"https:\/\/vraji.sk\/wp-content\/uploads\/2021\/11\/biele-logo-1.svg","caption":"OOCR"},"image":{"@id":"https:\/\/vraji.sk\/de\/#\/schema\/logo\/image\/"}},{"@type":"Person","@id":"https:\/\/vraji.sk\/de\/#\/schema\/person\/6ba5da72601ea4018533f90f796d4530","name":"OOCR","image":{"@type":"ImageObject","inLanguage":"de","@id":"https:\/\/secure.gravatar.com\/avatar\/254aa66d580269ab31c41bb5eb446b00d03ea31eab4a58840a0e31f2890e31c4?s=96&d=mm&r=g","url":"https:\/\/secure.gravatar.com\/avatar\/254aa66d580269ab31c41bb5eb446b00d03ea31eab4a58840a0e31f2890e31c4?s=96&d=mm&r=g","contentUrl":"https:\/\/secure.gravatar.com\/avatar\/254aa66d580269ab31c41bb5eb446b00d03ea31eab4a58840a0e31f2890e31c4?s=96&d=mm&r=g","caption":"OOCR"},"url":"https:\/\/vraji.sk\/de\/author\/oocr-info\/"}]}},"_links":{"self":[{"href":"https:\/\/vraji.sk\/de\/wp-json\/wp\/v2\/posts\/12524","targetHints":{"allow":["GET"]}}],"collection":[{"href":"https:\/\/vraji.sk\/de\/wp-json\/wp\/v2\/posts"}],"about":[{"href":"https:\/\/vraji.sk\/de\/wp-json\/wp\/v2\/types\/post"}],"author":[{"embeddable":true,"href":"https:\/\/vraji.sk\/de\/wp-json\/wp\/v2\/users\/52"}],"replies":[{"embeddable":true,"href":"https:\/\/vraji.sk\/de\/wp-json\/wp\/v2\/comments?post=12524"}],"version-history":[{"count":2,"href":"https:\/\/vraji.sk\/de\/wp-json\/wp\/v2\/posts\/12524\/revisions"}],"predecessor-version":[{"id":12530,"href":"https:\/\/vraji.sk\/de\/wp-json\/wp\/v2\/posts\/12524\/revisions\/12530"}],"wp:featuredmedia":[{"embeddable":true,"href":"https:\/\/vraji.sk\/de\/wp-json\/wp\/v2\/media\/12525"}],"wp:attachment":[{"href":"https:\/\/vraji.sk\/de\/wp-json\/wp\/v2\/media?parent=12524"}],"wp:term":[{"taxonomy":"category","embeddable":true,"href":"https:\/\/vraji.sk\/de\/wp-json\/wp\/v2\/categories?post=12524"},{"taxonomy":"post_tag","embeddable":true,"href":"https:\/\/vraji.sk\/de\/wp-json\/wp\/v2\/tags?post=12524"}],"curies":[{"name":"wp","href":"https:\/\/api.w.org\/{rel}","templated":true}]}}