{"id":13757,"date":"2023-10-04T09:27:45","date_gmt":"2023-10-04T09:27:45","guid":{"rendered":"https:\/\/vraji.sk\/?p=13757"},"modified":"2023-11-22T17:08:07","modified_gmt":"2023-11-22T17:08:07","slug":"kulturne-leto-v-oktobri-na-spisi","status":"publish","type":"post","link":"https:\/\/vraji.sk\/de\/kulturne-leto-v-oktobri-na-spisi\/","title":{"rendered":"Kult\u00farna JESE\u0147 na Spi\u0161i"},"content":{"rendered":"\n<p>Jese\u0148 bude skuto\u010dne bohat\u00e1 na kult\u00farne podujatia, a ver\u00edme, \u017ee si z na\u0161ej ponuky vyberie ka\u017ed\u00fd.<\/p>\n\n\n<div class=\"wp-block-image\">\n<figure class=\"aligncenter size-large\"><img loading=\"lazy\" decoding=\"async\" width=\"694\" height=\"1024\" src=\"https:\/\/vraji.sk\/wp-content\/uploads\/2023\/10\/MKC_november_CTL_web-694x1024.jpg\" alt=\"\" class=\"wp-image-14092\" srcset=\"https:\/\/vraji.sk\/wp-content\/uploads\/2023\/10\/MKC_november_CTL_web-694x1024.jpg 694w, https:\/\/vraji.sk\/wp-content\/uploads\/2023\/10\/MKC_november_CTL_web-203x300.jpg 203w, https:\/\/vraji.sk\/wp-content\/uploads\/2023\/10\/MKC_november_CTL_web-768x1134.jpg 768w, https:\/\/vraji.sk\/wp-content\/uploads\/2023\/10\/MKC_november_CTL_web-1040x1536.jpg 1040w, https:\/\/vraji.sk\/wp-content\/uploads\/2023\/10\/MKC_november_CTL_web.jpg 1211w\" sizes=\"auto, (max-width: 694px) 100vw, 694px\" \/><\/figure>\n<\/div>\n\n<div class=\"wp-block-image\">\n<figure class=\"aligncenter size-full\"><img loading=\"lazy\" decoding=\"async\" width=\"512\" height=\"640\" src=\"https:\/\/vraji.sk\/wp-content\/uploads\/2023\/10\/OKC-nesmrtelny.jpg\" alt=\"\" class=\"wp-image-14096\" srcset=\"https:\/\/vraji.sk\/wp-content\/uploads\/2023\/10\/OKC-nesmrtelny.jpg 512w, https:\/\/vraji.sk\/wp-content\/uploads\/2023\/10\/OKC-nesmrtelny-240x300.jpg 240w\" sizes=\"auto, (max-width: 512px) 100vw, 512px\" \/><\/figure>\n<\/div>\n\n<div class=\"wp-block-image\">\n<figure class=\"aligncenter size-full\"><img loading=\"lazy\" decoding=\"async\" width=\"509\" height=\"720\" src=\"https:\/\/vraji.sk\/wp-content\/uploads\/2023\/10\/Smizany.jpg\" alt=\"\" class=\"wp-image-13826\" srcset=\"https:\/\/vraji.sk\/wp-content\/uploads\/2023\/10\/Smizany.jpg 509w, https:\/\/vraji.sk\/wp-content\/uploads\/2023\/10\/Smizany-212x300.jpg 212w\" sizes=\"auto, (max-width: 509px) 100vw, 509px\" \/><\/figure>\n<\/div>\n\n\n<p>Viac info n\u00e1jdete na: okcsmizany.sk\/<\/p>\n","protected":false},"excerpt":{"rendered":"<p>Jese\u0148 bude skuto\u010dne bohat\u00e1 na kult\u00farne podujatia, a ver\u00edme, \u017ee si z na\u0161ej ponuky vyberie ka\u017e<\/p>\n","protected":false},"author":50,"featured_media":13777,"comment_status":"open","ping_status":"open","sticky":false,"template":"","format":"standard","meta":{"_acf_changed":false,"footnotes":""},"categories":[1],"tags":[],"class_list":["post-13757","post","type-post","status-publish","format-standard","has-post-thumbnail","hentry","category-uncategorized-sk"],"acf":[],"yoast_head":"<!-- This site is optimized with the Yoast SEO plugin v27.4 - https:\/\/yoast.com\/product\/yoast-seo-wordpress\/ -->\n<title>Kult\u00farna JESE\u0147 na Spi\u0161i - OOCR<\/title>\n<meta name=\"robots\" content=\"index, follow, max-snippet:-1, max-image-preview:large, max-video-preview:-1\" \/>\n<link rel=\"canonical\" href=\"https:\/\/vraji.sk\/de\/kulturne-leto-v-oktobri-na-spisi\/\" \/>\n<meta property=\"og:locale\" content=\"de_DE\" \/>\n<meta property=\"og:type\" content=\"article\" \/>\n<meta property=\"og:title\" content=\"Kult\u00farna JESE\u0147 na Spi\u0161i - OOCR\" \/>\n<meta property=\"og:description\" content=\"Jese\u0148 bude skuto\u010dne bohat\u00e1 na kult\u00farne podujatia, a ver\u00edme, \u017ee si z na\u0161ej ponuky vyberie ka\u017e\" \/>\n<meta property=\"og:url\" content=\"https:\/\/vraji.sk\/de\/kulturne-leto-v-oktobri-na-spisi\/\" \/>\n<meta property=\"og:site_name\" content=\"OOCR\" \/>\n<meta property=\"article:published_time\" content=\"2023-10-04T09:27:45+00:00\" \/>\n<meta property=\"article:modified_time\" content=\"2023-11-22T17:08:07+00:00\" \/>\n<meta property=\"og:image\" content=\"https:\/\/vraji.sk\/wp-content\/uploads\/2023\/10\/ilustr.jpg\" \/>\n\t<meta property=\"og:image:width\" content=\"2177\" \/>\n\t<meta property=\"og:image:height\" content=\"940\" \/>\n\t<meta property=\"og:image:type\" content=\"image\/jpeg\" \/>\n<meta name=\"author\" content=\"oocr-obsah\" \/>\n<meta name=\"twitter:card\" content=\"summary_large_image\" \/>\n<meta name=\"twitter:label1\" content=\"Verfasst von\" \/>\n\t<meta name=\"twitter:data1\" content=\"oocr-obsah\" \/>\n\t<meta name=\"twitter:label2\" content=\"Gesch\u00e4tzte Lesezeit\" \/>\n\t<meta name=\"twitter:data2\" content=\"1\u00a0Minute\" \/>\n<script type=\"application\/ld+json\" class=\"yoast-schema-graph\">{\"@context\":\"https:\\\/\\\/schema.org\",\"@graph\":[{\"@type\":\"Article\",\"@id\":\"https:\\\/\\\/vraji.sk\\\/de\\\/kulturne-leto-v-oktobri-na-spisi\\\/#article\",\"isPartOf\":{\"@id\":\"https:\\\/\\\/vraji.sk\\\/de\\\/kulturne-leto-v-oktobri-na-spisi\\\/\"},\"author\":{\"name\":\"oocr-obsah\",\"@id\":\"https:\\\/\\\/vraji.sk\\\/de\\\/#\\\/schema\\\/person\\\/01641cf41f9d52638cb29a73818cf39c\"},\"headline\":\"Kult\u00farna JESE\u0147 na Spi\u0161i\",\"datePublished\":\"2023-10-04T09:27:45+00:00\",\"dateModified\":\"2023-11-22T17:08:07+00:00\",\"mainEntityOfPage\":{\"@id\":\"https:\\\/\\\/vraji.sk\\\/de\\\/kulturne-leto-v-oktobri-na-spisi\\\/\"},\"wordCount\":34,\"commentCount\":0,\"publisher\":{\"@id\":\"https:\\\/\\\/vraji.sk\\\/de\\\/#organization\"},\"image\":{\"@id\":\"https:\\\/\\\/vraji.sk\\\/de\\\/kulturne-leto-v-oktobri-na-spisi\\\/#primaryimage\"},\"thumbnailUrl\":\"https:\\\/\\\/vraji.sk\\\/wp-content\\\/uploads\\\/2023\\\/10\\\/ilustr.jpg\",\"articleSection\":[\"Uncategorized @sk\"],\"inLanguage\":\"de\",\"potentialAction\":[{\"@type\":\"CommentAction\",\"name\":\"Comment\",\"target\":[\"https:\\\/\\\/vraji.sk\\\/de\\\/kulturne-leto-v-oktobri-na-spisi\\\/#respond\"]}]},{\"@type\":\"WebPage\",\"@id\":\"https:\\\/\\\/vraji.sk\\\/de\\\/kulturne-leto-v-oktobri-na-spisi\\\/\",\"url\":\"https:\\\/\\\/vraji.sk\\\/de\\\/kulturne-leto-v-oktobri-na-spisi\\\/\",\"name\":\"Kult\u00farna JESE\u0147 na Spi\u0161i - OOCR\",\"isPartOf\":{\"@id\":\"https:\\\/\\\/vraji.sk\\\/de\\\/#website\"},\"primaryImageOfPage\":{\"@id\":\"https:\\\/\\\/vraji.sk\\\/de\\\/kulturne-leto-v-oktobri-na-spisi\\\/#primaryimage\"},\"image\":{\"@id\":\"https:\\\/\\\/vraji.sk\\\/de\\\/kulturne-leto-v-oktobri-na-spisi\\\/#primaryimage\"},\"thumbnailUrl\":\"https:\\\/\\\/vraji.sk\\\/wp-content\\\/uploads\\\/2023\\\/10\\\/ilustr.jpg\",\"datePublished\":\"2023-10-04T09:27:45+00:00\",\"dateModified\":\"2023-11-22T17:08:07+00:00\",\"breadcrumb\":{\"@id\":\"https:\\\/\\\/vraji.sk\\\/de\\\/kulturne-leto-v-oktobri-na-spisi\\\/#breadcrumb\"},\"inLanguage\":\"de\",\"potentialAction\":[{\"@type\":\"ReadAction\",\"target\":[\"https:\\\/\\\/vraji.sk\\\/de\\\/kulturne-leto-v-oktobri-na-spisi\\\/\"]}]},{\"@type\":\"ImageObject\",\"inLanguage\":\"de\",\"@id\":\"https:\\\/\\\/vraji.sk\\\/de\\\/kulturne-leto-v-oktobri-na-spisi\\\/#primaryimage\",\"url\":\"https:\\\/\\\/vraji.sk\\\/wp-content\\\/uploads\\\/2023\\\/10\\\/ilustr.jpg\",\"contentUrl\":\"https:\\\/\\\/vraji.sk\\\/wp-content\\\/uploads\\\/2023\\\/10\\\/ilustr.jpg\",\"width\":2177,\"height\":940},{\"@type\":\"BreadcrumbList\",\"@id\":\"https:\\\/\\\/vraji.sk\\\/de\\\/kulturne-leto-v-oktobri-na-spisi\\\/#breadcrumb\",\"itemListElement\":[{\"@type\":\"ListItem\",\"position\":1,\"name\":\"Home\",\"item\":\"https:\\\/\\\/vraji.sk\\\/de\\\/homepage\\\/\"},{\"@type\":\"ListItem\",\"position\":2,\"name\":\"Kult\u00farna JESE\u0147 na Spi\u0161i\"}]},{\"@type\":\"WebSite\",\"@id\":\"https:\\\/\\\/vraji.sk\\\/de\\\/#website\",\"url\":\"https:\\\/\\\/vraji.sk\\\/de\\\/\",\"name\":\"OOCR\",\"description\":\"Regi\u00f3n Slovensk\u00fd raj a Spi\u0161 | Z\u00e1\u017eitky, turistika, hist\u00f3ria | vRaji.sk\",\"publisher\":{\"@id\":\"https:\\\/\\\/vraji.sk\\\/de\\\/#organization\"},\"potentialAction\":[{\"@type\":\"SearchAction\",\"target\":{\"@type\":\"EntryPoint\",\"urlTemplate\":\"https:\\\/\\\/vraji.sk\\\/de\\\/?s={search_term_string}\"},\"query-input\":{\"@type\":\"PropertyValueSpecification\",\"valueRequired\":true,\"valueName\":\"search_term_string\"}}],\"inLanguage\":\"de\"},{\"@type\":\"Organization\",\"@id\":\"https:\\\/\\\/vraji.sk\\\/de\\\/#organization\",\"name\":\"OOCR\",\"url\":\"https:\\\/\\\/vraji.sk\\\/de\\\/\",\"logo\":{\"@type\":\"ImageObject\",\"inLanguage\":\"de\",\"@id\":\"https:\\\/\\\/vraji.sk\\\/de\\\/#\\\/schema\\\/logo\\\/image\\\/\",\"url\":\"https:\\\/\\\/vraji.sk\\\/wp-content\\\/uploads\\\/2021\\\/11\\\/biele-logo-1.svg\",\"contentUrl\":\"https:\\\/\\\/vraji.sk\\\/wp-content\\\/uploads\\\/2021\\\/11\\\/biele-logo-1.svg\",\"caption\":\"OOCR\"},\"image\":{\"@id\":\"https:\\\/\\\/vraji.sk\\\/de\\\/#\\\/schema\\\/logo\\\/image\\\/\"}},{\"@type\":\"Person\",\"@id\":\"https:\\\/\\\/vraji.sk\\\/de\\\/#\\\/schema\\\/person\\\/01641cf41f9d52638cb29a73818cf39c\",\"name\":\"oocr-obsah\",\"image\":{\"@type\":\"ImageObject\",\"inLanguage\":\"de\",\"@id\":\"https:\\\/\\\/secure.gravatar.com\\\/avatar\\\/bc547f4d1cfe56f35ef07eb29186b1e943f6b533e816d5758667f08b34617b3b?s=96&d=mm&r=g\",\"url\":\"https:\\\/\\\/secure.gravatar.com\\\/avatar\\\/bc547f4d1cfe56f35ef07eb29186b1e943f6b533e816d5758667f08b34617b3b?s=96&d=mm&r=g\",\"contentUrl\":\"https:\\\/\\\/secure.gravatar.com\\\/avatar\\\/bc547f4d1cfe56f35ef07eb29186b1e943f6b533e816d5758667f08b34617b3b?s=96&d=mm&r=g\",\"caption\":\"oocr-obsah\"},\"description\":\"alexpark.sk\",\"url\":\"https:\\\/\\\/vraji.sk\\\/de\\\/author\\\/oocr-obsah\\\/\"}]}<\/script>\n<!-- \/ Yoast SEO plugin. -->","yoast_head_json":{"title":"Kult\u00farna JESE\u0147 na Spi\u0161i - OOCR","robots":{"index":"index","follow":"follow","max-snippet":"max-snippet:-1","max-image-preview":"max-image-preview:large","max-video-preview":"max-video-preview:-1"},"canonical":"https:\/\/vraji.sk\/de\/kulturne-leto-v-oktobri-na-spisi\/","og_locale":"de_DE","og_type":"article","og_title":"Kult\u00farna JESE\u0147 na Spi\u0161i - OOCR","og_description":"Jese\u0148 bude skuto\u010dne bohat\u00e1 na kult\u00farne podujatia, a ver\u00edme, \u017ee si z na\u0161ej ponuky vyberie ka\u017e","og_url":"https:\/\/vraji.sk\/de\/kulturne-leto-v-oktobri-na-spisi\/","og_site_name":"OOCR","article_published_time":"2023-10-04T09:27:45+00:00","article_modified_time":"2023-11-22T17:08:07+00:00","og_image":[{"width":2177,"height":940,"url":"https:\/\/vraji.sk\/wp-content\/uploads\/2023\/10\/ilustr.jpg","type":"image\/jpeg"}],"author":"oocr-obsah","twitter_card":"summary_large_image","twitter_misc":{"Verfasst von":"oocr-obsah","Gesch\u00e4tzte Lesezeit":"1\u00a0Minute"},"schema":{"@context":"https:\/\/schema.org","@graph":[{"@type":"Article","@id":"https:\/\/vraji.sk\/de\/kulturne-leto-v-oktobri-na-spisi\/#article","isPartOf":{"@id":"https:\/\/vraji.sk\/de\/kulturne-leto-v-oktobri-na-spisi\/"},"author":{"name":"oocr-obsah","@id":"https:\/\/vraji.sk\/de\/#\/schema\/person\/01641cf41f9d52638cb29a73818cf39c"},"headline":"Kult\u00farna JESE\u0147 na Spi\u0161i","datePublished":"2023-10-04T09:27:45+00:00","dateModified":"2023-11-22T17:08:07+00:00","mainEntityOfPage":{"@id":"https:\/\/vraji.sk\/de\/kulturne-leto-v-oktobri-na-spisi\/"},"wordCount":34,"commentCount":0,"publisher":{"@id":"https:\/\/vraji.sk\/de\/#organization"},"image":{"@id":"https:\/\/vraji.sk\/de\/kulturne-leto-v-oktobri-na-spisi\/#primaryimage"},"thumbnailUrl":"https:\/\/vraji.sk\/wp-content\/uploads\/2023\/10\/ilustr.jpg","articleSection":["Uncategorized @sk"],"inLanguage":"de","potentialAction":[{"@type":"CommentAction","name":"Comment","target":["https:\/\/vraji.sk\/de\/kulturne-leto-v-oktobri-na-spisi\/#respond"]}]},{"@type":"WebPage","@id":"https:\/\/vraji.sk\/de\/kulturne-leto-v-oktobri-na-spisi\/","url":"https:\/\/vraji.sk\/de\/kulturne-leto-v-oktobri-na-spisi\/","name":"Kult\u00farna JESE\u0147 na Spi\u0161i - OOCR","isPartOf":{"@id":"https:\/\/vraji.sk\/de\/#website"},"primaryImageOfPage":{"@id":"https:\/\/vraji.sk\/de\/kulturne-leto-v-oktobri-na-spisi\/#primaryimage"},"image":{"@id":"https:\/\/vraji.sk\/de\/kulturne-leto-v-oktobri-na-spisi\/#primaryimage"},"thumbnailUrl":"https:\/\/vraji.sk\/wp-content\/uploads\/2023\/10\/ilustr.jpg","datePublished":"2023-10-04T09:27:45+00:00","dateModified":"2023-11-22T17:08:07+00:00","breadcrumb":{"@id":"https:\/\/vraji.sk\/de\/kulturne-leto-v-oktobri-na-spisi\/#breadcrumb"},"inLanguage":"de","potentialAction":[{"@type":"ReadAction","target":["https:\/\/vraji.sk\/de\/kulturne-leto-v-oktobri-na-spisi\/"]}]},{"@type":"ImageObject","inLanguage":"de","@id":"https:\/\/vraji.sk\/de\/kulturne-leto-v-oktobri-na-spisi\/#primaryimage","url":"https:\/\/vraji.sk\/wp-content\/uploads\/2023\/10\/ilustr.jpg","contentUrl":"https:\/\/vraji.sk\/wp-content\/uploads\/2023\/10\/ilustr.jpg","width":2177,"height":940},{"@type":"BreadcrumbList","@id":"https:\/\/vraji.sk\/de\/kulturne-leto-v-oktobri-na-spisi\/#breadcrumb","itemListElement":[{"@type":"ListItem","position":1,"name":"Home","item":"https:\/\/vraji.sk\/de\/homepage\/"},{"@type":"ListItem","position":2,"name":"Kult\u00farna JESE\u0147 na Spi\u0161i"}]},{"@type":"WebSite","@id":"https:\/\/vraji.sk\/de\/#website","url":"https:\/\/vraji.sk\/de\/","name":"OOCR","description":"Regi\u00f3n Slovensk\u00fd raj a Spi\u0161 | Z\u00e1\u017eitky, turistika, hist\u00f3ria | vRaji.sk","publisher":{"@id":"https:\/\/vraji.sk\/de\/#organization"},"potentialAction":[{"@type":"SearchAction","target":{"@type":"EntryPoint","urlTemplate":"https:\/\/vraji.sk\/de\/?s={search_term_string}"},"query-input":{"@type":"PropertyValueSpecification","valueRequired":true,"valueName":"search_term_string"}}],"inLanguage":"de"},{"@type":"Organization","@id":"https:\/\/vraji.sk\/de\/#organization","name":"OOCR","url":"https:\/\/vraji.sk\/de\/","logo":{"@type":"ImageObject","inLanguage":"de","@id":"https:\/\/vraji.sk\/de\/#\/schema\/logo\/image\/","url":"https:\/\/vraji.sk\/wp-content\/uploads\/2021\/11\/biele-logo-1.svg","contentUrl":"https:\/\/vraji.sk\/wp-content\/uploads\/2021\/11\/biele-logo-1.svg","caption":"OOCR"},"image":{"@id":"https:\/\/vraji.sk\/de\/#\/schema\/logo\/image\/"}},{"@type":"Person","@id":"https:\/\/vraji.sk\/de\/#\/schema\/person\/01641cf41f9d52638cb29a73818cf39c","name":"oocr-obsah","image":{"@type":"ImageObject","inLanguage":"de","@id":"https:\/\/secure.gravatar.com\/avatar\/bc547f4d1cfe56f35ef07eb29186b1e943f6b533e816d5758667f08b34617b3b?s=96&d=mm&r=g","url":"https:\/\/secure.gravatar.com\/avatar\/bc547f4d1cfe56f35ef07eb29186b1e943f6b533e816d5758667f08b34617b3b?s=96&d=mm&r=g","contentUrl":"https:\/\/secure.gravatar.com\/avatar\/bc547f4d1cfe56f35ef07eb29186b1e943f6b533e816d5758667f08b34617b3b?s=96&d=mm&r=g","caption":"oocr-obsah"},"description":"alexpark.sk","url":"https:\/\/vraji.sk\/de\/author\/oocr-obsah\/"}]}},"_links":{"self":[{"href":"https:\/\/vraji.sk\/de\/wp-json\/wp\/v2\/posts\/13757","targetHints":{"allow":["GET"]}}],"collection":[{"href":"https:\/\/vraji.sk\/de\/wp-json\/wp\/v2\/posts"}],"about":[{"href":"https:\/\/vraji.sk\/de\/wp-json\/wp\/v2\/types\/post"}],"author":[{"embeddable":true,"href":"https:\/\/vraji.sk\/de\/wp-json\/wp\/v2\/users\/50"}],"replies":[{"embeddable":true,"href":"https:\/\/vraji.sk\/de\/wp-json\/wp\/v2\/comments?post=13757"}],"version-history":[{"count":7,"href":"https:\/\/vraji.sk\/de\/wp-json\/wp\/v2\/posts\/13757\/revisions"}],"predecessor-version":[{"id":14288,"href":"https:\/\/vraji.sk\/de\/wp-json\/wp\/v2\/posts\/13757\/revisions\/14288"}],"wp:featuredmedia":[{"embeddable":true,"href":"https:\/\/vraji.sk\/de\/wp-json\/wp\/v2\/media\/13777"}],"wp:attachment":[{"href":"https:\/\/vraji.sk\/de\/wp-json\/wp\/v2\/media?parent=13757"}],"wp:term":[{"taxonomy":"category","embeddable":true,"href":"https:\/\/vraji.sk\/de\/wp-json\/wp\/v2\/categories?post=13757"},{"taxonomy":"post_tag","embeddable":true,"href":"https:\/\/vraji.sk\/de\/wp-json\/wp\/v2\/tags?post=13757"}],"curies":[{"name":"wp","href":"https:\/\/api.w.org\/{rel}","templated":true}]}}