{"id":15124,"date":"2024-03-19T18:22:38","date_gmt":"2024-03-19T18:22:38","guid":{"rendered":"https:\/\/vraji.sk\/?p=15124"},"modified":"2024-03-27T11:00:59","modified_gmt":"2024-03-27T11:00:59","slug":"velka-noc-v-slovenskom-raji-a-na","status":"publish","type":"post","link":"https:\/\/vraji.sk\/de\/velka-noc-v-slovenskom-raji-a-na\/","title":{"rendered":"Ve\u013ek\u00e1 Noc v Slovenskom raji a na Spi\u0161i"},"content":{"rendered":"\n<div class=\"row\">\n    <div class=\"col\">\n        <hr class=\"\">\n    <\/div>\n<\/div>\n\n\n<p><\/p>\n\n\n\n<p><strong><em>Ve\u013ekono\u010dn\u00e9 pr\u00e1zdniny s\u00fa ide\u00e1lnym \u010dasom pre oddych s celou rodinou. \u010ci u\u017e doma pri sviato\u010dnom stole a na mil\u00fdch n\u00e1v\u0161tev\u00e1ch, alebo na v\u00fdletoch \u010faleko aj bl\u00edzko. Pokia\u013e e\u0161te na sviatky nem\u00e1te pl\u00e1ny, poz\u00fdvame v\u00e1s za\u017ei\u0165 dokonal\u00fa jarn\u00fa pohodu u n\u00e1s v Slovenskom raji a na ju\u017enom Spi\u0161i. Ni\u017e\u0161ie v\u00e1m prin\u00e1\u0161ame in\u0161pir\u00e1cie pre rozli\u010dn\u00e9 aktivity a podujatia, ktor\u00e9 m\u00f4\u017eete u na\u0161ich partnerov za\u017ei\u0165 a nav\u0161t\u00edvi\u0165. po\u010das Ve\u013ekej Noci. <\/em><\/strong><\/p>\n\n\n<div class=\"wp-block-image\">\n<figure class=\"aligncenter size-large is-resized\"><img loading=\"lazy\" decoding=\"async\" width=\"1024\" height=\"269\" src=\"https:\/\/vraji.sk\/wp-content\/uploads\/2024\/03\/Velka-noc-banner-1024x269.jpg\" alt=\"\" class=\"wp-image-15129\" style=\"width:841px;height:auto\" srcset=\"https:\/\/vraji.sk\/wp-content\/uploads\/2024\/03\/Velka-noc-banner-1024x269.jpg 1024w, https:\/\/vraji.sk\/wp-content\/uploads\/2024\/03\/Velka-noc-banner-300x79.jpg 300w, https:\/\/vraji.sk\/wp-content\/uploads\/2024\/03\/Velka-noc-banner-768x202.jpg 768w, https:\/\/vraji.sk\/wp-content\/uploads\/2024\/03\/Velka-noc-banner-1536x403.jpg 1536w, https:\/\/vraji.sk\/wp-content\/uploads\/2024\/03\/Velka-noc-banner.jpg 1920w\" sizes=\"auto, (max-width: 1024px) 100vw, 1024px\" \/><\/figure>\n<\/div>\n\n\n<div class=\"row\">\n    <div class=\"col\">\n        <hr class=\"mt-45 mb-45\">\n    <\/div>\n<\/div>\n\n\n<p><\/p>\n\n\n\n<h2 class=\"wp-block-heading\">Ve\u013ekono\u010dn\u00fd brunch v Hoteli Metropol****<\/h2>\n\n\n\n<p>Ob\u013e\u00faben\u00fd <strong>Hotel Metropol**** v Spi\u0161skej Novej Vsi<\/strong> v\u00e1s na Ve\u013ekono\u010dn\u00fa nede\u013eu (31. marca) od 10:00 do 13:00 hod. poz\u00fdva na vynikaj\u00faci <strong>Ve\u013ekono\u010dn\u00fd brunch<\/strong>. Pr\u00ed\u010fte si pochuti\u0165 na \u0161irokom v\u00fdbere gurm\u00e1nskych \u0161pecial\u00edt pod\u00e1van\u00fdch formou bufetov\u00fdch stolov. Pri pr\u00edchode pre v\u00e1s bude pripraven\u00fd welcome drink v alko aj nealko verzii. A ak pr\u00eddete aj s va\u0161imi ratoles\u0165ami, anim\u00e1tori pre nich bud\u00fa ma\u0165 pripraven\u00fd z\u00e1bavn\u00fd Ve\u013ekono\u010dn\u00fd anima\u010dn\u00fd program. Cena brunchu: 30\u20ac \/ osoba, deti od 4 do 15 rokov 21\u20ac, deti do 3 rokov zdarma. V pr\u00edpade z\u00e1ujmu si nezabudnite vopred rezervova\u0165 miesta na telef\u00f3nnych \u010d\u00edslach <strong>+421 53 41 74 700<\/strong>, alebo <strong>+421 904 777 630<\/strong>. <\/p>\n\n\n\n<p>N\u00e1v\u0161tevu Ve\u013ekono\u010dn\u00e9ho brunchu m\u00f4\u017eete spoji\u0165 aj s niektor\u00fdm z aktu\u00e1lnych <strong><a href=\"https:\/\/www.hotelmetropol.sk\/pobytove-balicky\/\">zv\u00fdhodnen\u00fdch pobytov\u00fdch bal\u00ed\u010dkov. <\/a><\/strong><\/p>\n\n\n\n<p>Viac inform\u00e1ci\u00ed o ponuke n\u00e1jdete priamo <strong><a href=\"https:\/\/www.facebook.com\/hotelmetropol1969\">na Facebook str\u00e1nke <\/a><\/strong>alebo na <strong><a href=\"https:\/\/www.hotelmetropol.sk\/\">webovej str\u00e1nke<\/a><\/strong> Hotela Metropol****. <\/p>\n\n\n\n<iframe loading=\"lazy\" src=\"https:\/\/www.facebook.com\/plugins\/post.php?href=https%3A%2F%2Fwww.facebook.com%2Fhotelmetropol1969%2Fposts%2Fpfbid0d52V6GKDYUcZneevBFXY9F9YbdVQCgDyzHF5LU1D7aL6t12qCkTLoFnfhdyJvHbHl&#038;show_text=true&#038;width=500\" width=\"500\" height=\"679\" style=\"border:none;overflow:hidden\" scrolling=\"no\" frameborder=\"0\" allowfullscreen=\"true\" allow=\"autoplay; clipboard-write; encrypted-media; picture-in-picture; web-share\"><\/iframe>\n\n\n\n<div class=\"row\">\n    <div class=\"col\">\n        <hr class=\"mt-45 mb-45\">\n    <\/div>\n<\/div>\n\n\n<p><\/p>\n\n\n\n<h2 class=\"wp-block-heading\">Ve\u013ekono\u010dn\u00fd wellness pobyt v Hoteli \u010cingov<\/h2>\n\n\n\n<p>Ve\u013ekono\u010dn\u00fa pohodu uprostred pr\u00edrody Slovensk\u00e9ho raja v\u00e1m pon\u00faka <strong><a href=\"https:\/\/www.facebook.com\/hotelcingov\">Wellness Hotel \u010cingov<\/a><\/strong>. Od 27. marca do 2. apr\u00edla si tu m\u00f4\u017eete u\u017ei\u0165 \u0161peci\u00e1lny Ve\u013ekono\u010dn\u00fd wellness pobyt. <\/p>\n\n\n\n<p>Pobyt zah\u0155\u0148a ubytovanie priamo v Hoteli \u010cingov, alebo v dependance Villa Pinus, polpenziu formou \u0161tedr\u00fdch bufetov\u00fdch stolov vr\u00e1tane tradi\u010dn\u00fdch ve\u013ekono\u010dn\u00fdch ra\u0148ajok. A ako bonus m\u00f4\u017eete vyu\u017ei\u0165 bezplatn\u00fd neobmedzen\u00fd vstup do hotelov\u00e9ho baz\u00e9na a denne vstup do wellness centra, ktor\u00e9 obsahuje 5 druhov s\u00e1un, v\u00edrivku, letn\u00fd d\u00e1\u017e\u010f a \u010fal\u0161ie relaxa\u010dn\u00e9 proced\u00fary. Pokia\u013e sa na ve\u013ekono\u010dn\u00fd pobyt vyberiete aj s va\u0161imi ratoles\u0165ami, m\u00f4\u017eu sa do s\u00fdtosti vybl\u00e1zni\u0165 v detskom k\u00fatiku a na interi\u00e9rovom a exteri\u00e9rovom detskom ihrisku. <\/p>\n\n\n\n<p>Bli\u017e\u0161\u00ede inform\u00e1cie vr\u00e1tane mo\u017enosti online rezerv\u00e1cie n\u00e1jdete <strong><a href=\"https:\/\/www.hotelcingov.sk\/obchod\/velkonocny-wellness-pobyt\/?_gl=1*raxkyb*_up*MQ..&amp;gclid=CjwKCAjwh4-wBhB3EiwAeJsppKNOslGyUin1i8qQHKFFGRFPz-nVcnk_ZvcsDXW41ak7oRgSCZ_Q7hoC8wwQAvD_BwE\">na webovej str\u00e1nke hotela TU. <\/a><\/strong><\/p>\n\n\n\n<p><\/p>\n\n\n\n<iframe loading=\"lazy\" src=\"https:\/\/www.facebook.com\/plugins\/post.php?href=https%3A%2F%2Fwww.facebook.com%2Fhotelcingov%2Fposts%2Fpfbid0MdcjqGVpSa543FtJJnL1pe5d276ypDq7BduykdpzBxUZzZWtNKz5HRHfcwDPTXX3l&#038;show_text=true&#038;width=500\" width=\"500\" height=\"747\" style=\"border:none;overflow:hidden\" scrolling=\"no\" frameborder=\"0\" allowfullscreen=\"true\" allow=\"autoplay; clipboard-write; encrypted-media; picture-in-picture; web-share\"><\/iframe>\n\n\n\n<p><\/p>\n\n\n\n<div class=\"row\">\n    <div class=\"col\">\n        <hr class=\"\">\n    <\/div>\n<\/div>\n\n\n<p><\/p>\n\n\n\n<h2 class=\"wp-block-heading\">Ve\u013ekono\u010dn\u00fd oddych &#8222;na konci sveta&#8220; v rekrea\u010dnom stredisku Por\u00e1\u010d Park<\/h2>\n\n\n\n<p>Pokia\u013e by ste radi str\u00e1vili Ve\u013ek\u00fa Noc akt\u00edvne a \u010faleko od sviato\u010dn\u00e9ho zhonu, nev\u00e1hajte si dopria\u0165 ve\u013ekono\u010dn\u00fd pobyt uprostred malebnej pr\u00edrody Por\u00e1\u010dskej doliny. <strong>Horsk\u00fd hotel a rekrea\u010dn\u00e9 stredisko <a href=\"https:\/\/www.poracpark.sk\/\">Por\u00e1\u010d Park<\/a><\/strong> pon\u00faka v\u0161etko pre akt\u00edvnu dovolenku &#8211; mno\u017estvo \u0161portov\u00fdch aktiv\u00edt, wellness centrum, re\u0161taur\u00e1ciu s v\u00fdbornou gastron\u00f3miou a remeseln\u00fdm pivom a desiatky kilometrov turistick\u00fdch a cykloturistick\u00fdch tr\u00e1s v okol\u00ed. Mimochodom, vedeli ste, \u017ee pohorie Galmus, ktor\u00e9 sused\u00ed s Por\u00e1\u010dskou dolinou, sa v\u010faka mno\u017estvu krasov\u00fdch dol\u00edn a jask\u00fd\u0148 \u010dasto naz\u00fdva aj &#8222;mal\u00fd Slovensk\u00fd raj&#8220;?<\/p>\n\n\n\n<p>\u0160peci\u00e1lna ve\u013ekono\u010dn\u00e1 ponuka v Por\u00e1\u010d Parku trv\u00e1 od 28. marca do 2. apr\u00edla 2024. <strong>Pre viac inform\u00e1ci\u00ed <\/strong>a rezerv\u00e1cie volajte na telef\u00f3nne \u010d\u00edslo <strong>+421 905 794 705<\/strong>, alebo nap\u00ed\u0161te mail na <strong>poracpark@poracpark.sk<\/strong>. <\/p>\n\n\n\n<iframe loading=\"lazy\" src=\"https:\/\/www.facebook.com\/plugins\/post.php?href=https%3A%2F%2Fwww.facebook.com%2Fporacpark.sk%2Fposts%2Fpfbid0cojiw8HsQwS81SQBq5chzApN8ThHEvQDr3BtagFyQuV5sQfj1owU2PRALzWySup7l&#038;show_text=true&#038;width=500\" width=\"500\" height=\"585\" style=\"border:none;overflow:hidden\" scrolling=\"no\" frameborder=\"0\" allowfullscreen=\"true\" allow=\"autoplay; clipboard-write; encrypted-media; picture-in-picture; web-share\"><\/iframe>\n\n\n\n<div class=\"row\">\n    <div class=\"col\">\n        <hr class=\"mt-45 mb-45\">\n    <\/div>\n<\/div>\n\n\n<h2 class=\"wp-block-heading\">Ve\u013ekono\u010dn\u00fd koncert v letohr\u00e1dku Dardanely<\/h2>\n\n\n\n<p><strong>M\u00fazeum Spi\u0161a <\/strong>v\u00e1s na Ve\u013ekono\u010dn\u00fa nede\u013eu (31. marca) o 18:00 poz\u00fdva na <strong>Ve\u013ekono\u010dn\u00fd koncert v letohr\u00e1dku Dardanely<\/strong> v Marku\u0161ovciach ne\u010faleko Spi\u0161skej Novej Vsi. Te\u0161i\u0165 sa m\u00f4\u017eete na v\u00fdst\u00fapenie vynikaj\u00facej ko\u0161ickej klaviristky, spev\u00e1\u010dky, text\u00e1rky a poetky, ktor\u00e1 vystupuje pod pseudonymom <strong>Skyva<\/strong>. Predstav\u00ed svoju autorsk\u00fa tvorbu z albumov Zrkadlo (2018) a Z exilu (2023), na ktor\u00fdch s \u0148ou spolupracovalo mno\u017estvo popredn\u00fdch hudobn\u00edkov a hudobn\u00ed\u010dok ako Sima Magu\u0161inov\u00e1, Veronika Rabada, opern\u00fd spev\u00e1k Mari\u00e1n Luk\u00e1\u010d a \u010fal\u0161\u00ed. Spolu so Skyvou vyst\u00fapi renomovan\u00fd jazzov\u00fd gitarista Samuel Marin\u010d\u00e1k, ktor\u00fd so Skyvou spolupracuje od roku 2018, no m\u00f4\u017eete ho pozna\u0165 napr\u00edklad aj ako st\u00e1leho hos\u0165a skupiny AMC Trio a z mno\u017estva \u010fal\u0161\u00edch spolupr\u00e1c. Vstupenky na koncert v cene 10\u20ac si m\u00f4\u017eete zak\u00fapi\u0165 priamo na mieste pred za\u010diatkom koncertu. <\/p>\n\n\n\n<p>Viac inform\u00e1ci\u00ed o podujat\u00ed m\u00f4\u017eete n\u00e1js\u0165 <strong><a href=\"https:\/\/fb.me\/e\/1V8p7gB5K\">na Facebook udalosti TU<\/a><\/strong>, alebo <strong><a href=\"https:\/\/www.muzeumspisa.com\/podujatia\/kastiel-letohradok-dardanely-v-markusovciach\/skyva-velkonocny-koncert\">na webovej str\u00e1nke M\u00fazea Spi\u0161a v Spi\u0161skej Novej Vsi.<\/a><\/strong> <\/p>\n\n\n\n<iframe loading=\"lazy\" src=\"https:\/\/www.facebook.com\/plugins\/post.php?href=https%3A%2F%2Fwww.facebook.com%2Fmuzeumspisa%2Fposts%2F1012142776938270%3A1012142776938270&#038;show_text=true&#038;width=500\" width=\"500\" height=\"385\" style=\"border:none;overflow:hidden\" scrolling=\"no\" frameborder=\"0\" allowfullscreen=\"true\" allow=\"autoplay; clipboard-write; encrypted-media; picture-in-picture; web-share\"><\/iframe>\n\n\n\n<div class=\"row\">\n    <div class=\"col\">\n        <hr class=\"mt-45 mb-45\">\n    <\/div>\n<\/div>\n\n\n<h2 class=\"wp-block-heading\">Ve\u013ekono\u010dn\u00e1 oldies p\u00e1rty v OKC Smi\u017eany<\/h2>\n\n\n\n<p>Na Ve\u013ekono\u010dn\u00fa nede\u013eu (31. marca) od 20:00 sa v Obecnom kult\u00farnom centre v Smi\u017eanoch rozp\u00fata skvel\u00e1 oldies p\u00e1rty. Pr\u00ed\u010fte sa zabavi\u0165 a zatancova\u0165 si na tie najzn\u00e1mej\u0161ie hity, ktor\u00e9 bude od mix\u00e1\u017eneho pultu serv\u00edrova\u0165 DJ Filip Filo Mosch. Vstupenky v cene 5\u20ac si m\u00f4\u017eete zak\u00fapi\u0165 online <strong><a href=\"https:\/\/smizany.system.cinemaware.eu\/wstep1.php?id=a0b1642ee03ccd0f8197fdde007f6ed05708da1d2772fff4474e8138\">na tomto odkaze.  <\/a><\/strong><\/p>\n\n\n\n<iframe loading=\"lazy\" src=\"https:\/\/www.facebook.com\/plugins\/post.php?href=https%3A%2F%2Fwww.facebook.com%2FOKC.Smizany%2Fposts%2Fpfbid025bFXL5PwUCcoYZrgYC9gL8CTzK4Wi8LcP9FBd8ZBJte5JQgTggrTyW4p9f3pPNvBl&#038;show_text=true&#038;width=500\" width=\"500\" height=\"698\" style=\"border:none;overflow:hidden\" scrolling=\"no\" frameborder=\"0\" allowfullscreen=\"true\" allow=\"autoplay; clipboard-write; encrypted-media; picture-in-picture; web-share\"><\/iframe>\n\n\n\n<div class=\"row\">\n    <div class=\"col\">\n        <hr class=\"mt-45 mb-45\">\n    <\/div>\n<\/div>\n\n\n<p><\/p>\n\n\n\n<h2 class=\"wp-block-heading\">Sl\u00e1vnostn\u00e9 otvorenie ZOO Spi\u0161sk\u00e1 Nov\u00e1 Ves s novou gastroz\u00f3nou<\/h2>\n\n\n\n<p>V utorok 2. apr\u00edla o 10:30 hod. v\u00e1s spolu s celou rodinou srde\u010dne poz\u00fdvame do <strong><a href=\"https:\/\/zoosnv.sk\/\">Zoologickej z\u00e1hrady v Spi\u0161skej Novej Vsi<\/a><\/strong> na sl\u00e1vnostn\u00e9 otvorenie sez\u00f3ny 2024. De\u0148 bude spojen\u00fd aj s otvoren\u00edm novej gastroz\u00f3ny &#8222;<strong><a href=\"https:\/\/www.facebook.com\/profile.php?id=61556083820320\">Bistro u Rysa<\/a><\/strong>&#8222;. Pre deti bude o 11:00 hod. pripraven\u00e1 Detsk\u00e1 p\u00e1rty s ujom \u013dubom. <\/p>\n\n\n\n<p>&#8222;Viac inform\u00e1ci\u00ed m\u00f4\u017eete n\u00e1js\u0165 na Facebook udalosti <strong><a href=\"https:\/\/fb.me\/e\/3Awezu4V8\">Otvorenie ZOO a Bistro u Rysa<\/a><\/strong>. <\/p>\n\n\n\n<iframe loading=\"lazy\" src=\"https:\/\/www.facebook.com\/plugins\/post.php?href=https%3A%2F%2Fwww.facebook.com%2Fpermalink.php%3Fstory_fbid%3Dpfbid0kGeSNW4VU8iArCpha3qNRvVRnp7oAGt5XFQ8oYbdSwpuQwnKdVgVa1TiMujTocUzl%26id%3D100057158242775&#038;show_text=true&#038;width=500\" width=\"500\" height=\"512\" style=\"border:none;overflow:hidden\" scrolling=\"no\" frameborder=\"0\" allowfullscreen=\"true\" allow=\"autoplay; clipboard-write; encrypted-media; picture-in-picture; web-share\"><\/iframe>\n\n\n\n<div class=\"row\">\n    <div class=\"col\">\n        <hr class=\"mt-45 mb-45\">\n    <\/div>\n<\/div>\n\n\n<h2 class=\"wp-block-heading\">Otvorenie Spi\u0161sk\u00e9ho hradu<\/h2>\n\n\n\n<p>Pokia\u013e patr\u00edte medzi priaznivcov hist\u00f3rie, \u010do tak si po\u010das ve\u013ekono\u010dn\u00fdch sviatkov spravi\u0165 v\u00fdlet na Spi\u0161sk\u00fd hrad? Ten po zime otv\u00e1ra svoje br\u00e1ny presne na Ve\u013ek\u00fd piatok, 29. marca od 9:00 hod. Po\u010das \u010fal\u0161\u00edch dn\u00ed bude otvoren\u00fd v\u017edy od 9:00 do 17:00 hod., s posledn\u00fdm vstupom o 16:00. Viac inform\u00e1ci\u00ed o hrade a expoz\u00edcii SNM-Spi\u0161sk\u00e9ho m\u00fazea v Levo\u010di m\u00f4\u017eete n\u00e1js\u0165 na ich <strong><a href=\"http:\/\/www.spisskemuzeum.com\/\">ofici\u00e1lnej webovej str\u00e1nke<\/a><\/strong> a na <strong><a href=\"https:\/\/www.instagram.com\/spisskyhrad_official\/\">instagramovom profile<\/a><\/strong>. Srde\u010dne poz\u00fdvame! <\/p>\n\n\n\n<blockquote class=\"instagram-media\" data-instgrm-captioned data-instgrm-permalink=\"https:\/\/www.instagram.com\/reel\/C4qzTUCLxuD\/?utm_source=ig_embed&amp;utm_campaign=loading\" data-instgrm-version=\"14\" style=\" background:#FFF; border:0; border-radius:3px; box-shadow:0 0 1px 0 rgba(0,0,0,0.5),0 1px 10px 0 rgba(0,0,0,0.15); margin: 1px; max-width:540px; min-width:326px; padding:0; width:99.375%; width:-webkit-calc(100% - 2px); width:calc(100% - 2px);\"><div style=\"padding:16px;\"> <a href=\"https:\/\/www.instagram.com\/reel\/C4qzTUCLxuD\/?utm_source=ig_embed&amp;utm_campaign=loading\" style=\" background:#FFFFFF; line-height:0; padding:0 0; text-align:center; text-decoration:none; width:100%;\" target=\"_blank\"> <div style=\" display: flex; flex-direction: row; align-items: center;\"> <div style=\"background-color: #F4F4F4; border-radius: 50%; flex-grow: 0; height: 40px; margin-right: 14px; width: 40px;\"><\/div> <div style=\"display: flex; flex-direction: column; flex-grow: 1; justify-content: center;\"> <div style=\" background-color: #F4F4F4; border-radius: 4px; flex-grow: 0; height: 14px; margin-bottom: 6px; width: 100px;\"><\/div> <div style=\" background-color: #F4F4F4; border-radius: 4px; flex-grow: 0; height: 14px; width: 60px;\"><\/div><\/div><\/div><div style=\"padding: 19% 0;\"><\/div> <div style=\"display:block; height:50px; margin:0 auto 12px; width:50px;\"><svg width=\"50px\" height=\"50px\" viewBox=\"0 0 60 60\" version=\"1.1\" xmlns=\"https:\/\/www.w3.org\/2000\/svg\" xmlns:xlink=\"https:\/\/www.w3.org\/1999\/xlink\"><g stroke=\"none\" stroke-width=\"1\" fill=\"none\" fill-rule=\"evenodd\"><g transform=\"translate(-511.000000, -20.000000)\" fill=\"#000000\"><g><path d=\"M556.869,30.41 C554.814,30.41 553.148,32.076 553.148,34.131 C553.148,36.186 554.814,37.852 556.869,37.852 C558.924,37.852 560.59,36.186 560.59,34.131 C560.59,32.076 558.924,30.41 556.869,30.41 M541,60.657 C535.114,60.657 530.342,55.887 530.342,50 C530.342,44.114 535.114,39.342 541,39.342 C546.887,39.342 551.658,44.114 551.658,50 C551.658,55.887 546.887,60.657 541,60.657 M541,33.886 C532.1,33.886 524.886,41.1 524.886,50 C524.886,58.899 532.1,66.113 541,66.113 C549.9,66.113 557.115,58.899 557.115,50 C557.115,41.1 549.9,33.886 541,33.886 M565.378,62.101 C565.244,65.022 564.756,66.606 564.346,67.663 C563.803,69.06 563.154,70.057 562.106,71.106 C561.058,72.155 560.06,72.803 558.662,73.347 C557.607,73.757 556.021,74.244 553.102,74.378 C549.944,74.521 548.997,74.552 541,74.552 C533.003,74.552 532.056,74.521 528.898,74.378 C525.979,74.244 524.393,73.757 523.338,73.347 C521.94,72.803 520.942,72.155 519.894,71.106 C518.846,70.057 518.197,69.06 517.654,67.663 C517.244,66.606 516.755,65.022 516.623,62.101 C516.479,58.943 516.448,57.996 516.448,50 C516.448,42.003 516.479,41.056 516.623,37.899 C516.755,34.978 517.244,33.391 517.654,32.338 C518.197,30.938 518.846,29.942 519.894,28.894 C520.942,27.846 521.94,27.196 523.338,26.654 C524.393,26.244 525.979,25.756 528.898,25.623 C532.057,25.479 533.004,25.448 541,25.448 C548.997,25.448 549.943,25.479 553.102,25.623 C556.021,25.756 557.607,26.244 558.662,26.654 C560.06,27.196 561.058,27.846 562.106,28.894 C563.154,29.942 563.803,30.938 564.346,32.338 C564.756,33.391 565.244,34.978 565.378,37.899 C565.522,41.056 565.552,42.003 565.552,50 C565.552,57.996 565.522,58.943 565.378,62.101 M570.82,37.631 C570.674,34.438 570.167,32.258 569.425,30.349 C568.659,28.377 567.633,26.702 565.965,25.035 C564.297,23.368 562.623,22.342 560.652,21.575 C558.743,20.834 556.562,20.326 553.369,20.18 C550.169,20.033 549.148,20 541,20 C532.853,20 531.831,20.033 528.631,20.18 C525.438,20.326 523.257,20.834 521.349,21.575 C519.376,22.342 517.703,23.368 516.035,25.035 C514.368,26.702 513.342,28.377 512.574,30.349 C511.834,32.258 511.326,34.438 511.181,37.631 C511.035,40.831 511,41.851 511,50 C511,58.147 511.035,59.17 511.181,62.369 C511.326,65.562 511.834,67.743 512.574,69.651 C513.342,71.625 514.368,73.296 516.035,74.965 C517.703,76.634 519.376,77.658 521.349,78.425 C523.257,79.167 525.438,79.673 528.631,79.82 C531.831,79.965 532.853,80.001 541,80.001 C549.148,80.001 550.169,79.965 553.369,79.82 C556.562,79.673 558.743,79.167 560.652,78.425 C562.623,77.658 564.297,76.634 565.965,74.965 C567.633,73.296 568.659,71.625 569.425,69.651 C570.167,67.743 570.674,65.562 570.82,62.369 C570.966,59.17 571,58.147 571,50 C571,41.851 570.966,40.831 570.82,37.631\"><\/path><\/g><\/g><\/g><\/svg><\/div><div style=\"padding-top: 8px;\"> <div style=\" color:#3897f0; font-family:Arial,sans-serif; font-size:14px; font-style:normal; font-weight:550; line-height:18px;\">Zobrazi\u0165 tento pr\u00edspevok na Instagrame<\/div><\/div><div style=\"padding: 12.5% 0;\"><\/div> <div style=\"display: flex; flex-direction: row; margin-bottom: 14px; align-items: center;\"><div> <div style=\"background-color: #F4F4F4; border-radius: 50%; height: 12.5px; width: 12.5px; transform: translateX(0px) translateY(7px);\"><\/div> <div style=\"background-color: #F4F4F4; height: 12.5px; transform: rotate(-45deg) translateX(3px) translateY(1px); width: 12.5px; flex-grow: 0; margin-right: 14px; margin-left: 2px;\"><\/div> <div style=\"background-color: #F4F4F4; border-radius: 50%; height: 12.5px; width: 12.5px; transform: translateX(9px) translateY(-18px);\"><\/div><\/div><div style=\"margin-left: 8px;\"> <div style=\" background-color: #F4F4F4; border-radius: 50%; flex-grow: 0; height: 20px; width: 20px;\"><\/div> <div style=\" width: 0; height: 0; border-top: 2px solid transparent; border-left: 6px solid #f4f4f4; border-bottom: 2px solid transparent; transform: translateX(16px) translateY(-4px) rotate(30deg)\"><\/div><\/div><div style=\"margin-left: auto;\"> <div style=\" width: 0px; border-top: 8px solid #F4F4F4; border-right: 8px solid transparent; transform: translateY(16px);\"><\/div> <div style=\" background-color: #F4F4F4; flex-grow: 0; height: 12px; width: 16px; transform: translateY(-4px);\"><\/div> <div style=\" width: 0; height: 0; border-top: 8px solid #F4F4F4; border-left: 8px solid transparent; transform: translateY(-4px) translateX(8px);\"><\/div><\/div><\/div> <div style=\"display: flex; flex-direction: column; flex-grow: 1; justify-content: center; margin-bottom: 24px;\"> <div style=\" background-color: #F4F4F4; border-radius: 4px; flex-grow: 0; height: 14px; margin-bottom: 6px; width: 224px;\"><\/div> <div style=\" background-color: #F4F4F4; border-radius: 4px; flex-grow: 0; height: 14px; width: 144px;\"><\/div><\/div><\/a><p style=\" color:#c9c8cd; font-family:Arial,sans-serif; font-size:14px; line-height:17px; margin-bottom:0; margin-top:8px; overflow:hidden; padding:8px 0 7px; text-align:center; text-overflow:ellipsis; white-space:nowrap;\"><a href=\"https:\/\/www.instagram.com\/reel\/C4qzTUCLxuD\/?utm_source=ig_embed&amp;utm_campaign=loading\" style=\" color:#c9c8cd; font-family:Arial,sans-serif; font-size:14px; font-style:normal; font-weight:normal; line-height:17px; text-decoration:none;\" target=\"_blank\">Pr\u00edspevok, ktor\u00fd zdie\u013ea Spi\u0161sk\u00fd hrad &#8211; Spi\u0161sk\u00e9 m\u00fazeum (@spisskyhrad_official)<\/a><\/p><\/div><\/blockquote> <script async src=\"\/\/www.instagram.com\/embed.js\"><\/script>\n\n\n\n<div class=\"row\">\n    <div class=\"col\">\n        <hr class=\"mt-45 mb-45\">\n    <\/div>\n<\/div>\n\n\n<h2 class=\"wp-block-heading\">Ve\u013ek\u00e1 Noc na Grajn\u00e1ri s Bufetom Grajn\u00e1r<\/h2>\n\n\n\n<p>Ob\u013e\u00faben\u00fd pojazdn\u00fd <strong><a href=\"https:\/\/www.facebook.com\/bufet.grajnar\">Bufet Grajn\u00e1r<\/a><\/strong>, ktor\u00fd od minul\u00e9ho roku pon\u00faka ob\u010derstvenie pre turistov a \u0161portovcov v sedle Grajn\u00e1r, si na Ve\u013ek\u00fa Noc pripravil \u0161peci\u00e1lnu hru pre deti. Za \u00falohu maj\u00fa poma\u013eova\u0165 kamienok pre v\u00edlu Knolinku a odnies\u0165 ho na \u0161peic\u00e1lne miesto ne\u010faleko Grajn\u00e1ra. Mapku, s pomocou ktorej maj\u00fa toto miesto n\u00e1js\u0165, z\u00edskaj\u00fa priamo v bufete. Za splnenie \u00falohy z\u00edskaj\u00fa v bufete ako odmenu \u010dokol\u00e1dov\u00e9 vaj\u00ed\u010dko. Zoberte va\u0161ich mal\u00fdch nezbedn\u00edkov na dobrodru\u017eno-umeleck\u00fa &#8222;misiu&#8220; so sladk\u00fdm prekvapen\u00edm. \ud83d\ude42 Akcia plat\u00ed od piatku 29. 03. do nedele 31. 03. <\/p>\n\n\n\n<iframe loading=\"lazy\" src=\"https:\/\/www.facebook.com\/plugins\/post.php?href=https%3A%2F%2Fwww.facebook.com%2Fbufet.grajnar%2Fposts%2Fpfbid0hEiEiyX2wrDCBpKv1grQvitdPPg782VTh3GAMtxPuDYBA47peWH4kJ3X7R8MLjQEl&#038;show_text=true&#038;width=500\" width=\"500\" height=\"568\" style=\"border:none;overflow:hidden\" scrolling=\"no\" frameborder=\"0\" allowfullscreen=\"true\" allow=\"autoplay; clipboard-write; encrypted-media; picture-in-picture; web-share\"><\/iframe>\n\n\n\n<p><\/p>\n\n\n\n<div class=\"row\">\n    <div class=\"col\">\n        <hr class=\"\">\n    <\/div>\n<\/div>\n\n\n<p><\/p>\n\n\n\n<h2 class=\"wp-block-heading\">Ve\u013ekono\u010dn\u00e9 dobrodru\u017estvo v Bermuda Escape Room<\/h2>\n\n\n\n<p>Pokia\u013e spolu s bl\u00edzkymi preferujete dobrodru\u017en\u00e9 a adrenal\u00ednov\u00e9 z\u00e1\u017eitky, vysk\u00fa\u0161ajte si svoju odvahu a d\u00f4vtip v <strong>Bermuda Escape Room v Smi\u017eanoch<\/strong>. Zvoli\u0165 si m\u00f4\u017eete z dvoch druhov \u00fanikov\u00fdch hier: <strong>&#8222;Hotel  Bermuda&#8220; a &#8222;Air Bermuda&#8220;<\/strong>. <\/p>\n\n\n\n<p>Viac inform\u00e1ci\u00ed a kontakt pre rezerv\u00e1ciu term\u00ednu m\u00f4\u017eete n\u00e1js\u0165 <strong><a href=\"https:\/\/www.bermudaescape.sk\/\">na ich webovej str\u00e1nke TU. <\/a><\/strong><\/p>\n\n\n\n<blockquote class=\"instagram-media\" data-instgrm-captioned data-instgrm-permalink=\"https:\/\/www.instagram.com\/reel\/C4nEz1XIrRl\/?utm_source=ig_embed&amp;utm_campaign=loading\" data-instgrm-version=\"14\" style=\" background:#FFF; border:0; border-radius:3px; box-shadow:0 0 1px 0 rgba(0,0,0,0.5),0 1px 10px 0 rgba(0,0,0,0.15); margin: 1px; max-width:540px; min-width:326px; padding:0; width:99.375%; width:-webkit-calc(100% - 2px); width:calc(100% - 2px);\"><div style=\"padding:16px;\"> <a href=\"https:\/\/www.instagram.com\/reel\/C4nEz1XIrRl\/?utm_source=ig_embed&amp;utm_campaign=loading\" style=\" background:#FFFFFF; line-height:0; padding:0 0; text-align:center; text-decoration:none; width:100%;\" target=\"_blank\"> <div style=\" display: flex; flex-direction: row; align-items: center;\"> <div style=\"background-color: #F4F4F4; border-radius: 50%; flex-grow: 0; height: 40px; margin-right: 14px; width: 40px;\"><\/div> <div style=\"display: flex; flex-direction: column; flex-grow: 1; justify-content: center;\"> <div style=\" background-color: #F4F4F4; border-radius: 4px; flex-grow: 0; height: 14px; margin-bottom: 6px; width: 100px;\"><\/div> <div style=\" background-color: #F4F4F4; border-radius: 4px; flex-grow: 0; height: 14px; width: 60px;\"><\/div><\/div><\/div><div style=\"padding: 19% 0;\"><\/div> <div style=\"display:block; height:50px; margin:0 auto 12px; width:50px;\"><svg width=\"50px\" height=\"50px\" viewBox=\"0 0 60 60\" version=\"1.1\" xmlns=\"https:\/\/www.w3.org\/2000\/svg\" xmlns:xlink=\"https:\/\/www.w3.org\/1999\/xlink\"><g stroke=\"none\" stroke-width=\"1\" fill=\"none\" fill-rule=\"evenodd\"><g transform=\"translate(-511.000000, -20.000000)\" fill=\"#000000\"><g><path d=\"M556.869,30.41 C554.814,30.41 553.148,32.076 553.148,34.131 C553.148,36.186 554.814,37.852 556.869,37.852 C558.924,37.852 560.59,36.186 560.59,34.131 C560.59,32.076 558.924,30.41 556.869,30.41 M541,60.657 C535.114,60.657 530.342,55.887 530.342,50 C530.342,44.114 535.114,39.342 541,39.342 C546.887,39.342 551.658,44.114 551.658,50 C551.658,55.887 546.887,60.657 541,60.657 M541,33.886 C532.1,33.886 524.886,41.1 524.886,50 C524.886,58.899 532.1,66.113 541,66.113 C549.9,66.113 557.115,58.899 557.115,50 C557.115,41.1 549.9,33.886 541,33.886 M565.378,62.101 C565.244,65.022 564.756,66.606 564.346,67.663 C563.803,69.06 563.154,70.057 562.106,71.106 C561.058,72.155 560.06,72.803 558.662,73.347 C557.607,73.757 556.021,74.244 553.102,74.378 C549.944,74.521 548.997,74.552 541,74.552 C533.003,74.552 532.056,74.521 528.898,74.378 C525.979,74.244 524.393,73.757 523.338,73.347 C521.94,72.803 520.942,72.155 519.894,71.106 C518.846,70.057 518.197,69.06 517.654,67.663 C517.244,66.606 516.755,65.022 516.623,62.101 C516.479,58.943 516.448,57.996 516.448,50 C516.448,42.003 516.479,41.056 516.623,37.899 C516.755,34.978 517.244,33.391 517.654,32.338 C518.197,30.938 518.846,29.942 519.894,28.894 C520.942,27.846 521.94,27.196 523.338,26.654 C524.393,26.244 525.979,25.756 528.898,25.623 C532.057,25.479 533.004,25.448 541,25.448 C548.997,25.448 549.943,25.479 553.102,25.623 C556.021,25.756 557.607,26.244 558.662,26.654 C560.06,27.196 561.058,27.846 562.106,28.894 C563.154,29.942 563.803,30.938 564.346,32.338 C564.756,33.391 565.244,34.978 565.378,37.899 C565.522,41.056 565.552,42.003 565.552,50 C565.552,57.996 565.522,58.943 565.378,62.101 M570.82,37.631 C570.674,34.438 570.167,32.258 569.425,30.349 C568.659,28.377 567.633,26.702 565.965,25.035 C564.297,23.368 562.623,22.342 560.652,21.575 C558.743,20.834 556.562,20.326 553.369,20.18 C550.169,20.033 549.148,20 541,20 C532.853,20 531.831,20.033 528.631,20.18 C525.438,20.326 523.257,20.834 521.349,21.575 C519.376,22.342 517.703,23.368 516.035,25.035 C514.368,26.702 513.342,28.377 512.574,30.349 C511.834,32.258 511.326,34.438 511.181,37.631 C511.035,40.831 511,41.851 511,50 C511,58.147 511.035,59.17 511.181,62.369 C511.326,65.562 511.834,67.743 512.574,69.651 C513.342,71.625 514.368,73.296 516.035,74.965 C517.703,76.634 519.376,77.658 521.349,78.425 C523.257,79.167 525.438,79.673 528.631,79.82 C531.831,79.965 532.853,80.001 541,80.001 C549.148,80.001 550.169,79.965 553.369,79.82 C556.562,79.673 558.743,79.167 560.652,78.425 C562.623,77.658 564.297,76.634 565.965,74.965 C567.633,73.296 568.659,71.625 569.425,69.651 C570.167,67.743 570.674,65.562 570.82,62.369 C570.966,59.17 571,58.147 571,50 C571,41.851 570.966,40.831 570.82,37.631\"><\/path><\/g><\/g><\/g><\/svg><\/div><div style=\"padding-top: 8px;\"> <div style=\" color:#3897f0; font-family:Arial,sans-serif; font-size:14px; font-style:normal; font-weight:550; line-height:18px;\">Zobrazi\u0165 tento pr\u00edspevok na Instagrame<\/div><\/div><div style=\"padding: 12.5% 0;\"><\/div> <div style=\"display: flex; flex-direction: row; margin-bottom: 14px; align-items: center;\"><div> <div style=\"background-color: #F4F4F4; border-radius: 50%; height: 12.5px; width: 12.5px; transform: translateX(0px) translateY(7px);\"><\/div> <div style=\"background-color: #F4F4F4; height: 12.5px; transform: rotate(-45deg) translateX(3px) translateY(1px); width: 12.5px; flex-grow: 0; margin-right: 14px; margin-left: 2px;\"><\/div> <div style=\"background-color: #F4F4F4; border-radius: 50%; height: 12.5px; width: 12.5px; transform: translateX(9px) translateY(-18px);\"><\/div><\/div><div style=\"margin-left: 8px;\"> <div style=\" background-color: #F4F4F4; border-radius: 50%; flex-grow: 0; height: 20px; width: 20px;\"><\/div> <div style=\" width: 0; height: 0; border-top: 2px solid transparent; border-left: 6px solid #f4f4f4; border-bottom: 2px solid transparent; transform: translateX(16px) translateY(-4px) rotate(30deg)\"><\/div><\/div><div style=\"margin-left: auto;\"> <div style=\" width: 0px; border-top: 8px solid #F4F4F4; border-right: 8px solid transparent; transform: translateY(16px);\"><\/div> <div style=\" background-color: #F4F4F4; flex-grow: 0; height: 12px; width: 16px; transform: translateY(-4px);\"><\/div> <div style=\" width: 0; height: 0; border-top: 8px solid #F4F4F4; border-left: 8px solid transparent; transform: translateY(-4px) translateX(8px);\"><\/div><\/div><\/div> <div style=\"display: flex; flex-direction: column; flex-grow: 1; justify-content: center; margin-bottom: 24px;\"> <div style=\" background-color: #F4F4F4; border-radius: 4px; flex-grow: 0; height: 14px; margin-bottom: 6px; width: 224px;\"><\/div> <div style=\" background-color: #F4F4F4; border-radius: 4px; flex-grow: 0; height: 14px; width: 144px;\"><\/div><\/div><\/a><p style=\" color:#c9c8cd; font-family:Arial,sans-serif; font-size:14px; line-height:17px; margin-bottom:0; margin-top:8px; overflow:hidden; padding:8px 0 7px; text-align:center; text-overflow:ellipsis; white-space:nowrap;\"><a href=\"https:\/\/www.instagram.com\/reel\/C4nEz1XIrRl\/?utm_source=ig_embed&amp;utm_campaign=loading\" style=\" color:#c9c8cd; font-family:Arial,sans-serif; font-size:14px; font-style:normal; font-weight:normal; line-height:17px; text-decoration:none;\" target=\"_blank\">Pr\u00edspevok, ktor\u00fd zdie\u013ea Bermuda Escape Room (@bermudaescape)<\/a><\/p><\/div><\/blockquote> <script async src=\"\/\/www.instagram.com\/embed.js\"><\/script>\n\n\n\n<p><\/p>\n\n\n\n<div class=\"row\">\n    <div class=\"col\">\n        <hr class=\"mt-45 mb-45\">\n    <\/div>\n<\/div>\n\n\n<h2 class=\"wp-block-heading\">Ve\u013ekono\u010dn\u00e9 novinky v Penzi\u00f3ne Kr\u00e1\u013eov prame\u0148<\/h2>\n\n\n\n<p>Vyh\u013ead\u00e1van\u00fd <strong><a href=\"https:\/\/www.facebook.com\/kralovpramen\">Penzi\u00f3n Kr\u00e1\u013eov prame\u0148<\/a><\/strong> v Novoveskej Hute pri Spi\u0161skej Novej Vsi prin\u00e1\u0161a svojim hos\u0165om skvel\u00e9 novinky. Od Ve\u013ekej Noci otv\u00e1ra sez\u00f3nu s nov\u00fdm kuch\u00e1rskym t\u00edmom, ktor\u00fd je z\u00e1rukou e\u0161te lep\u0161\u00edch kulin\u00e1rskych z\u00e1\u017eitkov pri va\u0161ej be\u017enej n\u00e1v\u0161teve \u010di akomko\u013evek type spolo\u010denskej akcie. Ak budete po\u010das ve\u013ekono\u010dn\u00fdch sviatkov na vych\u00e1dzke v okol\u00ed, ur\u010dite sa tu zastavte na k\u00e1vi\u010dku a kol\u00e1\u010d, \u010di na chutn\u00fd obed. <\/p>\n\n\n\n<iframe loading=\"lazy\" src=\"https:\/\/www.facebook.com\/plugins\/post.php?href=https%3A%2F%2Fwww.facebook.com%2Fkralovpramen%2Fposts%2Fpfbid0sEZcRRtb3SJfZnsk6SMqehjPqZ1ZBLQtwfmQQLrFC4XaPP139tidFhKoSoAB61Ql&#038;show_text=true&#038;width=500\" width=\"500\" height=\"578\" style=\"border:none;overflow:hidden\" scrolling=\"no\" frameborder=\"0\" allowfullscreen=\"true\" allow=\"autoplay; clipboard-write; encrypted-media; picture-in-picture; web-share\"><\/iframe>\n\n\n\n<p>Na Bielu sobotu sa v penzi\u00f3ne bude kona\u0165 sl\u00e1vnostn\u00e9 otvorenie re\u0161taur\u00e1cie spojen\u00e9 so \u017eiv\u00fdm hudobn\u00fdm a folkl\u00f3rnym programom, o ktor\u00fd sa postar\u00e1 <strong><a href=\"https:\/\/www.facebook.com\/fscacina\">Folkl\u00f3rny s\u00fabor \u010ca\u010dina. <\/a><\/strong>Vstup je vo\u013en\u00fd. Nenechajte si ujs\u0165 t\u00fato mil\u00fa pr\u00edle\u017eitos\u0165. <\/p>\n\n\n\n<iframe loading=\"lazy\" src=\"https:\/\/www.facebook.com\/plugins\/post.php?href=https%3A%2F%2Fwww.facebook.com%2Fphoto.php%3Ffbid%3D968049105322846%26set%3Dgm.232365763235478%26type%3D3&#038;show_text=true&#038;width=500\" width=\"500\" height=\"498\" style=\"border:none;overflow:hidden\" scrolling=\"no\" frameborder=\"0\" allowfullscreen=\"true\" allow=\"autoplay; clipboard-write; encrypted-media; picture-in-picture; web-share\"><\/iframe>\n\n\n\n<p><\/p>\n\n\n\n<div class=\"row\">\n    <div class=\"col\">\n        <hr class=\"\">\n    <\/div>\n<\/div>\n\n\n<h2 class=\"wp-block-heading\">Jarn\u00fd relax v Saune v lese<\/h2>\n\n\n\n<p>M\u00e1te chu\u0165 po\u010das Ve\u013ekej noci vypn\u00fa\u0165 a zrelaxova\u0165, mimo ruchu mesta, mimo ak\u00fdchko\u013evek podujat\u00ed, v s\u00fakrom\u00ed a v pr\u00edrode? Potom m\u00e1me pre v\u00e1s skvel\u00fd tip v podobe n\u00e1v\u0161tevy <strong><a href=\"https:\/\/www.facebook.com\/saunavlese\">Sauny v lese<\/a><\/strong>. Sauna sa ukr\u00fdva v lese pri Tis\u00edcro\u010dnej kaplnke Sans-Souci, ne\u010faleko Spi\u0161skej Novej Vsi a Harichoviec. Pon\u00faka dokonal\u00fd, ni\u010d\u00edm neru\u0161en\u00fd oddych pre 5 os\u00f4b. Cez sviatky maj\u00fa st\u00e1le dostatok vo\u013en\u00fdch term\u00ednov. Sta\u010d\u00ed si objedna\u0165 ten svoj na webovej str\u00e1nke <strong><a href=\"https:\/\/www.saunavlese.sk\/\">saunavlese.sk.<\/a><\/strong><\/p>\n\n\n\n<iframe loading=\"lazy\" src=\"https:\/\/www.facebook.com\/plugins\/post.php?href=https%3A%2F%2Fwww.facebook.com%2Fsaunavlese%2Fposts%2Fpfbid0YFZXR5Zcc3RSUZjukFEfJSZ5aXYwNbqSbtCuAkn7HH1Tf1vNuHDEA4cbCT5yk5HDl&#038;show_text=true&#038;width=500\" width=\"500\" height=\"773\" style=\"border:none;overflow:hidden\" scrolling=\"no\" frameborder=\"0\" allowfullscreen=\"true\" allow=\"autoplay; clipboard-write; encrypted-media; picture-in-picture; web-share\"><\/iframe>\n","protected":false},"excerpt":{"rendered":"<p>Ve\u013ekono\u010dn\u00e9 pr\u00e1zdniny s\u00fa ide\u00e1lnym \u010dasom pre oddych s celou rodinou. \u010ci u\u017e doma pri sviato\u010dn<\/p>\n","protected":false},"author":52,"featured_media":15131,"comment_status":"open","ping_status":"open","sticky":false,"template":"","format":"standard","meta":{"_acf_changed":false,"footnotes":""},"categories":[1],"tags":[],"class_list":["post-15124","post","type-post","status-publish","format-standard","has-post-thumbnail","hentry","category-uncategorized-sk"],"acf":[],"yoast_head":"<!-- This site is optimized with the Yoast SEO plugin v27.4 - https:\/\/yoast.com\/product\/yoast-seo-wordpress\/ -->\n<title>Ve\u013ek\u00e1 Noc v Slovenskom raji a na Spi\u0161i - OOCR<\/title>\n<meta name=\"description\" content=\"Prin\u00e1\u0161ame v\u00e1m in\u0161pir\u00e1cie pre tie naj z\u00e1\u017eitky po\u010das ve\u013ekono\u010dn\u00fdch sviatkov u na\u0161ich partnerov v Slovenskom raji a na ju\u017enom Spi\u0161i.\" \/>\n<meta name=\"robots\" content=\"index, follow, max-snippet:-1, max-image-preview:large, max-video-preview:-1\" \/>\n<link rel=\"canonical\" href=\"https:\/\/vraji.sk\/de\/velka-noc-v-slovenskom-raji-a-na\/\" \/>\n<meta property=\"og:locale\" content=\"de_DE\" \/>\n<meta property=\"og:type\" content=\"article\" \/>\n<meta property=\"og:title\" content=\"Ve\u013ek\u00e1 Noc v Slovenskom raji a na Spi\u0161i - OOCR\" \/>\n<meta property=\"og:description\" content=\"Prin\u00e1\u0161ame v\u00e1m in\u0161pir\u00e1cie pre tie naj z\u00e1\u017eitky po\u010das ve\u013ekono\u010dn\u00fdch sviatkov u na\u0161ich partnerov v Slovenskom raji a na ju\u017enom Spi\u0161i.\" \/>\n<meta property=\"og:url\" content=\"https:\/\/vraji.sk\/de\/velka-noc-v-slovenskom-raji-a-na\/\" \/>\n<meta property=\"og:site_name\" content=\"OOCR\" \/>\n<meta property=\"article:published_time\" content=\"2024-03-19T18:22:38+00:00\" \/>\n<meta property=\"article:modified_time\" content=\"2024-03-27T11:00:59+00:00\" \/>\n<meta property=\"og:image\" content=\"https:\/\/vraji.sk\/wp-content\/uploads\/2024\/03\/Velka-Noc-banner-2-1.jpg\" \/>\n\t<meta property=\"og:image:width\" content=\"1920\" \/>\n\t<meta property=\"og:image:height\" content=\"1080\" \/>\n\t<meta property=\"og:image:type\" content=\"image\/jpeg\" \/>\n<meta name=\"author\" content=\"OOCR\" \/>\n<meta name=\"twitter:card\" content=\"summary_large_image\" \/>\n<meta name=\"twitter:label1\" content=\"Verfasst von\" \/>\n\t<meta name=\"twitter:data1\" content=\"OOCR\" \/>\n\t<meta name=\"twitter:label2\" content=\"Gesch\u00e4tzte Lesezeit\" \/>\n\t<meta name=\"twitter:data2\" content=\"7\u00a0Minuten\" \/>\n<script type=\"application\/ld+json\" class=\"yoast-schema-graph\">{\"@context\":\"https:\\\/\\\/schema.org\",\"@graph\":[{\"@type\":\"Article\",\"@id\":\"https:\\\/\\\/vraji.sk\\\/de\\\/velka-noc-v-slovenskom-raji-a-na\\\/#article\",\"isPartOf\":{\"@id\":\"https:\\\/\\\/vraji.sk\\\/de\\\/velka-noc-v-slovenskom-raji-a-na\\\/\"},\"author\":{\"name\":\"OOCR\",\"@id\":\"https:\\\/\\\/vraji.sk\\\/de\\\/#\\\/schema\\\/person\\\/6ba5da72601ea4018533f90f796d4530\"},\"headline\":\"Ve\u013ek\u00e1 Noc v Slovenskom raji a na Spi\u0161i\",\"datePublished\":\"2024-03-19T18:22:38+00:00\",\"dateModified\":\"2024-03-27T11:00:59+00:00\",\"mainEntityOfPage\":{\"@id\":\"https:\\\/\\\/vraji.sk\\\/de\\\/velka-noc-v-slovenskom-raji-a-na\\\/\"},\"wordCount\":1518,\"commentCount\":0,\"publisher\":{\"@id\":\"https:\\\/\\\/vraji.sk\\\/de\\\/#organization\"},\"image\":{\"@id\":\"https:\\\/\\\/vraji.sk\\\/de\\\/velka-noc-v-slovenskom-raji-a-na\\\/#primaryimage\"},\"thumbnailUrl\":\"https:\\\/\\\/vraji.sk\\\/wp-content\\\/uploads\\\/2024\\\/03\\\/Velka-Noc-banner-2-1.jpg\",\"articleSection\":[\"Uncategorized @sk\"],\"inLanguage\":\"de\",\"potentialAction\":[{\"@type\":\"CommentAction\",\"name\":\"Comment\",\"target\":[\"https:\\\/\\\/vraji.sk\\\/de\\\/velka-noc-v-slovenskom-raji-a-na\\\/#respond\"]}]},{\"@type\":\"WebPage\",\"@id\":\"https:\\\/\\\/vraji.sk\\\/de\\\/velka-noc-v-slovenskom-raji-a-na\\\/\",\"url\":\"https:\\\/\\\/vraji.sk\\\/de\\\/velka-noc-v-slovenskom-raji-a-na\\\/\",\"name\":\"Ve\u013ek\u00e1 Noc v Slovenskom raji a na Spi\u0161i - OOCR\",\"isPartOf\":{\"@id\":\"https:\\\/\\\/vraji.sk\\\/de\\\/#website\"},\"primaryImageOfPage\":{\"@id\":\"https:\\\/\\\/vraji.sk\\\/de\\\/velka-noc-v-slovenskom-raji-a-na\\\/#primaryimage\"},\"image\":{\"@id\":\"https:\\\/\\\/vraji.sk\\\/de\\\/velka-noc-v-slovenskom-raji-a-na\\\/#primaryimage\"},\"thumbnailUrl\":\"https:\\\/\\\/vraji.sk\\\/wp-content\\\/uploads\\\/2024\\\/03\\\/Velka-Noc-banner-2-1.jpg\",\"datePublished\":\"2024-03-19T18:22:38+00:00\",\"dateModified\":\"2024-03-27T11:00:59+00:00\",\"description\":\"Prin\u00e1\u0161ame v\u00e1m in\u0161pir\u00e1cie pre tie naj z\u00e1\u017eitky po\u010das ve\u013ekono\u010dn\u00fdch sviatkov u na\u0161ich partnerov v Slovenskom raji a na ju\u017enom Spi\u0161i.\",\"breadcrumb\":{\"@id\":\"https:\\\/\\\/vraji.sk\\\/de\\\/velka-noc-v-slovenskom-raji-a-na\\\/#breadcrumb\"},\"inLanguage\":\"de\",\"potentialAction\":[{\"@type\":\"ReadAction\",\"target\":[\"https:\\\/\\\/vraji.sk\\\/de\\\/velka-noc-v-slovenskom-raji-a-na\\\/\"]}]},{\"@type\":\"ImageObject\",\"inLanguage\":\"de\",\"@id\":\"https:\\\/\\\/vraji.sk\\\/de\\\/velka-noc-v-slovenskom-raji-a-na\\\/#primaryimage\",\"url\":\"https:\\\/\\\/vraji.sk\\\/wp-content\\\/uploads\\\/2024\\\/03\\\/Velka-Noc-banner-2-1.jpg\",\"contentUrl\":\"https:\\\/\\\/vraji.sk\\\/wp-content\\\/uploads\\\/2024\\\/03\\\/Velka-Noc-banner-2-1.jpg\",\"width\":1920,\"height\":1080},{\"@type\":\"BreadcrumbList\",\"@id\":\"https:\\\/\\\/vraji.sk\\\/de\\\/velka-noc-v-slovenskom-raji-a-na\\\/#breadcrumb\",\"itemListElement\":[{\"@type\":\"ListItem\",\"position\":1,\"name\":\"Home\",\"item\":\"https:\\\/\\\/vraji.sk\\\/de\\\/homepage\\\/\"},{\"@type\":\"ListItem\",\"position\":2,\"name\":\"Ve\u013ek\u00e1 Noc v Slovenskom raji a na Spi\u0161i\"}]},{\"@type\":\"WebSite\",\"@id\":\"https:\\\/\\\/vraji.sk\\\/de\\\/#website\",\"url\":\"https:\\\/\\\/vraji.sk\\\/de\\\/\",\"name\":\"OOCR\",\"description\":\"Regi\u00f3n Slovensk\u00fd raj a Spi\u0161 | Z\u00e1\u017eitky, turistika, hist\u00f3ria | vRaji.sk\",\"publisher\":{\"@id\":\"https:\\\/\\\/vraji.sk\\\/de\\\/#organization\"},\"potentialAction\":[{\"@type\":\"SearchAction\",\"target\":{\"@type\":\"EntryPoint\",\"urlTemplate\":\"https:\\\/\\\/vraji.sk\\\/de\\\/?s={search_term_string}\"},\"query-input\":{\"@type\":\"PropertyValueSpecification\",\"valueRequired\":true,\"valueName\":\"search_term_string\"}}],\"inLanguage\":\"de\"},{\"@type\":\"Organization\",\"@id\":\"https:\\\/\\\/vraji.sk\\\/de\\\/#organization\",\"name\":\"OOCR\",\"url\":\"https:\\\/\\\/vraji.sk\\\/de\\\/\",\"logo\":{\"@type\":\"ImageObject\",\"inLanguage\":\"de\",\"@id\":\"https:\\\/\\\/vraji.sk\\\/de\\\/#\\\/schema\\\/logo\\\/image\\\/\",\"url\":\"https:\\\/\\\/vraji.sk\\\/wp-content\\\/uploads\\\/2021\\\/11\\\/biele-logo-1.svg\",\"contentUrl\":\"https:\\\/\\\/vraji.sk\\\/wp-content\\\/uploads\\\/2021\\\/11\\\/biele-logo-1.svg\",\"caption\":\"OOCR\"},\"image\":{\"@id\":\"https:\\\/\\\/vraji.sk\\\/de\\\/#\\\/schema\\\/logo\\\/image\\\/\"}},{\"@type\":\"Person\",\"@id\":\"https:\\\/\\\/vraji.sk\\\/de\\\/#\\\/schema\\\/person\\\/6ba5da72601ea4018533f90f796d4530\",\"name\":\"OOCR\",\"image\":{\"@type\":\"ImageObject\",\"inLanguage\":\"de\",\"@id\":\"https:\\\/\\\/secure.gravatar.com\\\/avatar\\\/254aa66d580269ab31c41bb5eb446b00d03ea31eab4a58840a0e31f2890e31c4?s=96&d=mm&r=g\",\"url\":\"https:\\\/\\\/secure.gravatar.com\\\/avatar\\\/254aa66d580269ab31c41bb5eb446b00d03ea31eab4a58840a0e31f2890e31c4?s=96&d=mm&r=g\",\"contentUrl\":\"https:\\\/\\\/secure.gravatar.com\\\/avatar\\\/254aa66d580269ab31c41bb5eb446b00d03ea31eab4a58840a0e31f2890e31c4?s=96&d=mm&r=g\",\"caption\":\"OOCR\"},\"url\":\"https:\\\/\\\/vraji.sk\\\/de\\\/author\\\/oocr-info\\\/\"}]}<\/script>\n<!-- \/ Yoast SEO plugin. -->","yoast_head_json":{"title":"Ve\u013ek\u00e1 Noc v Slovenskom raji a na Spi\u0161i - OOCR","description":"Prin\u00e1\u0161ame v\u00e1m in\u0161pir\u00e1cie pre tie naj z\u00e1\u017eitky po\u010das ve\u013ekono\u010dn\u00fdch sviatkov u na\u0161ich partnerov v Slovenskom raji a na ju\u017enom Spi\u0161i.","robots":{"index":"index","follow":"follow","max-snippet":"max-snippet:-1","max-image-preview":"max-image-preview:large","max-video-preview":"max-video-preview:-1"},"canonical":"https:\/\/vraji.sk\/de\/velka-noc-v-slovenskom-raji-a-na\/","og_locale":"de_DE","og_type":"article","og_title":"Ve\u013ek\u00e1 Noc v Slovenskom raji a na Spi\u0161i - OOCR","og_description":"Prin\u00e1\u0161ame v\u00e1m in\u0161pir\u00e1cie pre tie naj z\u00e1\u017eitky po\u010das ve\u013ekono\u010dn\u00fdch sviatkov u na\u0161ich partnerov v Slovenskom raji a na ju\u017enom Spi\u0161i.","og_url":"https:\/\/vraji.sk\/de\/velka-noc-v-slovenskom-raji-a-na\/","og_site_name":"OOCR","article_published_time":"2024-03-19T18:22:38+00:00","article_modified_time":"2024-03-27T11:00:59+00:00","og_image":[{"width":1920,"height":1080,"url":"https:\/\/vraji.sk\/wp-content\/uploads\/2024\/03\/Velka-Noc-banner-2-1.jpg","type":"image\/jpeg"}],"author":"OOCR","twitter_card":"summary_large_image","twitter_misc":{"Verfasst von":"OOCR","Gesch\u00e4tzte Lesezeit":"7\u00a0Minuten"},"schema":{"@context":"https:\/\/schema.org","@graph":[{"@type":"Article","@id":"https:\/\/vraji.sk\/de\/velka-noc-v-slovenskom-raji-a-na\/#article","isPartOf":{"@id":"https:\/\/vraji.sk\/de\/velka-noc-v-slovenskom-raji-a-na\/"},"author":{"name":"OOCR","@id":"https:\/\/vraji.sk\/de\/#\/schema\/person\/6ba5da72601ea4018533f90f796d4530"},"headline":"Ve\u013ek\u00e1 Noc v Slovenskom raji a na Spi\u0161i","datePublished":"2024-03-19T18:22:38+00:00","dateModified":"2024-03-27T11:00:59+00:00","mainEntityOfPage":{"@id":"https:\/\/vraji.sk\/de\/velka-noc-v-slovenskom-raji-a-na\/"},"wordCount":1518,"commentCount":0,"publisher":{"@id":"https:\/\/vraji.sk\/de\/#organization"},"image":{"@id":"https:\/\/vraji.sk\/de\/velka-noc-v-slovenskom-raji-a-na\/#primaryimage"},"thumbnailUrl":"https:\/\/vraji.sk\/wp-content\/uploads\/2024\/03\/Velka-Noc-banner-2-1.jpg","articleSection":["Uncategorized @sk"],"inLanguage":"de","potentialAction":[{"@type":"CommentAction","name":"Comment","target":["https:\/\/vraji.sk\/de\/velka-noc-v-slovenskom-raji-a-na\/#respond"]}]},{"@type":"WebPage","@id":"https:\/\/vraji.sk\/de\/velka-noc-v-slovenskom-raji-a-na\/","url":"https:\/\/vraji.sk\/de\/velka-noc-v-slovenskom-raji-a-na\/","name":"Ve\u013ek\u00e1 Noc v Slovenskom raji a na Spi\u0161i - OOCR","isPartOf":{"@id":"https:\/\/vraji.sk\/de\/#website"},"primaryImageOfPage":{"@id":"https:\/\/vraji.sk\/de\/velka-noc-v-slovenskom-raji-a-na\/#primaryimage"},"image":{"@id":"https:\/\/vraji.sk\/de\/velka-noc-v-slovenskom-raji-a-na\/#primaryimage"},"thumbnailUrl":"https:\/\/vraji.sk\/wp-content\/uploads\/2024\/03\/Velka-Noc-banner-2-1.jpg","datePublished":"2024-03-19T18:22:38+00:00","dateModified":"2024-03-27T11:00:59+00:00","description":"Prin\u00e1\u0161ame v\u00e1m in\u0161pir\u00e1cie pre tie naj z\u00e1\u017eitky po\u010das ve\u013ekono\u010dn\u00fdch sviatkov u na\u0161ich partnerov v Slovenskom raji a na ju\u017enom Spi\u0161i.","breadcrumb":{"@id":"https:\/\/vraji.sk\/de\/velka-noc-v-slovenskom-raji-a-na\/#breadcrumb"},"inLanguage":"de","potentialAction":[{"@type":"ReadAction","target":["https:\/\/vraji.sk\/de\/velka-noc-v-slovenskom-raji-a-na\/"]}]},{"@type":"ImageObject","inLanguage":"de","@id":"https:\/\/vraji.sk\/de\/velka-noc-v-slovenskom-raji-a-na\/#primaryimage","url":"https:\/\/vraji.sk\/wp-content\/uploads\/2024\/03\/Velka-Noc-banner-2-1.jpg","contentUrl":"https:\/\/vraji.sk\/wp-content\/uploads\/2024\/03\/Velka-Noc-banner-2-1.jpg","width":1920,"height":1080},{"@type":"BreadcrumbList","@id":"https:\/\/vraji.sk\/de\/velka-noc-v-slovenskom-raji-a-na\/#breadcrumb","itemListElement":[{"@type":"ListItem","position":1,"name":"Home","item":"https:\/\/vraji.sk\/de\/homepage\/"},{"@type":"ListItem","position":2,"name":"Ve\u013ek\u00e1 Noc v Slovenskom raji a na Spi\u0161i"}]},{"@type":"WebSite","@id":"https:\/\/vraji.sk\/de\/#website","url":"https:\/\/vraji.sk\/de\/","name":"OOCR","description":"Regi\u00f3n Slovensk\u00fd raj a Spi\u0161 | Z\u00e1\u017eitky, turistika, hist\u00f3ria | vRaji.sk","publisher":{"@id":"https:\/\/vraji.sk\/de\/#organization"},"potentialAction":[{"@type":"SearchAction","target":{"@type":"EntryPoint","urlTemplate":"https:\/\/vraji.sk\/de\/?s={search_term_string}"},"query-input":{"@type":"PropertyValueSpecification","valueRequired":true,"valueName":"search_term_string"}}],"inLanguage":"de"},{"@type":"Organization","@id":"https:\/\/vraji.sk\/de\/#organization","name":"OOCR","url":"https:\/\/vraji.sk\/de\/","logo":{"@type":"ImageObject","inLanguage":"de","@id":"https:\/\/vraji.sk\/de\/#\/schema\/logo\/image\/","url":"https:\/\/vraji.sk\/wp-content\/uploads\/2021\/11\/biele-logo-1.svg","contentUrl":"https:\/\/vraji.sk\/wp-content\/uploads\/2021\/11\/biele-logo-1.svg","caption":"OOCR"},"image":{"@id":"https:\/\/vraji.sk\/de\/#\/schema\/logo\/image\/"}},{"@type":"Person","@id":"https:\/\/vraji.sk\/de\/#\/schema\/person\/6ba5da72601ea4018533f90f796d4530","name":"OOCR","image":{"@type":"ImageObject","inLanguage":"de","@id":"https:\/\/secure.gravatar.com\/avatar\/254aa66d580269ab31c41bb5eb446b00d03ea31eab4a58840a0e31f2890e31c4?s=96&d=mm&r=g","url":"https:\/\/secure.gravatar.com\/avatar\/254aa66d580269ab31c41bb5eb446b00d03ea31eab4a58840a0e31f2890e31c4?s=96&d=mm&r=g","contentUrl":"https:\/\/secure.gravatar.com\/avatar\/254aa66d580269ab31c41bb5eb446b00d03ea31eab4a58840a0e31f2890e31c4?s=96&d=mm&r=g","caption":"OOCR"},"url":"https:\/\/vraji.sk\/de\/author\/oocr-info\/"}]}},"_links":{"self":[{"href":"https:\/\/vraji.sk\/de\/wp-json\/wp\/v2\/posts\/15124","targetHints":{"allow":["GET"]}}],"collection":[{"href":"https:\/\/vraji.sk\/de\/wp-json\/wp\/v2\/posts"}],"about":[{"href":"https:\/\/vraji.sk\/de\/wp-json\/wp\/v2\/types\/post"}],"author":[{"embeddable":true,"href":"https:\/\/vraji.sk\/de\/wp-json\/wp\/v2\/users\/52"}],"replies":[{"embeddable":true,"href":"https:\/\/vraji.sk\/de\/wp-json\/wp\/v2\/comments?post=15124"}],"version-history":[{"count":13,"href":"https:\/\/vraji.sk\/de\/wp-json\/wp\/v2\/posts\/15124\/revisions"}],"predecessor-version":[{"id":15172,"href":"https:\/\/vraji.sk\/de\/wp-json\/wp\/v2\/posts\/15124\/revisions\/15172"}],"wp:featuredmedia":[{"embeddable":true,"href":"https:\/\/vraji.sk\/de\/wp-json\/wp\/v2\/media\/15131"}],"wp:attachment":[{"href":"https:\/\/vraji.sk\/de\/wp-json\/wp\/v2\/media?parent=15124"}],"wp:term":[{"taxonomy":"category","embeddable":true,"href":"https:\/\/vraji.sk\/de\/wp-json\/wp\/v2\/categories?post=15124"},{"taxonomy":"post_tag","embeddable":true,"href":"https:\/\/vraji.sk\/de\/wp-json\/wp\/v2\/tags?post=15124"}],"curies":[{"name":"wp","href":"https:\/\/api.w.org\/{rel}","templated":true}]}}