{"id":15404,"date":"2024-06-30T10:57:08","date_gmt":"2024-06-30T10:57:08","guid":{"rendered":"https:\/\/vraji.sk\/?p=15404"},"modified":"2024-11-05T15:33:58","modified_gmt":"2024-11-05T15:33:58","slug":"so-stastikom-a-stastenkou-v-ustrety-poznaniu-slovenskeho-raja-a-spisa","status":"publish","type":"post","link":"https:\/\/vraji.sk\/de\/so-stastikom-a-stastenkou-v-ustrety-poznaniu-slovenskeho-raja-a-spisa\/","title":{"rendered":"Letn\u00e9 dobrodru\u017estv\u00e1 pre mal\u00fdch turistov          so \u0160\u0165ast\u00edkom a \u0160\u0165astenkou"},"content":{"rendered":"\n<div style=\"height:20px\" aria-hidden=\"true\" class=\"wp-block-spacer\"><\/div>\n\n\n\n<p>Projekt je realizovan\u00fd s finan\u010dnou podporou <strong>Ministerstva cestovn\u00e9ho ruchu a \u0161portu Slovenskej republiky.<\/strong><\/p>\n\n\n<div class=\"wp-block-image\">\n<figure class=\"aligncenter size-large\"><img loading=\"lazy\" decoding=\"async\" width=\"1024\" height=\"410\" src=\"https:\/\/vraji.sk\/wp-content\/uploads\/2023\/06\/logo_Min-CestovnehoRuchu-a-Sportu_SR_SK_farba_cmyk-1024x410.jpg\" alt=\"\" class=\"wp-image-15778\" srcset=\"https:\/\/vraji.sk\/wp-content\/uploads\/2023\/06\/logo_Min-CestovnehoRuchu-a-Sportu_SR_SK_farba_cmyk-1024x410.jpg 1024w, https:\/\/vraji.sk\/wp-content\/uploads\/2023\/06\/logo_Min-CestovnehoRuchu-a-Sportu_SR_SK_farba_cmyk-300x120.jpg 300w, https:\/\/vraji.sk\/wp-content\/uploads\/2023\/06\/logo_Min-CestovnehoRuchu-a-Sportu_SR_SK_farba_cmyk-768x307.jpg 768w, https:\/\/vraji.sk\/wp-content\/uploads\/2023\/06\/logo_Min-CestovnehoRuchu-a-Sportu_SR_SK_farba_cmyk-1536x614.jpg 1536w, https:\/\/vraji.sk\/wp-content\/uploads\/2023\/06\/logo_Min-CestovnehoRuchu-a-Sportu_SR_SK_farba_cmyk-2048x819.jpg 2048w\" sizes=\"auto, (max-width: 1024px) 100vw, 1024px\" \/><\/figure>\n<\/div>\n\n\n<p>Mil\u00ed kamar\u00e1ti!<br>Sme ve\u013emi radi, \u017ee ste zav\u00edtali k n\u00e1m, do regi\u00f3nu Slovensk\u00e9ho raja a Spi\u0161a. Te\u0161ia sa<br>aj \u0160\u0165ast\u00edk so \u0160\u0165astenkou. Mnoh\u00ed z v\u00e1s ich u\u017e pozn\u00e1te: \u0160kriatok \u0160\u0165ast\u00edk a v\u00edla \u0160\u0165astenka<br>s\u00fa nerozlu\u010dn\u00e1 dvojica, k\u00fazeln\u00e9 bytosti \u017eij\u00face v skryt\u00fdch z\u00e1kutiach Slovensk\u00e9ho raja,<br>ktor\u00e9 str\u00e1\u017eia poklady, dozeraj\u00fa na bezpe\u010die turistov a prin\u00e1\u0161aj\u00fa im \u0161\u0165astie. Ve\u013emi radi<br>sa hraj\u00fa a zab\u00e1vaj\u00fa, no e\u0161te rad\u0161ej objavuj\u00fa nov\u00e9 z\u00e1hady a zauj\u00edmavosti. Aby ste spoznali nev\u0161edn\u00e9 miesta n\u00e1\u0161ho regi\u00f3nu, pripravili sme pre v\u00e1s z\u00e1bavn\u00fa v\u00fdzvu. Va\u0161ou \u00falohou je nav\u0161t\u00edvi\u0165 14 zauj\u00edmav\u00fdch miest vyzna\u010den\u00fdch na mape, odfoti\u0165 sa pri nich a spr\u00e1vne odpovedaj na ot\u00e1zky \u0160\u0165ast\u00edka a \u0160\u0165astenky.  Okrem dobrodru\u017estiev, ktor\u00e9 v\u00e1s \u010dakaj\u00fa na v\u00fdletoch po okol\u00ed, dostane od n\u00e1s ka\u017ed\u00fd mal\u00fd b\u00e1date\u013e drobn\u00fa odmenu za zvl\u00e1dnutie v\u00fdzvy. <\/p>\n\n\n\n<div style=\"height:1px\" aria-hidden=\"true\" class=\"wp-block-spacer\"><\/div>\n\n\n\n<h2 class=\"wp-block-heading\">Pravidl\u00e1 s\u00fa\u0165a\u017ee<\/h2>\n\n\n\n<p>Va\u0161ou \u00falohou je nav\u0161t\u00edvi\u0165 \/ absolvova\u0165 vybran\u00e9 zauj\u00edmavosti Slovensk\u00e9ho raja a Ju\u017en\u00e9ho Spi\u0161a, pop\u00edsan\u00e9 ni\u017e\u0161ie na tejto str\u00e1nke alebo na mapke, ktor\u00fa dr\u017e\u00edte v ruke.<\/p>\n\n\n\n<p>Vyzdvihn\u00fa\u0165 mapku si ju m\u00f4\u017eete aj v <a href=\"https:\/\/navstevnik.spisskanovaves.eu\/prakticke-info\/turisticke-informacne-centrum\/\">TIC Spi\u0161sk\u00e1 Nov\u00e1 Ves<\/a> alebo si ju vytla\u010di\u0165 na A4 form\u00e1t <a href=\"https:\/\/vraji.sk\/na-stiahnutie\/\"><strong>TU<\/strong><\/a><\/p>\n\n\n\n<p>Ako d\u00f4kaz o zdolan\u00ed jednotliv\u00fdch lokal\u00edt sl\u00fa\u017eia va\u0161e fotografie z ur\u010den\u00fdch miest. Na ka\u017edej fotografii by malo by\u0165 vidno va\u0161u tv\u00e1r a orienta\u010dn\u00fd objekt v ter\u00e9ne, ktor\u00fd je tie\u017e ku ka\u017edej lokalite uveden\u00fd. Do v\u00fdzvy sa m\u00f4\u017ee zapoji\u0165 ka\u017ed\u00e9 die\u0165a z rodiny jednotlivo. Ku ka\u017edej z lokal\u00edt sa via\u017ee jedna s\u00fa\u0165a\u017en\u00e1 ot\u00e1zka. Ot\u00e1zky nie s\u00fa zlo\u017eit\u00e9, ak dan\u00e9 miesta nav\u0161t\u00edvite, ur\u010dite na ne n\u00e1jdete odpove\u010f. T\u00ed z V\u00e1s, ktor\u00ed nav\u0161t\u00edvia aspo\u0148<strong> desa\u0165 <\/strong>zo \u0161trn\u00e1stich vybran\u00fdch zauj\u00edmavosti a spr\u00e1vne zodpovedia na s\u00fa\u0165a\u017en\u00e9 ot\u00e1zky, m\u00f4\u017eu kup\u00f3n so spr\u00e1vnymi odpove\u010fami zasla\u0165 na adresu:<\/p>\n\n\n\n<p><strong><em>Slovensk\u00fd raj &amp; Spi\u0161<br>Oblastn\u00e1 organiz\u00e1cia cestovn\u00e9ho ruchu<br>N\u00e1bre\u017eie Horn\u00e1du 14<br>052 01 Spi\u0161sk\u00e1 Nov\u00e1 Ves<\/em><\/strong><\/p>\n\n\n\n<p>S\u00fa\u0165a\u017e trv\u00e1<strong> od 1 j\u00fana do 3. novembra 2024.<\/strong><\/p>\n\n\n\n<p>Fotografie n\u00e1m m\u00f4\u017eete zasiela\u0165 na:<strong> info@raj-spis.sk<\/strong><\/p>\n\n\n\n<h2 class=\"wp-block-heading\">S\u00fa\u0165a\u017en\u00e9 lokality<\/h2>\n\n\n\n<h4 class=\"wp-block-heading\">1.&nbsp;Vodn\u00e1 n\u00e1dr\u017e Blajzloch <\/h4>\n\n\n\n<p><strong>(odfo\u0165 sa pri kovovom z\u00e1bradl\u00ed v mieste vodn\u00e9ho prepadu na okraji n\u00e1dr\u017ee)<\/strong><br>V ktorom roku<strong> <\/strong>vybudovali umel\u00fa vodn\u00fa n\u00e1dr\u017e Blajzloch?<br>a) 1950&nbsp;&nbsp;&nbsp;&nbsp; b)&nbsp; 1966&nbsp;&nbsp;&nbsp; c) 1982<\/p>\n\n\n\n<p>K Blajzlochu sa m\u00f4\u017eete dosta\u0165 pe\u0161o z parkoviska na \u0160tvrtockej p\u00edle, po <strong><a href=\"https:\/\/naucnechodniky.eu\/naucny-chodnik-dolina-blajzloch\/\">N\u00e1u\u010dnom chodn\u00edku Dolina Blajzloch<\/a><\/strong> (zelen\u00e1 turistick\u00e1 zna\u010dka). Je to naozaj kr\u00e1tka prech\u00e1dzka, 20 min\u00fat tam aj sp\u00e4\u0165. Ak si tr\u00fafate na v\u00e4\u010d\u0161iu turistiku, vy\u0161tartova\u0165 m\u00f4\u017eete u\u017e z osady Hrabu\u0161ice, P\u00edla, po zelenej turistickej zna\u010dke. Prech\u00e1dza\u0165 budete okolo \u00fastia dvoch tajomn\u00fdch rokl\u00edn &#8211; Piecky a najdlh\u0161ej a najmohutnej\u0161ej rokliny v Slovenskom raji, Ve\u013ek\u00fd Sokol. <\/p>\n\n\n\n<div style=\"height:20px\" aria-hidden=\"true\" class=\"wp-block-spacer\"><\/div>\n\n\n\n<h4 class=\"wp-block-heading\">2.&nbsp;&nbsp;&nbsp;Marku\u0161ovsk\u00fd skaln\u00fd hr\u00edb (odfo\u0165 sa pri skalnom hr\u00edbe)<\/h4>\n\n\n\n<p>S\u00fa\u010das\u0165ou akej n\u00e1rodnej pr\u00edrodnej pamiatky z h\u013eadiska chr\u00e1nen\u00e9ho \u00fazemia<br>je Marku\u0161ovsk\u00fd skaln\u00fd hr\u00edb?&nbsp;<br>a) Dev\u00ednska hradn\u00e1 skala&nbsp; b) Andezitov\u00e9 kamenn\u00e9 more&nbsp;&nbsp; c) Marku\u0161ovsk\u00e9 steny&nbsp;&nbsp;&nbsp;<\/p>\n\n\n\n<p>K Marku\u0161ovsk\u00e9mu skaln\u00e9mu hr\u00edbu v\u00e1s privedie \u017elt\u00fd turistick\u00fd chodn\u00edk z Marku\u0161oviec alebo z Matejoviec nad Horn\u00e1dom, rovnako za necel\u00fa hodinku. V Marku\u0161ovciach si v\u00fdlet m\u00f4\u017eete spestri\u0165 n\u00e1v\u0161tevou \u010darovn\u00e9ho <strong><a href=\"https:\/\/www.muzeumspisa.com\/informacie\/Kastiel-a-letohradok-Dardanely\">renesan\u010dn\u00e9ho ka\u0161tie\u013ea a letohr\u00e1dku Dardanely<\/a><\/strong>, a tie\u017e <strong><a href=\"https:\/\/hradmarkusovce.sk\/\">Marku\u0161ovsk\u00e9ho hradu<\/a><\/strong>. V Matejovciach nad Horn\u00e1dom m\u00f4\u017eete zobra\u0165 na prech\u00e1dzku aj ps\u00edka z <strong><a href=\"https:\/\/www.utulok.webing.sk\/?pageId=1\">\u00datulku \u0161\u0165astn\u00fd ps\u00edk<\/a><\/strong>, alebo sa zastavi\u0165 pri \u0160ik\u013eavej skale, ktor\u00e1 sa v zime men\u00ed na magick\u00fd \u013eadop\u00e1d ako z rozpr\u00e1vky \u013dadov\u00e9 kr\u00e1\u013eovstvo. <\/p>\n\n\n\n<div style=\"height:20px\" aria-hidden=\"true\" class=\"wp-block-spacer\"><\/div>\n\n\n\n<h4 class=\"wp-block-heading\">3.&nbsp;&nbsp; V\u010dely raja (odfo\u0165 sa pri najv\u00e4\u010d\u0161ej v\u010dele v raji)<\/h4>\n\n\n\n<p>Ako sa naz\u00fdva<strong> <\/strong>efekt\u00edvna pr\u00edrodn\u00e1 lie\u010dba v\u010del\u00edmi produktami?&nbsp;<br>a) Apiterapia&nbsp;&nbsp; b) Akupunkt\u00fara&nbsp;&nbsp;&nbsp; c) Hipoterapia<\/p>\n\n\n\n<p>Za V\u010delami raja v\u00e1s \u010dak\u00e1 tro\u0161ku dlh\u0161ia vych\u00e1dzka. Vyrazi\u0165 m\u00f4\u017eete bu\u010f priamo z Hrabu\u0161\u00edc po zelenej turistickej zna\u010dke, alebo z Podlesku po modrej. Oba chodn\u00edky sa sp\u00e1jaj\u00fa na mieste s n\u00e1zvom Hrdlo Horn\u00e1du, kde sa za\u010d\u00edna zn\u00e1my ka\u0148on Slovensk\u00e9ho raja, Prielom Horn\u00e1du. Pokra\u010dujte st\u00fapan\u00edm po \u017eltej zna\u010dke na vrch Zelen\u00e1 hora, kde m\u00e1te za odmenu mo\u017enos\u0165 spozna\u0165 tajomn\u00fd Marcelov hrad a prejs\u0165 sa po interakt\u00edvnej n\u00e1u\u010dnej cesti\u010dke &#8222;Cesta bojovn\u00edka v \u010darovnom lese&#8220;. Viac v\u00e1m o nej neprezrad\u00edme, nechajte sa prekvapi\u0165. Zo <strong><a href=\"https:\/\/www.facebook.com\/Zelenahura\/\">Zelenej hory<\/a><\/strong> je to ku v\u010del\u00e1m u\u017e len k\u00fasok dole kopcom. Ak by ste sa o are\u00e1li V\u010dely raja chceli dozvedie\u0165 viac, staraj\u00fa sa o\u0148ho dobr\u00ed \u013eudia z <strong><a href=\"http:\/\/urbariathrabusice.sk\">Pozemkov\u00e9ho spolo\u010denstva B\u00fdval\u00fd urbari\u00e1t Hrabu\u0161ice<\/a><\/strong>. <\/p>\n\n\n\n<div style=\"height:20px\" aria-hidden=\"true\" class=\"wp-block-spacer\"><\/div>\n\n\n\n<h4 class=\"wp-block-heading\">4.&nbsp;&nbsp;&nbsp;Vysok\u00fd vrch nad obcou Por\u00e1\u010d (odfo\u0165 sa pri turistickej zna\u010dke na vrchole)<\/h4>\n\n\n\n<p>Na ak\u00fd hrad sa ti naskytne v\u00fdh\u013ead z tohto miesta?<br>a) hrad \u0160ari\u0161&nbsp;&nbsp; b)&nbsp; Spi\u0161sk\u00fd hrad&nbsp;&nbsp; c) \u013dubovniansky hrad<\/p>\n\n\n\n<p>Na Vysok\u00fd vrch to z Por\u00e1\u010da nie je \u010faleko, i ke\u010f tro\u0161ku strm\u0161ie do kopca. Po zelenej turistickej zna\u010dke sa na\u0148 dostanete za necel\u00fdch 20 min\u00fat. Ak by ste mali e\u0161te energiu a \u010das nazvy\u0161, z\u00e1jdite sa pozrie\u0165 aj k ne\u010falekej jaskyni <strong><a href=\"https:\/\/www.porac.sk\/obec\/turistika\/zaujimavosti\/sarkanova-diera\/\">\u0160arkanova diera<\/a><\/strong>, ktor\u00fa kedysi ob\u00fdval pra\u010dlovek a dokonca aj d\u00e1vno vyhynut\u00fd jaskynn\u00fd medve\u010f. Alebo zbehnite do Por\u00e1\u010dskej doliny, kde m\u00f4\u017eete spozna\u0165 zauj\u00edmavosti Ban\u00edckeho m\u00fazea v pr\u00edrode a bansk\u00fa \u0160t\u00f4l\u0148u Pavol. <\/p>\n\n\n\n<div style=\"height:20px\" aria-hidden=\"true\" class=\"wp-block-spacer\"><\/div>\n\n\n\n<h4 class=\"wp-block-heading\">5.&nbsp;&nbsp;Vojensk\u00fd bunker Schulerloch (odfo\u0165 sa pred vchodom do bunkra)<\/h4>\n\n\n\n<p>Ak\u00e1 turistick\u00e1 zna\u010dka vedie k&nbsp;bunkru?<br>a) modr\u00e1 &nbsp;b) \u010derven\u00e1 &nbsp;c) \u017elt\u00e1<\/p>\n\n\n\n<p>Zahrajte sa na skuto\u010dn\u00fdch vojakov v spr\u00edstupnenom vojenskom bunkri typu \u00da\u017d-6b ne\u010faleko Spi\u0161skej Novej Vsi. V\u00fdstava v jeho vn\u00fatri v\u00e1m umo\u017en\u00ed spozna\u0165, ak\u00e9 oble\u010denie a predmety pou\u017e\u00edvali vojaci, ktor\u00fdm bunker kedysi sl\u00fa\u017eil. Viac inform\u00e1ci\u00ed o bunkri a mo\u017enosti pr\u00edstupu do neho n\u00e1jdete <strong><a href=\"https:\/\/navstevnik.spisskanovaves.eu\/co-zazit\/dobrodruzstvo\/vojensky-bunker-schulerloch\/\">na str\u00e1nke Mesta Spi\u0161sk\u00e1 Nov\u00e1 Ves TU. <\/a><\/strong>V r\u00e1mci prech\u00e1dzky k bunkru sa m\u00f4\u017eete z\u00e1js\u0165 pozrie\u0165 aj k ne\u010falekej Kaplnke Panny M\u00e1rie Karmelskej s pam\u00e4tn\u00edkom pri Prameni Panny M\u00e1rie (\u010derven\u00e1 turistick\u00e1 zna\u010dka).<\/p>\n\n\n\n<div style=\"height:20px\" aria-hidden=\"true\" class=\"wp-block-spacer\"><\/div>\n\n\n\n<h4 class=\"wp-block-heading\">6.&nbsp;Vyhliadkov\u00e1 ve\u017ea Bogn\u00e1r (odfo\u0165 sa pri&nbsp;vyhliadkovej ve\u017ei)<\/h4>\n\n\n\n<p>V\u00fdh\u013ead na ak\u00e9 mesto\/obec pon\u00faka vyhliadka?<br>a) Pre\u0161ov&nbsp;&nbsp;&nbsp;&nbsp;&nbsp; b) Krompachy&nbsp;&nbsp;&nbsp;&nbsp;&nbsp; c) Gelnica<\/p>\n\n\n\n<p>Aby sme v\u00e1m tro\u0161ku pomohli, mesto, nad ktor\u00fdm sa rozh\u013ead\u0148a nach\u00e1dza, bolo kedysi slobodn\u00fdm kr\u00e1\u013eovsk\u00fdm bansk\u00fdm mestom. V jeho centre sa dodnes nach\u00e1dza <a href=\"https:\/\/www.gelnica.sk\/banicke-muzeum-0.html#m_117650\"><strong>Ban\u00edcke m\u00fazeum<\/strong><\/a> a na kopci nad n\u00edm zr\u00facanina hradu. Ne\u010faleko mesta pri Turzovskom jazere st\u00e1li kedysi vych\u00fdren\u00e9 k\u00fapele. Na opa\u010dnej strane mesta, ako rozh\u013ead\u0148a Bogn\u00e1r, stoj\u00ed aj druh\u00e1 rozh\u013ead\u0148a s n\u00e1zvom Klimo.<\/p>\n\n\n\n<div style=\"height:20px\" aria-hidden=\"true\" class=\"wp-block-spacer\"><\/div>\n\n\n\n<h4 class=\"wp-block-heading\">7.&nbsp;Ka\u0161tie\u013e Hodkovce, franc\u00fazsky park (odfo\u0165 sa pri font\u00e1ne v parku)<\/h4>\n\n\n\n<p>Ktor\u00e1 rodina zalo\u017eila tento<strong> <\/strong>rozsiahly franc\u00fazsky park?<br>a) Cs\u00e1kyovci&nbsp;&nbsp;&nbsp;&nbsp;&nbsp;&nbsp;&nbsp;&nbsp;&nbsp;&nbsp;&nbsp; b) R\u00e1kociovci&nbsp;&nbsp;&nbsp;&nbsp;&nbsp;&nbsp; c) Mari\u00e1\u0161iovci<\/p>\n\n\n\n<p>Pri n\u00e1v\u0161teve <strong><a href=\"https:\/\/domovina-no.sk\/socialny-turizmus\/prehliadka-kastiela-a-arealu\/\">ka\u0161tie\u013ea v Hodkovciach<\/a><\/strong> sa nev\u00e1hajte prejs\u0165 aj na pozoruhodn\u00fd vrch &#8211; travert\u00ednov\u00fa kopu s n\u00e1zvom Dreven\u00edk. Dostanete sa tu priamo od ka\u0161tie\u013ea po N\u00e1u\u010dnom chodn\u00edku Siv\u00e1 Brada &#8211; Dreven\u00edk. Pr\u00edroda na Dreven\u00edku z travert\u00ednu vytvorila pozoruhodn\u00e9 skaln\u00e9 mest\u00e1 &#8222;Raj&#8220; a &#8222;Peklo&#8220; s ve\u017ei\u010dkami, na ktor\u00e9 sa s ob\u013eubou \u0161tveraj\u00fa skalolezci. A ne\u010faleko sa nach\u00e1dza aj legend\u00e1rny Spi\u0161sk\u00fd hrad, ktor\u00fd patr\u00ed medzi najv\u00e4\u010d\u0161ie zr\u00facaniny stredovek\u00fdch hradov v Eur\u00f3pe.<\/p>\n\n\n\n<div style=\"height:20px\" aria-hidden=\"true\" class=\"wp-block-spacer\"><\/div>\n\n\n\n<h4 class=\"wp-block-heading\">8. ZOO Spi\u0161sk\u00e1 Nov\u00e1 Ves (odfo\u0165 sa pri br\u00e1ne do MADAGASKARU)<\/h4>\n\n\n\n<p>Ako sa vol\u00e1 pavil\u00f3n, kde s\u00fa umiestnen\u00e9 plazy a&nbsp;oboj\u017eiveln\u00edky?<br>a) Pavil\u00f3n plazov&nbsp;&nbsp; b) Aquaterra&nbsp;&nbsp;&nbsp; c) Svet plazov a r\u00fdb &nbsp;&nbsp;<\/p>\n\n\n\n<p><strong><a href=\"https:\/\/zoosnv.sk\/\">ZOO v Spi\u0161skej Novej Vsi<\/a><\/strong> je najmen\u0161ou, no jednou z najkraj\u0161\u00edch ofici\u00e1lnych zoologick\u00fdch z\u00e1hrad na Slovensku. Nach\u00e1dza sa v Madaras parku ne\u010faleko centra Spi\u0161skej Novej Vsi. Okrem obdivovania stoviek druhov zvierat sa tu m\u00f4\u017eete vybl\u00e1zni\u0165 na dvoch detsk\u00fdch ihrisk\u00e1ch, vo workoutovej z\u00f3ne a  <strong><a href=\"https:\/\/zoosnv.sk\/monkeyland\/\">lanovom parku Monkeyland<\/a><\/strong> so zaisten\u00fdmi prek\u00e1\u017ekami v korun\u00e1ch stromov pre mal\u00fdch aj ve\u013ek\u00fdch &#8222;tarzanov&#8220;. Chutn\u00e9 ob\u010derstvenie si m\u00f4\u017eete dopria\u0165  v cukr\u00e1rni, v bufete Plameniak a v <strong><a href=\"https:\/\/www.facebook.com\/bistrourysa\/\">Bistre u Rysa<\/a><\/strong>. S\u00fa\u010das\u0165ou Madaras parku je aj amfite\u00e1ter, v ktorom sa ka\u017edoro\u010dne konaj\u00fa r\u00f4zne akcie pre dospel\u00fdch aj pre deti. <\/p>\n\n\n\n<div style=\"height:20px\" aria-hidden=\"true\" class=\"wp-block-spacer\"><\/div>\n\n\n\n<h4 class=\"wp-block-heading\">9. Hradisko (odfo\u0165 sa pri pam\u00e4tnej tabuli pred hotelom \u010cingov)<\/h4>\n\n\n\n<p>Od akej doby \u017eili \u013eudia na t\u00fdchto miestach?<strong><br><\/strong>a) \u017eeleznej&nbsp;&nbsp;&nbsp; b) kamennej&nbsp;&nbsp;&nbsp;&nbsp;&nbsp; c) bronzovej<\/p>\n\n\n\n<p>Ak m\u00e1te chu\u0165 na mal\u00fa prech\u00e1dzku, vyberte sa od Hradiska po N\u00e1u\u010dnom chodn\u00edku Smi\u017eianska Ma\u0161a &#8211; \u010cingov (\u017elt\u00e1 turistick\u00e1 zna\u010dka) smerom do Smi\u017eian. Po cca 15 min\u00fatach natraf\u00edte na vrchole kopca na pekn\u00fa skaln\u00fa vyhliadku s kr\u00ed\u017eom a tabu\u013ekou n\u00e1u\u010dn\u00e9ho chodn\u00edka. Z vyhliadky m\u00e1te ako na dlani Smi\u017eiansk\u00fa Ma\u0161u a mesto Spi\u0161sk\u00e1 Nov\u00e1 Ves. A ke\u010f sa pozriete opa\u010dn\u00fdm smerom, za priazniv\u00e9ho po\u010dasia m\u00f4\u017eete obdivova\u0165 majest\u00e1tne Vysok\u00e9 Tatry. Ak by sa v\u00e1m dnes prech\u00e1dza\u0165 nechcelo, z\u00e1jdite sa vyk\u00fapa\u0165 do relaxa\u010dn\u00e9ho baz\u00e9na <strong><a href=\"https:\/\/www.hotelcingov.sk\/?_gl=1*k9q752*_up*MQ..*_ga*MTUzODc4MjE2My4xNzEzOTM4NDIx*_ga_J6BWZPTBBM*MTcxMzkzODQyMC4xLjAuMTcxMzkzODQyMC4wLjAuMTg0MjAzOTk2MA..&amp;gclid=CjwKCAjwuJ2xBhA3EiwAMVjkVNiFW_86ZjoYHkrDdLR_u7g5N0Ddwzm5B0a--cFj_nQdlX22E3biHhoCplQQAvD_BwE\">Hotela \u010cingov<\/a><\/strong>, da\u0165 si nie\u010do dobr\u00e9 pod zub v hotelovej re\u0161taur\u00e1cii, alebo sa vybl\u00e1zni\u0165 v detskom k\u00fatiku a na vonkaj\u0161om i vn\u00fatornom detskom ihrisku. <\/p>\n\n\n\n<div style=\"height:20px\" aria-hidden=\"true\" class=\"wp-block-spacer\"><\/div>\n\n\n\n<h4 class=\"wp-block-heading\">10.&nbsp;Vyhliadkov\u00e1 ve\u017ea, Kluknava (odfo\u0165 sa pri&nbsp;vyhliadkovej ve\u017ei)<\/h4>\n\n\n\n<p>Ako sa naz\u00fdva vyhliadka pri obci Kluknava?<br>a) Green point&nbsp; b) Blue point&nbsp; c) Red point<\/p>\n\n\n\n<p>Za najkraj\u0161\u00edmi v\u00fdh\u013eadmi si v\u00e4\u010d\u0161inou treba vysoko vy\u0161liapa\u0165. Inak tomu nebude ani dnes. Modr\u00fd turistick\u00fd chodn\u00edk z Kluknavy k vyhliadkovej ve\u017ei st\u00fapa strmo do kopca pribli\u017ene tri kilometre. N\u00e1maha v\u0161ak stoj\u00ed za to. Z 35 metrovej ve\u017ee sa n\u00e1m otv\u00e1raj\u00fa panoramatick\u00e9 v\u00fdh\u013eady do v\u0161etk\u00fdch str\u00e1n, na pohoria \u010cierna hora, Branisko, Volovsk\u00e9 vrchy, mesto Krompachy a okolie. Aj samotn\u00e1 ve\u017ea je ve\u013emi zauj\u00edmav\u00e1 a modern\u00e1 &#8211; pomocou energie slnka a vetra si vyr\u00e1ba vlastn\u00fa elektrinu, vo ve\u010dern\u00fdch hodin\u00e1ch svieti a dokonca dok\u00e1\u017ee nabi\u0165 elektro bicykel \u010di telef\u00f3n. Cestou sp\u00e4\u0165 si spravte mal\u00fa zach\u00e1dzku po n\u00e1u\u010dnom chodn\u00edku Osobnosti a hist\u00f3ria Kluknavy, ktor\u00fd prezentuje zauj\u00edmav\u00e9 miestne legendy, a\u017e do osady \u0160tefansk\u00e1 Huta. Tu m\u00f4\u017eete objavi\u0165 jedine\u010dn\u00fa technick\u00fa pamiatku &#8211; <strong><a href=\"https:\/\/www.kosiceregion.com\/sk\/drevenym-mostom-za-slavou-a-padom-hute-za-medenou-horou\/\">dreven\u00fd kryt\u00fd most cez rieku Horn\u00e1d<\/a><\/strong>, ktor\u00fd svoj \u00fa\u010del pln\u00ed u\u017e viac ako 190 rokov. Bl\u00edzko pri moste sa nach\u00e1dza aj odpo\u010d\u00edvadlo s pr\u00edstre\u0161kom, kde si m\u00f4\u017eete posedie\u0165, pr\u00edpadne poopeka\u0165 na ne\u010falekom ohnisku. Pre viac inform\u00e1cii o pamiatkach v okol\u00ed sledujte web obce Kluknava<strong> <a href=\"https:\/\/www.kluknava.sk\/obec-2\/turizmus\/\">TU<\/a><\/strong>.<\/p>\n\n\n\n<div style=\"height:20px\" aria-hidden=\"true\" class=\"wp-block-spacer\"><\/div>\n\n\n\n<h4 class=\"wp-block-heading\">11. Grajn\u00e1r (odfo\u0165 sa pri tabuli s&nbsp;mapou Cykloregi\u00f3nu Spi\u0161)<\/h4>\n\n\n\n<p>V akom pomere je mierka mapy ku skuto\u010dnosti?<br>a) 1 : 10&nbsp;000&nbsp;&nbsp;&nbsp; b) 1 : 100&nbsp;000&nbsp;&nbsp;&nbsp;&nbsp; c) 1 : 50&nbsp;000<\/p>\n\n\n\n<p>Sedlo Grajn\u00e1r je po\u010das zimy cie\u013eom priaznivcov be\u017eeck\u00e9ho ly\u017eovania, cez leto odtia\u013eto m\u00f4\u017eete podnikn\u00fa\u0165 zauj\u00edmav\u00fa turistiku alebo v\u00fdlet na bicykli. Priamo na Grajn\u00e1ri sa nach\u00e1dza nen\u00e1padn\u00fd pam\u00e4tn\u00edk leteck\u00e9ho ne\u0161\u0165astia z roku 2002, kedy sa tu zrazili a havarovali dve vojensk\u00e9 st\u00edha\u010dky. Pr\u00edjemn\u00e1 hodinov\u00e1 prech\u00e1dzka je odtia\u013eto na vrch Ve\u013ek\u00e1 Knola s v\u00fd\u0161kou 1266 metrov nad morom. Priamo na Grajn\u00e1ri zvykne st\u00e1\u0165 pojazdn\u00fd <strong><a href=\"https:\/\/www.facebook.com\/bufet.grajnar\/\">Bufet Grajn\u00e1r<\/a><\/strong>, v ktorom sa m\u00f4\u017eete po prech\u00e1dzke chutne ob\u010derstvi\u0165. <\/p>\n\n\n\n<div style=\"height:20px\" aria-hidden=\"true\" class=\"wp-block-spacer\"><\/div>\n\n\n\n<h4 class=\"wp-block-heading\">12. Lesn\u00edcky n\u00e1u\u010dn\u00fd chodn\u00edk Diana &#8211; Novovesk\u00e1 Huta (odfo\u0165 sa pri Milieri)<\/h4>\n\n\n\n<p>\u010co je to Milier?<br>a) starod\u00e1vny pilier &nbsp;&nbsp;b) pec na v\u00fdrobu dreven\u00e9ho uhlia &nbsp;&nbsp;c) druh stromu<\/p>\n\n\n\n<p>Prejdite sa po zauj\u00edmavom <strong><a href=\"https:\/\/navstevnik.spisskanovaves.eu\/co-zazit\/s-detmi\/lesnicky-naucny-chodnik-diana\/\">Lesn\u00edckom n\u00e1u\u010dnom chodn\u00edku Diana<\/a><\/strong>, ku ktor\u00e9mu vedie z Novoveskej Huty modr\u00e1 turistick\u00e1 zna\u010dka. Chodn\u00edk s piatimi tematick\u00fdmi zast\u00e1vkami je dlh\u00fd nie\u010do vy\u0161e 2 kilometre a dozviete sa na \u0148om mno\u017estvo zauj\u00edmavost\u00ed zo \u017eivota lesa a pr\u00e1ce lesn\u00edkov v \u0148om. Ak by ste mali chu\u0165 na v\u00e4\u010d\u0161iu vych\u00e1dzku, vyberte sa po modrom Chodn\u00edku Arno\u0161ta Guldana a n\u00e1sledne po \u017eltej zna\u010dke a\u017e na vyhliadkov\u00fd vrchol Medvedia hlava.<\/p>\n\n\n\n<div style=\"height:20px\" aria-hidden=\"true\" class=\"wp-block-spacer\"><\/div>\n\n\n\n<h4 class=\"wp-block-heading\">13. L\u00e1nyiho Huta \u2013 Dob\u0161in\u00e1 (odfo\u0165 sa pri Horskej chate Star\u00e1 Hor\u00e1re\u0148)<\/h4>\n\n\n\n<p>Kto sa narodil v Starej Hor\u00e1rni? (odpove\u010f n\u00e1jde\u0161 na tabu\u013eke na zelenej chate)<\/p>\n\n\n\n<p>a) Chytr\u00fd macko &nbsp;&nbsp;&nbsp;b)&nbsp; Macko U\u0161ko&nbsp;&nbsp;&nbsp;&nbsp; c) Macko Brumko&nbsp;&nbsp;&nbsp;&nbsp;&nbsp;<\/p>\n\n\n\n<p>V meste Dob\u0161in\u00e1 sa to v minulosti hem\u017eilo ban\u00edkmi, ktor\u00ed tu v baniach dob\u00fdvali cenn\u00fa meden\u00fa rudu. Prejdite sa po N\u00e1u\u010dnom chodn\u00edku <strong><a href=\"https:\/\/naucnechodniky.eu\/naucny-chodnik-po-stopach-banictva-v-dobsinej\/\">Po stop\u00e1ch ban\u00edctva v Dob\u0161inej<\/a><\/strong> a okrem peknej pr\u00edrody m\u00f4\u017eete na jeho n\u00e1u\u010dn\u00fdch zastaveniach zisti\u0165, kto to bol Pavol L\u00e1nyi, po ktorom bola pomenovan\u00e1 osada L\u00e1nyiho Huta, spozna\u0165 legend\u00e1rne dob\u0161insk\u00e9 povesti, zauj\u00edmavosti o banskej doprave a o \u0161ikovn\u00fdch sp\u00f4soboch dob\u00fdvania rudy v okol\u00ed. <\/p>\n\n\n\n<div style=\"height:20px\" aria-hidden=\"true\" class=\"wp-block-spacer\"><\/div>\n\n\n\n<h4 class=\"wp-block-heading\">14. Farma na Samelovej l\u00fake (odfo\u0165 sa pri vstupnej tabuli)<\/h4>\n\n\n\n<p>Jeden kon\u00edk na farme ma meno ako ozajstn\u00e1 princezn\u00e1, ak\u00e9 je to meno? <\/p>\n\n\n\n<p>a) Elsa&nbsp;&nbsp; &nbsp;&nbsp;b) Diana&nbsp;&nbsp;&nbsp; c) Kate<\/p>\n\n\n\n<p><strong><a href=\"https:\/\/www.farmaladova.sk\/\">Farmu na Samelovej l\u00fake<\/a><\/strong> n\u00e1jdete ne\u010faleko zn\u00e1mej Dob\u0161inskej \u013eadovej jaskyne. Okrem  kon\u00edkov tu m\u00f4\u017eete spozna\u0165 aj mno\u017estvo in\u00fdch dom\u00e1cich zvieratiek. Ne\u010faleko farmy sa z\u00e1jdite prejs\u0165 po <strong><a href=\"https:\/\/naucnechodniky.eu\/nch-mokrade-hnilca\/\">N\u00e1u\u010dnom chodn\u00edku Mokrade Hnilca<\/a><\/strong>, ktor\u00fd v\u00e1s po dreven\u00fdch lavi\u010dk\u00e1ch prevedie priamo ponad mokrade s mno\u017estvom chr\u00e1nen\u00fdch rastl\u00edn a zvierac\u00edch obyvate\u013eov. Chodn\u00edk m\u00e1 d\u013a\u017eku iba pol kilometra, no n\u00e1jdete na \u0148om a\u017e 10 n\u00e1u\u010dn\u00fdch zastaven\u00ed s tabu\u013ekami o tomto zauj\u00edmavom prostred\u00ed. Po prech\u00e1dzke sa m\u00f4\u017eete zastavi\u0165 na nie\u010do chutn\u00e9 v <strong><a href=\"https:\/\/skdobsina.sk\/bistroubytovanie\/bistro\/\">Bistre Dob\u0161insk\u00e1 \u013dadov\u00e1 Jasky\u0148a<\/a><\/strong>. <\/p>\n","protected":false},"excerpt":{"rendered":"<p>Projekt je realizovan\u00fd s finan\u010dnou podporou Ministerstva cestovn\u00e9ho ruchu a \u0161portu Slovenskej re<\/p>\n","protected":false},"author":50,"featured_media":15496,"comment_status":"open","ping_status":"open","sticky":false,"template":"","format":"standard","meta":{"_acf_changed":false,"footnotes":""},"categories":[1],"tags":[],"class_list":["post-15404","post","type-post","status-publish","format-standard","has-post-thumbnail","hentry","category-uncategorized-sk"],"acf":[],"yoast_head":"<!-- This site is optimized with the Yoast SEO plugin v27.4 - https:\/\/yoast.com\/product\/yoast-seo-wordpress\/ -->\n<title>Letn\u00e9 dobrodru\u017estv\u00e1 pre mal\u00fdch turistov     so \u0160\u0165ast\u00edkom a \u0160\u0165astenkou - OOCR<\/title>\n<meta name=\"description\" content=\"Vyberte sa za na p\u00e1tranie za zauj\u00edmavos\u0165ami a z\u00e1\u017eitkami, ktor\u00e9 si pre v\u00e1s v na Spi\u0161i pripravil \u0161kriatok \u0160\u0165ast\u00edk a v\u00edla \u0160\u0165astenka\" \/>\n<meta name=\"robots\" content=\"index, follow, max-snippet:-1, max-image-preview:large, max-video-preview:-1\" \/>\n<link rel=\"canonical\" href=\"https:\/\/vraji.sk\/de\/so-stastikom-a-stastenkou-v-ustrety-poznaniu-slovenskeho-raja-a-spisa\/\" \/>\n<meta property=\"og:locale\" content=\"de_DE\" \/>\n<meta property=\"og:type\" content=\"article\" \/>\n<meta property=\"og:title\" content=\"Letn\u00e9 dobrodru\u017estv\u00e1 pre mal\u00fdch turistov     so \u0160\u0165ast\u00edkom a \u0160\u0165astenkou - OOCR\" \/>\n<meta property=\"og:description\" content=\"Vyberte sa za na p\u00e1tranie za zauj\u00edmavos\u0165ami a z\u00e1\u017eitkami, ktor\u00e9 si pre v\u00e1s v na Spi\u0161i pripravil \u0161kriatok \u0160\u0165ast\u00edk a v\u00edla \u0160\u0165astenka\" \/>\n<meta property=\"og:url\" content=\"https:\/\/vraji.sk\/de\/so-stastikom-a-stastenkou-v-ustrety-poznaniu-slovenskeho-raja-a-spisa\/\" \/>\n<meta property=\"og:site_name\" content=\"OOCR\" \/>\n<meta property=\"article:published_time\" content=\"2024-06-30T10:57:08+00:00\" \/>\n<meta property=\"article:modified_time\" content=\"2024-11-05T15:33:58+00:00\" \/>\n<meta property=\"og:image\" content=\"https:\/\/vraji.sk\/wp-content\/uploads\/2024\/04\/Stastik-a-Stastenka-crop-thumbnail-scaled.jpg\" \/>\n\t<meta property=\"og:image:width\" content=\"2560\" \/>\n\t<meta property=\"og:image:height\" content=\"1417\" \/>\n\t<meta property=\"og:image:type\" content=\"image\/jpeg\" \/>\n<meta name=\"author\" content=\"oocr-obsah\" \/>\n<meta name=\"twitter:card\" content=\"summary_large_image\" \/>\n<meta name=\"twitter:label1\" content=\"Verfasst von\" \/>\n\t<meta name=\"twitter:data1\" content=\"oocr-obsah\" \/>\n\t<meta name=\"twitter:label2\" content=\"Gesch\u00e4tzte Lesezeit\" \/>\n\t<meta name=\"twitter:data2\" content=\"11\u00a0Minuten\" \/>\n<script type=\"application\/ld+json\" class=\"yoast-schema-graph\">{\"@context\":\"https:\\\/\\\/schema.org\",\"@graph\":[{\"@type\":\"Article\",\"@id\":\"https:\\\/\\\/vraji.sk\\\/de\\\/so-stastikom-a-stastenkou-v-ustrety-poznaniu-slovenskeho-raja-a-spisa\\\/#article\",\"isPartOf\":{\"@id\":\"https:\\\/\\\/vraji.sk\\\/de\\\/so-stastikom-a-stastenkou-v-ustrety-poznaniu-slovenskeho-raja-a-spisa\\\/\"},\"author\":{\"name\":\"oocr-obsah\",\"@id\":\"https:\\\/\\\/vraji.sk\\\/de\\\/#\\\/schema\\\/person\\\/01641cf41f9d52638cb29a73818cf39c\"},\"headline\":\"Letn\u00e9 dobrodru\u017estv\u00e1 pre mal\u00fdch turistov so \u0160\u0165ast\u00edkom a \u0160\u0165astenkou\",\"datePublished\":\"2024-06-30T10:57:08+00:00\",\"dateModified\":\"2024-11-05T15:33:58+00:00\",\"mainEntityOfPage\":{\"@id\":\"https:\\\/\\\/vraji.sk\\\/de\\\/so-stastikom-a-stastenkou-v-ustrety-poznaniu-slovenskeho-raja-a-spisa\\\/\"},\"wordCount\":2579,\"commentCount\":0,\"publisher\":{\"@id\":\"https:\\\/\\\/vraji.sk\\\/de\\\/#organization\"},\"image\":{\"@id\":\"https:\\\/\\\/vraji.sk\\\/de\\\/so-stastikom-a-stastenkou-v-ustrety-poznaniu-slovenskeho-raja-a-spisa\\\/#primaryimage\"},\"thumbnailUrl\":\"https:\\\/\\\/vraji.sk\\\/wp-content\\\/uploads\\\/2024\\\/04\\\/Stastik-a-Stastenka-crop-thumbnail-scaled.jpg\",\"articleSection\":[\"Uncategorized @sk\"],\"inLanguage\":\"de\",\"potentialAction\":[{\"@type\":\"CommentAction\",\"name\":\"Comment\",\"target\":[\"https:\\\/\\\/vraji.sk\\\/de\\\/so-stastikom-a-stastenkou-v-ustrety-poznaniu-slovenskeho-raja-a-spisa\\\/#respond\"]}]},{\"@type\":\"WebPage\",\"@id\":\"https:\\\/\\\/vraji.sk\\\/de\\\/so-stastikom-a-stastenkou-v-ustrety-poznaniu-slovenskeho-raja-a-spisa\\\/\",\"url\":\"https:\\\/\\\/vraji.sk\\\/de\\\/so-stastikom-a-stastenkou-v-ustrety-poznaniu-slovenskeho-raja-a-spisa\\\/\",\"name\":\"Letn\u00e9 dobrodru\u017estv\u00e1 pre mal\u00fdch turistov so \u0160\u0165ast\u00edkom a \u0160\u0165astenkou - OOCR\",\"isPartOf\":{\"@id\":\"https:\\\/\\\/vraji.sk\\\/de\\\/#website\"},\"primaryImageOfPage\":{\"@id\":\"https:\\\/\\\/vraji.sk\\\/de\\\/so-stastikom-a-stastenkou-v-ustrety-poznaniu-slovenskeho-raja-a-spisa\\\/#primaryimage\"},\"image\":{\"@id\":\"https:\\\/\\\/vraji.sk\\\/de\\\/so-stastikom-a-stastenkou-v-ustrety-poznaniu-slovenskeho-raja-a-spisa\\\/#primaryimage\"},\"thumbnailUrl\":\"https:\\\/\\\/vraji.sk\\\/wp-content\\\/uploads\\\/2024\\\/04\\\/Stastik-a-Stastenka-crop-thumbnail-scaled.jpg\",\"datePublished\":\"2024-06-30T10:57:08+00:00\",\"dateModified\":\"2024-11-05T15:33:58+00:00\",\"description\":\"Vyberte sa za na p\u00e1tranie za zauj\u00edmavos\u0165ami a z\u00e1\u017eitkami, ktor\u00e9 si pre v\u00e1s v na Spi\u0161i pripravil \u0161kriatok \u0160\u0165ast\u00edk a v\u00edla \u0160\u0165astenka\",\"breadcrumb\":{\"@id\":\"https:\\\/\\\/vraji.sk\\\/de\\\/so-stastikom-a-stastenkou-v-ustrety-poznaniu-slovenskeho-raja-a-spisa\\\/#breadcrumb\"},\"inLanguage\":\"de\",\"potentialAction\":[{\"@type\":\"ReadAction\",\"target\":[\"https:\\\/\\\/vraji.sk\\\/de\\\/so-stastikom-a-stastenkou-v-ustrety-poznaniu-slovenskeho-raja-a-spisa\\\/\"]}]},{\"@type\":\"ImageObject\",\"inLanguage\":\"de\",\"@id\":\"https:\\\/\\\/vraji.sk\\\/de\\\/so-stastikom-a-stastenkou-v-ustrety-poznaniu-slovenskeho-raja-a-spisa\\\/#primaryimage\",\"url\":\"https:\\\/\\\/vraji.sk\\\/wp-content\\\/uploads\\\/2024\\\/04\\\/Stastik-a-Stastenka-crop-thumbnail-scaled.jpg\",\"contentUrl\":\"https:\\\/\\\/vraji.sk\\\/wp-content\\\/uploads\\\/2024\\\/04\\\/Stastik-a-Stastenka-crop-thumbnail-scaled.jpg\",\"width\":2560,\"height\":1417},{\"@type\":\"BreadcrumbList\",\"@id\":\"https:\\\/\\\/vraji.sk\\\/de\\\/so-stastikom-a-stastenkou-v-ustrety-poznaniu-slovenskeho-raja-a-spisa\\\/#breadcrumb\",\"itemListElement\":[{\"@type\":\"ListItem\",\"position\":1,\"name\":\"Home\",\"item\":\"https:\\\/\\\/vraji.sk\\\/de\\\/homepage\\\/\"},{\"@type\":\"ListItem\",\"position\":2,\"name\":\"Letn\u00e9 dobrodru\u017estv\u00e1 pre mal\u00fdch turistov so \u0160\u0165ast\u00edkom a \u0160\u0165astenkou\"}]},{\"@type\":\"WebSite\",\"@id\":\"https:\\\/\\\/vraji.sk\\\/de\\\/#website\",\"url\":\"https:\\\/\\\/vraji.sk\\\/de\\\/\",\"name\":\"OOCR\",\"description\":\"Regi\u00f3n Slovensk\u00fd raj a Spi\u0161 | Z\u00e1\u017eitky, turistika, hist\u00f3ria | vRaji.sk\",\"publisher\":{\"@id\":\"https:\\\/\\\/vraji.sk\\\/de\\\/#organization\"},\"potentialAction\":[{\"@type\":\"SearchAction\",\"target\":{\"@type\":\"EntryPoint\",\"urlTemplate\":\"https:\\\/\\\/vraji.sk\\\/de\\\/?s={search_term_string}\"},\"query-input\":{\"@type\":\"PropertyValueSpecification\",\"valueRequired\":true,\"valueName\":\"search_term_string\"}}],\"inLanguage\":\"de\"},{\"@type\":\"Organization\",\"@id\":\"https:\\\/\\\/vraji.sk\\\/de\\\/#organization\",\"name\":\"OOCR\",\"url\":\"https:\\\/\\\/vraji.sk\\\/de\\\/\",\"logo\":{\"@type\":\"ImageObject\",\"inLanguage\":\"de\",\"@id\":\"https:\\\/\\\/vraji.sk\\\/de\\\/#\\\/schema\\\/logo\\\/image\\\/\",\"url\":\"https:\\\/\\\/vraji.sk\\\/wp-content\\\/uploads\\\/2021\\\/11\\\/biele-logo-1.svg\",\"contentUrl\":\"https:\\\/\\\/vraji.sk\\\/wp-content\\\/uploads\\\/2021\\\/11\\\/biele-logo-1.svg\",\"caption\":\"OOCR\"},\"image\":{\"@id\":\"https:\\\/\\\/vraji.sk\\\/de\\\/#\\\/schema\\\/logo\\\/image\\\/\"}},{\"@type\":\"Person\",\"@id\":\"https:\\\/\\\/vraji.sk\\\/de\\\/#\\\/schema\\\/person\\\/01641cf41f9d52638cb29a73818cf39c\",\"name\":\"oocr-obsah\",\"image\":{\"@type\":\"ImageObject\",\"inLanguage\":\"de\",\"@id\":\"https:\\\/\\\/secure.gravatar.com\\\/avatar\\\/bc547f4d1cfe56f35ef07eb29186b1e943f6b533e816d5758667f08b34617b3b?s=96&d=mm&r=g\",\"url\":\"https:\\\/\\\/secure.gravatar.com\\\/avatar\\\/bc547f4d1cfe56f35ef07eb29186b1e943f6b533e816d5758667f08b34617b3b?s=96&d=mm&r=g\",\"contentUrl\":\"https:\\\/\\\/secure.gravatar.com\\\/avatar\\\/bc547f4d1cfe56f35ef07eb29186b1e943f6b533e816d5758667f08b34617b3b?s=96&d=mm&r=g\",\"caption\":\"oocr-obsah\"},\"description\":\"alexpark.sk\",\"url\":\"https:\\\/\\\/vraji.sk\\\/de\\\/author\\\/oocr-obsah\\\/\"}]}<\/script>\n<!-- \/ Yoast SEO plugin. -->","yoast_head_json":{"title":"Letn\u00e9 dobrodru\u017estv\u00e1 pre mal\u00fdch turistov     so \u0160\u0165ast\u00edkom a \u0160\u0165astenkou - OOCR","description":"Vyberte sa za na p\u00e1tranie za zauj\u00edmavos\u0165ami a z\u00e1\u017eitkami, ktor\u00e9 si pre v\u00e1s v na Spi\u0161i pripravil \u0161kriatok \u0160\u0165ast\u00edk a v\u00edla \u0160\u0165astenka","robots":{"index":"index","follow":"follow","max-snippet":"max-snippet:-1","max-image-preview":"max-image-preview:large","max-video-preview":"max-video-preview:-1"},"canonical":"https:\/\/vraji.sk\/de\/so-stastikom-a-stastenkou-v-ustrety-poznaniu-slovenskeho-raja-a-spisa\/","og_locale":"de_DE","og_type":"article","og_title":"Letn\u00e9 dobrodru\u017estv\u00e1 pre mal\u00fdch turistov     so \u0160\u0165ast\u00edkom a \u0160\u0165astenkou - OOCR","og_description":"Vyberte sa za na p\u00e1tranie za zauj\u00edmavos\u0165ami a z\u00e1\u017eitkami, ktor\u00e9 si pre v\u00e1s v na Spi\u0161i pripravil \u0161kriatok \u0160\u0165ast\u00edk a v\u00edla \u0160\u0165astenka","og_url":"https:\/\/vraji.sk\/de\/so-stastikom-a-stastenkou-v-ustrety-poznaniu-slovenskeho-raja-a-spisa\/","og_site_name":"OOCR","article_published_time":"2024-06-30T10:57:08+00:00","article_modified_time":"2024-11-05T15:33:58+00:00","og_image":[{"width":2560,"height":1417,"url":"https:\/\/vraji.sk\/wp-content\/uploads\/2024\/04\/Stastik-a-Stastenka-crop-thumbnail-scaled.jpg","type":"image\/jpeg"}],"author":"oocr-obsah","twitter_card":"summary_large_image","twitter_misc":{"Verfasst von":"oocr-obsah","Gesch\u00e4tzte Lesezeit":"11\u00a0Minuten"},"schema":{"@context":"https:\/\/schema.org","@graph":[{"@type":"Article","@id":"https:\/\/vraji.sk\/de\/so-stastikom-a-stastenkou-v-ustrety-poznaniu-slovenskeho-raja-a-spisa\/#article","isPartOf":{"@id":"https:\/\/vraji.sk\/de\/so-stastikom-a-stastenkou-v-ustrety-poznaniu-slovenskeho-raja-a-spisa\/"},"author":{"name":"oocr-obsah","@id":"https:\/\/vraji.sk\/de\/#\/schema\/person\/01641cf41f9d52638cb29a73818cf39c"},"headline":"Letn\u00e9 dobrodru\u017estv\u00e1 pre mal\u00fdch turistov so \u0160\u0165ast\u00edkom a \u0160\u0165astenkou","datePublished":"2024-06-30T10:57:08+00:00","dateModified":"2024-11-05T15:33:58+00:00","mainEntityOfPage":{"@id":"https:\/\/vraji.sk\/de\/so-stastikom-a-stastenkou-v-ustrety-poznaniu-slovenskeho-raja-a-spisa\/"},"wordCount":2579,"commentCount":0,"publisher":{"@id":"https:\/\/vraji.sk\/de\/#organization"},"image":{"@id":"https:\/\/vraji.sk\/de\/so-stastikom-a-stastenkou-v-ustrety-poznaniu-slovenskeho-raja-a-spisa\/#primaryimage"},"thumbnailUrl":"https:\/\/vraji.sk\/wp-content\/uploads\/2024\/04\/Stastik-a-Stastenka-crop-thumbnail-scaled.jpg","articleSection":["Uncategorized @sk"],"inLanguage":"de","potentialAction":[{"@type":"CommentAction","name":"Comment","target":["https:\/\/vraji.sk\/de\/so-stastikom-a-stastenkou-v-ustrety-poznaniu-slovenskeho-raja-a-spisa\/#respond"]}]},{"@type":"WebPage","@id":"https:\/\/vraji.sk\/de\/so-stastikom-a-stastenkou-v-ustrety-poznaniu-slovenskeho-raja-a-spisa\/","url":"https:\/\/vraji.sk\/de\/so-stastikom-a-stastenkou-v-ustrety-poznaniu-slovenskeho-raja-a-spisa\/","name":"Letn\u00e9 dobrodru\u017estv\u00e1 pre mal\u00fdch turistov so \u0160\u0165ast\u00edkom a \u0160\u0165astenkou - OOCR","isPartOf":{"@id":"https:\/\/vraji.sk\/de\/#website"},"primaryImageOfPage":{"@id":"https:\/\/vraji.sk\/de\/so-stastikom-a-stastenkou-v-ustrety-poznaniu-slovenskeho-raja-a-spisa\/#primaryimage"},"image":{"@id":"https:\/\/vraji.sk\/de\/so-stastikom-a-stastenkou-v-ustrety-poznaniu-slovenskeho-raja-a-spisa\/#primaryimage"},"thumbnailUrl":"https:\/\/vraji.sk\/wp-content\/uploads\/2024\/04\/Stastik-a-Stastenka-crop-thumbnail-scaled.jpg","datePublished":"2024-06-30T10:57:08+00:00","dateModified":"2024-11-05T15:33:58+00:00","description":"Vyberte sa za na p\u00e1tranie za zauj\u00edmavos\u0165ami a z\u00e1\u017eitkami, ktor\u00e9 si pre v\u00e1s v na Spi\u0161i pripravil \u0161kriatok \u0160\u0165ast\u00edk a v\u00edla \u0160\u0165astenka","breadcrumb":{"@id":"https:\/\/vraji.sk\/de\/so-stastikom-a-stastenkou-v-ustrety-poznaniu-slovenskeho-raja-a-spisa\/#breadcrumb"},"inLanguage":"de","potentialAction":[{"@type":"ReadAction","target":["https:\/\/vraji.sk\/de\/so-stastikom-a-stastenkou-v-ustrety-poznaniu-slovenskeho-raja-a-spisa\/"]}]},{"@type":"ImageObject","inLanguage":"de","@id":"https:\/\/vraji.sk\/de\/so-stastikom-a-stastenkou-v-ustrety-poznaniu-slovenskeho-raja-a-spisa\/#primaryimage","url":"https:\/\/vraji.sk\/wp-content\/uploads\/2024\/04\/Stastik-a-Stastenka-crop-thumbnail-scaled.jpg","contentUrl":"https:\/\/vraji.sk\/wp-content\/uploads\/2024\/04\/Stastik-a-Stastenka-crop-thumbnail-scaled.jpg","width":2560,"height":1417},{"@type":"BreadcrumbList","@id":"https:\/\/vraji.sk\/de\/so-stastikom-a-stastenkou-v-ustrety-poznaniu-slovenskeho-raja-a-spisa\/#breadcrumb","itemListElement":[{"@type":"ListItem","position":1,"name":"Home","item":"https:\/\/vraji.sk\/de\/homepage\/"},{"@type":"ListItem","position":2,"name":"Letn\u00e9 dobrodru\u017estv\u00e1 pre mal\u00fdch turistov so \u0160\u0165ast\u00edkom a \u0160\u0165astenkou"}]},{"@type":"WebSite","@id":"https:\/\/vraji.sk\/de\/#website","url":"https:\/\/vraji.sk\/de\/","name":"OOCR","description":"Regi\u00f3n Slovensk\u00fd raj a Spi\u0161 | Z\u00e1\u017eitky, turistika, hist\u00f3ria | vRaji.sk","publisher":{"@id":"https:\/\/vraji.sk\/de\/#organization"},"potentialAction":[{"@type":"SearchAction","target":{"@type":"EntryPoint","urlTemplate":"https:\/\/vraji.sk\/de\/?s={search_term_string}"},"query-input":{"@type":"PropertyValueSpecification","valueRequired":true,"valueName":"search_term_string"}}],"inLanguage":"de"},{"@type":"Organization","@id":"https:\/\/vraji.sk\/de\/#organization","name":"OOCR","url":"https:\/\/vraji.sk\/de\/","logo":{"@type":"ImageObject","inLanguage":"de","@id":"https:\/\/vraji.sk\/de\/#\/schema\/logo\/image\/","url":"https:\/\/vraji.sk\/wp-content\/uploads\/2021\/11\/biele-logo-1.svg","contentUrl":"https:\/\/vraji.sk\/wp-content\/uploads\/2021\/11\/biele-logo-1.svg","caption":"OOCR"},"image":{"@id":"https:\/\/vraji.sk\/de\/#\/schema\/logo\/image\/"}},{"@type":"Person","@id":"https:\/\/vraji.sk\/de\/#\/schema\/person\/01641cf41f9d52638cb29a73818cf39c","name":"oocr-obsah","image":{"@type":"ImageObject","inLanguage":"de","@id":"https:\/\/secure.gravatar.com\/avatar\/bc547f4d1cfe56f35ef07eb29186b1e943f6b533e816d5758667f08b34617b3b?s=96&d=mm&r=g","url":"https:\/\/secure.gravatar.com\/avatar\/bc547f4d1cfe56f35ef07eb29186b1e943f6b533e816d5758667f08b34617b3b?s=96&d=mm&r=g","contentUrl":"https:\/\/secure.gravatar.com\/avatar\/bc547f4d1cfe56f35ef07eb29186b1e943f6b533e816d5758667f08b34617b3b?s=96&d=mm&r=g","caption":"oocr-obsah"},"description":"alexpark.sk","url":"https:\/\/vraji.sk\/de\/author\/oocr-obsah\/"}]}},"_links":{"self":[{"href":"https:\/\/vraji.sk\/de\/wp-json\/wp\/v2\/posts\/15404","targetHints":{"allow":["GET"]}}],"collection":[{"href":"https:\/\/vraji.sk\/de\/wp-json\/wp\/v2\/posts"}],"about":[{"href":"https:\/\/vraji.sk\/de\/wp-json\/wp\/v2\/types\/post"}],"author":[{"embeddable":true,"href":"https:\/\/vraji.sk\/de\/wp-json\/wp\/v2\/users\/50"}],"replies":[{"embeddable":true,"href":"https:\/\/vraji.sk\/de\/wp-json\/wp\/v2\/comments?post=15404"}],"version-history":[{"count":28,"href":"https:\/\/vraji.sk\/de\/wp-json\/wp\/v2\/posts\/15404\/revisions"}],"predecessor-version":[{"id":16321,"href":"https:\/\/vraji.sk\/de\/wp-json\/wp\/v2\/posts\/15404\/revisions\/16321"}],"wp:featuredmedia":[{"embeddable":true,"href":"https:\/\/vraji.sk\/de\/wp-json\/wp\/v2\/media\/15496"}],"wp:attachment":[{"href":"https:\/\/vraji.sk\/de\/wp-json\/wp\/v2\/media?parent=15404"}],"wp:term":[{"taxonomy":"category","embeddable":true,"href":"https:\/\/vraji.sk\/de\/wp-json\/wp\/v2\/categories?post=15404"},{"taxonomy":"post_tag","embeddable":true,"href":"https:\/\/vraji.sk\/de\/wp-json\/wp\/v2\/tags?post=15404"}],"curies":[{"name":"wp","href":"https:\/\/api.w.org\/{rel}","templated":true}]}}