{"id":19990,"date":"2025-08-13T14:27:42","date_gmt":"2025-08-13T14:27:42","guid":{"rendered":"https:\/\/vraji.sk\/?p=19990"},"modified":"2025-10-02T10:20:34","modified_gmt":"2025-10-02T10:20:34","slug":"zraz-cykloturistov-kst-v-spisskej-novej-vsi-uz-buduci-tyzden","status":"publish","type":"post","link":"https:\/\/vraji.sk\/de\/zraz-cykloturistov-kst-v-spisskej-novej-vsi-uz-buduci-tyzden\/","title":{"rendered":"Zraz cykloturistov KST v Spi\u0161skej Novej Vsi u\u017e bud\u00faci t\u00fd\u017ede\u0148!"},"content":{"rendered":"\n<div style=\"height:30px\" aria-hidden=\"true\" class=\"wp-block-spacer\"><\/div>\n\n\n\n<p>Mil\u00ed priatelia horskej cyklistiky, u\u017e bud\u00faci t\u00fd\u017ede\u0148 od \u0161tvrtka 21. augusta do nedele 24. augusta sa v Spi\u0161skej Novej Vsi uskuto\u010dn\u00ed ozajstn\u00fd cyklistick\u00fd sviatok  &#8211; 47. ro\u010dn\u00edk Zrazu cykloturistov KST. Na Spi\u0161i sa bude kona\u0165 v\u00f4bec po prv\u00fd raz v hist\u00f3rii. O\u010dak\u00e1vame na \u0148om viac ako tri stovky cykloturistov z cel\u00e9ho Slovenska i zo zahrani\u010dia. V\u0161etky bli\u017e\u0161ie inform\u00e1cie o zraze m\u00f4\u017eete n\u00e1js\u0165 na webovej str\u00e1nke <strong><a href=\"http:\/\/www.cyklozrazsnv.sk\">www.cyklozrazsnv.sk<\/a><\/strong>, kde z\u00e1rove\u0148 do piatku 15. augusta (vr\u00e1tane) prebieha online prihlasovanie. Prihlasovanie \u00fa\u010dastn\u00edkov bude mo\u017en\u00e9 aj fyzicky priamo na \u0161tarte zrazu, av\u0161ak za pr\u00edplatok 5\u20ac\/osoba.<\/p>\n\n\n\n<p>Atrak\u00edtvnou pozv\u00e1nku na Zraz je aj nov\u00e1 report\u00e1\u017e od Telev\u00edzie Reduta, v ktorej m\u00f4\u017eete n\u00e1js\u0165 aj z\u00e1bery z rel\u00e1cie Cyklopotulky z Cykloregi\u00f3nu Spi\u0161 &#8211; ju\u017en\u00e1 \u010das\u0165, ktor\u00fa sme nat\u00e1\u010dali v j\u00fani tohto roku. Srde\u010dne poz\u00fdvame, te\u0161\u00edme sa na v\u00e1s!<\/p>\n\n\n\n<figure class=\"wp-block-embed aligncenter is-type-video is-provider-youtube wp-block-embed-youtube wp-embed-aspect-16-9 wp-has-aspect-ratio\"><div class=\"wp-block-embed__wrapper\">\n<iframe loading=\"lazy\" title=\"Celoslovensk\u00fd zraz cykloturistov\" width=\"640\" height=\"360\" src=\"https:\/\/www.youtube.com\/embed\/M7p7Grca-E4?feature=oembed\" frameborder=\"0\" allow=\"accelerometer; autoplay; clipboard-write; encrypted-media; gyroscope; picture-in-picture; web-share\" referrerpolicy=\"strict-origin-when-cross-origin\" allowfullscreen><\/iframe>\n<\/div><\/figure>\n","protected":false},"excerpt":{"rendered":"<p>Mil\u00ed priatelia horskej cyklistiky, u\u017e bud\u00faci t\u00fd\u017ede\u0148 od \u0161tvrtka 21. augusta do nedele 24. augu<\/p>\n","protected":false},"author":52,"featured_media":19991,"comment_status":"closed","ping_status":"open","sticky":false,"template":"","format":"standard","meta":{"_acf_changed":false,"footnotes":""},"categories":[1],"tags":[126,162],"class_list":["post-19990","post","type-post","status-publish","format-standard","has-post-thumbnail","hentry","category-uncategorized-sk","tag-cyklozraz","tag-kst"],"acf":[],"yoast_head":"<!-- This site is optimized with the Yoast SEO plugin v27.4 - https:\/\/yoast.com\/product\/yoast-seo-wordpress\/ -->\n<title>Zraz cykloturistov KST v Spi\u0161skej Novej Vsi u\u017e bud\u00faci t\u00fd\u017ede\u0148! - OOCR<\/title>\n<meta name=\"description\" content=\"Srde\u010dne poz\u00fdvame v\u0161etk\u00fdch priaznivcov cyklistiky na 47. Zraz cykloturistov KST v Spi\u0161skej Novej Vsi! Viac info a report\u00e1\u017e TV Reduta v \u010dl\u00e1nku.\" \/>\n<meta name=\"robots\" content=\"index, follow, max-snippet:-1, max-image-preview:large, max-video-preview:-1\" \/>\n<link rel=\"canonical\" href=\"https:\/\/vraji.sk\/de\/zraz-cykloturistov-kst-v-spisskej-novej-vsi-uz-buduci-tyzden\/\" \/>\n<meta property=\"og:locale\" content=\"de_DE\" \/>\n<meta property=\"og:type\" content=\"article\" \/>\n<meta property=\"og:title\" content=\"Zraz cykloturistov KST v Spi\u0161skej Novej Vsi u\u017e bud\u00faci t\u00fd\u017ede\u0148! - OOCR\" \/>\n<meta property=\"og:description\" content=\"Srde\u010dne poz\u00fdvame v\u0161etk\u00fdch priaznivcov cyklistiky na 47. Zraz cykloturistov KST v Spi\u0161skej Novej Vsi! Viac info a report\u00e1\u017e TV Reduta v \u010dl\u00e1nku.\" \/>\n<meta property=\"og:url\" content=\"https:\/\/vraji.sk\/de\/zraz-cykloturistov-kst-v-spisskej-novej-vsi-uz-buduci-tyzden\/\" \/>\n<meta property=\"og:site_name\" content=\"OOCR\" \/>\n<meta property=\"article:published_time\" content=\"2025-08-13T14:27:42+00:00\" \/>\n<meta property=\"article:modified_time\" content=\"2025-10-02T10:20:34+00:00\" \/>\n<meta property=\"og:image\" content=\"https:\/\/vraji.sk\/wp-content\/uploads\/2025\/08\/Cyklozraz-reportaz-thumbnail.jpg\" \/>\n\t<meta property=\"og:image:width\" content=\"1920\" \/>\n\t<meta property=\"og:image:height\" content=\"1080\" \/>\n\t<meta property=\"og:image:type\" content=\"image\/jpeg\" \/>\n<meta name=\"author\" content=\"OOCR\" \/>\n<meta name=\"twitter:card\" content=\"summary_large_image\" \/>\n<meta name=\"twitter:label1\" content=\"Verfasst von\" \/>\n\t<meta name=\"twitter:data1\" content=\"OOCR\" \/>\n\t<meta name=\"twitter:label2\" content=\"Gesch\u00e4tzte Lesezeit\" \/>\n\t<meta name=\"twitter:data2\" content=\"1\u00a0Minute\" \/>\n<script type=\"application\/ld+json\" class=\"yoast-schema-graph\">{\"@context\":\"https:\\\/\\\/schema.org\",\"@graph\":[{\"@type\":\"Article\",\"@id\":\"https:\\\/\\\/vraji.sk\\\/de\\\/zraz-cykloturistov-kst-v-spisskej-novej-vsi-uz-buduci-tyzden\\\/#article\",\"isPartOf\":{\"@id\":\"https:\\\/\\\/vraji.sk\\\/de\\\/zraz-cykloturistov-kst-v-spisskej-novej-vsi-uz-buduci-tyzden\\\/\"},\"author\":{\"name\":\"OOCR\",\"@id\":\"https:\\\/\\\/vraji.sk\\\/de\\\/#\\\/schema\\\/person\\\/6ba5da72601ea4018533f90f796d4530\"},\"headline\":\"Zraz cykloturistov KST v Spi\u0161skej Novej Vsi u\u017e bud\u00faci t\u00fd\u017ede\u0148!\",\"datePublished\":\"2025-08-13T14:27:42+00:00\",\"dateModified\":\"2025-10-02T10:20:34+00:00\",\"mainEntityOfPage\":{\"@id\":\"https:\\\/\\\/vraji.sk\\\/de\\\/zraz-cykloturistov-kst-v-spisskej-novej-vsi-uz-buduci-tyzden\\\/\"},\"wordCount\":189,\"publisher\":{\"@id\":\"https:\\\/\\\/vraji.sk\\\/de\\\/#organization\"},\"image\":{\"@id\":\"https:\\\/\\\/vraji.sk\\\/de\\\/zraz-cykloturistov-kst-v-spisskej-novej-vsi-uz-buduci-tyzden\\\/#primaryimage\"},\"thumbnailUrl\":\"https:\\\/\\\/vraji.sk\\\/wp-content\\\/uploads\\\/2025\\\/08\\\/Cyklozraz-reportaz-thumbnail.jpg\",\"keywords\":[\"cyklozraz\",\"KST\"],\"articleSection\":[\"Uncategorized @sk\"],\"inLanguage\":\"de\"},{\"@type\":\"WebPage\",\"@id\":\"https:\\\/\\\/vraji.sk\\\/de\\\/zraz-cykloturistov-kst-v-spisskej-novej-vsi-uz-buduci-tyzden\\\/\",\"url\":\"https:\\\/\\\/vraji.sk\\\/de\\\/zraz-cykloturistov-kst-v-spisskej-novej-vsi-uz-buduci-tyzden\\\/\",\"name\":\"Zraz cykloturistov KST v Spi\u0161skej Novej Vsi u\u017e bud\u00faci t\u00fd\u017ede\u0148! - OOCR\",\"isPartOf\":{\"@id\":\"https:\\\/\\\/vraji.sk\\\/de\\\/#website\"},\"primaryImageOfPage\":{\"@id\":\"https:\\\/\\\/vraji.sk\\\/de\\\/zraz-cykloturistov-kst-v-spisskej-novej-vsi-uz-buduci-tyzden\\\/#primaryimage\"},\"image\":{\"@id\":\"https:\\\/\\\/vraji.sk\\\/de\\\/zraz-cykloturistov-kst-v-spisskej-novej-vsi-uz-buduci-tyzden\\\/#primaryimage\"},\"thumbnailUrl\":\"https:\\\/\\\/vraji.sk\\\/wp-content\\\/uploads\\\/2025\\\/08\\\/Cyklozraz-reportaz-thumbnail.jpg\",\"datePublished\":\"2025-08-13T14:27:42+00:00\",\"dateModified\":\"2025-10-02T10:20:34+00:00\",\"description\":\"Srde\u010dne poz\u00fdvame v\u0161etk\u00fdch priaznivcov cyklistiky na 47. Zraz cykloturistov KST v Spi\u0161skej Novej Vsi! Viac info a report\u00e1\u017e TV Reduta v \u010dl\u00e1nku.\",\"breadcrumb\":{\"@id\":\"https:\\\/\\\/vraji.sk\\\/de\\\/zraz-cykloturistov-kst-v-spisskej-novej-vsi-uz-buduci-tyzden\\\/#breadcrumb\"},\"inLanguage\":\"de\",\"potentialAction\":[{\"@type\":\"ReadAction\",\"target\":[\"https:\\\/\\\/vraji.sk\\\/de\\\/zraz-cykloturistov-kst-v-spisskej-novej-vsi-uz-buduci-tyzden\\\/\"]}]},{\"@type\":\"ImageObject\",\"inLanguage\":\"de\",\"@id\":\"https:\\\/\\\/vraji.sk\\\/de\\\/zraz-cykloturistov-kst-v-spisskej-novej-vsi-uz-buduci-tyzden\\\/#primaryimage\",\"url\":\"https:\\\/\\\/vraji.sk\\\/wp-content\\\/uploads\\\/2025\\\/08\\\/Cyklozraz-reportaz-thumbnail.jpg\",\"contentUrl\":\"https:\\\/\\\/vraji.sk\\\/wp-content\\\/uploads\\\/2025\\\/08\\\/Cyklozraz-reportaz-thumbnail.jpg\",\"width\":1920,\"height\":1080},{\"@type\":\"BreadcrumbList\",\"@id\":\"https:\\\/\\\/vraji.sk\\\/de\\\/zraz-cykloturistov-kst-v-spisskej-novej-vsi-uz-buduci-tyzden\\\/#breadcrumb\",\"itemListElement\":[{\"@type\":\"ListItem\",\"position\":1,\"name\":\"Home\",\"item\":\"https:\\\/\\\/vraji.sk\\\/de\\\/homepage\\\/\"},{\"@type\":\"ListItem\",\"position\":2,\"name\":\"Zraz cykloturistov KST v Spi\u0161skej Novej Vsi u\u017e bud\u00faci t\u00fd\u017ede\u0148!\"}]},{\"@type\":\"WebSite\",\"@id\":\"https:\\\/\\\/vraji.sk\\\/de\\\/#website\",\"url\":\"https:\\\/\\\/vraji.sk\\\/de\\\/\",\"name\":\"OOCR\",\"description\":\"Regi\u00f3n Slovensk\u00fd raj a Spi\u0161 | Z\u00e1\u017eitky, turistika, hist\u00f3ria | vRaji.sk\",\"publisher\":{\"@id\":\"https:\\\/\\\/vraji.sk\\\/de\\\/#organization\"},\"potentialAction\":[{\"@type\":\"SearchAction\",\"target\":{\"@type\":\"EntryPoint\",\"urlTemplate\":\"https:\\\/\\\/vraji.sk\\\/de\\\/?s={search_term_string}\"},\"query-input\":{\"@type\":\"PropertyValueSpecification\",\"valueRequired\":true,\"valueName\":\"search_term_string\"}}],\"inLanguage\":\"de\"},{\"@type\":\"Organization\",\"@id\":\"https:\\\/\\\/vraji.sk\\\/de\\\/#organization\",\"name\":\"OOCR\",\"url\":\"https:\\\/\\\/vraji.sk\\\/de\\\/\",\"logo\":{\"@type\":\"ImageObject\",\"inLanguage\":\"de\",\"@id\":\"https:\\\/\\\/vraji.sk\\\/de\\\/#\\\/schema\\\/logo\\\/image\\\/\",\"url\":\"https:\\\/\\\/vraji.sk\\\/wp-content\\\/uploads\\\/2021\\\/11\\\/biele-logo-1.svg\",\"contentUrl\":\"https:\\\/\\\/vraji.sk\\\/wp-content\\\/uploads\\\/2021\\\/11\\\/biele-logo-1.svg\",\"caption\":\"OOCR\"},\"image\":{\"@id\":\"https:\\\/\\\/vraji.sk\\\/de\\\/#\\\/schema\\\/logo\\\/image\\\/\"}},{\"@type\":\"Person\",\"@id\":\"https:\\\/\\\/vraji.sk\\\/de\\\/#\\\/schema\\\/person\\\/6ba5da72601ea4018533f90f796d4530\",\"name\":\"OOCR\",\"image\":{\"@type\":\"ImageObject\",\"inLanguage\":\"de\",\"@id\":\"https:\\\/\\\/secure.gravatar.com\\\/avatar\\\/254aa66d580269ab31c41bb5eb446b00d03ea31eab4a58840a0e31f2890e31c4?s=96&d=mm&r=g\",\"url\":\"https:\\\/\\\/secure.gravatar.com\\\/avatar\\\/254aa66d580269ab31c41bb5eb446b00d03ea31eab4a58840a0e31f2890e31c4?s=96&d=mm&r=g\",\"contentUrl\":\"https:\\\/\\\/secure.gravatar.com\\\/avatar\\\/254aa66d580269ab31c41bb5eb446b00d03ea31eab4a58840a0e31f2890e31c4?s=96&d=mm&r=g\",\"caption\":\"OOCR\"},\"url\":\"https:\\\/\\\/vraji.sk\\\/de\\\/author\\\/oocr-info\\\/\"}]}<\/script>\n<!-- \/ Yoast SEO plugin. -->","yoast_head_json":{"title":"Zraz cykloturistov KST v Spi\u0161skej Novej Vsi u\u017e bud\u00faci t\u00fd\u017ede\u0148! - OOCR","description":"Srde\u010dne poz\u00fdvame v\u0161etk\u00fdch priaznivcov cyklistiky na 47. Zraz cykloturistov KST v Spi\u0161skej Novej Vsi! Viac info a report\u00e1\u017e TV Reduta v \u010dl\u00e1nku.","robots":{"index":"index","follow":"follow","max-snippet":"max-snippet:-1","max-image-preview":"max-image-preview:large","max-video-preview":"max-video-preview:-1"},"canonical":"https:\/\/vraji.sk\/de\/zraz-cykloturistov-kst-v-spisskej-novej-vsi-uz-buduci-tyzden\/","og_locale":"de_DE","og_type":"article","og_title":"Zraz cykloturistov KST v Spi\u0161skej Novej Vsi u\u017e bud\u00faci t\u00fd\u017ede\u0148! - OOCR","og_description":"Srde\u010dne poz\u00fdvame v\u0161etk\u00fdch priaznivcov cyklistiky na 47. Zraz cykloturistov KST v Spi\u0161skej Novej Vsi! Viac info a report\u00e1\u017e TV Reduta v \u010dl\u00e1nku.","og_url":"https:\/\/vraji.sk\/de\/zraz-cykloturistov-kst-v-spisskej-novej-vsi-uz-buduci-tyzden\/","og_site_name":"OOCR","article_published_time":"2025-08-13T14:27:42+00:00","article_modified_time":"2025-10-02T10:20:34+00:00","og_image":[{"width":1920,"height":1080,"url":"https:\/\/vraji.sk\/wp-content\/uploads\/2025\/08\/Cyklozraz-reportaz-thumbnail.jpg","type":"image\/jpeg"}],"author":"OOCR","twitter_card":"summary_large_image","twitter_misc":{"Verfasst von":"OOCR","Gesch\u00e4tzte Lesezeit":"1\u00a0Minute"},"schema":{"@context":"https:\/\/schema.org","@graph":[{"@type":"Article","@id":"https:\/\/vraji.sk\/de\/zraz-cykloturistov-kst-v-spisskej-novej-vsi-uz-buduci-tyzden\/#article","isPartOf":{"@id":"https:\/\/vraji.sk\/de\/zraz-cykloturistov-kst-v-spisskej-novej-vsi-uz-buduci-tyzden\/"},"author":{"name":"OOCR","@id":"https:\/\/vraji.sk\/de\/#\/schema\/person\/6ba5da72601ea4018533f90f796d4530"},"headline":"Zraz cykloturistov KST v Spi\u0161skej Novej Vsi u\u017e bud\u00faci t\u00fd\u017ede\u0148!","datePublished":"2025-08-13T14:27:42+00:00","dateModified":"2025-10-02T10:20:34+00:00","mainEntityOfPage":{"@id":"https:\/\/vraji.sk\/de\/zraz-cykloturistov-kst-v-spisskej-novej-vsi-uz-buduci-tyzden\/"},"wordCount":189,"publisher":{"@id":"https:\/\/vraji.sk\/de\/#organization"},"image":{"@id":"https:\/\/vraji.sk\/de\/zraz-cykloturistov-kst-v-spisskej-novej-vsi-uz-buduci-tyzden\/#primaryimage"},"thumbnailUrl":"https:\/\/vraji.sk\/wp-content\/uploads\/2025\/08\/Cyklozraz-reportaz-thumbnail.jpg","keywords":["cyklozraz","KST"],"articleSection":["Uncategorized @sk"],"inLanguage":"de"},{"@type":"WebPage","@id":"https:\/\/vraji.sk\/de\/zraz-cykloturistov-kst-v-spisskej-novej-vsi-uz-buduci-tyzden\/","url":"https:\/\/vraji.sk\/de\/zraz-cykloturistov-kst-v-spisskej-novej-vsi-uz-buduci-tyzden\/","name":"Zraz cykloturistov KST v Spi\u0161skej Novej Vsi u\u017e bud\u00faci t\u00fd\u017ede\u0148! - OOCR","isPartOf":{"@id":"https:\/\/vraji.sk\/de\/#website"},"primaryImageOfPage":{"@id":"https:\/\/vraji.sk\/de\/zraz-cykloturistov-kst-v-spisskej-novej-vsi-uz-buduci-tyzden\/#primaryimage"},"image":{"@id":"https:\/\/vraji.sk\/de\/zraz-cykloturistov-kst-v-spisskej-novej-vsi-uz-buduci-tyzden\/#primaryimage"},"thumbnailUrl":"https:\/\/vraji.sk\/wp-content\/uploads\/2025\/08\/Cyklozraz-reportaz-thumbnail.jpg","datePublished":"2025-08-13T14:27:42+00:00","dateModified":"2025-10-02T10:20:34+00:00","description":"Srde\u010dne poz\u00fdvame v\u0161etk\u00fdch priaznivcov cyklistiky na 47. Zraz cykloturistov KST v Spi\u0161skej Novej Vsi! Viac info a report\u00e1\u017e TV Reduta v \u010dl\u00e1nku.","breadcrumb":{"@id":"https:\/\/vraji.sk\/de\/zraz-cykloturistov-kst-v-spisskej-novej-vsi-uz-buduci-tyzden\/#breadcrumb"},"inLanguage":"de","potentialAction":[{"@type":"ReadAction","target":["https:\/\/vraji.sk\/de\/zraz-cykloturistov-kst-v-spisskej-novej-vsi-uz-buduci-tyzden\/"]}]},{"@type":"ImageObject","inLanguage":"de","@id":"https:\/\/vraji.sk\/de\/zraz-cykloturistov-kst-v-spisskej-novej-vsi-uz-buduci-tyzden\/#primaryimage","url":"https:\/\/vraji.sk\/wp-content\/uploads\/2025\/08\/Cyklozraz-reportaz-thumbnail.jpg","contentUrl":"https:\/\/vraji.sk\/wp-content\/uploads\/2025\/08\/Cyklozraz-reportaz-thumbnail.jpg","width":1920,"height":1080},{"@type":"BreadcrumbList","@id":"https:\/\/vraji.sk\/de\/zraz-cykloturistov-kst-v-spisskej-novej-vsi-uz-buduci-tyzden\/#breadcrumb","itemListElement":[{"@type":"ListItem","position":1,"name":"Home","item":"https:\/\/vraji.sk\/de\/homepage\/"},{"@type":"ListItem","position":2,"name":"Zraz cykloturistov KST v Spi\u0161skej Novej Vsi u\u017e bud\u00faci t\u00fd\u017ede\u0148!"}]},{"@type":"WebSite","@id":"https:\/\/vraji.sk\/de\/#website","url":"https:\/\/vraji.sk\/de\/","name":"OOCR","description":"Regi\u00f3n Slovensk\u00fd raj a Spi\u0161 | Z\u00e1\u017eitky, turistika, hist\u00f3ria | vRaji.sk","publisher":{"@id":"https:\/\/vraji.sk\/de\/#organization"},"potentialAction":[{"@type":"SearchAction","target":{"@type":"EntryPoint","urlTemplate":"https:\/\/vraji.sk\/de\/?s={search_term_string}"},"query-input":{"@type":"PropertyValueSpecification","valueRequired":true,"valueName":"search_term_string"}}],"inLanguage":"de"},{"@type":"Organization","@id":"https:\/\/vraji.sk\/de\/#organization","name":"OOCR","url":"https:\/\/vraji.sk\/de\/","logo":{"@type":"ImageObject","inLanguage":"de","@id":"https:\/\/vraji.sk\/de\/#\/schema\/logo\/image\/","url":"https:\/\/vraji.sk\/wp-content\/uploads\/2021\/11\/biele-logo-1.svg","contentUrl":"https:\/\/vraji.sk\/wp-content\/uploads\/2021\/11\/biele-logo-1.svg","caption":"OOCR"},"image":{"@id":"https:\/\/vraji.sk\/de\/#\/schema\/logo\/image\/"}},{"@type":"Person","@id":"https:\/\/vraji.sk\/de\/#\/schema\/person\/6ba5da72601ea4018533f90f796d4530","name":"OOCR","image":{"@type":"ImageObject","inLanguage":"de","@id":"https:\/\/secure.gravatar.com\/avatar\/254aa66d580269ab31c41bb5eb446b00d03ea31eab4a58840a0e31f2890e31c4?s=96&d=mm&r=g","url":"https:\/\/secure.gravatar.com\/avatar\/254aa66d580269ab31c41bb5eb446b00d03ea31eab4a58840a0e31f2890e31c4?s=96&d=mm&r=g","contentUrl":"https:\/\/secure.gravatar.com\/avatar\/254aa66d580269ab31c41bb5eb446b00d03ea31eab4a58840a0e31f2890e31c4?s=96&d=mm&r=g","caption":"OOCR"},"url":"https:\/\/vraji.sk\/de\/author\/oocr-info\/"}]}},"_links":{"self":[{"href":"https:\/\/vraji.sk\/de\/wp-json\/wp\/v2\/posts\/19990","targetHints":{"allow":["GET"]}}],"collection":[{"href":"https:\/\/vraji.sk\/de\/wp-json\/wp\/v2\/posts"}],"about":[{"href":"https:\/\/vraji.sk\/de\/wp-json\/wp\/v2\/types\/post"}],"author":[{"embeddable":true,"href":"https:\/\/vraji.sk\/de\/wp-json\/wp\/v2\/users\/52"}],"replies":[{"embeddable":true,"href":"https:\/\/vraji.sk\/de\/wp-json\/wp\/v2\/comments?post=19990"}],"version-history":[{"count":4,"href":"https:\/\/vraji.sk\/de\/wp-json\/wp\/v2\/posts\/19990\/revisions"}],"predecessor-version":[{"id":19997,"href":"https:\/\/vraji.sk\/de\/wp-json\/wp\/v2\/posts\/19990\/revisions\/19997"}],"wp:featuredmedia":[{"embeddable":true,"href":"https:\/\/vraji.sk\/de\/wp-json\/wp\/v2\/media\/19991"}],"wp:attachment":[{"href":"https:\/\/vraji.sk\/de\/wp-json\/wp\/v2\/media?parent=19990"}],"wp:term":[{"taxonomy":"category","embeddable":true,"href":"https:\/\/vraji.sk\/de\/wp-json\/wp\/v2\/categories?post=19990"},{"taxonomy":"post_tag","embeddable":true,"href":"https:\/\/vraji.sk\/de\/wp-json\/wp\/v2\/tags?post=19990"}],"curies":[{"name":"wp","href":"https:\/\/api.w.org\/{rel}","templated":true}]}}