{"id":22815,"date":"2026-03-23T10:50:10","date_gmt":"2026-03-23T10:50:10","guid":{"rendered":"https:\/\/vraji.sk\/?p=22815"},"modified":"2026-03-24T14:53:49","modified_gmt":"2026-03-24T14:53:49","slug":"kam-za-zazitkami-cez-velku-noc-v-raji-a-na-spisi","status":"publish","type":"post","link":"https:\/\/vraji.sk\/de\/kam-za-zazitkami-cez-velku-noc-v-raji-a-na-spisi\/","title":{"rendered":"Kam za z\u00e1\u017eitkami cez Ve\u013ek\u00fa Noc v Raji a na Spi\u0161i?"},"content":{"rendered":"\n<p><strong>Ve\u013ek\u00e1 Noc v na\u0161om regi\u00f3ne Slovensk\u00fd raj a ju\u017en\u00fd Spi\u0161 u\u017e tradi\u010dne patr\u00ed nielen sviato\u010dn\u00fdm stretnutiam s rodinou a priate\u013emi, ale aj mno\u017estvu atrakt\u00edvnych kult\u00farnych podujat\u00ed. Ak h\u013ead\u00e1te in\u0161pir\u00e1ciu, kam va\u0161ich bl\u00edzkych po\u010das sviatkov zobra\u0165, prin\u00e1\u0161ame v\u00e1m tipy na zauj\u00edmav\u00e9 podujatia a akcie, ktor\u00e9 (mo\u017eno) nebudete chcie\u0165 preme\u0161ka\u0165. Viac v \u010dl\u00e1nku ni\u017e\u0161ie. Srde\u010dne poz\u00fdvame! <\/strong><\/p>\n\n\n\n<p><em>*\u010cl\u00e1nok budeme priebe\u017ene aktualizova\u0165 a dop\u013a\u0148a\u0165. <\/em><\/p>\n\n\n\n<div style=\"height:40px\" aria-hidden=\"true\" class=\"wp-block-spacer\"><\/div>\n\n\n\n<h3 class=\"wp-block-heading\">Ve\u013ek\u00e1 Noc v Ban\u00edckom m\u00fazeu v Gelnici &#8211; v\u00fdstava krasl\u00edc a dekor\u00e1ci\u00ed<\/h3>\n\n\n\n<p>Sobota 21. marca &#8211; piatok 27. marca 2026, Ban\u00edcke m\u00fazeum Gelnica<\/p>\n\n\n<div class=\"wp-block-image\">\n<figure class=\"aligncenter size-large is-resized\"><a href=\"https:\/\/www.facebook.com\/mestogelnica\/posts\/ve%C4%BEkono%C4%8Dn%C3%A1-v%C3%BDstava-v-ban%C3%ADckom-m%C3%BAzeu-u%C5%BE-t%C3%BAto-sobotu-si-m%C3%B4%C5%BEete-pr%C3%ADs%C5%A5-do-n%C3%A1%C5%A1ho-ban%C3%AD\/1385006003653709\/\" target=\"_blank\" rel=\" noreferrer noopener\"><img loading=\"lazy\" decoding=\"async\" width=\"768\" height=\"1024\" src=\"https:\/\/vraji.sk\/wp-content\/uploads\/2026\/03\/Velka-Noc-v-Banickom-muzeu-768x1024.jpg\" alt=\"\" class=\"wp-image-22816\" style=\"width:350px\" srcset=\"https:\/\/vraji.sk\/wp-content\/uploads\/2026\/03\/Velka-Noc-v-Banickom-muzeu-768x1024.jpg 768w, https:\/\/vraji.sk\/wp-content\/uploads\/2026\/03\/Velka-Noc-v-Banickom-muzeu-225x300.jpg 225w, https:\/\/vraji.sk\/wp-content\/uploads\/2026\/03\/Velka-Noc-v-Banickom-muzeu.jpg 1008w\" sizes=\"auto, (max-width: 768px) 100vw, 768px\" \/><\/a><\/figure>\n<\/div>\n\n\n<div style=\"height:40px\" aria-hidden=\"true\" class=\"wp-block-spacer\"><\/div>\n\n\n\n<h3 class=\"wp-block-heading\">Ve\u013ekono\u010dn\u00fd koncert v M\u00fazeu Spi\u0161a &#8211; Mirka Partlov\u00e1<\/h3>\n\n\n\n<p>Nede\u013ea 5. apr\u00edla 2026, 18:00 hod., letohr\u00e1dok Dardanely, Marku\u0161ovce<\/p>\n\n\n<div class=\"wp-block-image\">\n<figure class=\"aligncenter size-large is-resized\"><a href=\"https:\/\/www.muzeumspisa.com\/podujatia\/kastiel-letohradok-dardanely-v-markusovciach\/velkonocny-koncert-mirka-partlova-2026\" target=\"_blank\" rel=\" noreferrer noopener\"><img loading=\"lazy\" decoding=\"async\" width=\"725\" height=\"1024\" src=\"https:\/\/vraji.sk\/wp-content\/uploads\/2026\/03\/Velkonocny-koncert-Mirky-Partlovej-Muzeum-Spisa-725x1024.jpg\" alt=\"\" class=\"wp-image-22863\" style=\"width:350px\" srcset=\"https:\/\/vraji.sk\/wp-content\/uploads\/2026\/03\/Velkonocny-koncert-Mirky-Partlovej-Muzeum-Spisa-725x1024.jpg 725w, https:\/\/vraji.sk\/wp-content\/uploads\/2026\/03\/Velkonocny-koncert-Mirky-Partlovej-Muzeum-Spisa-212x300.jpg 212w, https:\/\/vraji.sk\/wp-content\/uploads\/2026\/03\/Velkonocny-koncert-Mirky-Partlovej-Muzeum-Spisa-768x1085.jpg 768w, https:\/\/vraji.sk\/wp-content\/uploads\/2026\/03\/Velkonocny-koncert-Mirky-Partlovej-Muzeum-Spisa-1087x1536.jpg 1087w, https:\/\/vraji.sk\/wp-content\/uploads\/2026\/03\/Velkonocny-koncert-Mirky-Partlovej-Muzeum-Spisa.jpg 1241w\" sizes=\"auto, (max-width: 725px) 100vw, 725px\" \/><\/a><\/figure>\n<\/div>\n\n\n<div style=\"height:40px\" aria-hidden=\"true\" class=\"wp-block-spacer\"><\/div>\n\n\n\n<h3 class=\"wp-block-heading\">Ve\u013ekono\u010dn\u00e1 black and white oldies party v Smi\u017eanoch<\/h3>\n\n\n\n<p>Nede\u013ea 5. apr\u00edla 2026, 17:00 &#8211; 20:00 hod. &#8211; teens party<\/p>\n\n\n\n<p>Nede\u013ea 5. apr\u00edla 2026, od 21:00 hod. &#8211; oldies party <\/p>\n\n\n<div class=\"wp-block-image\">\n<figure class=\"aligncenter size-full is-resized\"><a href=\"https:\/\/okcsmizany.sk\/blackwhite-oldies-party\/\" target=\"_blank\" rel=\" noreferrer noopener\"><img loading=\"lazy\" decoding=\"async\" width=\"800\" height=\"500\" src=\"https:\/\/vraji.sk\/wp-content\/uploads\/2026\/03\/Black-and-white-velkonocna-oldies-party-v-Smizanoch.jpg\" alt=\"\" class=\"wp-image-22831\" style=\"width:350px\" srcset=\"https:\/\/vraji.sk\/wp-content\/uploads\/2026\/03\/Black-and-white-velkonocna-oldies-party-v-Smizanoch.jpg 800w, https:\/\/vraji.sk\/wp-content\/uploads\/2026\/03\/Black-and-white-velkonocna-oldies-party-v-Smizanoch-300x188.jpg 300w, https:\/\/vraji.sk\/wp-content\/uploads\/2026\/03\/Black-and-white-velkonocna-oldies-party-v-Smizanoch-768x480.jpg 768w\" sizes=\"auto, (max-width: 800px) 100vw, 800px\" \/><\/a><\/figure>\n<\/div>\n\n\n<div style=\"height:40px\" aria-hidden=\"true\" class=\"wp-block-spacer\"><\/div>\n\n\n\n<h3 class=\"wp-block-heading\">Alex Park &#8211; otv\u00e1racie hodiny po\u010das ve\u013ekono\u010dn\u00fdch sviatkov<\/h3>\n\n\n\n<p>\u0161tvrtok 2. apr\u00edla &#8211; pondelok 6. apr\u00edla 2026, detsk\u00fd z\u00e1bavn\u00fd park Alex Park, Spi\u0161sk\u00e1 Nov\u00e1 Ves<\/p>\n\n\n<div class=\"wp-block-image\">\n<figure class=\"aligncenter size-large is-resized\"><a href=\"https:\/\/vraji.sk\/wp-content\/uploads\/2026\/03\/Alex-Park-otvaracie-hodiny-Velka-Noc.jpg\"><img loading=\"lazy\" decoding=\"async\" width=\"722\" height=\"1024\" src=\"https:\/\/vraji.sk\/wp-content\/uploads\/2026\/03\/Alex-Park-otvaracie-hodiny-Velka-Noc-722x1024.jpg\" alt=\"\" class=\"wp-image-22868\" style=\"width:350px\" srcset=\"https:\/\/vraji.sk\/wp-content\/uploads\/2026\/03\/Alex-Park-otvaracie-hodiny-Velka-Noc-722x1024.jpg 722w, https:\/\/vraji.sk\/wp-content\/uploads\/2026\/03\/Alex-Park-otvaracie-hodiny-Velka-Noc-211x300.jpg 211w, https:\/\/vraji.sk\/wp-content\/uploads\/2026\/03\/Alex-Park-otvaracie-hodiny-Velka-Noc-768x1089.jpg 768w, https:\/\/vraji.sk\/wp-content\/uploads\/2026\/03\/Alex-Park-otvaracie-hodiny-Velka-Noc-1083x1536.jpg 1083w, https:\/\/vraji.sk\/wp-content\/uploads\/2026\/03\/Alex-Park-otvaracie-hodiny-Velka-Noc.jpg 1166w\" sizes=\"auto, (max-width: 722px) 100vw, 722px\" \/><\/a><\/figure>\n<\/div>\n\n\n<div style=\"height:40px\" aria-hidden=\"true\" class=\"wp-block-spacer\"><\/div>\n\n\n\n<h3 class=\"wp-block-heading\">Otvorenie 36. sez\u00f3ny v ZOO Spi\u0161sk\u00e1 Nov\u00e1 Ves a nov\u00e9ho chovn\u00e9ho zariadenia pre leva<\/h3>\n\n\n\n<p>Streda 1. apr\u00edla 2026, 15:00 hod., Zoologick\u00e1 z\u00e1hrada v Spi\u0161skej Novej Vsi<\/p>\n\n\n<div class=\"wp-block-image\">\n<figure class=\"aligncenter size-full is-resized\"><a href=\"https:\/\/vraji.sk\/wp-content\/uploads\/2026\/03\/ZOO-Slavnostne-otvorenie-chovneho-zariadenia-pre-leva.png\" target=\"_blank\" rel=\" noreferrer noopener\"><img loading=\"lazy\" decoding=\"async\" width=\"822\" height=\"343\" src=\"https:\/\/vraji.sk\/wp-content\/uploads\/2026\/03\/ZOO-Slavnostne-otvorenie-chovneho-zariadenia-pre-leva.png\" alt=\"\" class=\"wp-image-22885\" style=\"width:350px\" srcset=\"https:\/\/vraji.sk\/wp-content\/uploads\/2026\/03\/ZOO-Slavnostne-otvorenie-chovneho-zariadenia-pre-leva.png 822w, https:\/\/vraji.sk\/wp-content\/uploads\/2026\/03\/ZOO-Slavnostne-otvorenie-chovneho-zariadenia-pre-leva-300x125.png 300w, https:\/\/vraji.sk\/wp-content\/uploads\/2026\/03\/ZOO-Slavnostne-otvorenie-chovneho-zariadenia-pre-leva-768x320.png 768w\" sizes=\"auto, (max-width: 822px) 100vw, 822px\" \/><\/a><\/figure>\n<\/div>\n\n\n<div style=\"height:40px\" aria-hidden=\"true\" class=\"wp-block-spacer\"><\/div>\n\n\n\n<h3 class=\"wp-block-heading\">Ve\u013ekono\u010dn\u00fd relax v Hoteli Metropol****<\/h3>\n\n\n\n<p>\u0160peci\u00e1lny zv\u00fdhodnen\u00fd ve\u013ekono\u010dn\u00fd pobytov\u00fd bal\u00edk pre host\u00ed Hotela Metropol**** v Spi\u0161skej Novej Vsi. <strong><a href=\"https:\/\/www.hotelmetropol.sk\/velkonocny-balik\/\">Viac inform\u00e1ci\u00ed TU<\/a><\/strong>. <\/p>\n\n\n<div class=\"wp-block-image\">\n<figure class=\"aligncenter size-large is-resized\"><a href=\"https:\/\/www.hotelmetropol.sk\/velkonocny-balik\/\" target=\"_blank\" rel=\" noreferrer noopener\"><img loading=\"lazy\" decoding=\"async\" width=\"1024\" height=\"1024\" src=\"https:\/\/vraji.sk\/wp-content\/uploads\/2026\/03\/Velka-Noc-v-Hoteli-Metropol-1024x1024.jpg\" alt=\"\" class=\"wp-image-22879\" style=\"width:350px\" srcset=\"https:\/\/vraji.sk\/wp-content\/uploads\/2026\/03\/Velka-Noc-v-Hoteli-Metropol-1024x1024.jpg 1024w, https:\/\/vraji.sk\/wp-content\/uploads\/2026\/03\/Velka-Noc-v-Hoteli-Metropol-300x300.jpg 300w, https:\/\/vraji.sk\/wp-content\/uploads\/2026\/03\/Velka-Noc-v-Hoteli-Metropol-150x150.jpg 150w, https:\/\/vraji.sk\/wp-content\/uploads\/2026\/03\/Velka-Noc-v-Hoteli-Metropol-768x768.jpg 768w, https:\/\/vraji.sk\/wp-content\/uploads\/2026\/03\/Velka-Noc-v-Hoteli-Metropol.jpg 1080w\" sizes=\"auto, (max-width: 1024px) 100vw, 1024px\" \/><\/a><\/figure>\n<\/div>\n\n\n<div style=\"height:40px\" aria-hidden=\"true\" class=\"wp-block-spacer\"><\/div>\n\n\n\n<h3 class=\"wp-block-heading\">Ve\u013ekono\u010dn\u00fd anima\u010dn\u00fd program pre ubytovan\u00fdch host\u00ed vo Wellness Hoteli \u010cingov<\/h3>\n\n\n\n<p>Piatok 3. apr\u00edla 2026 &#8211; nede\u013ea 5. apr\u00edla 2026, 18:00 &#8211; 20:00 hod., Wellness Hotel \u010cingov<\/p>\n\n\n<div class=\"wp-block-image\">\n<figure class=\"aligncenter size-full is-resized\"><a href=\"https:\/\/www.instagram.com\/p\/DWGi24piY38\/\" target=\"_blank\" rel=\" noreferrer noopener\"><img loading=\"lazy\" decoding=\"async\" width=\"848\" height=\"850\" src=\"https:\/\/vraji.sk\/wp-content\/uploads\/2026\/03\/Velkonocny-animacny-program-vo-Wellness-Hoteli-Cingov.jpg\" alt=\"\" class=\"wp-image-22836\" style=\"width:350px\" srcset=\"https:\/\/vraji.sk\/wp-content\/uploads\/2026\/03\/Velkonocny-animacny-program-vo-Wellness-Hoteli-Cingov.jpg 848w, https:\/\/vraji.sk\/wp-content\/uploads\/2026\/03\/Velkonocny-animacny-program-vo-Wellness-Hoteli-Cingov-300x300.jpg 300w, https:\/\/vraji.sk\/wp-content\/uploads\/2026\/03\/Velkonocny-animacny-program-vo-Wellness-Hoteli-Cingov-150x150.jpg 150w, https:\/\/vraji.sk\/wp-content\/uploads\/2026\/03\/Velkonocny-animacny-program-vo-Wellness-Hoteli-Cingov-768x770.jpg 768w\" sizes=\"auto, (max-width: 848px) 100vw, 848px\" \/><\/a><\/figure>\n<\/div>\n\n\n<div style=\"height:40px\" aria-hidden=\"true\" class=\"wp-block-spacer\"><\/div>\n\n\n\n<h3 class=\"wp-block-heading\">Ve\u013ekono\u010dn\u00e1 kolekcia, Domovina Hodkovce<\/h3>\n\n\n\n<p>R\u00f4zne druhy atrakt\u00edvnych remeseln\u00fdch v\u00fdrobkov si m\u00f4\u017eete zak\u00fapi\u0165 v chr\u00e1nenej dielni na \u0160af\u00e1rikovom n\u00e1mest\u00ed na S\u00eddlisku Mier v Spi\u0161skej Novej Vsi (ved\u013ea po\u0161ty), alebo v are\u00e1li ka\u0161tie\u013ea Hodkovce &#8211; Domovina.<\/p>\n\n\n<div class=\"wp-block-image\">\n<figure class=\"aligncenter size-full is-resized\"><a href=\"https:\/\/www.instagram.com\/domovina_hodkovce\/p\/DWCfNN_CNHH\/\" target=\"_blank\" rel=\" noreferrer noopener\"><img loading=\"lazy\" decoding=\"async\" width=\"556\" height=\"745\" src=\"https:\/\/vraji.sk\/wp-content\/uploads\/2026\/03\/Velkonocna-kolekcia-Domovina-Hodkovce.jpg\" alt=\"\" class=\"wp-image-22841\" style=\"width:350px\" srcset=\"https:\/\/vraji.sk\/wp-content\/uploads\/2026\/03\/Velkonocna-kolekcia-Domovina-Hodkovce.jpg 556w, https:\/\/vraji.sk\/wp-content\/uploads\/2026\/03\/Velkonocna-kolekcia-Domovina-Hodkovce-224x300.jpg 224w\" sizes=\"auto, (max-width: 556px) 100vw, 556px\" \/><\/a><\/figure>\n<\/div>\n\n\n<div style=\"height:40px\" aria-hidden=\"true\" class=\"wp-block-spacer\"><\/div>\n\n\n\n<h3 class=\"wp-block-heading\">Ve\u013ekono\u010dn\u00e1 zab\u00edja\u010dka so \u017eivou hudbou na Ran\u010di pod Ostrou skalou<\/h3>\n\n\n\n<p>Sobota 4. apr\u00edla 2026, od 10:00 hod., Ran\u010d pod Ostrou skalou <\/p>\n\n\n<div class=\"wp-block-image\">\n<figure class=\"aligncenter size-full is-resized\"><a href=\"https:\/\/www.facebook.com\/RancpodOstrouskalou\/posts\/pfbid0ZRF7VRVdEQ93XJxrbBrmnDUQUykPBpjDrjqRnPRvnVAgvn66XsBPHvQeir8fG2UHl\" target=\"_blank\" rel=\" noreferrer noopener\"><img loading=\"lazy\" decoding=\"async\" width=\"598\" height=\"745\" src=\"https:\/\/vraji.sk\/wp-content\/uploads\/2026\/03\/Velkonocna-zabijacka-na-Ranci-pod-Ostrou-skalou.jpg\" alt=\"\" class=\"wp-image-22821\" style=\"width:350px\" srcset=\"https:\/\/vraji.sk\/wp-content\/uploads\/2026\/03\/Velkonocna-zabijacka-na-Ranci-pod-Ostrou-skalou.jpg 598w, https:\/\/vraji.sk\/wp-content\/uploads\/2026\/03\/Velkonocna-zabijacka-na-Ranci-pod-Ostrou-skalou-241x300.jpg 241w\" sizes=\"auto, (max-width: 598px) 100vw, 598px\" \/><\/a><\/figure>\n<\/div>\n\n\n<h3 class=\"wp-block-heading\">Ve\u013ekono\u010dn\u00e1 otv\u00e1racia jazda Smi\u017eianskeho veter\u00e1n klubu<\/h3>\n\n\n\n<p>Nede\u013ea 5. apr\u00edla 2026, od 9:10 hod., Spi\u0161sk\u00e1 Nov\u00e1 Ves a Levo\u010da<\/p>\n\n\n<div class=\"wp-block-image\">\n<figure class=\"aligncenter size-large is-resized\"><a href=\"https:\/\/www.facebook.com\/photo\/?fbid=26923726413879511&amp;set=gm.1690761462306282&amp;idorvanity=357425152306593\" target=\"_blank\" rel=\" noreferrer noopener\"><img loading=\"lazy\" decoding=\"async\" width=\"683\" height=\"1024\" src=\"https:\/\/vraji.sk\/wp-content\/uploads\/2026\/03\/Velkonocna-otvaracia-jazda-Smiziansky-veteran-klub-683x1024.jpg\" alt=\"\" class=\"wp-image-22826\" style=\"width:350px\" srcset=\"https:\/\/vraji.sk\/wp-content\/uploads\/2026\/03\/Velkonocna-otvaracia-jazda-Smiziansky-veteran-klub-683x1024.jpg 683w, https:\/\/vraji.sk\/wp-content\/uploads\/2026\/03\/Velkonocna-otvaracia-jazda-Smiziansky-veteran-klub-200x300.jpg 200w, https:\/\/vraji.sk\/wp-content\/uploads\/2026\/03\/Velkonocna-otvaracia-jazda-Smiziansky-veteran-klub-768x1152.jpg 768w, https:\/\/vraji.sk\/wp-content\/uploads\/2026\/03\/Velkonocna-otvaracia-jazda-Smiziansky-veteran-klub.jpg 843w\" sizes=\"auto, (max-width: 683px) 100vw, 683px\" \/><\/a><\/figure>\n<\/div>\n\n\n<div style=\"height:40px\" aria-hidden=\"true\" class=\"wp-block-spacer\"><\/div>\n\n\n\n<h3 class=\"wp-block-heading\">Bistro u Rysa v ZOO Spi\u0161sk\u00e1 Nov\u00e1 Ves otvoren\u00e9<\/h3>\n\n\n\n<p>U\u017e od stredy 1. apr\u00edla 2026, 10:00 hod., v ZOO Spi\u0161sk\u00e1 Nov\u00e1 Ves<\/p>\n\n\n<div class=\"wp-block-image\">\n<figure class=\"aligncenter size-large is-resized\"><a href=\"https:\/\/www.facebook.com\/photo?fbid=122302395740202794&amp;set=a.122108652596202794\" target=\"_blank\" rel=\" noreferrer noopener\"><img loading=\"lazy\" decoding=\"async\" width=\"819\" height=\"1024\" src=\"https:\/\/vraji.sk\/wp-content\/uploads\/2026\/03\/Bistro-u-Rysa-ZOO-otvorene-819x1024.jpg\" alt=\"\" class=\"wp-image-22846\" style=\"width:350px\" srcset=\"https:\/\/vraji.sk\/wp-content\/uploads\/2026\/03\/Bistro-u-Rysa-ZOO-otvorene-819x1024.jpg 819w, https:\/\/vraji.sk\/wp-content\/uploads\/2026\/03\/Bistro-u-Rysa-ZOO-otvorene-240x300.jpg 240w, https:\/\/vraji.sk\/wp-content\/uploads\/2026\/03\/Bistro-u-Rysa-ZOO-otvorene-768x960.jpg 768w, https:\/\/vraji.sk\/wp-content\/uploads\/2026\/03\/Bistro-u-Rysa-ZOO-otvorene.jpg 1080w\" sizes=\"auto, (max-width: 819px) 100vw, 819px\" \/><\/a><\/figure>\n<\/div>\n\n\n<div style=\"height:40px\" aria-hidden=\"true\" class=\"wp-block-spacer\"><\/div>\n\n\n\n<h3 class=\"wp-block-heading\">Spi\u0161sk\u00fd hrad &#8211; otv\u00e1racie hodiny po\u010das Ve\u013ekej Noci<\/h3>\n\n\n\n<p>Horn\u00e9 a doln\u00e9 n\u00e1dvorie Spi\u0161sk\u00e9ho hradu bude pre n\u00e1v\u0161tevn\u00edkov po\u010das Ve\u013ekej Noci otvoren\u00e9 ka\u017ed\u00fd de\u0148 od 9:00 do 18:00 hod.<\/p>\n\n\n<div class=\"wp-block-image\">\n<figure class=\"aligncenter size-large is-resized\"><img loading=\"lazy\" decoding=\"async\" width=\"819\" height=\"1024\" src=\"https:\/\/vraji.sk\/wp-content\/uploads\/2026\/03\/Spissky-hrad-otvaracie-hodiny-pocas-Velkej-Noci-819x1024.jpg\" alt=\"\" class=\"wp-image-22851\" style=\"width:360px\" srcset=\"https:\/\/vraji.sk\/wp-content\/uploads\/2026\/03\/Spissky-hrad-otvaracie-hodiny-pocas-Velkej-Noci-819x1024.jpg 819w, https:\/\/vraji.sk\/wp-content\/uploads\/2026\/03\/Spissky-hrad-otvaracie-hodiny-pocas-Velkej-Noci-240x300.jpg 240w, https:\/\/vraji.sk\/wp-content\/uploads\/2026\/03\/Spissky-hrad-otvaracie-hodiny-pocas-Velkej-Noci-768x960.jpg 768w, https:\/\/vraji.sk\/wp-content\/uploads\/2026\/03\/Spissky-hrad-otvaracie-hodiny-pocas-Velkej-Noci-1229x1536.jpg 1229w, https:\/\/vraji.sk\/wp-content\/uploads\/2026\/03\/Spissky-hrad-otvaracie-hodiny-pocas-Velkej-Noci.jpg 1536w\" sizes=\"auto, (max-width: 819px) 100vw, 819px\" \/><\/figure>\n<\/div>\n\n\n<div style=\"height:40px\" aria-hidden=\"true\" class=\"wp-block-spacer\"><\/div>\n\n\n\n<h3 class=\"wp-block-heading\">Ve\u013ek\u00e1 Noc v Hoteli Roklina v Slovenskom raji &#8211; pred\u013a\u017een\u00fd pobyt na 4 noci za cenu 3!<\/h3>\n\n\n\n<p>Osl\u00e1vte Ve\u013ek\u00fa noc v srdci Slovensk\u00e9ho raja a doprajte si zasl\u00fa\u017een\u00fd oddych!<\/p>\n\n\n\n<p><br><strong>Bal\u00ed\u010dek zah\u0155\u0148a:<\/strong><\/p>\n\n\n\n<ul class=\"wp-block-list\">\n<li>vo\u013en\u00fd vstup do wellness po\u010das pobytu<\/li>\n\n\n\n<li>komfortn\u00e9 ubytovanie<\/li>\n\n\n\n<li>polpenziu<\/li>\n\n\n\n<li>detsk\u00fd t\u00e9matick\u00fd program<\/li>\n<\/ul>\n\n\n<div class=\"wp-block-image\">\n<figure class=\"aligncenter size-full is-resized\"><a href=\"https:\/\/hotelroklina.sk\/sk\" target=\"_blank\" rel=\" noreferrer noopener\"><img loading=\"lazy\" decoding=\"async\" width=\"500\" height=\"261\" src=\"https:\/\/vraji.sk\/wp-content\/uploads\/2026\/03\/Velka-Noc-v-Hoteli-Roklina.jpg\" alt=\"\" class=\"wp-image-22873\" style=\"width:350px\" srcset=\"https:\/\/vraji.sk\/wp-content\/uploads\/2026\/03\/Velka-Noc-v-Hoteli-Roklina.jpg 500w, https:\/\/vraji.sk\/wp-content\/uploads\/2026\/03\/Velka-Noc-v-Hoteli-Roklina-300x157.jpg 300w\" sizes=\"auto, (max-width: 500px) 100vw, 500px\" \/><\/a><\/figure>\n<\/div>\n\n\n<p><\/p>\n","protected":false},"excerpt":{"rendered":"<p>Ve\u013ek\u00e1 Noc v na\u0161om regi\u00f3ne Slovensk\u00fd raj a ju\u017en\u00fd Spi\u0161 u\u017e tradi\u010dne patr\u00ed nielen sviato\u010dn\u00fd<\/p>\n","protected":false},"author":52,"featured_media":22856,"comment_status":"closed","ping_status":"open","sticky":false,"template":"","format":"standard","meta":{"_acf_changed":false,"footnotes":""},"categories":[1],"tags":[97,98,107],"class_list":["post-22815","post","type-post","status-publish","format-standard","has-post-thumbnail","hentry","category-uncategorized-sk","tag-slovensky-raj","tag-spis","tag-velka-noc"],"acf":[],"yoast_head":"<!-- This site is optimized with the Yoast SEO plugin v27.4 - https:\/\/yoast.com\/product\/yoast-seo-wordpress\/ -->\n<title>Kam za z\u00e1\u017eitkami cez Ve\u013ek\u00fa Noc v Raji a na Spi\u0161i? - OOCR<\/title>\n<meta name=\"description\" content=\"U\u017eite si ve\u013ekono\u010dn\u00e9 sviatky 2026 s va\u0161imi bl\u00edzkymi naplno a nav\u0161t\u00edvite tie NAJ kult\u00farne podujatia v Slovenskom raji a na Spi\u0161i! Viac v \u010dl\u00e1nku\" \/>\n<meta name=\"robots\" content=\"index, follow, max-snippet:-1, max-image-preview:large, max-video-preview:-1\" \/>\n<link rel=\"canonical\" href=\"https:\/\/vraji.sk\/de\/kam-za-zazitkami-cez-velku-noc-v-raji-a-na-spisi\/\" \/>\n<meta property=\"og:locale\" content=\"de_DE\" \/>\n<meta property=\"og:type\" content=\"article\" \/>\n<meta property=\"og:title\" content=\"Kam za z\u00e1\u017eitkami cez Ve\u013ek\u00fa Noc v Raji a na Spi\u0161i? - OOCR\" \/>\n<meta property=\"og:description\" content=\"U\u017eite si ve\u013ekono\u010dn\u00e9 sviatky 2026 s va\u0161imi bl\u00edzkymi naplno a nav\u0161t\u00edvite tie NAJ kult\u00farne podujatia v Slovenskom raji a na Spi\u0161i! Viac v \u010dl\u00e1nku\" \/>\n<meta property=\"og:url\" content=\"https:\/\/vraji.sk\/de\/kam-za-zazitkami-cez-velku-noc-v-raji-a-na-spisi\/\" \/>\n<meta property=\"og:site_name\" content=\"OOCR\" \/>\n<meta property=\"article:published_time\" content=\"2026-03-23T10:50:10+00:00\" \/>\n<meta property=\"article:modified_time\" content=\"2026-03-24T14:53:49+00:00\" \/>\n<meta property=\"og:image\" content=\"https:\/\/vraji.sk\/wp-content\/uploads\/2026\/03\/Ilustracny-obrazok.png\" \/>\n\t<meta property=\"og:image:width\" content=\"1536\" \/>\n\t<meta property=\"og:image:height\" content=\"1024\" \/>\n\t<meta property=\"og:image:type\" content=\"image\/png\" \/>\n<meta name=\"author\" content=\"OOCR\" \/>\n<meta name=\"twitter:card\" content=\"summary_large_image\" \/>\n<meta name=\"twitter:label1\" content=\"Verfasst von\" \/>\n\t<meta name=\"twitter:data1\" content=\"OOCR\" \/>\n\t<meta name=\"twitter:label2\" content=\"Gesch\u00e4tzte Lesezeit\" \/>\n\t<meta name=\"twitter:data2\" content=\"5\u00a0Minuten\" \/>\n<script type=\"application\/ld+json\" class=\"yoast-schema-graph\">{\"@context\":\"https:\\\/\\\/schema.org\",\"@graph\":[{\"@type\":\"Article\",\"@id\":\"https:\\\/\\\/vraji.sk\\\/de\\\/kam-za-zazitkami-cez-velku-noc-v-raji-a-na-spisi\\\/#article\",\"isPartOf\":{\"@id\":\"https:\\\/\\\/vraji.sk\\\/de\\\/kam-za-zazitkami-cez-velku-noc-v-raji-a-na-spisi\\\/\"},\"author\":{\"name\":\"OOCR\",\"@id\":\"https:\\\/\\\/vraji.sk\\\/de\\\/#\\\/schema\\\/person\\\/6ba5da72601ea4018533f90f796d4530\"},\"headline\":\"Kam za z\u00e1\u017eitkami cez Ve\u013ek\u00fa Noc v Raji a na Spi\u0161i?\",\"datePublished\":\"2026-03-23T10:50:10+00:00\",\"dateModified\":\"2026-03-24T14:53:49+00:00\",\"mainEntityOfPage\":{\"@id\":\"https:\\\/\\\/vraji.sk\\\/de\\\/kam-za-zazitkami-cez-velku-noc-v-raji-a-na-spisi\\\/\"},\"wordCount\":512,\"publisher\":{\"@id\":\"https:\\\/\\\/vraji.sk\\\/de\\\/#organization\"},\"image\":{\"@id\":\"https:\\\/\\\/vraji.sk\\\/de\\\/kam-za-zazitkami-cez-velku-noc-v-raji-a-na-spisi\\\/#primaryimage\"},\"thumbnailUrl\":\"https:\\\/\\\/vraji.sk\\\/wp-content\\\/uploads\\\/2026\\\/03\\\/Ilustracny-obrazok.png\",\"keywords\":[\"Slovensk\u00fd raj\",\"Spi\u0161\",\"Ve\u013ek\u00e1 Noc\"],\"articleSection\":[\"Uncategorized @sk\"],\"inLanguage\":\"de\"},{\"@type\":\"WebPage\",\"@id\":\"https:\\\/\\\/vraji.sk\\\/de\\\/kam-za-zazitkami-cez-velku-noc-v-raji-a-na-spisi\\\/\",\"url\":\"https:\\\/\\\/vraji.sk\\\/de\\\/kam-za-zazitkami-cez-velku-noc-v-raji-a-na-spisi\\\/\",\"name\":\"Kam za z\u00e1\u017eitkami cez Ve\u013ek\u00fa Noc v Raji a na Spi\u0161i? - OOCR\",\"isPartOf\":{\"@id\":\"https:\\\/\\\/vraji.sk\\\/de\\\/#website\"},\"primaryImageOfPage\":{\"@id\":\"https:\\\/\\\/vraji.sk\\\/de\\\/kam-za-zazitkami-cez-velku-noc-v-raji-a-na-spisi\\\/#primaryimage\"},\"image\":{\"@id\":\"https:\\\/\\\/vraji.sk\\\/de\\\/kam-za-zazitkami-cez-velku-noc-v-raji-a-na-spisi\\\/#primaryimage\"},\"thumbnailUrl\":\"https:\\\/\\\/vraji.sk\\\/wp-content\\\/uploads\\\/2026\\\/03\\\/Ilustracny-obrazok.png\",\"datePublished\":\"2026-03-23T10:50:10+00:00\",\"dateModified\":\"2026-03-24T14:53:49+00:00\",\"description\":\"U\u017eite si ve\u013ekono\u010dn\u00e9 sviatky 2026 s va\u0161imi bl\u00edzkymi naplno a nav\u0161t\u00edvite tie NAJ kult\u00farne podujatia v Slovenskom raji a na Spi\u0161i! Viac v \u010dl\u00e1nku\",\"breadcrumb\":{\"@id\":\"https:\\\/\\\/vraji.sk\\\/de\\\/kam-za-zazitkami-cez-velku-noc-v-raji-a-na-spisi\\\/#breadcrumb\"},\"inLanguage\":\"de\",\"potentialAction\":[{\"@type\":\"ReadAction\",\"target\":[\"https:\\\/\\\/vraji.sk\\\/de\\\/kam-za-zazitkami-cez-velku-noc-v-raji-a-na-spisi\\\/\"]}]},{\"@type\":\"ImageObject\",\"inLanguage\":\"de\",\"@id\":\"https:\\\/\\\/vraji.sk\\\/de\\\/kam-za-zazitkami-cez-velku-noc-v-raji-a-na-spisi\\\/#primaryimage\",\"url\":\"https:\\\/\\\/vraji.sk\\\/wp-content\\\/uploads\\\/2026\\\/03\\\/Ilustracny-obrazok.png\",\"contentUrl\":\"https:\\\/\\\/vraji.sk\\\/wp-content\\\/uploads\\\/2026\\\/03\\\/Ilustracny-obrazok.png\",\"width\":1536,\"height\":1024},{\"@type\":\"BreadcrumbList\",\"@id\":\"https:\\\/\\\/vraji.sk\\\/de\\\/kam-za-zazitkami-cez-velku-noc-v-raji-a-na-spisi\\\/#breadcrumb\",\"itemListElement\":[{\"@type\":\"ListItem\",\"position\":1,\"name\":\"Home\",\"item\":\"https:\\\/\\\/vraji.sk\\\/de\\\/homepage\\\/\"},{\"@type\":\"ListItem\",\"position\":2,\"name\":\"Kam za z\u00e1\u017eitkami cez Ve\u013ek\u00fa Noc v Raji a na Spi\u0161i?\"}]},{\"@type\":\"WebSite\",\"@id\":\"https:\\\/\\\/vraji.sk\\\/de\\\/#website\",\"url\":\"https:\\\/\\\/vraji.sk\\\/de\\\/\",\"name\":\"OOCR\",\"description\":\"Regi\u00f3n Slovensk\u00fd raj a Spi\u0161 | Z\u00e1\u017eitky, turistika, hist\u00f3ria | vRaji.sk\",\"publisher\":{\"@id\":\"https:\\\/\\\/vraji.sk\\\/de\\\/#organization\"},\"potentialAction\":[{\"@type\":\"SearchAction\",\"target\":{\"@type\":\"EntryPoint\",\"urlTemplate\":\"https:\\\/\\\/vraji.sk\\\/de\\\/?s={search_term_string}\"},\"query-input\":{\"@type\":\"PropertyValueSpecification\",\"valueRequired\":true,\"valueName\":\"search_term_string\"}}],\"inLanguage\":\"de\"},{\"@type\":\"Organization\",\"@id\":\"https:\\\/\\\/vraji.sk\\\/de\\\/#organization\",\"name\":\"OOCR\",\"url\":\"https:\\\/\\\/vraji.sk\\\/de\\\/\",\"logo\":{\"@type\":\"ImageObject\",\"inLanguage\":\"de\",\"@id\":\"https:\\\/\\\/vraji.sk\\\/de\\\/#\\\/schema\\\/logo\\\/image\\\/\",\"url\":\"https:\\\/\\\/vraji.sk\\\/wp-content\\\/uploads\\\/2021\\\/11\\\/biele-logo-1.svg\",\"contentUrl\":\"https:\\\/\\\/vraji.sk\\\/wp-content\\\/uploads\\\/2021\\\/11\\\/biele-logo-1.svg\",\"caption\":\"OOCR\"},\"image\":{\"@id\":\"https:\\\/\\\/vraji.sk\\\/de\\\/#\\\/schema\\\/logo\\\/image\\\/\"}},{\"@type\":\"Person\",\"@id\":\"https:\\\/\\\/vraji.sk\\\/de\\\/#\\\/schema\\\/person\\\/6ba5da72601ea4018533f90f796d4530\",\"name\":\"OOCR\",\"image\":{\"@type\":\"ImageObject\",\"inLanguage\":\"de\",\"@id\":\"https:\\\/\\\/secure.gravatar.com\\\/avatar\\\/254aa66d580269ab31c41bb5eb446b00d03ea31eab4a58840a0e31f2890e31c4?s=96&d=mm&r=g\",\"url\":\"https:\\\/\\\/secure.gravatar.com\\\/avatar\\\/254aa66d580269ab31c41bb5eb446b00d03ea31eab4a58840a0e31f2890e31c4?s=96&d=mm&r=g\",\"contentUrl\":\"https:\\\/\\\/secure.gravatar.com\\\/avatar\\\/254aa66d580269ab31c41bb5eb446b00d03ea31eab4a58840a0e31f2890e31c4?s=96&d=mm&r=g\",\"caption\":\"OOCR\"},\"url\":\"https:\\\/\\\/vraji.sk\\\/de\\\/author\\\/oocr-info\\\/\"}]}<\/script>\n<!-- \/ Yoast SEO plugin. -->","yoast_head_json":{"title":"Kam za z\u00e1\u017eitkami cez Ve\u013ek\u00fa Noc v Raji a na Spi\u0161i? - OOCR","description":"U\u017eite si ve\u013ekono\u010dn\u00e9 sviatky 2026 s va\u0161imi bl\u00edzkymi naplno a nav\u0161t\u00edvite tie NAJ kult\u00farne podujatia v Slovenskom raji a na Spi\u0161i! Viac v \u010dl\u00e1nku","robots":{"index":"index","follow":"follow","max-snippet":"max-snippet:-1","max-image-preview":"max-image-preview:large","max-video-preview":"max-video-preview:-1"},"canonical":"https:\/\/vraji.sk\/de\/kam-za-zazitkami-cez-velku-noc-v-raji-a-na-spisi\/","og_locale":"de_DE","og_type":"article","og_title":"Kam za z\u00e1\u017eitkami cez Ve\u013ek\u00fa Noc v Raji a na Spi\u0161i? - OOCR","og_description":"U\u017eite si ve\u013ekono\u010dn\u00e9 sviatky 2026 s va\u0161imi bl\u00edzkymi naplno a nav\u0161t\u00edvite tie NAJ kult\u00farne podujatia v Slovenskom raji a na Spi\u0161i! Viac v \u010dl\u00e1nku","og_url":"https:\/\/vraji.sk\/de\/kam-za-zazitkami-cez-velku-noc-v-raji-a-na-spisi\/","og_site_name":"OOCR","article_published_time":"2026-03-23T10:50:10+00:00","article_modified_time":"2026-03-24T14:53:49+00:00","og_image":[{"width":1536,"height":1024,"url":"https:\/\/vraji.sk\/wp-content\/uploads\/2026\/03\/Ilustracny-obrazok.png","type":"image\/png"}],"author":"OOCR","twitter_card":"summary_large_image","twitter_misc":{"Verfasst von":"OOCR","Gesch\u00e4tzte Lesezeit":"5\u00a0Minuten"},"schema":{"@context":"https:\/\/schema.org","@graph":[{"@type":"Article","@id":"https:\/\/vraji.sk\/de\/kam-za-zazitkami-cez-velku-noc-v-raji-a-na-spisi\/#article","isPartOf":{"@id":"https:\/\/vraji.sk\/de\/kam-za-zazitkami-cez-velku-noc-v-raji-a-na-spisi\/"},"author":{"name":"OOCR","@id":"https:\/\/vraji.sk\/de\/#\/schema\/person\/6ba5da72601ea4018533f90f796d4530"},"headline":"Kam za z\u00e1\u017eitkami cez Ve\u013ek\u00fa Noc v Raji a na Spi\u0161i?","datePublished":"2026-03-23T10:50:10+00:00","dateModified":"2026-03-24T14:53:49+00:00","mainEntityOfPage":{"@id":"https:\/\/vraji.sk\/de\/kam-za-zazitkami-cez-velku-noc-v-raji-a-na-spisi\/"},"wordCount":512,"publisher":{"@id":"https:\/\/vraji.sk\/de\/#organization"},"image":{"@id":"https:\/\/vraji.sk\/de\/kam-za-zazitkami-cez-velku-noc-v-raji-a-na-spisi\/#primaryimage"},"thumbnailUrl":"https:\/\/vraji.sk\/wp-content\/uploads\/2026\/03\/Ilustracny-obrazok.png","keywords":["Slovensk\u00fd raj","Spi\u0161","Ve\u013ek\u00e1 Noc"],"articleSection":["Uncategorized @sk"],"inLanguage":"de"},{"@type":"WebPage","@id":"https:\/\/vraji.sk\/de\/kam-za-zazitkami-cez-velku-noc-v-raji-a-na-spisi\/","url":"https:\/\/vraji.sk\/de\/kam-za-zazitkami-cez-velku-noc-v-raji-a-na-spisi\/","name":"Kam za z\u00e1\u017eitkami cez Ve\u013ek\u00fa Noc v Raji a na Spi\u0161i? - OOCR","isPartOf":{"@id":"https:\/\/vraji.sk\/de\/#website"},"primaryImageOfPage":{"@id":"https:\/\/vraji.sk\/de\/kam-za-zazitkami-cez-velku-noc-v-raji-a-na-spisi\/#primaryimage"},"image":{"@id":"https:\/\/vraji.sk\/de\/kam-za-zazitkami-cez-velku-noc-v-raji-a-na-spisi\/#primaryimage"},"thumbnailUrl":"https:\/\/vraji.sk\/wp-content\/uploads\/2026\/03\/Ilustracny-obrazok.png","datePublished":"2026-03-23T10:50:10+00:00","dateModified":"2026-03-24T14:53:49+00:00","description":"U\u017eite si ve\u013ekono\u010dn\u00e9 sviatky 2026 s va\u0161imi bl\u00edzkymi naplno a nav\u0161t\u00edvite tie NAJ kult\u00farne podujatia v Slovenskom raji a na Spi\u0161i! Viac v \u010dl\u00e1nku","breadcrumb":{"@id":"https:\/\/vraji.sk\/de\/kam-za-zazitkami-cez-velku-noc-v-raji-a-na-spisi\/#breadcrumb"},"inLanguage":"de","potentialAction":[{"@type":"ReadAction","target":["https:\/\/vraji.sk\/de\/kam-za-zazitkami-cez-velku-noc-v-raji-a-na-spisi\/"]}]},{"@type":"ImageObject","inLanguage":"de","@id":"https:\/\/vraji.sk\/de\/kam-za-zazitkami-cez-velku-noc-v-raji-a-na-spisi\/#primaryimage","url":"https:\/\/vraji.sk\/wp-content\/uploads\/2026\/03\/Ilustracny-obrazok.png","contentUrl":"https:\/\/vraji.sk\/wp-content\/uploads\/2026\/03\/Ilustracny-obrazok.png","width":1536,"height":1024},{"@type":"BreadcrumbList","@id":"https:\/\/vraji.sk\/de\/kam-za-zazitkami-cez-velku-noc-v-raji-a-na-spisi\/#breadcrumb","itemListElement":[{"@type":"ListItem","position":1,"name":"Home","item":"https:\/\/vraji.sk\/de\/homepage\/"},{"@type":"ListItem","position":2,"name":"Kam za z\u00e1\u017eitkami cez Ve\u013ek\u00fa Noc v Raji a na Spi\u0161i?"}]},{"@type":"WebSite","@id":"https:\/\/vraji.sk\/de\/#website","url":"https:\/\/vraji.sk\/de\/","name":"OOCR","description":"Regi\u00f3n Slovensk\u00fd raj a Spi\u0161 | Z\u00e1\u017eitky, turistika, hist\u00f3ria | vRaji.sk","publisher":{"@id":"https:\/\/vraji.sk\/de\/#organization"},"potentialAction":[{"@type":"SearchAction","target":{"@type":"EntryPoint","urlTemplate":"https:\/\/vraji.sk\/de\/?s={search_term_string}"},"query-input":{"@type":"PropertyValueSpecification","valueRequired":true,"valueName":"search_term_string"}}],"inLanguage":"de"},{"@type":"Organization","@id":"https:\/\/vraji.sk\/de\/#organization","name":"OOCR","url":"https:\/\/vraji.sk\/de\/","logo":{"@type":"ImageObject","inLanguage":"de","@id":"https:\/\/vraji.sk\/de\/#\/schema\/logo\/image\/","url":"https:\/\/vraji.sk\/wp-content\/uploads\/2021\/11\/biele-logo-1.svg","contentUrl":"https:\/\/vraji.sk\/wp-content\/uploads\/2021\/11\/biele-logo-1.svg","caption":"OOCR"},"image":{"@id":"https:\/\/vraji.sk\/de\/#\/schema\/logo\/image\/"}},{"@type":"Person","@id":"https:\/\/vraji.sk\/de\/#\/schema\/person\/6ba5da72601ea4018533f90f796d4530","name":"OOCR","image":{"@type":"ImageObject","inLanguage":"de","@id":"https:\/\/secure.gravatar.com\/avatar\/254aa66d580269ab31c41bb5eb446b00d03ea31eab4a58840a0e31f2890e31c4?s=96&d=mm&r=g","url":"https:\/\/secure.gravatar.com\/avatar\/254aa66d580269ab31c41bb5eb446b00d03ea31eab4a58840a0e31f2890e31c4?s=96&d=mm&r=g","contentUrl":"https:\/\/secure.gravatar.com\/avatar\/254aa66d580269ab31c41bb5eb446b00d03ea31eab4a58840a0e31f2890e31c4?s=96&d=mm&r=g","caption":"OOCR"},"url":"https:\/\/vraji.sk\/de\/author\/oocr-info\/"}]}},"_links":{"self":[{"href":"https:\/\/vraji.sk\/de\/wp-json\/wp\/v2\/posts\/22815","targetHints":{"allow":["GET"]}}],"collection":[{"href":"https:\/\/vraji.sk\/de\/wp-json\/wp\/v2\/posts"}],"about":[{"href":"https:\/\/vraji.sk\/de\/wp-json\/wp\/v2\/types\/post"}],"author":[{"embeddable":true,"href":"https:\/\/vraji.sk\/de\/wp-json\/wp\/v2\/users\/52"}],"replies":[{"embeddable":true,"href":"https:\/\/vraji.sk\/de\/wp-json\/wp\/v2\/comments?post=22815"}],"version-history":[{"count":3,"href":"https:\/\/vraji.sk\/de\/wp-json\/wp\/v2\/posts\/22815\/revisions"}],"predecessor-version":[{"id":22890,"href":"https:\/\/vraji.sk\/de\/wp-json\/wp\/v2\/posts\/22815\/revisions\/22890"}],"wp:featuredmedia":[{"embeddable":true,"href":"https:\/\/vraji.sk\/de\/wp-json\/wp\/v2\/media\/22856"}],"wp:attachment":[{"href":"https:\/\/vraji.sk\/de\/wp-json\/wp\/v2\/media?parent=22815"}],"wp:term":[{"taxonomy":"category","embeddable":true,"href":"https:\/\/vraji.sk\/de\/wp-json\/wp\/v2\/categories?post=22815"},{"taxonomy":"post_tag","embeddable":true,"href":"https:\/\/vraji.sk\/de\/wp-json\/wp\/v2\/tags?post=22815"}],"curies":[{"name":"wp","href":"https:\/\/api.w.org\/{rel}","templated":true}]}}