{"id":2695,"date":"2021-10-25T05:25:34","date_gmt":"2021-10-25T05:25:34","guid":{"rendered":"https:\/\/oocr.targetovo.sk\/letny-bus-vas-zoberie-do-slovenskeho-raja-aj-v-septembri-2019\/"},"modified":"2021-10-25T05:25:34","modified_gmt":"2021-10-25T05:25:34","slug":"letny-bus-vas-zoberie-do-slovenskeho-raja-aj-v-septembri-2019","status":"publish","type":"post","link":"https:\/\/vraji.sk\/de\/letny-bus-vas-zoberie-do-slovenskeho-raja-aj-v-septembri-2019\/","title":{"rendered":"Letn\u00fd bus v\u00e1s zoberie do Slovensk\u00e9ho raja aj v septembri 2019"},"content":{"rendered":"\n<p><strong>Turistick\u00e9 destin\u00e1cie Slovensk\u00e9ho raja v mesiacoch j\u00fal a august prep\u00e1ja Letn\u00fd bus. Pre ve\u013ek\u00fd z\u00e1ujem bude prem\u00e1va\u0165 aj po\u010das septembra 2019.<\/strong><\/p>\n\n\n\n<h2 class=\"wp-block-heading\">Kedy prem\u00e1va Letn\u00fd bus?<\/h2>\n\n\n\n<p><strong>Letn\u00fd bus<\/strong> je linka dopravnej spolo\u010dnosti eurobus, a.s. s turistick\u00fdm charakterom. Od roku 2018 prep\u00e1ja v\u0161etky <strong>ob\u013e\u00faben\u00e9 turistick\u00e9 lokality<\/strong> v Slovenskom raji a okol\u00ed. Busom m\u00f4\u017eete nav\u0161t\u00edvi\u0165 \u010cingov, Spi\u0161sk\u00e9 Tom\u00e1\u0161ovce, Podlesok, Kopanec, Dob\u0161insk\u00fa \u013eadov\u00fa jasky\u0148a, Dedinky \u010di Telg\u00e1rt.<\/p>\n\n\n\n<p>V minulosti bolo toto prepojenie rie\u0161en\u00e9 cez tri samostatn\u00e9 linky. Dnes ich obhospodaruje letn\u00fd bus na svojej trase. V\u010faka \u0161peci\u00e1lne vytvoren\u00e9mu grafikonu si na svoje pr\u00eddu v\u0161etci &#8211;&nbsp; milovn\u00edci rann\u00e9ho vst\u00e1vania aj turisti, ktor\u00ed svoj turistick\u00fd z\u00e1mer ladia na obed. Nesm\u00fa ch\u00fdba\u0165 tie\u017e ve\u010dern\u00e9 \u010dasy. Tento letn\u00fd spoj bude zaraden\u00fd do \u0161tandardnej tarify autobusovej dopravy.<br><br>\u010casy odchodov s\u00fa nastaven\u00e9 pod\u013ea grafikonov in\u00fdch spojov prem\u00e1vaj\u00facich v <strong>Slovenskom raji a okol\u00ed<\/strong>. Jednotliv\u00e9 \u010dasy sa tak neprekr\u00fdvaj\u00fa. Letn\u00fd bus je realizovan\u00fd s finan\u010dnou podporou krajskej organiz\u00e1cie cestovn\u00e9ho ruchu <strong>Ko\u0161ice Regi\u00f3n Turizmus<\/strong>. Ceny s\u00fa porovnate\u013en\u00e9 s obvykl\u00fdm cestovn\u00fdm v pr\u00edmestskej autobusovej doprave.<\/p>\n\n\n\n<figure class=\"wp-block-image size-large\"><img loading=\"lazy\" decoding=\"async\" width=\"724\" height=\"1024\" src=\"https:\/\/vraji.sk\/wp-content\/uploads\/2021\/10\/OOCR-Letny-bus-zjednoduseny-grafikon-768x1086-1-724x1024.jpg\" alt=\"\" class=\"wp-image-830\" srcset=\"https:\/\/vraji.sk\/wp-content\/uploads\/2021\/10\/OOCR-Letny-bus-zjednoduseny-grafikon-768x1086-1-724x1024.jpg 724w, https:\/\/vraji.sk\/wp-content\/uploads\/2021\/10\/OOCR-Letny-bus-zjednoduseny-grafikon-768x1086-1-212x300.jpg 212w, https:\/\/vraji.sk\/wp-content\/uploads\/2021\/10\/OOCR-Letny-bus-zjednoduseny-grafikon-768x1086-1.jpg 768w\" sizes=\"auto, (max-width: 724px) 100vw, 724px\" \/><\/figure>\n\n\n\n<h2 class=\"wp-block-heading\">\u010co sa oplat\u00ed nav\u0161t\u00edvi\u0165 busom?<\/h2>\n\n\n\n<p>Turisti ubytovan\u00ed v Dedink\u00e1ch a v Stratenej si bud\u00fa m\u00f4c\u0165 v\u010faka Letn\u00e9mu busu spravi\u0165 pekn\u00e9 <strong>v\u00fdlety do rokl\u00edn<\/strong> Such\u00e1 Bel\u00e1, Piecky, Ve\u013ek\u00fd Sokol alebo Prielom Horn\u00e1du v severnej \u010dasti raja s pe\u0161\u00edm n\u00e1vratom sp\u00e4\u0165. Hostia ubytovan\u00ed v \u010cingove resp. v Hrabu\u0161iciach sa zas bud\u00fa m\u00f4c\u0165 jednoduch\u0161ie dosta\u0165 do <strong>Dob\u0161inskej \u013eadovej jaskyne<\/strong> \u010di do Dediniek ku priehrade <strong>Palcmansk\u00e1 Ma\u0161a<\/strong>.<br><br>Za zmienku stoj\u00ed aj samotn\u00e1 horsk\u00e1 cesta cez <strong>sedlo Kopane<\/strong>c pln\u00e1 serpent\u00edn ozna\u010dovan\u00e1 ako jedna z najkraj\u0161\u00edch ciest na Slovensku. Cesta prech\u00e1dza od severu na juh postupne tromi okresmi \u2013 Spi\u0161sk\u00e1 Nov\u00e1 Ves, Poprad a Ro\u017e\u0148ava. Ver\u00edme, \u017ee sa vyberiete za z\u00e1\u017eitkami v Slovenskom raji Letn\u00fdm busom a aspo\u0148 \u010diasto\u010dne zmiernite z\u00e1\u0165a\u017e nadmernou individu\u00e1lnou dopravou.<\/p>\n","protected":false},"excerpt":{"rendered":"<p>Turistick\u00e9 destin\u00e1cie Slovensk\u00e9ho raja v mesiacoch j\u00fal a august prep\u00e1ja Letn\u00fd bus. Pre ve\u013ek\u00fd<\/p>\n","protected":false},"author":1,"featured_media":2506,"comment_status":"open","ping_status":"open","sticky":false,"template":"","format":"standard","meta":{"_acf_changed":false,"footnotes":""},"categories":[26],"tags":[],"class_list":["post-2695","post","type-post","status-publish","format-standard","has-post-thumbnail","hentry","category-unkategorisiert"],"acf":[],"yoast_head":"<!-- This site is optimized with the Yoast SEO plugin v27.4 - https:\/\/yoast.com\/product\/yoast-seo-wordpress\/ -->\n<title>Letn\u00fd bus v\u00e1s zoberie do Slovensk\u00e9ho raja aj v septembri 2019 - OOCR<\/title>\n<meta name=\"robots\" content=\"index, follow, max-snippet:-1, max-image-preview:large, max-video-preview:-1\" \/>\n<link rel=\"canonical\" href=\"https:\/\/vraji.sk\/de\/letny-bus-vas-zoberie-do-slovenskeho-raja-aj-v-septembri-2019\/\" \/>\n<meta property=\"og:locale\" content=\"de_DE\" \/>\n<meta property=\"og:type\" content=\"article\" \/>\n<meta property=\"og:title\" content=\"Letn\u00fd bus v\u00e1s zoberie do Slovensk\u00e9ho raja aj v septembri 2019 - OOCR\" \/>\n<meta property=\"og:description\" content=\"Turistick\u00e9 destin\u00e1cie Slovensk\u00e9ho raja v mesiacoch j\u00fal a august prep\u00e1ja Letn\u00fd bus. Pre ve\u013ek\u00fd\" \/>\n<meta property=\"og:url\" content=\"https:\/\/vraji.sk\/de\/letny-bus-vas-zoberie-do-slovenskeho-raja-aj-v-septembri-2019\/\" \/>\n<meta property=\"og:site_name\" content=\"OOCR\" \/>\n<meta property=\"article:published_time\" content=\"2021-10-25T05:25:34+00:00\" \/>\n<meta property=\"og:image\" content=\"https:\/\/vraji.sk\/wp-content\/uploads\/2021\/10\/Rectangle-1-8.png\" \/>\n\t<meta property=\"og:image:width\" content=\"1200\" \/>\n\t<meta property=\"og:image:height\" content=\"600\" \/>\n\t<meta property=\"og:image:type\" content=\"image\/png\" \/>\n<meta name=\"author\" content=\"admin\" \/>\n<meta name=\"twitter:card\" content=\"summary_large_image\" \/>\n<meta name=\"twitter:label1\" content=\"Verfasst von\" \/>\n\t<meta name=\"twitter:data1\" content=\"admin\" \/>\n\t<meta name=\"twitter:label2\" content=\"Gesch\u00e4tzte Lesezeit\" \/>\n\t<meta name=\"twitter:data2\" content=\"2\u00a0Minuten\" \/>\n<script type=\"application\/ld+json\" class=\"yoast-schema-graph\">{\"@context\":\"https:\\\/\\\/schema.org\",\"@graph\":[{\"@type\":\"Article\",\"@id\":\"https:\\\/\\\/vraji.sk\\\/de\\\/letny-bus-vas-zoberie-do-slovenskeho-raja-aj-v-septembri-2019\\\/#article\",\"isPartOf\":{\"@id\":\"https:\\\/\\\/vraji.sk\\\/de\\\/letny-bus-vas-zoberie-do-slovenskeho-raja-aj-v-septembri-2019\\\/\"},\"author\":{\"name\":\"admin\",\"@id\":\"https:\\\/\\\/vraji.sk\\\/de\\\/#\\\/schema\\\/person\\\/16d7ba6784a98a1f7face069330e6ab1\"},\"headline\":\"Letn\u00fd bus v\u00e1s zoberie do Slovensk\u00e9ho raja aj v septembri 2019\",\"datePublished\":\"2021-10-25T05:25:34+00:00\",\"mainEntityOfPage\":{\"@id\":\"https:\\\/\\\/vraji.sk\\\/de\\\/letny-bus-vas-zoberie-do-slovenskeho-raja-aj-v-septembri-2019\\\/\"},\"wordCount\":367,\"commentCount\":0,\"publisher\":{\"@id\":\"https:\\\/\\\/vraji.sk\\\/de\\\/#organization\"},\"image\":{\"@id\":\"https:\\\/\\\/vraji.sk\\\/de\\\/letny-bus-vas-zoberie-do-slovenskeho-raja-aj-v-septembri-2019\\\/#primaryimage\"},\"thumbnailUrl\":\"https:\\\/\\\/vraji.sk\\\/wp-content\\\/uploads\\\/2021\\\/10\\\/Rectangle-1-8.png\",\"articleSection\":[\"Unkategorisiert\"],\"inLanguage\":\"de\",\"potentialAction\":[{\"@type\":\"CommentAction\",\"name\":\"Comment\",\"target\":[\"https:\\\/\\\/vraji.sk\\\/de\\\/letny-bus-vas-zoberie-do-slovenskeho-raja-aj-v-septembri-2019\\\/#respond\"]}]},{\"@type\":\"WebPage\",\"@id\":\"https:\\\/\\\/vraji.sk\\\/de\\\/letny-bus-vas-zoberie-do-slovenskeho-raja-aj-v-septembri-2019\\\/\",\"url\":\"https:\\\/\\\/vraji.sk\\\/de\\\/letny-bus-vas-zoberie-do-slovenskeho-raja-aj-v-septembri-2019\\\/\",\"name\":\"Letn\u00fd bus v\u00e1s zoberie do Slovensk\u00e9ho raja aj v septembri 2019 - OOCR\",\"isPartOf\":{\"@id\":\"https:\\\/\\\/vraji.sk\\\/de\\\/#website\"},\"primaryImageOfPage\":{\"@id\":\"https:\\\/\\\/vraji.sk\\\/de\\\/letny-bus-vas-zoberie-do-slovenskeho-raja-aj-v-septembri-2019\\\/#primaryimage\"},\"image\":{\"@id\":\"https:\\\/\\\/vraji.sk\\\/de\\\/letny-bus-vas-zoberie-do-slovenskeho-raja-aj-v-septembri-2019\\\/#primaryimage\"},\"thumbnailUrl\":\"https:\\\/\\\/vraji.sk\\\/wp-content\\\/uploads\\\/2021\\\/10\\\/Rectangle-1-8.png\",\"datePublished\":\"2021-10-25T05:25:34+00:00\",\"breadcrumb\":{\"@id\":\"https:\\\/\\\/vraji.sk\\\/de\\\/letny-bus-vas-zoberie-do-slovenskeho-raja-aj-v-septembri-2019\\\/#breadcrumb\"},\"inLanguage\":\"de\",\"potentialAction\":[{\"@type\":\"ReadAction\",\"target\":[\"https:\\\/\\\/vraji.sk\\\/de\\\/letny-bus-vas-zoberie-do-slovenskeho-raja-aj-v-septembri-2019\\\/\"]}]},{\"@type\":\"ImageObject\",\"inLanguage\":\"de\",\"@id\":\"https:\\\/\\\/vraji.sk\\\/de\\\/letny-bus-vas-zoberie-do-slovenskeho-raja-aj-v-septembri-2019\\\/#primaryimage\",\"url\":\"https:\\\/\\\/vraji.sk\\\/wp-content\\\/uploads\\\/2021\\\/10\\\/Rectangle-1-8.png\",\"contentUrl\":\"https:\\\/\\\/vraji.sk\\\/wp-content\\\/uploads\\\/2021\\\/10\\\/Rectangle-1-8.png\",\"width\":1200,\"height\":600},{\"@type\":\"BreadcrumbList\",\"@id\":\"https:\\\/\\\/vraji.sk\\\/de\\\/letny-bus-vas-zoberie-do-slovenskeho-raja-aj-v-septembri-2019\\\/#breadcrumb\",\"itemListElement\":[{\"@type\":\"ListItem\",\"position\":1,\"name\":\"Home\",\"item\":\"https:\\\/\\\/vraji.sk\\\/de\\\/homepage\\\/\"},{\"@type\":\"ListItem\",\"position\":2,\"name\":\"Letn\u00fd bus v\u00e1s zoberie do Slovensk\u00e9ho raja aj v septembri 2019\"}]},{\"@type\":\"WebSite\",\"@id\":\"https:\\\/\\\/vraji.sk\\\/de\\\/#website\",\"url\":\"https:\\\/\\\/vraji.sk\\\/de\\\/\",\"name\":\"OOCR\",\"description\":\"Regi\u00f3n Slovensk\u00fd raj a Spi\u0161 | Z\u00e1\u017eitky, turistika, hist\u00f3ria | vRaji.sk\",\"publisher\":{\"@id\":\"https:\\\/\\\/vraji.sk\\\/de\\\/#organization\"},\"potentialAction\":[{\"@type\":\"SearchAction\",\"target\":{\"@type\":\"EntryPoint\",\"urlTemplate\":\"https:\\\/\\\/vraji.sk\\\/de\\\/?s={search_term_string}\"},\"query-input\":{\"@type\":\"PropertyValueSpecification\",\"valueRequired\":true,\"valueName\":\"search_term_string\"}}],\"inLanguage\":\"de\"},{\"@type\":\"Organization\",\"@id\":\"https:\\\/\\\/vraji.sk\\\/de\\\/#organization\",\"name\":\"OOCR\",\"url\":\"https:\\\/\\\/vraji.sk\\\/de\\\/\",\"logo\":{\"@type\":\"ImageObject\",\"inLanguage\":\"de\",\"@id\":\"https:\\\/\\\/vraji.sk\\\/de\\\/#\\\/schema\\\/logo\\\/image\\\/\",\"url\":\"https:\\\/\\\/vraji.sk\\\/wp-content\\\/uploads\\\/2021\\\/11\\\/biele-logo-1.svg\",\"contentUrl\":\"https:\\\/\\\/vraji.sk\\\/wp-content\\\/uploads\\\/2021\\\/11\\\/biele-logo-1.svg\",\"caption\":\"OOCR\"},\"image\":{\"@id\":\"https:\\\/\\\/vraji.sk\\\/de\\\/#\\\/schema\\\/logo\\\/image\\\/\"}},{\"@type\":\"Person\",\"@id\":\"https:\\\/\\\/vraji.sk\\\/de\\\/#\\\/schema\\\/person\\\/16d7ba6784a98a1f7face069330e6ab1\",\"name\":\"admin\",\"image\":{\"@type\":\"ImageObject\",\"inLanguage\":\"de\",\"@id\":\"https:\\\/\\\/secure.gravatar.com\\\/avatar\\\/9456122e7cecdc80414d03009fd2a2d62b01fc7cc7899650e6b6a995047c2944?s=96&d=mm&r=g\",\"url\":\"https:\\\/\\\/secure.gravatar.com\\\/avatar\\\/9456122e7cecdc80414d03009fd2a2d62b01fc7cc7899650e6b6a995047c2944?s=96&d=mm&r=g\",\"contentUrl\":\"https:\\\/\\\/secure.gravatar.com\\\/avatar\\\/9456122e7cecdc80414d03009fd2a2d62b01fc7cc7899650e6b6a995047c2944?s=96&d=mm&r=g\",\"caption\":\"admin\"},\"sameAs\":[\"https:\\\/\\\/oocr.targetovo.sk\"],\"url\":\"https:\\\/\\\/vraji.sk\\\/de\\\/author\\\/admin\\\/\"}]}<\/script>\n<!-- \/ Yoast SEO plugin. -->","yoast_head_json":{"title":"Letn\u00fd bus v\u00e1s zoberie do Slovensk\u00e9ho raja aj v septembri 2019 - OOCR","robots":{"index":"index","follow":"follow","max-snippet":"max-snippet:-1","max-image-preview":"max-image-preview:large","max-video-preview":"max-video-preview:-1"},"canonical":"https:\/\/vraji.sk\/de\/letny-bus-vas-zoberie-do-slovenskeho-raja-aj-v-septembri-2019\/","og_locale":"de_DE","og_type":"article","og_title":"Letn\u00fd bus v\u00e1s zoberie do Slovensk\u00e9ho raja aj v septembri 2019 - OOCR","og_description":"Turistick\u00e9 destin\u00e1cie Slovensk\u00e9ho raja v mesiacoch j\u00fal a august prep\u00e1ja Letn\u00fd bus. Pre ve\u013ek\u00fd","og_url":"https:\/\/vraji.sk\/de\/letny-bus-vas-zoberie-do-slovenskeho-raja-aj-v-septembri-2019\/","og_site_name":"OOCR","article_published_time":"2021-10-25T05:25:34+00:00","og_image":[{"width":1200,"height":600,"url":"https:\/\/vraji.sk\/wp-content\/uploads\/2021\/10\/Rectangle-1-8.png","type":"image\/png"}],"author":"admin","twitter_card":"summary_large_image","twitter_misc":{"Verfasst von":"admin","Gesch\u00e4tzte Lesezeit":"2\u00a0Minuten"},"schema":{"@context":"https:\/\/schema.org","@graph":[{"@type":"Article","@id":"https:\/\/vraji.sk\/de\/letny-bus-vas-zoberie-do-slovenskeho-raja-aj-v-septembri-2019\/#article","isPartOf":{"@id":"https:\/\/vraji.sk\/de\/letny-bus-vas-zoberie-do-slovenskeho-raja-aj-v-septembri-2019\/"},"author":{"name":"admin","@id":"https:\/\/vraji.sk\/de\/#\/schema\/person\/16d7ba6784a98a1f7face069330e6ab1"},"headline":"Letn\u00fd bus v\u00e1s zoberie do Slovensk\u00e9ho raja aj v septembri 2019","datePublished":"2021-10-25T05:25:34+00:00","mainEntityOfPage":{"@id":"https:\/\/vraji.sk\/de\/letny-bus-vas-zoberie-do-slovenskeho-raja-aj-v-septembri-2019\/"},"wordCount":367,"commentCount":0,"publisher":{"@id":"https:\/\/vraji.sk\/de\/#organization"},"image":{"@id":"https:\/\/vraji.sk\/de\/letny-bus-vas-zoberie-do-slovenskeho-raja-aj-v-septembri-2019\/#primaryimage"},"thumbnailUrl":"https:\/\/vraji.sk\/wp-content\/uploads\/2021\/10\/Rectangle-1-8.png","articleSection":["Unkategorisiert"],"inLanguage":"de","potentialAction":[{"@type":"CommentAction","name":"Comment","target":["https:\/\/vraji.sk\/de\/letny-bus-vas-zoberie-do-slovenskeho-raja-aj-v-septembri-2019\/#respond"]}]},{"@type":"WebPage","@id":"https:\/\/vraji.sk\/de\/letny-bus-vas-zoberie-do-slovenskeho-raja-aj-v-septembri-2019\/","url":"https:\/\/vraji.sk\/de\/letny-bus-vas-zoberie-do-slovenskeho-raja-aj-v-septembri-2019\/","name":"Letn\u00fd bus v\u00e1s zoberie do Slovensk\u00e9ho raja aj v septembri 2019 - OOCR","isPartOf":{"@id":"https:\/\/vraji.sk\/de\/#website"},"primaryImageOfPage":{"@id":"https:\/\/vraji.sk\/de\/letny-bus-vas-zoberie-do-slovenskeho-raja-aj-v-septembri-2019\/#primaryimage"},"image":{"@id":"https:\/\/vraji.sk\/de\/letny-bus-vas-zoberie-do-slovenskeho-raja-aj-v-septembri-2019\/#primaryimage"},"thumbnailUrl":"https:\/\/vraji.sk\/wp-content\/uploads\/2021\/10\/Rectangle-1-8.png","datePublished":"2021-10-25T05:25:34+00:00","breadcrumb":{"@id":"https:\/\/vraji.sk\/de\/letny-bus-vas-zoberie-do-slovenskeho-raja-aj-v-septembri-2019\/#breadcrumb"},"inLanguage":"de","potentialAction":[{"@type":"ReadAction","target":["https:\/\/vraji.sk\/de\/letny-bus-vas-zoberie-do-slovenskeho-raja-aj-v-septembri-2019\/"]}]},{"@type":"ImageObject","inLanguage":"de","@id":"https:\/\/vraji.sk\/de\/letny-bus-vas-zoberie-do-slovenskeho-raja-aj-v-septembri-2019\/#primaryimage","url":"https:\/\/vraji.sk\/wp-content\/uploads\/2021\/10\/Rectangle-1-8.png","contentUrl":"https:\/\/vraji.sk\/wp-content\/uploads\/2021\/10\/Rectangle-1-8.png","width":1200,"height":600},{"@type":"BreadcrumbList","@id":"https:\/\/vraji.sk\/de\/letny-bus-vas-zoberie-do-slovenskeho-raja-aj-v-septembri-2019\/#breadcrumb","itemListElement":[{"@type":"ListItem","position":1,"name":"Home","item":"https:\/\/vraji.sk\/de\/homepage\/"},{"@type":"ListItem","position":2,"name":"Letn\u00fd bus v\u00e1s zoberie do Slovensk\u00e9ho raja aj v septembri 2019"}]},{"@type":"WebSite","@id":"https:\/\/vraji.sk\/de\/#website","url":"https:\/\/vraji.sk\/de\/","name":"OOCR","description":"Regi\u00f3n Slovensk\u00fd raj a Spi\u0161 | Z\u00e1\u017eitky, turistika, hist\u00f3ria | vRaji.sk","publisher":{"@id":"https:\/\/vraji.sk\/de\/#organization"},"potentialAction":[{"@type":"SearchAction","target":{"@type":"EntryPoint","urlTemplate":"https:\/\/vraji.sk\/de\/?s={search_term_string}"},"query-input":{"@type":"PropertyValueSpecification","valueRequired":true,"valueName":"search_term_string"}}],"inLanguage":"de"},{"@type":"Organization","@id":"https:\/\/vraji.sk\/de\/#organization","name":"OOCR","url":"https:\/\/vraji.sk\/de\/","logo":{"@type":"ImageObject","inLanguage":"de","@id":"https:\/\/vraji.sk\/de\/#\/schema\/logo\/image\/","url":"https:\/\/vraji.sk\/wp-content\/uploads\/2021\/11\/biele-logo-1.svg","contentUrl":"https:\/\/vraji.sk\/wp-content\/uploads\/2021\/11\/biele-logo-1.svg","caption":"OOCR"},"image":{"@id":"https:\/\/vraji.sk\/de\/#\/schema\/logo\/image\/"}},{"@type":"Person","@id":"https:\/\/vraji.sk\/de\/#\/schema\/person\/16d7ba6784a98a1f7face069330e6ab1","name":"admin","image":{"@type":"ImageObject","inLanguage":"de","@id":"https:\/\/secure.gravatar.com\/avatar\/9456122e7cecdc80414d03009fd2a2d62b01fc7cc7899650e6b6a995047c2944?s=96&d=mm&r=g","url":"https:\/\/secure.gravatar.com\/avatar\/9456122e7cecdc80414d03009fd2a2d62b01fc7cc7899650e6b6a995047c2944?s=96&d=mm&r=g","contentUrl":"https:\/\/secure.gravatar.com\/avatar\/9456122e7cecdc80414d03009fd2a2d62b01fc7cc7899650e6b6a995047c2944?s=96&d=mm&r=g","caption":"admin"},"sameAs":["https:\/\/oocr.targetovo.sk"],"url":"https:\/\/vraji.sk\/de\/author\/admin\/"}]}},"_links":{"self":[{"href":"https:\/\/vraji.sk\/de\/wp-json\/wp\/v2\/posts\/2695","targetHints":{"allow":["GET"]}}],"collection":[{"href":"https:\/\/vraji.sk\/de\/wp-json\/wp\/v2\/posts"}],"about":[{"href":"https:\/\/vraji.sk\/de\/wp-json\/wp\/v2\/types\/post"}],"author":[{"embeddable":true,"href":"https:\/\/vraji.sk\/de\/wp-json\/wp\/v2\/users\/1"}],"replies":[{"embeddable":true,"href":"https:\/\/vraji.sk\/de\/wp-json\/wp\/v2\/comments?post=2695"}],"version-history":[{"count":0,"href":"https:\/\/vraji.sk\/de\/wp-json\/wp\/v2\/posts\/2695\/revisions"}],"wp:featuredmedia":[{"embeddable":true,"href":"https:\/\/vraji.sk\/de\/wp-json\/wp\/v2\/media\/2506"}],"wp:attachment":[{"href":"https:\/\/vraji.sk\/de\/wp-json\/wp\/v2\/media?parent=2695"}],"wp:term":[{"taxonomy":"category","embeddable":true,"href":"https:\/\/vraji.sk\/de\/wp-json\/wp\/v2\/categories?post=2695"},{"taxonomy":"post_tag","embeddable":true,"href":"https:\/\/vraji.sk\/de\/wp-json\/wp\/v2\/tags?post=2695"}],"curies":[{"name":"wp","href":"https:\/\/api.w.org\/{rel}","templated":true}]}}