{"id":2699,"date":"2021-10-18T07:24:37","date_gmt":"2021-10-18T07:24:37","guid":{"rendered":"https:\/\/oocr.targetovo.sk\/ladovy-expres-vas-odvezie-za-zazitkami-v-slovenskom-raji\/"},"modified":"2021-10-18T07:24:37","modified_gmt":"2021-10-18T07:24:37","slug":"ladovy-expres-vas-odvezie-za-zazitkami-v-slovenskom-raji","status":"publish","type":"post","link":"https:\/\/vraji.sk\/de\/ladovy-expres-vas-odvezie-za-zazitkami-v-slovenskom-raji\/","title":{"rendered":"\u013dadov\u00fd expres v\u00e1s odvezie za z\u00e1\u017eitkami v Slovenskom raji"},"content":{"rendered":"\n<p><strong>Vyu\u017eite jedin\u00e9 priame spojenie z Ko\u0161\u00edc do Dob\u0161inskej \u013eadovej jaskyne. \u013dadov\u00fd expres prem\u00e1va ka\u017ed\u00fa letn\u00fa sobotu na trase Ko\u0161ice \u2013 Kysak \u2013 Margecany \u2013 Gelnica \u2013 N\u00e1lepkovo \u2013 Mlynky \u2013 Dedinky \u2013 Straten\u00e1 \u2013 Dob\u0161insk\u00e1 \u013eadov\u00e1 jasky\u0148a \u2013 Telg\u00e1rt penzi\u00f3n a sp\u00e4\u0165. U\u013eah\u010d\u00ed pr\u00edstup k mnoh\u00fdm lokalit\u00e1m Slovensk\u00e9ho raja.<\/strong><\/p>\n\n\n\n<h2 class=\"wp-block-heading\">Kedy prem\u00e1va \u013dadov\u00fd expres?<\/h2>\n\n\n\n<p>Mimoriadny vlakov\u00fd spoj <strong>\u013dadov\u00fd expres<\/strong> v\u00e1s ka\u017ed\u00fa letn\u00fa sobotu pohodlne doprav\u00ed priamou linkou z Ko\u0161\u00edc do Slovensk\u00e9ho raja a sp\u00e4\u0165. V\u010faka vlaku sa m\u00f4\u017eu (nielen) v\u0161etci Ko\u0161i\u010dania vybra\u0165 na v\u00fdlet do Dob\u0161inskej \u013eadovej jaskyne \u010di k priehrade Palcmansk\u00e1 Ma\u0161a bez starost\u00ed o vlastn\u00e9 auto. Spoj vzi\u0161iel zo spolupr\u00e1ce krajskej organiz\u00e1cie cestovn\u00e9ho ruchu <strong>Ko\u0161ice Regi\u00f3n Turizmus<\/strong> a \u017delezni\u010dnej spolo\u010dnosti Slovensko.<br><br><strong>Turistick\u00fd vlak<\/strong> \u013dadov\u00fd expres <strong>prem\u00e1va ka\u017ed\u00fa sobotu<\/strong> od za\u010diatku j\u00fala do za\u010diatku septembra zo \u017eelezni\u010dnej stanice v Ko\u0161iciach do \u017eelezni\u010dnej stanice Dob\u0161insk\u00e1 \u013dadov\u00e1 Jasky\u0148a a sp\u00e4\u0165. N\u00e1stup, resp. v\u00fdstup, je mo\u017en\u00fd aj v zast\u00e1vkach Kysak, Margecany, Dedinky a Straten\u00e1.<\/p>\n\n\n\n<figure class=\"wp-block-image size-full\"><img loading=\"lazy\" decoding=\"async\" width=\"1000\" height=\"754\" src=\"https:\/\/vraji.sk\/wp-content\/uploads\/2021\/10\/Ladovy-expres-cestovny-poriadok.jpg\" alt=\"\" class=\"wp-image-774\" srcset=\"https:\/\/vraji.sk\/wp-content\/uploads\/2021\/10\/Ladovy-expres-cestovny-poriadok.jpg 1000w, https:\/\/vraji.sk\/wp-content\/uploads\/2021\/10\/Ladovy-expres-cestovny-poriadok-300x226.jpg 300w, https:\/\/vraji.sk\/wp-content\/uploads\/2021\/10\/Ladovy-expres-cestovny-poriadok-768x579.jpg 768w\" sizes=\"auto, (max-width: 1000px) 100vw, 1000px\" \/><\/figure>\n\n\n\n<h2 class=\"wp-block-heading\">Schla\u010fte sa v jaskyni<\/h2>\n\n\n\n<p>Najob\u013e\u00fabenej\u0161ia zast\u00e1vka trate je nepochybne <strong>Dob\u0161insk\u00e1 \u013eadov\u00e1 jasky\u0148a<\/strong> patriaca medzi najviac vyh\u013ead\u00e1van\u00e9 pr\u00edrodn\u00e9 unik\u00e1ty Slovenska. V\u010faka svojej h\u013abke a d\u013a\u017eke patr\u00ed medzi <strong>najv\u00e4\u010d\u0161ie \u013eadov\u00e9 jaskyne sveta<\/strong>.&nbsp;<\/p>\n\n\n\n<p>V\u00fdnimo\u010dn\u00e1 poloha umo\u017e\u0148uje udr\u017eiava\u0165 v jaskyni kon\u0161tantn\u00e9 <strong>teploty bodom mrazu<\/strong> po\u010das cel\u00e9ho roka. Pol kilometra \u013eadovej v\u00fdzdoby m\u00f4\u017eete obdivova\u0165 celoro\u010dne bez oh\u013eadu na ro\u010dn\u00e9 obdobie. Pri n\u00e1v\u0161teve jaskyne nezabudnite na tepl\u00e9 oble\u010denie a vhodn\u00fa obuv. \u013dadov\u00fd vzduch v\u00e1s poriadne zmraz\u00ed \u010di je leto, \u010di je zima.<br><br>Ur\u010dite nevynechajte n\u00e1v\u0161tevu impozantn\u00e9ho Telg\u00e1rtskeho alebo <strong>Chmaro\u0161sk\u00e9ho viaduktu<\/strong>. Technick\u00e9 pamiatky patria medzi najfotogenickej\u0161ie miesta na Slovensku. Nach\u00e1dzaj\u00fa sa v malebnom prostred\u00ed Horehronia.<\/p>\n\n\n\n<p><\/p>\n\n\n\n<figure class=\"wp-block-gallery columns-1 is-cropped wp-block-gallery-1 is-layout-flex wp-block-gallery-is-layout-flex\"><ul class=\"blocks-gallery-grid\"><li class=\"blocks-gallery-item\"><figure><img loading=\"lazy\" decoding=\"async\" width=\"800\" height=\"450\" src=\"https:\/\/vraji.sk\/wp-content\/uploads\/2021\/10\/Ladovy-expres-ilustracny-obrazok.jpg\" alt=\"\" data-id=\"775\" data-full-url=\"https:\/\/vraji.sk\/wp-content\/uploads\/2021\/10\/Ladovy-expres-ilustracny-obrazok.jpg\" data-link=\"https:\/\/vraji.sk\/?attachment_id=775\" class=\"wp-image-775\" srcset=\"https:\/\/vraji.sk\/wp-content\/uploads\/2021\/10\/Ladovy-expres-ilustracny-obrazok.jpg 800w, https:\/\/vraji.sk\/wp-content\/uploads\/2021\/10\/Ladovy-expres-ilustracny-obrazok-300x169.jpg 300w, https:\/\/vraji.sk\/wp-content\/uploads\/2021\/10\/Ladovy-expres-ilustracny-obrazok-768x432.jpg 768w\" sizes=\"auto, (max-width: 800px) 100vw, 800px\" \/><\/figure><\/li><\/ul><\/figure>\n\n\n\n<h2 class=\"wp-block-heading\">Ak\u00e1 je cena l\u00edstka?<\/h2>\n\n\n\n<p><strong>Cena jednosmern\u00e9ho l\u00edstka<\/strong> pre dospel\u00fdch je 5 eur. Deti od 3 do 18 rokov, seniori nad 62 rokov, dr\u017eitelia preukazu \u0164ZP a ich sprievodcovia zaplatia 3 eur\u00e1. Deti do 3 rokov cestuj\u00fa zdarma.<br>&nbsp;<br>L\u00edstky na \u013dadov\u00fd expres si m\u00f4\u017eete <strong>k\u00fapi\u0165 online<\/strong> najnesk\u00f4r 30 min\u00fat pred odchodom vlaku, alebo v <a href=\"https:\/\/www.tripadvisor.sk\/Attraction_Review-g274927-d11664819-Reviews-Kosice_Region_Tourist_Information_Point-Kosice_Kosice_Region.html?m=19905\">Region\u00e1lnom informa\u010dnom bode<\/a> na Hlavnej 48 v Ko\u0161iciach v pracovn\u00fdch d\u0148och od 10:00 do 18:00, v sobotu od 10:00 do 15:00 hod. V pr\u00edpade vo\u013en\u00fdch kapac\u00edt vo vlaku je mo\u017en\u00e9 si vstupenku zak\u00fapi\u0165 priamo vo vlaku u person\u00e1lu.<\/p>\n","protected":false},"excerpt":{"rendered":"<p>Vyu\u017eite jedin\u00e9 priame spojenie z Ko\u0161\u00edc do Dob\u0161inskej \u013eadovej jaskyne. \u013dadov\u00fd expres prem\u00e1va<\/p>\n","protected":false},"author":10,"featured_media":2510,"comment_status":"open","ping_status":"open","sticky":false,"template":"","format":"standard","meta":{"_acf_changed":false,"footnotes":""},"categories":[26],"tags":[],"class_list":["post-2699","post","type-post","status-publish","format-standard","has-post-thumbnail","hentry","category-unkategorisiert"],"acf":[],"yoast_head":"<!-- This site is optimized with the Yoast SEO plugin v27.4 - https:\/\/yoast.com\/product\/yoast-seo-wordpress\/ -->\n<title>\u013dadov\u00fd expres v\u00e1s odvezie za z\u00e1\u017eitkami v Slovenskom raji - OOCR<\/title>\n<meta name=\"robots\" content=\"index, follow, max-snippet:-1, max-image-preview:large, max-video-preview:-1\" \/>\n<link rel=\"canonical\" href=\"https:\/\/vraji.sk\/de\/ladovy-expres-vas-odvezie-za-zazitkami-v-slovenskom-raji\/\" \/>\n<meta property=\"og:locale\" content=\"de_DE\" \/>\n<meta property=\"og:type\" content=\"article\" \/>\n<meta property=\"og:title\" content=\"\u013dadov\u00fd expres v\u00e1s odvezie za z\u00e1\u017eitkami v Slovenskom raji - OOCR\" \/>\n<meta property=\"og:description\" content=\"Vyu\u017eite jedin\u00e9 priame spojenie z Ko\u0161\u00edc do Dob\u0161inskej \u013eadovej jaskyne. \u013dadov\u00fd expres prem\u00e1va\" \/>\n<meta property=\"og:url\" content=\"https:\/\/vraji.sk\/de\/ladovy-expres-vas-odvezie-za-zazitkami-v-slovenskom-raji\/\" \/>\n<meta property=\"og:site_name\" content=\"OOCR\" \/>\n<meta property=\"article:published_time\" content=\"2021-10-18T07:24:37+00:00\" \/>\n<meta property=\"og:image\" content=\"https:\/\/vraji.sk\/wp-content\/uploads\/2021\/10\/Rectangle-1-9.png\" \/>\n\t<meta property=\"og:image:width\" content=\"1200\" \/>\n\t<meta property=\"og:image:height\" content=\"600\" \/>\n\t<meta property=\"og:image:type\" content=\"image\/png\" \/>\n<meta name=\"author\" content=\"Lucia \u010cakyov\u00e1\" \/>\n<meta name=\"twitter:card\" content=\"summary_large_image\" \/>\n<meta name=\"twitter:label1\" content=\"Verfasst von\" \/>\n\t<meta name=\"twitter:data1\" content=\"Lucia \u010cakyov\u00e1\" \/>\n\t<meta name=\"twitter:label2\" content=\"Gesch\u00e4tzte Lesezeit\" \/>\n\t<meta name=\"twitter:data2\" content=\"2\u00a0Minuten\" \/>\n<script type=\"application\/ld+json\" class=\"yoast-schema-graph\">{\"@context\":\"https:\\\/\\\/schema.org\",\"@graph\":[{\"@type\":\"Article\",\"@id\":\"https:\\\/\\\/vraji.sk\\\/de\\\/ladovy-expres-vas-odvezie-za-zazitkami-v-slovenskom-raji\\\/#article\",\"isPartOf\":{\"@id\":\"https:\\\/\\\/vraji.sk\\\/de\\\/ladovy-expres-vas-odvezie-za-zazitkami-v-slovenskom-raji\\\/\"},\"author\":{\"name\":\"Lucia \u010cakyov\u00e1\",\"@id\":\"https:\\\/\\\/vraji.sk\\\/de\\\/#\\\/schema\\\/person\\\/a10347ccdc46ec11da017d39cc6590c7\"},\"headline\":\"\u013dadov\u00fd expres v\u00e1s odvezie za z\u00e1\u017eitkami v Slovenskom raji\",\"datePublished\":\"2021-10-18T07:24:37+00:00\",\"mainEntityOfPage\":{\"@id\":\"https:\\\/\\\/vraji.sk\\\/de\\\/ladovy-expres-vas-odvezie-za-zazitkami-v-slovenskom-raji\\\/\"},\"wordCount\":444,\"commentCount\":0,\"publisher\":{\"@id\":\"https:\\\/\\\/vraji.sk\\\/de\\\/#organization\"},\"image\":{\"@id\":\"https:\\\/\\\/vraji.sk\\\/de\\\/ladovy-expres-vas-odvezie-za-zazitkami-v-slovenskom-raji\\\/#primaryimage\"},\"thumbnailUrl\":\"https:\\\/\\\/vraji.sk\\\/wp-content\\\/uploads\\\/2021\\\/10\\\/Rectangle-1-9.png\",\"articleSection\":[\"Unkategorisiert\"],\"inLanguage\":\"de\",\"potentialAction\":[{\"@type\":\"CommentAction\",\"name\":\"Comment\",\"target\":[\"https:\\\/\\\/vraji.sk\\\/de\\\/ladovy-expres-vas-odvezie-za-zazitkami-v-slovenskom-raji\\\/#respond\"]}]},{\"@type\":\"WebPage\",\"@id\":\"https:\\\/\\\/vraji.sk\\\/de\\\/ladovy-expres-vas-odvezie-za-zazitkami-v-slovenskom-raji\\\/\",\"url\":\"https:\\\/\\\/vraji.sk\\\/de\\\/ladovy-expres-vas-odvezie-za-zazitkami-v-slovenskom-raji\\\/\",\"name\":\"\u013dadov\u00fd expres v\u00e1s odvezie za z\u00e1\u017eitkami v Slovenskom raji - OOCR\",\"isPartOf\":{\"@id\":\"https:\\\/\\\/vraji.sk\\\/de\\\/#website\"},\"primaryImageOfPage\":{\"@id\":\"https:\\\/\\\/vraji.sk\\\/de\\\/ladovy-expres-vas-odvezie-za-zazitkami-v-slovenskom-raji\\\/#primaryimage\"},\"image\":{\"@id\":\"https:\\\/\\\/vraji.sk\\\/de\\\/ladovy-expres-vas-odvezie-za-zazitkami-v-slovenskom-raji\\\/#primaryimage\"},\"thumbnailUrl\":\"https:\\\/\\\/vraji.sk\\\/wp-content\\\/uploads\\\/2021\\\/10\\\/Rectangle-1-9.png\",\"datePublished\":\"2021-10-18T07:24:37+00:00\",\"breadcrumb\":{\"@id\":\"https:\\\/\\\/vraji.sk\\\/de\\\/ladovy-expres-vas-odvezie-za-zazitkami-v-slovenskom-raji\\\/#breadcrumb\"},\"inLanguage\":\"de\",\"potentialAction\":[{\"@type\":\"ReadAction\",\"target\":[\"https:\\\/\\\/vraji.sk\\\/de\\\/ladovy-expres-vas-odvezie-za-zazitkami-v-slovenskom-raji\\\/\"]}]},{\"@type\":\"ImageObject\",\"inLanguage\":\"de\",\"@id\":\"https:\\\/\\\/vraji.sk\\\/de\\\/ladovy-expres-vas-odvezie-za-zazitkami-v-slovenskom-raji\\\/#primaryimage\",\"url\":\"https:\\\/\\\/vraji.sk\\\/wp-content\\\/uploads\\\/2021\\\/10\\\/Rectangle-1-9.png\",\"contentUrl\":\"https:\\\/\\\/vraji.sk\\\/wp-content\\\/uploads\\\/2021\\\/10\\\/Rectangle-1-9.png\",\"width\":1200,\"height\":600},{\"@type\":\"BreadcrumbList\",\"@id\":\"https:\\\/\\\/vraji.sk\\\/de\\\/ladovy-expres-vas-odvezie-za-zazitkami-v-slovenskom-raji\\\/#breadcrumb\",\"itemListElement\":[{\"@type\":\"ListItem\",\"position\":1,\"name\":\"Home\",\"item\":\"https:\\\/\\\/vraji.sk\\\/de\\\/homepage\\\/\"},{\"@type\":\"ListItem\",\"position\":2,\"name\":\"\u013dadov\u00fd expres v\u00e1s odvezie za z\u00e1\u017eitkami v Slovenskom raji\"}]},{\"@type\":\"WebSite\",\"@id\":\"https:\\\/\\\/vraji.sk\\\/de\\\/#website\",\"url\":\"https:\\\/\\\/vraji.sk\\\/de\\\/\",\"name\":\"OOCR\",\"description\":\"Regi\u00f3n Slovensk\u00fd raj a Spi\u0161 | Z\u00e1\u017eitky, turistika, hist\u00f3ria | vRaji.sk\",\"publisher\":{\"@id\":\"https:\\\/\\\/vraji.sk\\\/de\\\/#organization\"},\"potentialAction\":[{\"@type\":\"SearchAction\",\"target\":{\"@type\":\"EntryPoint\",\"urlTemplate\":\"https:\\\/\\\/vraji.sk\\\/de\\\/?s={search_term_string}\"},\"query-input\":{\"@type\":\"PropertyValueSpecification\",\"valueRequired\":true,\"valueName\":\"search_term_string\"}}],\"inLanguage\":\"de\"},{\"@type\":\"Organization\",\"@id\":\"https:\\\/\\\/vraji.sk\\\/de\\\/#organization\",\"name\":\"OOCR\",\"url\":\"https:\\\/\\\/vraji.sk\\\/de\\\/\",\"logo\":{\"@type\":\"ImageObject\",\"inLanguage\":\"de\",\"@id\":\"https:\\\/\\\/vraji.sk\\\/de\\\/#\\\/schema\\\/logo\\\/image\\\/\",\"url\":\"https:\\\/\\\/vraji.sk\\\/wp-content\\\/uploads\\\/2021\\\/11\\\/biele-logo-1.svg\",\"contentUrl\":\"https:\\\/\\\/vraji.sk\\\/wp-content\\\/uploads\\\/2021\\\/11\\\/biele-logo-1.svg\",\"caption\":\"OOCR\"},\"image\":{\"@id\":\"https:\\\/\\\/vraji.sk\\\/de\\\/#\\\/schema\\\/logo\\\/image\\\/\"}},{\"@type\":\"Person\",\"@id\":\"https:\\\/\\\/vraji.sk\\\/de\\\/#\\\/schema\\\/person\\\/a10347ccdc46ec11da017d39cc6590c7\",\"name\":\"Lucia \u010cakyov\u00e1\",\"image\":{\"@type\":\"ImageObject\",\"inLanguage\":\"de\",\"@id\":\"https:\\\/\\\/secure.gravatar.com\\\/avatar\\\/5e06da1545cf4bdb9237926d342ec6c6ceb9c7e6672001c7f05b82721fd02462?s=96&d=mm&r=g\",\"url\":\"https:\\\/\\\/secure.gravatar.com\\\/avatar\\\/5e06da1545cf4bdb9237926d342ec6c6ceb9c7e6672001c7f05b82721fd02462?s=96&d=mm&r=g\",\"contentUrl\":\"https:\\\/\\\/secure.gravatar.com\\\/avatar\\\/5e06da1545cf4bdb9237926d342ec6c6ceb9c7e6672001c7f05b82721fd02462?s=96&d=mm&r=g\",\"caption\":\"Lucia \u010cakyov\u00e1\"},\"url\":\"https:\\\/\\\/vraji.sk\\\/de\\\/author\\\/trgt-lucka\\\/\"}]}<\/script>\n<!-- \/ Yoast SEO plugin. -->","yoast_head_json":{"title":"\u013dadov\u00fd expres v\u00e1s odvezie za z\u00e1\u017eitkami v Slovenskom raji - OOCR","robots":{"index":"index","follow":"follow","max-snippet":"max-snippet:-1","max-image-preview":"max-image-preview:large","max-video-preview":"max-video-preview:-1"},"canonical":"https:\/\/vraji.sk\/de\/ladovy-expres-vas-odvezie-za-zazitkami-v-slovenskom-raji\/","og_locale":"de_DE","og_type":"article","og_title":"\u013dadov\u00fd expres v\u00e1s odvezie za z\u00e1\u017eitkami v Slovenskom raji - OOCR","og_description":"Vyu\u017eite jedin\u00e9 priame spojenie z Ko\u0161\u00edc do Dob\u0161inskej \u013eadovej jaskyne. \u013dadov\u00fd expres prem\u00e1va","og_url":"https:\/\/vraji.sk\/de\/ladovy-expres-vas-odvezie-za-zazitkami-v-slovenskom-raji\/","og_site_name":"OOCR","article_published_time":"2021-10-18T07:24:37+00:00","og_image":[{"width":1200,"height":600,"url":"https:\/\/vraji.sk\/wp-content\/uploads\/2021\/10\/Rectangle-1-9.png","type":"image\/png"}],"author":"Lucia \u010cakyov\u00e1","twitter_card":"summary_large_image","twitter_misc":{"Verfasst von":"Lucia \u010cakyov\u00e1","Gesch\u00e4tzte Lesezeit":"2\u00a0Minuten"},"schema":{"@context":"https:\/\/schema.org","@graph":[{"@type":"Article","@id":"https:\/\/vraji.sk\/de\/ladovy-expres-vas-odvezie-za-zazitkami-v-slovenskom-raji\/#article","isPartOf":{"@id":"https:\/\/vraji.sk\/de\/ladovy-expres-vas-odvezie-za-zazitkami-v-slovenskom-raji\/"},"author":{"name":"Lucia \u010cakyov\u00e1","@id":"https:\/\/vraji.sk\/de\/#\/schema\/person\/a10347ccdc46ec11da017d39cc6590c7"},"headline":"\u013dadov\u00fd expres v\u00e1s odvezie za z\u00e1\u017eitkami v Slovenskom raji","datePublished":"2021-10-18T07:24:37+00:00","mainEntityOfPage":{"@id":"https:\/\/vraji.sk\/de\/ladovy-expres-vas-odvezie-za-zazitkami-v-slovenskom-raji\/"},"wordCount":444,"commentCount":0,"publisher":{"@id":"https:\/\/vraji.sk\/de\/#organization"},"image":{"@id":"https:\/\/vraji.sk\/de\/ladovy-expres-vas-odvezie-za-zazitkami-v-slovenskom-raji\/#primaryimage"},"thumbnailUrl":"https:\/\/vraji.sk\/wp-content\/uploads\/2021\/10\/Rectangle-1-9.png","articleSection":["Unkategorisiert"],"inLanguage":"de","potentialAction":[{"@type":"CommentAction","name":"Comment","target":["https:\/\/vraji.sk\/de\/ladovy-expres-vas-odvezie-za-zazitkami-v-slovenskom-raji\/#respond"]}]},{"@type":"WebPage","@id":"https:\/\/vraji.sk\/de\/ladovy-expres-vas-odvezie-za-zazitkami-v-slovenskom-raji\/","url":"https:\/\/vraji.sk\/de\/ladovy-expres-vas-odvezie-za-zazitkami-v-slovenskom-raji\/","name":"\u013dadov\u00fd expres v\u00e1s odvezie za z\u00e1\u017eitkami v Slovenskom raji - OOCR","isPartOf":{"@id":"https:\/\/vraji.sk\/de\/#website"},"primaryImageOfPage":{"@id":"https:\/\/vraji.sk\/de\/ladovy-expres-vas-odvezie-za-zazitkami-v-slovenskom-raji\/#primaryimage"},"image":{"@id":"https:\/\/vraji.sk\/de\/ladovy-expres-vas-odvezie-za-zazitkami-v-slovenskom-raji\/#primaryimage"},"thumbnailUrl":"https:\/\/vraji.sk\/wp-content\/uploads\/2021\/10\/Rectangle-1-9.png","datePublished":"2021-10-18T07:24:37+00:00","breadcrumb":{"@id":"https:\/\/vraji.sk\/de\/ladovy-expres-vas-odvezie-za-zazitkami-v-slovenskom-raji\/#breadcrumb"},"inLanguage":"de","potentialAction":[{"@type":"ReadAction","target":["https:\/\/vraji.sk\/de\/ladovy-expres-vas-odvezie-za-zazitkami-v-slovenskom-raji\/"]}]},{"@type":"ImageObject","inLanguage":"de","@id":"https:\/\/vraji.sk\/de\/ladovy-expres-vas-odvezie-za-zazitkami-v-slovenskom-raji\/#primaryimage","url":"https:\/\/vraji.sk\/wp-content\/uploads\/2021\/10\/Rectangle-1-9.png","contentUrl":"https:\/\/vraji.sk\/wp-content\/uploads\/2021\/10\/Rectangle-1-9.png","width":1200,"height":600},{"@type":"BreadcrumbList","@id":"https:\/\/vraji.sk\/de\/ladovy-expres-vas-odvezie-za-zazitkami-v-slovenskom-raji\/#breadcrumb","itemListElement":[{"@type":"ListItem","position":1,"name":"Home","item":"https:\/\/vraji.sk\/de\/homepage\/"},{"@type":"ListItem","position":2,"name":"\u013dadov\u00fd expres v\u00e1s odvezie za z\u00e1\u017eitkami v Slovenskom raji"}]},{"@type":"WebSite","@id":"https:\/\/vraji.sk\/de\/#website","url":"https:\/\/vraji.sk\/de\/","name":"OOCR","description":"Regi\u00f3n Slovensk\u00fd raj a Spi\u0161 | Z\u00e1\u017eitky, turistika, hist\u00f3ria | vRaji.sk","publisher":{"@id":"https:\/\/vraji.sk\/de\/#organization"},"potentialAction":[{"@type":"SearchAction","target":{"@type":"EntryPoint","urlTemplate":"https:\/\/vraji.sk\/de\/?s={search_term_string}"},"query-input":{"@type":"PropertyValueSpecification","valueRequired":true,"valueName":"search_term_string"}}],"inLanguage":"de"},{"@type":"Organization","@id":"https:\/\/vraji.sk\/de\/#organization","name":"OOCR","url":"https:\/\/vraji.sk\/de\/","logo":{"@type":"ImageObject","inLanguage":"de","@id":"https:\/\/vraji.sk\/de\/#\/schema\/logo\/image\/","url":"https:\/\/vraji.sk\/wp-content\/uploads\/2021\/11\/biele-logo-1.svg","contentUrl":"https:\/\/vraji.sk\/wp-content\/uploads\/2021\/11\/biele-logo-1.svg","caption":"OOCR"},"image":{"@id":"https:\/\/vraji.sk\/de\/#\/schema\/logo\/image\/"}},{"@type":"Person","@id":"https:\/\/vraji.sk\/de\/#\/schema\/person\/a10347ccdc46ec11da017d39cc6590c7","name":"Lucia \u010cakyov\u00e1","image":{"@type":"ImageObject","inLanguage":"de","@id":"https:\/\/secure.gravatar.com\/avatar\/5e06da1545cf4bdb9237926d342ec6c6ceb9c7e6672001c7f05b82721fd02462?s=96&d=mm&r=g","url":"https:\/\/secure.gravatar.com\/avatar\/5e06da1545cf4bdb9237926d342ec6c6ceb9c7e6672001c7f05b82721fd02462?s=96&d=mm&r=g","contentUrl":"https:\/\/secure.gravatar.com\/avatar\/5e06da1545cf4bdb9237926d342ec6c6ceb9c7e6672001c7f05b82721fd02462?s=96&d=mm&r=g","caption":"Lucia \u010cakyov\u00e1"},"url":"https:\/\/vraji.sk\/de\/author\/trgt-lucka\/"}]}},"_links":{"self":[{"href":"https:\/\/vraji.sk\/de\/wp-json\/wp\/v2\/posts\/2699","targetHints":{"allow":["GET"]}}],"collection":[{"href":"https:\/\/vraji.sk\/de\/wp-json\/wp\/v2\/posts"}],"about":[{"href":"https:\/\/vraji.sk\/de\/wp-json\/wp\/v2\/types\/post"}],"author":[{"embeddable":true,"href":"https:\/\/vraji.sk\/de\/wp-json\/wp\/v2\/users\/10"}],"replies":[{"embeddable":true,"href":"https:\/\/vraji.sk\/de\/wp-json\/wp\/v2\/comments?post=2699"}],"version-history":[{"count":0,"href":"https:\/\/vraji.sk\/de\/wp-json\/wp\/v2\/posts\/2699\/revisions"}],"wp:featuredmedia":[{"embeddable":true,"href":"https:\/\/vraji.sk\/de\/wp-json\/wp\/v2\/media\/2510"}],"wp:attachment":[{"href":"https:\/\/vraji.sk\/de\/wp-json\/wp\/v2\/media?parent=2699"}],"wp:term":[{"taxonomy":"category","embeddable":true,"href":"https:\/\/vraji.sk\/de\/wp-json\/wp\/v2\/categories?post=2699"},{"taxonomy":"post_tag","embeddable":true,"href":"https:\/\/vraji.sk\/de\/wp-json\/wp\/v2\/tags?post=2699"}],"curies":[{"name":"wp","href":"https:\/\/api.w.org\/{rel}","templated":true}]}}