{"id":9572,"date":"2022-04-22T14:45:39","date_gmt":"2022-04-22T14:45:39","guid":{"rendered":"https:\/\/vraji.sk\/?p=9572"},"modified":"2022-05-19T12:57:22","modified_gmt":"2022-05-19T12:57:22","slug":"nova-hymna-slovenskeho-raja-chystam-sa-do-raja","status":"publish","type":"post","link":"https:\/\/vraji.sk\/de\/nova-hymna-slovenskeho-raja-chystam-sa-do-raja\/","title":{"rendered":"Nov\u00e1 hymna Slovensk\u00e9ho raja &#8211; Chyst\u00e1m sa do Raja"},"content":{"rendered":"\n<div class=\"wp-block-image is-style-default\"><figure class=\"aligncenter size-large\"><img loading=\"lazy\" decoding=\"async\" width=\"1024\" height=\"1024\" src=\"https:\/\/vraji.sk\/wp-content\/uploads\/2022\/04\/Chystam-sa-do-Raja-3-1024x1024.jpg\" alt=\"\" class=\"wp-image-9575\" srcset=\"https:\/\/vraji.sk\/wp-content\/uploads\/2022\/04\/Chystam-sa-do-Raja-3-1024x1024.jpg 1024w, https:\/\/vraji.sk\/wp-content\/uploads\/2022\/04\/Chystam-sa-do-Raja-3-300x300.jpg 300w, https:\/\/vraji.sk\/wp-content\/uploads\/2022\/04\/Chystam-sa-do-Raja-3-150x150.jpg 150w, https:\/\/vraji.sk\/wp-content\/uploads\/2022\/04\/Chystam-sa-do-Raja-3-768x768.jpg 768w, https:\/\/vraji.sk\/wp-content\/uploads\/2022\/04\/Chystam-sa-do-Raja-3-24x24.jpg 24w, https:\/\/vraji.sk\/wp-content\/uploads\/2022\/04\/Chystam-sa-do-Raja-3-48x48.jpg 48w, https:\/\/vraji.sk\/wp-content\/uploads\/2022\/04\/Chystam-sa-do-Raja-3-96x96.jpg 96w, https:\/\/vraji.sk\/wp-content\/uploads\/2022\/04\/Chystam-sa-do-Raja-3.jpg 1500w\" sizes=\"auto, (max-width: 1024px) 100vw, 1024px\" \/><figcaption>Z\u00e1ber z videoklipu k piesni. Tom\u00e1\u0161ovsk\u00fd v\u00fdh\u013ead. <\/figcaption><\/figure><\/div>\n\n\n\n<div class=\"row\">\n    <div class=\"col\">\n        <hr class=\"mt-45 mb-45\">\n    <\/div>\n<\/div>\n\n\n<p><strong>Hymnou Chyst\u00e1m sa do raja oslavujeme 100. v\u00fdro\u010die n\u00e1zvu Slovensk\u00fd raj<\/strong><\/p>\n\n\n\n<p>N\u00e1zov RAJ n\u00e1m zanechali kartuzi\u00e1nski mn\u00edsi po zalo\u017een\u00ed kl\u00e1\u0161tora na Kl\u00e1\u0161torisku v roku 1299 kedy sa prv\u00fdkr\u00e1t spom\u00edna toto \u00fazemie pod latinsk\u00fdm n\u00e1zvom&nbsp;\u201ePARADISUS\u201c.&nbsp;Pomenovanie \u201eSlovensk\u00fd raj\u201c ako n\u00e1zov pre \u010darokr\u00e1sny a&nbsp;tajomn\u00fd k\u00fat Slovenska sa prv\u00fdkr\u00e1t objavilo v \u010dasopise Kr\u00e1sy Slovenska v roku 1921.<\/p>\n\n\n\n<p>V N\u00e1rodnom parku Slovensk\u00fd raj turisti obdivuj\u00fa najm\u00e4 ka\u0148ony a&nbsp;rokliny s&nbsp;vodop\u00e1dmi a podzemn\u00e9 priestory s kvap\u013eovou a \u013eadovou v\u00fdzdobou. Subjekty spravuj\u00face a&nbsp;staraj\u00face sa o \u00fazemie Slovensk\u00e9ho raja &#8211; Spr\u00e1va N\u00e1rodn\u00e9ho parku Slovensk\u00fd raj, Oblastn\u00e1 organiz\u00e1cia cestovn\u00e9ho ruchu (OOCR) Slovensk\u00fd raj &amp; Spi\u0161, samospr\u00e1vy v&nbsp;\u00fazem\u00ed, poskytovatelia produktov a slu\u017eieb cestovn\u00e9ho ruchu, ale aj \u0161irok\u00e1 verejnos\u0165 a&nbsp;turisti a n\u00e1v\u0161tevn\u00edci oslavuj\u00fa storo\u010dnicu vzniku n\u00e1zvu. Pri tejto pr\u00edle\u017eitosti sa spojila pr\u00edroda s&nbsp;umen\u00edm a&nbsp;hudbou. N\u00e1pad Ing. Tom\u00e1\u0161a Dra\u017eila, PhD., riadite\u013ea Spr\u00e1vy N\u00e1rodn\u00e9ho parku Slovensk\u00fd raj so s\u00eddlom v&nbsp;Spi\u0161skej Novej Vsi pomohla pretavi\u0165 do zauj\u00edmav\u00e9ho hudobn\u00e9ho diela OOCR Slovensk\u00fd raj &amp; Spi\u0161 e\u0161te v&nbsp;zast\u00fapen\u00ed Ing. Zuzany Z\u00e1borskej, s&nbsp;finan\u010dnou podporou Ministerstva dopravy a&nbsp;v\u00fdstavby SR.<\/p>\n\n\n\n<p>Piese\u0148 Chyst\u00e1m sa do raja zlo\u017eil spev\u00e1k kapely Smola a&nbsp;Hru\u0161ky Jozef Spoko Kram\u00e1r a m\u00e1 amb\u00edciu sta\u0165 sa hymnou, ktor\u00e1 bude oslavou tohto n\u00e1dhern\u00e9ho kraja Slovenska.<\/p>\n\n\n\n<p><\/p>\n\n\n\n<p><strong>Spojenie Slovensk\u00fd raj a&nbsp;spev\u00e1ka z kapely Smola a Hru\u0161ky<\/strong><strong><\/strong><\/p>\n\n\n\n<p>\u201ePomenovanie Slovensk\u00fd raj m\u00e1 100 rokov. N\u00e1pad da\u0165 Slovensk\u00e9mu raju modern\u00fa, vlastn\u00fa hymnu vznikol spont\u00e1nne\u201c, hovor\u00ed Tom\u00e1\u0161 Dra\u017eil, riadite\u013e Spr\u00e1vy NP Slovensk\u00fd raj, \u201ca&nbsp;spont\u00e1nnym bolo aj rozhodnutie, \u017ee zver\u00edme \u00falohu nap\u00edsa\u0165 skladbu pr\u00e1ve Spokovi. Mysl\u00edm si, \u017ee prec\u00edti\u0165 kr\u00e1sy pr\u00edrody, hist\u00f3riu a&nbsp;ducha raja dok\u00e1\u017ee len miestny, lok\u00e1lpatriot, ktor\u00fd \u00fazemie pozn\u00e1 odmali\u010dka. Piese\u0148 a&nbsp;klip s\u00fa vydaren\u00e9, nepochybujem, \u017ee sa Spi\u0161iakom ale aj in\u00fdm bud\u00fa p\u00e1\u010di\u0165\u201c.&nbsp;&nbsp;<\/p>\n\n\n\n<p>\u201ePiese\u0148 sa mi dostala pod ko\u017eu. Te\u0161\u00edm sa, \u017ee vzniklo dielko, ktor\u00e9 m\u00e1 silu znie\u0165 v&nbsp;u\u0161iach, potenci\u00e1l provokova\u0165, aby sme si ju pospevovali, schopnos\u0165 vyn\u00e1ra\u0165 sa v na\u0161ich predstav\u00e1ch a&nbsp;my\u0161lienkach\u201c, hovor\u00ed Zuzana Z\u00e1borsk\u00e1, b\u00fdval\u00e1 predsedn\u00ed\u010dka OOCR Slovensk\u00fd raj &amp; Spi\u0161 a&nbsp;dod\u00e1va, \u201eJe jedine\u010dnou pozv\u00e1nkou do Slovensk\u00e9ho raja. Je pr\u00edle\u017eitos\u0165ou vidie\u0165 a&nbsp;vn\u00edma\u0165 Slovensk\u00fd raj inak, lep\u0161ie a&nbsp;kraj\u0161ie. Piese\u0148 Chyst\u00e1m sa do raja bude aj atrakt\u00edvnym n\u00e1strojom propag\u00e1cie turistickej destin\u00e1cie Slovensk\u00fd raj.\u201c<\/p>\n\n\n\n<p>\u201e Raj je pre m\u0148a srdcov\u00e1 z\u00e1le\u017eitos\u0165, ke\u010f\u017ee mamka poch\u00e1dza z Hrabu\u0161\u00edc a otec z Letanoviec, od detstva sme tr\u00e1vili chv\u00edle v pr\u00edrode a chodili na t\u00fary. Skladba sa rodila dlho a je to po hudobnej str\u00e1nke najn\u00e1ro\u010dnej\u0161\u00ed projekt, na ktorom som spolupracoval. \u010eakujem a&nbsp;v\u00e1\u017eim si oslovenie a&nbsp;spolupr\u00e1cu s NP Slovensk\u00fd raj a OOCR Slovensk\u00fd raj &amp; Spi\u0161, a&nbsp;v&nbsp;neposlednom rade v\u010faka v\u0161etk\u00fdm spolupracovn\u00edkom, ktor\u00ed sa na realiz\u00e1cii podie\u013eali a bez ktor\u00fdch by skladba nevznikla.,\u201c op\u00edsal pr\u00e1cu na multi\u017e\u00e1nrovom projekte spev\u00e1k a&nbsp;skladate\u013e Jozef Spoko Kram\u00e1r.<\/p>\n\n\n\n<p><\/p>\n\n\n\n<p><strong>Premi\u00e9ra skladby Chyst\u00e1m sa do raja a&nbsp;rajsk\u00fd videoklip<\/strong><\/p>\n\n\n\n<p>Kapela Smola a&nbsp;Hru\u0161ky oslavuje 25. v\u00fdro\u010die svojho vzniku a&nbsp;pri tejto pr\u00edle\u017eitosti aktu\u00e1lne prebieha \u0161peci\u00e1lne koncertn\u00e9 turn\u00e9 Akustick\u00e9 Hru\u0161ky 25 rokov tour. Svoj prv\u00fd koncert odohrali vo \u0161tvrtok 21.4. o&nbsp;20:00 v&nbsp;koncertnej s\u00e1le historickej Reduty v&nbsp;Spi\u0161skej Novej Vsi, kde na\u017eivo a&nbsp;v&nbsp;premi\u00e9re odznela aj nov\u00e1 skladba Chyst\u00e1m sa do raja. Rajsk\u00fd videoklip, pln\u00fd unik\u00e1tnych z\u00e1berov o\u010daruj\u00facej pr\u00edrody a&nbsp;zn\u00e1mych i&nbsp;nezn\u00e1mych miest v Slovenskom raji, sa nat\u00e1\u010dal v&nbsp;ka\u017edom ro\u010dnom obdob\u00ed po\u010das cel\u00e9ho roka 2021 a vznikol v&nbsp;spolupr\u00e1ci so sk\u00fasen\u00fdm a&nbsp;dvorn\u00fdm kameramanom kapely Pavlom Vargom.<\/p>\n\n\n\n<p><strong>Ofici\u00e1lny klip si m\u00f4\u017eete pozrie\u0165 tu: <a href=\"https:\/\/youtu.be\/Dto2WgOEyCA\">https:\/\/youtu.be\/Dto2WgOEyCA<\/a><\/strong><\/p>\n","protected":false},"excerpt":{"rendered":"<p>Hymnou Chyst\u00e1m sa do raja oslavujeme 100. v\u00fdro\u010die n\u00e1zvu Slovensk\u00fd raj N\u00e1zov RAJ n\u00e1m zanechali<\/p>\n","protected":false},"author":52,"featured_media":9573,"comment_status":"open","ping_status":"open","sticky":false,"template":"","format":"standard","meta":{"_acf_changed":false,"footnotes":""},"categories":[1],"tags":[],"class_list":["post-9572","post","type-post","status-publish","format-standard","has-post-thumbnail","hentry","category-uncategorized-sk"],"acf":[],"yoast_head":"<!-- This site is optimized with the Yoast SEO plugin v27.5 - https:\/\/yoast.com\/product\/yoast-seo-wordpress\/ -->\n<title>Nov\u00e1 hymna Slovensk\u00e9ho raja - Chyst\u00e1m sa do Raja - OOCR<\/title>\n<meta name=\"description\" content=\"Vypo\u010dujte si nov\u00fa hymnu Slovensk\u00e9ho raja, Chyst\u00e1m sa do raja, ktor\u00e1 vznikla v spolupr\u00e1ci hudobn\u00edka Spoka Kram\u00e1ra s OOCR Slovensk\u00fd raj &amp; Spi\u0161\" \/>\n<meta name=\"robots\" content=\"index, follow, max-snippet:-1, max-image-preview:large, max-video-preview:-1\" \/>\n<link rel=\"canonical\" href=\"https:\/\/vraji.sk\/de\/nova-hymna-slovenskeho-raja-chystam-sa-do-raja\/\" \/>\n<meta property=\"og:locale\" content=\"de_DE\" \/>\n<meta property=\"og:type\" content=\"article\" \/>\n<meta property=\"og:title\" content=\"Nov\u00e1 hymna Slovensk\u00e9ho raja - Chyst\u00e1m sa do Raja - OOCR\" \/>\n<meta property=\"og:description\" content=\"Vypo\u010dujte si nov\u00fa hymnu Slovensk\u00e9ho raja, Chyst\u00e1m sa do raja, ktor\u00e1 vznikla v spolupr\u00e1ci hudobn\u00edka Spoka Kram\u00e1ra s OOCR Slovensk\u00fd raj &amp; Spi\u0161\" \/>\n<meta property=\"og:url\" content=\"https:\/\/vraji.sk\/de\/nova-hymna-slovenskeho-raja-chystam-sa-do-raja\/\" \/>\n<meta property=\"og:site_name\" content=\"OOCR\" \/>\n<meta property=\"article:published_time\" content=\"2022-04-22T14:45:39+00:00\" \/>\n<meta property=\"article:modified_time\" content=\"2022-05-19T12:57:22+00:00\" \/>\n<meta property=\"og:image\" content=\"https:\/\/vraji.sk\/wp-content\/uploads\/2022\/04\/Chystam-sa-do-Raja-na-web.jpg\" \/>\n\t<meta property=\"og:image:width\" content=\"2000\" \/>\n\t<meta property=\"og:image:height\" content=\"1001\" \/>\n\t<meta property=\"og:image:type\" content=\"image\/jpeg\" \/>\n<meta name=\"author\" content=\"OOCR\" \/>\n<meta name=\"twitter:card\" content=\"summary_large_image\" \/>\n<meta name=\"twitter:label1\" content=\"Verfasst von\" \/>\n\t<meta name=\"twitter:data1\" content=\"OOCR\" \/>\n\t<meta name=\"twitter:label2\" content=\"Gesch\u00e4tzte Lesezeit\" \/>\n\t<meta name=\"twitter:data2\" content=\"3\u00a0Minuten\" \/>\n<script type=\"application\/ld+json\" class=\"yoast-schema-graph\">{\"@context\":\"https:\\\/\\\/schema.org\",\"@graph\":[{\"@type\":\"Article\",\"@id\":\"https:\\\/\\\/vraji.sk\\\/de\\\/nova-hymna-slovenskeho-raja-chystam-sa-do-raja\\\/#article\",\"isPartOf\":{\"@id\":\"https:\\\/\\\/vraji.sk\\\/de\\\/nova-hymna-slovenskeho-raja-chystam-sa-do-raja\\\/\"},\"author\":{\"name\":\"OOCR\",\"@id\":\"https:\\\/\\\/vraji.sk\\\/de\\\/#\\\/schema\\\/person\\\/6ba5da72601ea4018533f90f796d4530\"},\"headline\":\"Nov\u00e1 hymna Slovensk\u00e9ho raja &#8211; Chyst\u00e1m sa do Raja\",\"datePublished\":\"2022-04-22T14:45:39+00:00\",\"dateModified\":\"2022-05-19T12:57:22+00:00\",\"mainEntityOfPage\":{\"@id\":\"https:\\\/\\\/vraji.sk\\\/de\\\/nova-hymna-slovenskeho-raja-chystam-sa-do-raja\\\/\"},\"wordCount\":789,\"commentCount\":0,\"publisher\":{\"@id\":\"https:\\\/\\\/vraji.sk\\\/de\\\/#organization\"},\"image\":{\"@id\":\"https:\\\/\\\/vraji.sk\\\/de\\\/nova-hymna-slovenskeho-raja-chystam-sa-do-raja\\\/#primaryimage\"},\"thumbnailUrl\":\"https:\\\/\\\/vraji.sk\\\/wp-content\\\/uploads\\\/2022\\\/04\\\/Chystam-sa-do-Raja-na-web.jpg\",\"articleSection\":[\"Uncategorized @sk\"],\"inLanguage\":\"de\",\"potentialAction\":[{\"@type\":\"CommentAction\",\"name\":\"Comment\",\"target\":[\"https:\\\/\\\/vraji.sk\\\/de\\\/nova-hymna-slovenskeho-raja-chystam-sa-do-raja\\\/#respond\"]}]},{\"@type\":\"WebPage\",\"@id\":\"https:\\\/\\\/vraji.sk\\\/de\\\/nova-hymna-slovenskeho-raja-chystam-sa-do-raja\\\/\",\"url\":\"https:\\\/\\\/vraji.sk\\\/de\\\/nova-hymna-slovenskeho-raja-chystam-sa-do-raja\\\/\",\"name\":\"Nov\u00e1 hymna Slovensk\u00e9ho raja - Chyst\u00e1m sa do Raja - OOCR\",\"isPartOf\":{\"@id\":\"https:\\\/\\\/vraji.sk\\\/de\\\/#website\"},\"primaryImageOfPage\":{\"@id\":\"https:\\\/\\\/vraji.sk\\\/de\\\/nova-hymna-slovenskeho-raja-chystam-sa-do-raja\\\/#primaryimage\"},\"image\":{\"@id\":\"https:\\\/\\\/vraji.sk\\\/de\\\/nova-hymna-slovenskeho-raja-chystam-sa-do-raja\\\/#primaryimage\"},\"thumbnailUrl\":\"https:\\\/\\\/vraji.sk\\\/wp-content\\\/uploads\\\/2022\\\/04\\\/Chystam-sa-do-Raja-na-web.jpg\",\"datePublished\":\"2022-04-22T14:45:39+00:00\",\"dateModified\":\"2022-05-19T12:57:22+00:00\",\"description\":\"Vypo\u010dujte si nov\u00fa hymnu Slovensk\u00e9ho raja, Chyst\u00e1m sa do raja, ktor\u00e1 vznikla v spolupr\u00e1ci hudobn\u00edka Spoka Kram\u00e1ra s OOCR Slovensk\u00fd raj & Spi\u0161\",\"breadcrumb\":{\"@id\":\"https:\\\/\\\/vraji.sk\\\/de\\\/nova-hymna-slovenskeho-raja-chystam-sa-do-raja\\\/#breadcrumb\"},\"inLanguage\":\"de\",\"potentialAction\":[{\"@type\":\"ReadAction\",\"target\":[\"https:\\\/\\\/vraji.sk\\\/de\\\/nova-hymna-slovenskeho-raja-chystam-sa-do-raja\\\/\"]}]},{\"@type\":\"ImageObject\",\"inLanguage\":\"de\",\"@id\":\"https:\\\/\\\/vraji.sk\\\/de\\\/nova-hymna-slovenskeho-raja-chystam-sa-do-raja\\\/#primaryimage\",\"url\":\"https:\\\/\\\/vraji.sk\\\/wp-content\\\/uploads\\\/2022\\\/04\\\/Chystam-sa-do-Raja-na-web.jpg\",\"contentUrl\":\"https:\\\/\\\/vraji.sk\\\/wp-content\\\/uploads\\\/2022\\\/04\\\/Chystam-sa-do-Raja-na-web.jpg\",\"width\":2000,\"height\":1001},{\"@type\":\"BreadcrumbList\",\"@id\":\"https:\\\/\\\/vraji.sk\\\/de\\\/nova-hymna-slovenskeho-raja-chystam-sa-do-raja\\\/#breadcrumb\",\"itemListElement\":[{\"@type\":\"ListItem\",\"position\":1,\"name\":\"Home\",\"item\":\"https:\\\/\\\/vraji.sk\\\/de\\\/homepage\\\/\"},{\"@type\":\"ListItem\",\"position\":2,\"name\":\"Nov\u00e1 hymna Slovensk\u00e9ho raja &#8211; Chyst\u00e1m sa do Raja\"}]},{\"@type\":\"WebSite\",\"@id\":\"https:\\\/\\\/vraji.sk\\\/de\\\/#website\",\"url\":\"https:\\\/\\\/vraji.sk\\\/de\\\/\",\"name\":\"OOCR\",\"description\":\"Regi\u00f3n Slovensk\u00fd raj a Spi\u0161 | Z\u00e1\u017eitky, turistika, hist\u00f3ria | vRaji.sk\",\"publisher\":{\"@id\":\"https:\\\/\\\/vraji.sk\\\/de\\\/#organization\"},\"potentialAction\":[{\"@type\":\"SearchAction\",\"target\":{\"@type\":\"EntryPoint\",\"urlTemplate\":\"https:\\\/\\\/vraji.sk\\\/de\\\/?s={search_term_string}\"},\"query-input\":{\"@type\":\"PropertyValueSpecification\",\"valueRequired\":true,\"valueName\":\"search_term_string\"}}],\"inLanguage\":\"de\"},{\"@type\":\"Organization\",\"@id\":\"https:\\\/\\\/vraji.sk\\\/de\\\/#organization\",\"name\":\"OOCR\",\"url\":\"https:\\\/\\\/vraji.sk\\\/de\\\/\",\"logo\":{\"@type\":\"ImageObject\",\"inLanguage\":\"de\",\"@id\":\"https:\\\/\\\/vraji.sk\\\/de\\\/#\\\/schema\\\/logo\\\/image\\\/\",\"url\":\"https:\\\/\\\/vraji.sk\\\/wp-content\\\/uploads\\\/2021\\\/11\\\/biele-logo-1.svg\",\"contentUrl\":\"https:\\\/\\\/vraji.sk\\\/wp-content\\\/uploads\\\/2021\\\/11\\\/biele-logo-1.svg\",\"caption\":\"OOCR\"},\"image\":{\"@id\":\"https:\\\/\\\/vraji.sk\\\/de\\\/#\\\/schema\\\/logo\\\/image\\\/\"}},{\"@type\":\"Person\",\"@id\":\"https:\\\/\\\/vraji.sk\\\/de\\\/#\\\/schema\\\/person\\\/6ba5da72601ea4018533f90f796d4530\",\"name\":\"OOCR\",\"image\":{\"@type\":\"ImageObject\",\"inLanguage\":\"de\",\"@id\":\"https:\\\/\\\/secure.gravatar.com\\\/avatar\\\/254aa66d580269ab31c41bb5eb446b00d03ea31eab4a58840a0e31f2890e31c4?s=96&d=mm&r=g\",\"url\":\"https:\\\/\\\/secure.gravatar.com\\\/avatar\\\/254aa66d580269ab31c41bb5eb446b00d03ea31eab4a58840a0e31f2890e31c4?s=96&d=mm&r=g\",\"contentUrl\":\"https:\\\/\\\/secure.gravatar.com\\\/avatar\\\/254aa66d580269ab31c41bb5eb446b00d03ea31eab4a58840a0e31f2890e31c4?s=96&d=mm&r=g\",\"caption\":\"OOCR\"},\"url\":\"https:\\\/\\\/vraji.sk\\\/de\\\/author\\\/oocr-info\\\/\"}]}<\/script>\n<!-- \/ Yoast SEO plugin. -->","yoast_head_json":{"title":"Nov\u00e1 hymna Slovensk\u00e9ho raja - Chyst\u00e1m sa do Raja - OOCR","description":"Vypo\u010dujte si nov\u00fa hymnu Slovensk\u00e9ho raja, Chyst\u00e1m sa do raja, ktor\u00e1 vznikla v spolupr\u00e1ci hudobn\u00edka Spoka Kram\u00e1ra s OOCR Slovensk\u00fd raj & Spi\u0161","robots":{"index":"index","follow":"follow","max-snippet":"max-snippet:-1","max-image-preview":"max-image-preview:large","max-video-preview":"max-video-preview:-1"},"canonical":"https:\/\/vraji.sk\/de\/nova-hymna-slovenskeho-raja-chystam-sa-do-raja\/","og_locale":"de_DE","og_type":"article","og_title":"Nov\u00e1 hymna Slovensk\u00e9ho raja - Chyst\u00e1m sa do Raja - OOCR","og_description":"Vypo\u010dujte si nov\u00fa hymnu Slovensk\u00e9ho raja, Chyst\u00e1m sa do raja, ktor\u00e1 vznikla v spolupr\u00e1ci hudobn\u00edka Spoka Kram\u00e1ra s OOCR Slovensk\u00fd raj & Spi\u0161","og_url":"https:\/\/vraji.sk\/de\/nova-hymna-slovenskeho-raja-chystam-sa-do-raja\/","og_site_name":"OOCR","article_published_time":"2022-04-22T14:45:39+00:00","article_modified_time":"2022-05-19T12:57:22+00:00","og_image":[{"width":2000,"height":1001,"url":"https:\/\/vraji.sk\/wp-content\/uploads\/2022\/04\/Chystam-sa-do-Raja-na-web.jpg","type":"image\/jpeg"}],"author":"OOCR","twitter_card":"summary_large_image","twitter_misc":{"Verfasst von":"OOCR","Gesch\u00e4tzte Lesezeit":"3\u00a0Minuten"},"schema":{"@context":"https:\/\/schema.org","@graph":[{"@type":"Article","@id":"https:\/\/vraji.sk\/de\/nova-hymna-slovenskeho-raja-chystam-sa-do-raja\/#article","isPartOf":{"@id":"https:\/\/vraji.sk\/de\/nova-hymna-slovenskeho-raja-chystam-sa-do-raja\/"},"author":{"name":"OOCR","@id":"https:\/\/vraji.sk\/de\/#\/schema\/person\/6ba5da72601ea4018533f90f796d4530"},"headline":"Nov\u00e1 hymna Slovensk\u00e9ho raja &#8211; Chyst\u00e1m sa do Raja","datePublished":"2022-04-22T14:45:39+00:00","dateModified":"2022-05-19T12:57:22+00:00","mainEntityOfPage":{"@id":"https:\/\/vraji.sk\/de\/nova-hymna-slovenskeho-raja-chystam-sa-do-raja\/"},"wordCount":789,"commentCount":0,"publisher":{"@id":"https:\/\/vraji.sk\/de\/#organization"},"image":{"@id":"https:\/\/vraji.sk\/de\/nova-hymna-slovenskeho-raja-chystam-sa-do-raja\/#primaryimage"},"thumbnailUrl":"https:\/\/vraji.sk\/wp-content\/uploads\/2022\/04\/Chystam-sa-do-Raja-na-web.jpg","articleSection":["Uncategorized @sk"],"inLanguage":"de","potentialAction":[{"@type":"CommentAction","name":"Comment","target":["https:\/\/vraji.sk\/de\/nova-hymna-slovenskeho-raja-chystam-sa-do-raja\/#respond"]}]},{"@type":"WebPage","@id":"https:\/\/vraji.sk\/de\/nova-hymna-slovenskeho-raja-chystam-sa-do-raja\/","url":"https:\/\/vraji.sk\/de\/nova-hymna-slovenskeho-raja-chystam-sa-do-raja\/","name":"Nov\u00e1 hymna Slovensk\u00e9ho raja - Chyst\u00e1m sa do Raja - OOCR","isPartOf":{"@id":"https:\/\/vraji.sk\/de\/#website"},"primaryImageOfPage":{"@id":"https:\/\/vraji.sk\/de\/nova-hymna-slovenskeho-raja-chystam-sa-do-raja\/#primaryimage"},"image":{"@id":"https:\/\/vraji.sk\/de\/nova-hymna-slovenskeho-raja-chystam-sa-do-raja\/#primaryimage"},"thumbnailUrl":"https:\/\/vraji.sk\/wp-content\/uploads\/2022\/04\/Chystam-sa-do-Raja-na-web.jpg","datePublished":"2022-04-22T14:45:39+00:00","dateModified":"2022-05-19T12:57:22+00:00","description":"Vypo\u010dujte si nov\u00fa hymnu Slovensk\u00e9ho raja, Chyst\u00e1m sa do raja, ktor\u00e1 vznikla v spolupr\u00e1ci hudobn\u00edka Spoka Kram\u00e1ra s OOCR Slovensk\u00fd raj & Spi\u0161","breadcrumb":{"@id":"https:\/\/vraji.sk\/de\/nova-hymna-slovenskeho-raja-chystam-sa-do-raja\/#breadcrumb"},"inLanguage":"de","potentialAction":[{"@type":"ReadAction","target":["https:\/\/vraji.sk\/de\/nova-hymna-slovenskeho-raja-chystam-sa-do-raja\/"]}]},{"@type":"ImageObject","inLanguage":"de","@id":"https:\/\/vraji.sk\/de\/nova-hymna-slovenskeho-raja-chystam-sa-do-raja\/#primaryimage","url":"https:\/\/vraji.sk\/wp-content\/uploads\/2022\/04\/Chystam-sa-do-Raja-na-web.jpg","contentUrl":"https:\/\/vraji.sk\/wp-content\/uploads\/2022\/04\/Chystam-sa-do-Raja-na-web.jpg","width":2000,"height":1001},{"@type":"BreadcrumbList","@id":"https:\/\/vraji.sk\/de\/nova-hymna-slovenskeho-raja-chystam-sa-do-raja\/#breadcrumb","itemListElement":[{"@type":"ListItem","position":1,"name":"Home","item":"https:\/\/vraji.sk\/de\/homepage\/"},{"@type":"ListItem","position":2,"name":"Nov\u00e1 hymna Slovensk\u00e9ho raja &#8211; Chyst\u00e1m sa do Raja"}]},{"@type":"WebSite","@id":"https:\/\/vraji.sk\/de\/#website","url":"https:\/\/vraji.sk\/de\/","name":"OOCR","description":"Regi\u00f3n Slovensk\u00fd raj a Spi\u0161 | Z\u00e1\u017eitky, turistika, hist\u00f3ria | vRaji.sk","publisher":{"@id":"https:\/\/vraji.sk\/de\/#organization"},"potentialAction":[{"@type":"SearchAction","target":{"@type":"EntryPoint","urlTemplate":"https:\/\/vraji.sk\/de\/?s={search_term_string}"},"query-input":{"@type":"PropertyValueSpecification","valueRequired":true,"valueName":"search_term_string"}}],"inLanguage":"de"},{"@type":"Organization","@id":"https:\/\/vraji.sk\/de\/#organization","name":"OOCR","url":"https:\/\/vraji.sk\/de\/","logo":{"@type":"ImageObject","inLanguage":"de","@id":"https:\/\/vraji.sk\/de\/#\/schema\/logo\/image\/","url":"https:\/\/vraji.sk\/wp-content\/uploads\/2021\/11\/biele-logo-1.svg","contentUrl":"https:\/\/vraji.sk\/wp-content\/uploads\/2021\/11\/biele-logo-1.svg","caption":"OOCR"},"image":{"@id":"https:\/\/vraji.sk\/de\/#\/schema\/logo\/image\/"}},{"@type":"Person","@id":"https:\/\/vraji.sk\/de\/#\/schema\/person\/6ba5da72601ea4018533f90f796d4530","name":"OOCR","image":{"@type":"ImageObject","inLanguage":"de","@id":"https:\/\/secure.gravatar.com\/avatar\/254aa66d580269ab31c41bb5eb446b00d03ea31eab4a58840a0e31f2890e31c4?s=96&d=mm&r=g","url":"https:\/\/secure.gravatar.com\/avatar\/254aa66d580269ab31c41bb5eb446b00d03ea31eab4a58840a0e31f2890e31c4?s=96&d=mm&r=g","contentUrl":"https:\/\/secure.gravatar.com\/avatar\/254aa66d580269ab31c41bb5eb446b00d03ea31eab4a58840a0e31f2890e31c4?s=96&d=mm&r=g","caption":"OOCR"},"url":"https:\/\/vraji.sk\/de\/author\/oocr-info\/"}]}},"_links":{"self":[{"href":"https:\/\/vraji.sk\/de\/wp-json\/wp\/v2\/posts\/9572","targetHints":{"allow":["GET"]}}],"collection":[{"href":"https:\/\/vraji.sk\/de\/wp-json\/wp\/v2\/posts"}],"about":[{"href":"https:\/\/vraji.sk\/de\/wp-json\/wp\/v2\/types\/post"}],"author":[{"embeddable":true,"href":"https:\/\/vraji.sk\/de\/wp-json\/wp\/v2\/users\/52"}],"replies":[{"embeddable":true,"href":"https:\/\/vraji.sk\/de\/wp-json\/wp\/v2\/comments?post=9572"}],"version-history":[{"count":2,"href":"https:\/\/vraji.sk\/de\/wp-json\/wp\/v2\/posts\/9572\/revisions"}],"predecessor-version":[{"id":9744,"href":"https:\/\/vraji.sk\/de\/wp-json\/wp\/v2\/posts\/9572\/revisions\/9744"}],"wp:featuredmedia":[{"embeddable":true,"href":"https:\/\/vraji.sk\/de\/wp-json\/wp\/v2\/media\/9573"}],"wp:attachment":[{"href":"https:\/\/vraji.sk\/de\/wp-json\/wp\/v2\/media?parent=9572"}],"wp:term":[{"taxonomy":"category","embeddable":true,"href":"https:\/\/vraji.sk\/de\/wp-json\/wp\/v2\/categories?post=9572"},{"taxonomy":"post_tag","embeddable":true,"href":"https:\/\/vraji.sk\/de\/wp-json\/wp\/v2\/tags?post=9572"}],"curies":[{"name":"wp","href":"https:\/\/api.w.org\/{rel}","templated":true}]}}