{"id":10557,"date":"2022-08-04T06:37:34","date_gmt":"2022-08-04T06:37:34","guid":{"rendered":"https:\/\/vraji.sk\/?p=10557"},"modified":"2022-11-07T12:01:50","modified_gmt":"2022-11-07T12:01:50","slug":"so-stastikom-a-stastenkou-v-ustrety-poznania-slovenskeho-raja-a-spisa","status":"publish","type":"post","link":"https:\/\/vraji.sk\/en\/so-stastikom-a-stastenkou-v-ustrety-poznania-slovenskeho-raja-a-spisa\/","title":{"rendered":"\u017drebovanie prebehlo, v\u00ed\u0165azi boli kontaktovan\u00ed, gratulujeme &#8211; So \u0160tast\u00edkom a \u0160tastenkou v \u00fastrety poznania Slovensk\u00e9ho raja a Spi\u0161a"},"content":{"rendered":"\n<p>S\u00fa\u0165a\u017e pln\u00e1 dobrodru\u017estiev pre v\u0161etky deti a ich rodi\u010dov. <\/p>\n\n\n\n<p>Projekt \u201cSo \u0160\u0165ast\u00edkom a \u0160\u0165astenkou v \u00fastrety poznaniu Slovensk\u00e9ho raja a Spi\u0161a\u201d<br>je realizovan\u00fd s finan\u010dnou podporou <strong>Nada\u010dn\u00e9ho fondu EMBRACO.<\/strong><\/p>\n\n\n\n<p>Mil\u00ed kamar\u00e1ti!<br>Sme ve\u013emi radi, \u017ee ste zav\u00edtali ku n\u00e1m, do regi\u00f3nu Spi\u0161a a Slovensk\u00e9ho raja. Te\u0161ia sa<br>aj \u0160\u0165ast\u00edk so \u0160\u0165astenkou. P\u00fdtate sa kto\u017ee to je? \u0160kriatok \u0160\u0165ast\u00edk a v\u00edla \u0160\u0165astenka<br>s\u00fa nerozlu\u010dn\u00e1 dvojica, k\u00fazeln\u00e9 bytosti \u017eij\u00face v skryt\u00fdch z\u00e1kutiach Slovensk\u00e9ho raja,<br>ktor\u00e9 str\u00e1\u017eia poklady, dozeraj\u00fa na bezpe\u010die turistov a prin\u00e1\u0161aj\u00fa im \u0161\u0165astie. Ve\u013emi radi<br>sa hraj\u00fa a zab\u00e1vaj\u00fa, no e\u0161te rad\u0161ej objavuj\u00fa nov\u00e9 z\u00e1hady a zauj\u00edmavosti. A ke\u010f\u017ee n\u00e1\u0161<br>regi\u00f3n skr\u00fdva nev\u0161edn\u00fdch miest ne\u00farekom, rozhodli sa obr\u00e1ti\u0165 s prosbou o pomoc na<br>v\u00e1s. Ak nav\u0161t\u00edvite zauj\u00edmav\u00e9 miesta uveden\u00e9 na tejto str\u00e1nke a spr\u00e1vne zodpoviete<br>na zvedav\u00e9 ot\u00e1zky \u0160\u0165ast\u00edka a \u0160\u0165astenky, \u010dak\u00e1 na v\u00e1s mno\u017estvo dobrodru\u017estiev, ktor\u00e9 ak v\u0161etky prekon\u00e1te z\u00edskate <strong>dar\u010dek<\/strong> a budete zaraden\u00ed do \u017erebovania o <strong>hodnotn\u00e9 ceny<\/strong>! <\/p>\n\n\n\n<figure class=\"wp-block-image size-full is-style-rounded\"><img loading=\"lazy\" decoding=\"async\" width=\"495\" height=\"226\" src=\"https:\/\/vraji.sk\/wp-content\/uploads\/2022\/08\/Vyhry.jpg\" alt=\"\" class=\"wp-image-10575\" srcset=\"https:\/\/vraji.sk\/wp-content\/uploads\/2022\/08\/Vyhry.jpg 495w, https:\/\/vraji.sk\/wp-content\/uploads\/2022\/08\/Vyhry-300x137.jpg 300w\" sizes=\"auto, (max-width: 495px) 100vw, 495px\" \/><\/figure>\n\n\n\n<p><strong>Pravidl\u00e1 s\u00fa\u0165a\u017ee<\/strong><br>Va\u0161ou \u00falohou je nav\u0161t\u00edvi\u0165 \/ absolvova\u0165 vybran\u00e9 zauj\u00edmavosti Slovensk\u00e9ho raja a Ju\u017en\u00e9ho Spi\u0161a, pop\u00edsan\u00e9 ni\u017e\u0161ie na tejto str\u00e1nke alebo na mapke, ktor\u00fa si m\u00f4\u017ee\u0161 vyzdvihn\u00fa\u0165 v <a href=\"https:\/\/navstevnik.spisskanovaves.eu\/prakticke-info\/turisticke-informacne-centrum\/\">TIC Spi\u0161sk\u00e1 Nov\u00e1 Ves<\/a> a <a href=\"https:\/\/www.dobsina.sk\/turisticke-informacne-centrum.phtml?id3=36087\">TIC Dob\u0161in\u00e1<\/a>. Ako d\u00f4kaz o zdolan\u00ed jednotliv\u00fdch lokal\u00edt sl\u00fa\u017eia va\u0161e selfie fotografie z ur\u010den\u00fdch miest. Na ka\u017edej fotografii by malo by\u0165 vidno Va\u0161u tv\u00e1r a orienta\u010dn\u00fd objekt v ter\u00e9ne, ktor\u00fd je tie\u017e ku ka\u017edej lokalite uveden\u00fd. Do v\u00fdzvy sa m\u00f4\u017ee zapoji\u0165 ka\u017ed\u00e9 die\u0165a z rodiny jednotlivo. Ku ka\u017edej z lokal\u00edt sa via\u017ee jedna s\u00fa\u0165a\u017en\u00e1 ot\u00e1zka. Ot\u00e1zky nie s\u00fa zlo\u017eit\u00e9, ak dan\u00e9 miesta nav\u0161t\u00edvite, ur\u010dite na ne n\u00e1jdete odpove\u010f. T\u00ed z V\u00e1s, ktor\u00ed nav\u0161t\u00edvia aspo\u0148<strong> desa\u0165 <\/strong>z dvan\u00e1stich vybran\u00fdch zauj\u00edmavosti, spr\u00e1vne zodpovedia na s\u00fa\u0165a\u017en\u00e9 ot\u00e1zky bud\u00fa po skon\u010den\u00ed s\u00fa\u0165a\u017ee zaraden\u00ed do \u017erebovania o hodnotn\u00e9 ceny. S\u00fa\u0165a\u017e trv\u00e1 <strong>od 5. augusta do 31. okt\u00f3bra 2022.<\/strong> Zlosovanie v\u00fdhercov prebehne bezprostredne po skon\u010den\u00ed s\u00fa\u0165a\u017ee. Po zozbieran\u00ed <strong>10 fotografi\u00ed<\/strong> a <strong>10 odpoved\u00ed<\/strong> pr\u00ed\u010fte do <a href=\"https:\/\/navstevnik.spisskanovaves.eu\/prakticke-info\/turisticke-informacne-centrum\/\">TIC Spi\u0161sk\u00e1 Nov\u00e1 Ves<\/a> alebo <a href=\"https:\/\/www.dobsina.sk\/turisticke-informacne-centrum.phtml?id3=36087\">TIC Dob\u0161in\u00e1<\/a>, kde po overen\u00ed fotografi\u00ed miest a d\u00e1tumov n\u00e1v\u0161tev lokal\u00edt dostanete <strong>dar\u010dek <\/strong>a odovzd\u00e1te vyplnen\u00ed <strong>s\u00fa\u0165a\u017en\u00fd<\/strong> <strong>kup\u00f3n.<\/strong><\/p>\n\n\n\n<h3 class=\"wp-block-heading\">S\u00fa\u0165a\u017en\u00e9 lokality:<\/h3>\n\n\n\n<p><strong><u>Slatvinsk\u00fd miner\u00e1lny prame\u0148 Anna<\/u><\/strong><\/p>\n\n\n\n<p>Otv\u00e1racia doba: nepretr\u017eite po\u010das d\u0148a<\/p>\n\n\n\n<p>N\u00e1zov prame\u0148a je odvoden\u00fd od krstn\u00e9ho mena gr\u00f3fky Anny Cs\u00e1kyovej (\u010c\u00e1kiovej), ktor\u00e1 si t\u00fato vodu nech\u00e1vala dov\u00e1\u017ea\u0165 do svojho ka\u0161tie\u013ea a \u00fadajne pila iba t\u00fato. Prame\u0148 sa nach\u00e1dza v&nbsp;strede obce, v&nbsp;budove potrav\u00edn. Miner\u00e1lna voda bola zachyten\u00e1 z&nbsp;prame\u0148a \u201eAnna\u201c a vo\u013eakedy sa volala \u201eSlatvinka\u201c. Voda je vyveden\u00e1&nbsp;potrub\u00edm mimo budovu. Priamo k&nbsp;pramienku sa dostanete pomocou kr\u00e1tkych schod\u00edkov. Slatvinka m\u00e1 celoro\u010dne rovnak\u00fa teplotu. Vyviera z&nbsp;ve\u013ekej h\u013abky mas\u00edvu S\u013eubica z&nbsp;pohoria Branisko. M\u00e1 lie\u010debn\u00e9 \u00fa\u010dinky, v\u010faka obsahu l\u00edtia pom\u00e1ha pri spr\u00e1vnom fungovan\u00ed obli\u010diek a&nbsp;d\u00fdchac\u00edch ciest.<\/p>\n\n\n\n<p>Slatvinka je pitn\u00e1, m\u00f4\u017eete ju ochutna\u0165.<\/p>\n\n\n\n<p>Fotka:&nbsp; pri uv\u00edtacej tabuli pred are\u00e1lom potrav\u00edn<\/p>\n\n\n\n<p>Ot\u00e1zka: Ko\u013eko stup\u0148ov m\u00e1 Slatvinka?<\/p>\n\n\n\n<ol class=\"wp-block-list\" type=\"a\">\n<li>25&nbsp;stup\u0148ov Celzia<\/li>\n\n\n\n<li>9&nbsp;stup\u0148ov Celzia<\/li>\n\n\n\n<li>12 stup\u0148ov Celzia<\/li>\n<\/ol>\n\n\n\n<p><strong><u>Tom\u00e1\u0161ovsk\u00fd v\u00fdh\u013ead<\/u><\/strong><\/p>\n\n\n\n<p>Otv\u00e1racia doba: nepretr\u017eite po\u010das d\u0148a<\/p>\n\n\n\n<p>Skaln\u00e9 bralo v\u00e1m pon\u00fakne panoramatick\u00fd v\u00fdh\u013ead na okolit\u00fd kraj. M\u00f4\u017eete z&nbsp;neho vidie\u0165 s\u00fatok riek Horn\u00e1d a&nbsp;Biely potok, \u010certov\u00fa siho\u0165 a&nbsp;\u0161t\u00edty Vysok\u00e9 Tatry. V&nbsp;bl\u00edzkosti sa nach\u00e1dza jasky\u0148a &#8220;Michalova d\u017eura&#8221;. Na tomto mieste m\u00e1te doslova cel\u00fd svet pod nohami. Vychutnajte si tu&nbsp;ve\u013ekolep\u00e9 a&nbsp;nezabudnute\u013en\u00e9 v\u00fdh\u013eady. T\u00e1to skaln\u00e1 stena je v\u00e4\u010d\u0161inou kolm\u00e1 a&nbsp;je &nbsp;ob\u013e\u00faben\u00fdm miestom horolezeck\u00e9ho v\u00fdcviku a skalolezeck\u00fdch pretekov. Najjednoduch\u0161ia trasa vedie zo Spi\u0161sk\u00fdch Tom\u00e1\u0161oviec, odkia\u013e je v\u00fdh\u013ead&nbsp;vzdialen\u00fd pribli\u017ene 1.5 km. Odtia\u013e sta\u010d\u00ed nasledova\u0165&nbsp;zeleno zna\u010den\u00fd turistick\u00fd chodn\u00edk. Toma\u0161\u00e1k je&nbsp;dostupn\u00fd aj na bicykli. Cyklotrasa vedie taktie\u017e zo Spi\u0161sk\u00fdch Tom\u00e1\u0161oviec.<\/p>\n\n\n\n<p>Bude z&nbsp;teba horolezec?<\/p>\n\n\n\n<p>Fotka: pri tabuli slovensk\u00fdch turistov<\/p>\n\n\n\n<p>Ot\u00e1zka: Ak\u00e1 je nadmorsk\u00e1 v\u00fd\u0161ka Tom\u00e1\u0161ovsk\u00e9ho v\u00fdh\u013eadu?<\/p>\n\n\n\n<ol class=\"wp-block-list\" type=\"a\">\n<li>894 m n. m.<\/li>\n\n\n\n<li>600 m n. m.<\/li>\n\n\n\n<li>680 m n. m.<\/li>\n<\/ol>\n\n\n\n<p><strong><u>Spi\u0161skonovovesk\u00e1 kostoln\u00e1 ve\u017ea &#8211; Kostol Nanebovzatia Panny M\u00e1rie &#8211; mesto Spi\u0161sk\u00e1 Nova Ves<\/u><\/strong><\/p>\n\n\n\n<p>Otv\u00e1racia doba: 1. m\u00e1j &#8211; 30. september:<br>pondelok &#8211; piatok 10.00, 11.00, 13.00, 14.00, 15.00, 16.00, 17.00<br>sobota 10.00, 12.00, 14.00, 16.00<br>nede\u013ea 15.00, 17.00<\/p>\n\n\n\n<p>Po\u010das \u0161t\u00e1tnych sviatkov a dn\u00ed pracovn\u00e9ho pokoja, t. j. v d\u0148och 29. 8., 1. 9. a 15. 9. v \u010dase 15.00 a&nbsp;17.00.<\/p>\n\n\n\n<p><strong>Vstupenky<\/strong> do kostolnej ve\u017ee sa kupuj\u00fa pred v\u00fdstupom v <a href=\"https:\/\/navstevnik.spisskanovaves.eu\/prakticke-info\/turisticke-informacne-centrum\/\">TIC Spi\u0161sk\u00e1 Nov\u00e1 Ves<\/a> na Letnej 49, tel. +421 53 429 8293.<\/p>\n\n\n\n<p>R\u00edmskokatol\u00edcky farsk\u00fd kostol Nanebovzatia Panny M\u00e1rie pon\u00faka n\u00e1dhern\u00fd poh\u013ead na mesto a okolie s majest\u00e1tnou panor\u00e1mou Vysok\u00fdch Tatier. Ve\u017ea bola postaven\u00e1 v&nbsp;rokoch 1892 &#8211; 1893 pod\u013ea pl\u00e1nov profesora Imricha Steindla. Nach\u00e1dza sa tu&nbsp;najvy\u0161\u0161ie polo\u017een\u00e1 zvonica na Spi\u0161i. N\u00e1v\u0161tevn\u00edci maj\u00fa mo\u017enos\u0165 vidie\u0165 p\u00e4ticu zvonov:&nbsp;\u0160mertny zvon a zvony Urban, Concordia, Peter a Medi\u00e1n. Na ve\u017ei si m\u00f4\u017eeme v\u0161imn\u00fa\u0165 dreven\u00e9 sochy \u0161tyroch evanjelistov, s\u00fa dielom soch\u00e1ra J\u00faliusa Fuhrmanna.<\/p>\n\n\n\n<p>V najvy\u0161\u0161ej kostolnej ve\u017ei Slovenska sa pripravte na 155 schodov.<\/p>\n\n\n\n<p>Fotka: na najvy\u0161\u0161om mo\u017enom pr\u00edstupnom balk\u00f3niku s&nbsp;v\u00fdh\u013eadom na mesto<\/p>\n\n\n\n<p>Ot\u00e1zka: Ko\u013eko metrov m\u00e1 kostoln\u00e1 ve\u017ea?<\/p>\n\n\n\n<ol class=\"wp-block-list\" type=\"a\">\n<li>58 m<\/li>\n\n\n\n<li>87 m<\/li>\n\n\n\n<li>78 m<\/li>\n<\/ol>\n\n\n\n<p><strong><u>Nov\u00e1 rozh\u013ead\u0148a Schulerloch &#8211; nad mestom Spi\u0161sk\u00e1 Nov\u00e1 Ves<\/u><\/strong><\/p>\n\n\n\n<p>Otv\u00e1racia doba: nepretr\u017eite po\u010das d\u0148a<\/p>\n\n\n\n<p>Schulerloch &#8211; \u201e\u0160kolsk\u00e1 diera\u201c je \u010das\u0165 historick\u00e9ho \u00fazemia za Spi\u0161skou Novou Vsou, ktor\u00e9 bolo vyu\u017e\u00edvan\u00e9 na oddych ako&nbsp; p\u00fatnick\u00e9 miesto \u010di ako strelnica.&nbsp;Ve\u017ea sa sklad\u00e1 zo \u0161iestich \u0161tvormetrov\u00fdch \u010dast\u00ed a&nbsp;strechy. Okolie rozh\u013eadne je vhodn\u00e9 na turistiku, ale aj na cyklozjazdy alebo biatlon.<\/p>\n\n\n\n<p>K&nbsp;rozh\u013eadni sa m\u00f4\u017eete dosta\u0165 po zelenej zna\u010denej trase bu\u010f z Novoveskej Huty (zaparkova\u0165 m\u00f4\u017eete pri pohostinstve Po\u013eovn\u00edk) alebo od Tar\u010de (domova d\u00f4chodcov). Obe trasy maj\u00fa pribli\u017ene 4,5 km (cca 1 hod. ch\u00f4dze). Prejs\u0165 sa m\u00f4\u017eete aj zo Sadovej ulice (BMZ) po \u010derveno zna\u010denej trase (trasa prech\u00e1dza okolo Kaplnky Panny M\u00e1rie Karmelskej).<\/p>\n\n\n\n<p>Nezabudni si pribali\u0165 aj sprej proti hmyzu.<\/p>\n\n\n\n<p>Fotka: na najvy\u0161\u0161om poschod\u00ed rozh\u013eadne<\/p>\n\n\n\n<p>Ot\u00e1zka: Ko\u013eko poschod\u00ed m\u00e1 nov\u00e1 rozh\u013ead\u0148a?<\/p>\n\n\n\n<ol class=\"wp-block-list\" type=\"a\">\n<li>5<\/li>\n\n\n\n<li>8<\/li>\n\n\n\n<li>2<\/li>\n<\/ol>\n\n\n\n<p><strong><u>Smi\u017eianska kalv\u00e1ria &#8211; obec Smi\u017eany<\/u><\/strong><\/p>\n\n\n\n<p>Otv\u00e1racia doba: nepretr\u017eite po\u010das d\u0148a<\/p>\n\n\n\n<p>Smi\u017eany le\u017eia v bl\u00edzkosti Spi\u0161skej Novej Vsi. Maj\u00fa takmer 8400 obyvate\u013eov a ide o najv\u00e4\u010d\u0161iu slovensk\u00fa obec.<\/p>\n\n\n\n<p>Za tromi kr\u00ed\u017emi stoj\u00ed mal\u00e1 kaplnka s&nbsp;datovan\u00edm rokov: v\u00fdstavba 1905 a&nbsp;obnova 1997. Prv\u00e1 etapa Smi\u017eianskej kalv\u00e1rie bola dokon\u010den\u00e1 na jar 2009. V\u00fdstavba Kalv\u00e1rie bude pokra\u010dova\u0165 druhou etapou \u2013 in\u0161talovan\u00edm osvetlenia a vybudovan\u00edm pr\u00edstupov\u00fdch chodn\u00edkov k jednotliv\u00fdm zastaveniam z pr\u00edrodn\u00e9ho kame\u0148a. Po zdolan\u00ed \u0161trn\u00e1stich zastaven\u00ed nasleduj\u00fa tri kamenn\u00e9 kr\u00ed\u017ee.<\/p>\n\n\n\n<p>Na chv\u00ed\u013eku sa zastav.<\/p>\n\n\n\n<p>Fotka: pri troch kr\u00ed\u017eoch<\/p>\n\n\n\n<p>Ot\u00e1zka: Z&nbsp;\u010doho s\u00fa vyroben\u00e9 tri kr\u00ed\u017ee?<\/p>\n\n\n\n<ol class=\"wp-block-list\" type=\"a\">\n<li>z&nbsp;kame\u0148a<\/li>\n\n\n\n<li>z&nbsp;dreva<\/li>\n\n\n\n<li>zo \u017eeleza<\/li>\n<\/ol>\n\n\n\n<p><strong><u>Letanovsk\u00fd mlyn &#8211; obec Letanovce<\/u><\/strong><\/p>\n\n\n\n<p>Otv\u00e1racia doba: nepretr\u017eite po\u010das d\u0148a<\/p>\n\n\n\n<p>S\u00fatok Trsten\u00e9ho potoka s riekou Horn\u00e1d tu premos\u0165uje zrekon\u0161truovan\u00e1 napodobnenina p\u00f4vodn\u00e9ho kamenn\u00e9ho&nbsp;kartuzi\u00e1nskeho mosta. Most postavili kartuzi\u00e1nski mn\u00edsi ako s\u00fa\u010das\u0165 \u201ekartuzi\u00e1nskej cesty na vrch\u201c v roku 1454. T\u00e1 viedla z dne\u0161n\u00e9ho Kl\u00e1\u0161toriska do grangie (hospod\u00e1rsky dvor) &#8211; Tiba pri Spi\u0161sk\u00fdch Tom\u00e1\u0161ovciach. Zvy\u0161ky tejto cesty sa zachovali dodnes. Nad mostom, na \u013eavom brehu Horn\u00e1du st\u00e1l do roku 1927 mlyn, pod\u013ea ktor\u00e9ho dostala lokalita aj pomenovanie. Po zru\u0161en\u00ed poddanstva sa dostal do vlastn\u00edctva obce. Letanovsk\u00e1 obec ho v rokoch 1910-11 predala Karolovi Poledniakovi z Ko\u0161\u00edc. Mlyn bol pred t\u00fdm dreven\u00fd a nov\u00fd majite\u013e ho zb\u00faral a postavil nov\u00fd, modern\u00fd trojvalcov\u00fd murovan\u00fd mlyn. Po\u010das jeho pren\u00e1jmu 10. janu\u00e1ra 1927 mlyn vyhorel znova u\u017e nebol obnoven\u00fd. Ha\u0165 mlyna postupne ch\u00e1trala a taktie\u017e pod\u013eahla zubu \u010dasu. Samotn\u00fd mlyn bol nesk\u00f4r obnoven\u00fd ako rekrea\u010dn\u00e1 chata.<\/p>\n\n\n\n<p>Letanovsk\u00fd mlyn rozde\u013euje Prielom Horn\u00e1du na dve \u010dasti a je v\u00fdborn\u00fdm v\u00fdchodiskom ved\u00facim k turistick\u00fdm stredisk\u00e1m \u010cingov, Podlesok a Kl\u00e1\u0161torisko. Oblas\u0165ou prech\u00e1dza \u010derven\u00fd, modr\u00fd a \u017elt\u00fd turistick\u00fd chodn\u00edk. Najbli\u017e\u0161\u00ed pr\u00edstup je z obce Letanovce autom alebo pe\u0161o. V zime je tu mo\u017en\u00e9 lezenie v \u013eadop\u00e1doch.<\/p>\n\n\n\n<p>Tak kde je ten mlyn?<\/p>\n\n\n\n<p>Fotografia: na letanovskom kamennom moste<\/p>\n\n\n\n<p>Ot\u00e1zka: Ak\u00e1 je nadmorsk\u00e1 v\u00fd\u0161ka Letanovsk\u00e9ho mlyna?<\/p>\n\n\n\n<ol class=\"wp-block-list\" type=\"a\">\n<li>513 m n. m.<\/li>\n\n\n\n<li>615 m n. m.<\/li>\n\n\n\n<li>321 m n. m.<\/li>\n<\/ol>\n\n\n\n<p><strong><u>Detsk\u00fd park Zahrajme sa na ban\u00edkov &#8211; obec Por\u00e1\u010d, Por\u00e1\u010dska dolina<\/u><\/strong><\/p>\n\n\n\n<p>Otv\u00e1racia doba: nepretr\u017eite po\u010das d\u0148a<\/p>\n\n\n\n<p>Detsk\u00fd park v rekrea\u010dnom stredisku v Por\u00e1\u010dskej doline s funk\u010dn\u00fdmi modelmi bansk\u00fdch strojov v pr\u00edrode <strong>&#8211;<\/strong> projekt Obecn\u00e9ho \u00faradu v Por\u00e1\u010di. Stroje uv\u00e1dzaj\u00fa do pohybu tokom vody v drevenom koryte detsk\u00ed n\u00e1v\u0161tevn\u00edci sediaci na lavi\u010dke nad parkom. Rozto\u010dia tak napr. vodn\u00fd mlyn, ktor\u00fd \u201eo\u017eiv\u00ed\u201c ban\u00edka, vern\u00e9 imit\u00e1cie bansk\u00fdch voz\u00edkov sa po naplnen\u00ed vodou do ur\u010ditej v\u00fd\u0161ky preklopia podobne, ako sa z voz\u00edkov vykl\u00e1pala vy\u0165a\u017een\u00e1 ruda. V bl\u00edzkosti detsk\u00e9ho parku bansk\u00e9 m\u00fazeum a vstup do \u0161t\u00f4lne Pavol. Por\u00e1\u010dska dolina sa nach\u00e1dza v Slovenskom rudohor\u00ed v bl\u00edzkosti&nbsp;<a href=\"http:\/\/www.slovenskyraj.sk\/\">Slovensk\u00e9ho raja<\/a>&nbsp;pod obcou Por\u00e1\u010d. Por\u00e1\u010d je star\u00e1 horsk\u00e1 ban\u00edcka obec v nadmorskej v\u00fd\u0161ke 760 m. V baniach sa tu \u0165a\u017eilo zlato, striebro, me\u010f (\u010derven\u00e9 zlato) a nesk\u00f4r \u017eelezn\u00e1 ruda a ortu\u0165.<\/p>\n\n\n\n<p>Ak bude\u0161 ma\u0165 \u010das m\u00f4\u017ee\u0161 prejs\u0165 1 z&nbsp;3 okruhov n\u00e1u\u010dn\u00fdch chodn\u00edkov: <br>http:\/\/naucnechodniky.eu\/poracsky-banicky-chodnik\/<\/p>\n\n\n\n<p>Fotografia: pri drevenej soche napravo od vchodu do \u0161t\u00f4lne Pavol<\/p>\n\n\n\n<p>Ot\u00e1zka: T\u00e1to dreven\u00e1 socha je socha<\/p>\n\n\n\n<ol class=\"wp-block-list\" type=\"a\">\n<li>sv\u00e4t\u00e9ho Pavla<\/li>\n\n\n\n<li>sv\u00e4tej Barbory<\/li>\n\n\n\n<li>\u0160tast\u00edka<\/li>\n<\/ol>\n\n\n\n<p><strong><u>Spi\u0161sk\u00fd hrad &#8211; obec \u017dehra<\/u><\/strong><\/p>\n\n\n\n<h6 class=\"wp-block-heading\">Otv\u00e1racia doba: m\u00e1j&nbsp;&#8211; september<br>denne: 09.00&nbsp;&#8211; 19.00, posledn\u00fd vstup do hradu o 18.00<\/h6>\n\n\n\n<p>Spi\u0161sk\u00fd z\u00e1mok je zr\u00facanina hradu, ktor\u00e1 zaber\u00e1 vrchol travert\u00ednovej&nbsp;kopy&nbsp;Spi\u0161sk\u00fd hradn\u00fd vrch. Z\u00e1mok je dominantou \u0161irok\u00e9ho okolia pre dva v\u00fdchodoslovensk\u00e9 regi\u00f3ny&nbsp;Spi\u0161&nbsp;a&nbsp;\u0160ari\u0161.&nbsp;Patr\u00ed medzi 6 najv\u00e4\u010d\u0161\u00edch hradn\u00fdch komplexov Slovenska. Je zap\u00edsan\u00fd v&nbsp;Zozname Svetov\u00e9ho dedi\u010dstva UNESCO. Na nieko\u013eko storo\u010d\u00ed bol hrad<strong>&nbsp;<\/strong>s\u00eddlom spi\u0161sk\u00e9ho \u017eupana, a t\u00fdm aj hlavn\u00fdm centrom svetskej moci na Spi\u0161i.&nbsp;&nbsp;V hradnom komplexe s\u00fa v s\u00fa\u010dasnosti umiestnen\u00e9 muze\u00e1lne&nbsp;expoz\u00edcie Spi\u0161sk\u00e9ho m\u00fazea<strong>&nbsp;<\/strong>o dejin\u00e1ch hradu a stredovek\u00fdch zbraniach. Hrad je dnes v&nbsp;stave ve\u013ek\u00fdch rekon\u0161trukci\u00ed. \u00damyslom je hradn\u00fd are\u00e1l spr\u00edstupni\u0165, \u010do najviac pre verejnos\u0165.<\/p>\n\n\n\n<p>C\u00ed\u0165te sa na chv\u00ed\u013eu ako hradn\u00e9 knie\u017eat\u00e1.<\/p>\n\n\n\n<p>Fotografia: pred vstupnou br\u00e1nou do hradu<\/p>\n\n\n\n<p>Ot\u00e1zka: Z&nbsp;ak\u00e9ho roku poch\u00e1dza prv\u00e1 p\u00edsomn\u00e1 zmienka o&nbsp;hrade?<\/p>\n\n\n\n<ol class=\"wp-block-list\" type=\"a\">\n<li>1120<\/li>\n\n\n\n<li>1560<\/li>\n\n\n\n<li>1132<\/li>\n<\/ol>\n\n\n\n<p><strong><u>Hojda\u010dka &#8211; obec Gelnica<\/u><\/strong><\/p>\n\n\n\n<p>Otv\u00e1racia doba: nepretr\u017eite po\u010das d\u0148a<\/p>\n\n\n\n<p>Nach\u00e1dza sa ved\u013ea rozh\u013eadne Bogn\u00e1r nad obcou Gelnica. Dosta\u0165 sa k&nbsp;nej d\u00e1 z&nbsp;okraja mestskej \u010dasti Legy, smerom od obce Jaklovce. K&nbsp;hojda\u010dke vyjdete za 25<strong>&#8211;<\/strong>30 min\u00fat. U\u017eite si oddych a&nbsp;hojdanie.<\/p>\n\n\n\n<p>Fotografia: na hojda\u010dke<\/p>\n\n\n\n<p>Ot\u00e1zka: V&nbsp;akom tvare je hojda\u010dka?<\/p>\n\n\n\n<ol class=\"wp-block-list\" type=\"a\">\n<li>Koleso<\/li>\n\n\n\n<li>\u0160tvorec<\/li>\n\n\n\n<li>Srdce<\/li>\n<\/ol>\n\n\n\n<p><strong><u>Dob\u0161insk\u00e1 \u013eadov\u00e1 jasky\u0148a &#8211; <strong>obec Straten\u00e1<\/strong><\/u> <\/strong><\/p>\n\n\n\n<p>Otv\u00e1racia doba:<br><strong>pondelok: zatvoren\u00e9<\/strong><\/p>\n\n\n\n<p>utorok <strong>&#8211;<\/strong> nede\u013ea: 9.00 <strong>&#8211;<\/strong> 16.00<\/p>\n\n\n\n<p><strong>Jasky\u0148a <\/strong>svojou d\u013a\u017ekou a&nbsp;h\u013abkou patr\u00ed k&nbsp;<strong>najv\u00e4\u010d\u0161\u00edm \u013eadov\u00fdm jaskyniam v Eur\u00f3pe<\/strong>. V\u010faka svojmu v\u00fdznamu a unik\u00e1tnej v\u00fdzdobe bola zaraden\u00e1 do Zoznamu svetov\u00e9ho dedi\u010dstva&nbsp;<strong>UNESCO<\/strong>. Treba k nej vyst\u00fapi\u0165 serpent\u00ednov\u00fdm chodn\u00edkom s prev\u00fd\u0161en\u00edm 130 metrov&nbsp;<strong>z osady Dob\u0161insk\u00e1 \u013eadov\u00e1 jasky\u0148a<\/strong>. D\u013a\u017eka prehliadkovej trasy vn\u00fatri trv\u00e1 pribli\u017ene&nbsp;<strong>30 min\u00fat<\/strong>.<\/p>\n\n\n\n<p>Zo svetozn\u00e1mych \u013eadov\u00fdch jask\u00fd\u0148 je Dob\u0161insk\u00e1 \u013eadov\u00e1 jasky\u0148a najni\u017e\u0161ie polo\u017een\u00e1, \u010do zv\u00fdraz\u0148uje jej jedine\u010dnos\u0165. \u013dad sa zachov\u00e1va v\u010faka tvaru jaskyne, ktor\u00e1 od vchodu kles\u00e1. V jej spodnej \u010dasti sa udr\u017eiava&nbsp;<strong>studen\u00fd vzduch<\/strong>, ktor\u00fd sa&nbsp;<strong>ani v lete neohreje nad hranicu<\/strong>&nbsp;<strong>bodu mrazu<\/strong>.<\/p>\n\n\n\n<p>Nezabudnite si so sebou pribali\u0165 tepl\u00e9 oble\u010denie.<\/p>\n\n\n\n<p>Fotografia: pred vstupom do jaskyne<\/p>\n\n\n\n<p>Ot\u00e1zka: Od ktor\u00e9ho roku je jasky\u0148a zaraden\u00e1 do svetov\u00e9ho pr\u00edrodn\u00e9ho dedi\u010dstva?<\/p>\n\n\n\n<ol class=\"wp-block-list\" type=\"a\">\n<li>1990<\/li>\n\n\n\n<li>2000<\/li>\n\n\n\n<li>2010<\/li>\n<\/ol>\n\n\n\n<p><strong><u>Palcmansk\u00e1 Ma\u0161a &#8211; obec Dedinky<\/u><\/strong><\/p>\n\n\n\n<p>Otv\u00e1racia doba: nepretr\u017eite po\u010das d\u0148a<\/p>\n\n\n\n<p>P\u00f4vodn\u00fdmi obyvate\u013emi tohto okolia \u010di\u017ee obc\u00ed Mlynky a&nbsp;Dedinky boli ban\u00edci, ktor\u00ed v okolit\u00fdch hor\u00e1ch vyh\u013ead\u00e1vali a \u0165a\u017eili meden\u00e9 a \u017eelezn\u00e9 rudy. K ban\u00edkom sa pris\u0165ahovali drevoruba\u010di, uhliari a spracovatelia vy\u0165a\u017een\u00fdch r\u00fad, ktor\u00ed ich tavili a spracov\u00e1vali v tzv. ma\u0161\u00e1ch a h\u00e1mroch. V roku 1960 bola k obci pripojen\u00e1 jej dne\u0161n\u00e1 miestna \u010das\u0165&nbsp;Dob\u0161insk\u00e1 Ma\u0161a, p\u00f4vodne osada mesta Dob\u0161in\u00e1.<\/p>\n\n\n\n<p>Miestna \u010das\u0165 obce Mlynky a nad \u0148ou le\u017eiaca rovnomenn\u00e1 umel\u00e1 vodn\u00e1 n\u00e1dr\u017e na hornom toku Hnilca na styku Slovensk\u00e9ho raja a Volovsk\u00fdch vrchov. Vodn\u00e1 n\u00e1dr\u017e je s\u00fa\u010das\u0165ou pre\u010derp\u00e1vacej vodnej elektr\u00e1rne Dob\u0161in\u00e1, prvej pre\u010derp\u00e1vacej elektr\u00e1rne na Slovensku, spustenej v roku 1953. Teplotou vody patr\u00ed medzi najchladnej\u0161ie vodn\u00e9 n\u00e1dr\u017ee na Slovensku.<\/p>\n\n\n\n<p>Ak ste otu\u017eilci priba\u013ete si aj plavky a&nbsp;uter\u00e1k.<\/p>\n\n\n\n<p>Fotografia: pri tabuli n\u00e1u\u010dn\u00e9ho chodn\u00edka Slovensk\u00fd Raj <strong>&#8211;<\/strong> juh.<\/p>\n\n\n\n<p>Ot\u00e1zka: Celkov\u00e1 plocha n\u00e1dr\u017ee je?<\/p>\n\n\n\n<ol class=\"wp-block-list\" type=\"a\">\n<li>85 hekt\u00e1rov<\/li>\n\n\n\n<li>96 hekt\u00e1rov<\/li>\n\n\n\n<li>150 hekt\u00e1rov<\/li>\n<\/ol>\n\n\n\n<p><strong><u>Kl\u00e1\u0161torisko &#8211; obec Letanovce<\/u><\/strong><\/p>\n\n\n\n<p>Otv\u00e1racia doba: nepretr\u017eite po\u010das d\u0148a<\/p>\n\n\n\n<p>Je to jedna z najnav\u0161tevovanej\u0161\u00edch lokal\u00edt v n\u00e1rodnom parku Slovensk\u00fd raj. Aj s de\u0165mi sa sem dostanete napr\u00edklad cez&nbsp;<a href=\"https:\/\/turisticky.sk\/turistika\/prielom-hornadu\/\" target=\"_blank\" rel=\"noreferrer noopener\">Prielom Horn\u00e1du<\/a>, z\u00e1vere\u010dn\u00fd v\u00fdstup prech\u00e1dza cez&nbsp;<a href=\"https:\/\/turisticky.sk\/turistika\/klastorska-roklina\/\" target=\"_blank\" rel=\"noreferrer noopener\">Kl\u00e1\u0161torsk\u00fa roklinu<\/a>. Trasy sem ved\u00fa z&nbsp;\u010cingova alebo Podleska. Na Kl\u00e1\u0161torisko pr\u00eddeme cez ties\u0148avu&nbsp;<a href=\"https:\/\/turisticky.sk\/turistika\/sucha-bela\/\" target=\"_blank\" rel=\"noreferrer noopener\">Such\u00e1 Bel\u00e1<\/a>&nbsp;a&nbsp;<a href=\"https:\/\/turisticky.sk\/turistika\/roklina-piecky\/\" target=\"_blank\" rel=\"noreferrer noopener\">Piecky<\/a>.<\/p>\n\n\n\n<p>Z hist\u00f3rie Kl\u00e1\u0161toriska sa vie, \u017ee kl\u00e1\u0161tor vybudovali ml\u010danliv\u00ed kartuzi\u00e1nski mn\u00edsi. Toto miesto nazvali Rajom a pomenovanie mu vydr\u017ealo do dne\u0161n\u00e9ho d\u0148a. Av\u0161ak ich k\u013eudn\u00fd \u017eivot bol \u010dasto kr\u00e1t nar\u00fa\u0161an\u00fd plieniacimi vojskami a zbojn\u00edkmi zo \u0161\u00edreho okolia. Cirkev musela urobi\u0165 protiopatrenia a tak rozhodla o zb\u00faran\u00ed stavby a ods\u0165ahovan\u00ed mn\u00edchov z tejto oblasti. Do dne\u0161n\u00e9ho d\u0148a sa zachovali len zbytky muriva, av\u0161ak na rekon\u0161trukcii sa postupne u\u017e p\u00e1r rokov pracuje. Mo\u017eno sa raz do\u010dk\u00e1me fin\u00e1lnej podoby\u2026<\/p>\n\n\n\n<p>Ak si zabudnete desiatu, nez\u00fafajte, nach\u00e1dza sa tu aj bufet.<\/p>\n\n\n\n<p>Fotografia: pri slne\u010dn\u00fdch hodin\u00e1ch&nbsp; medzi m\u00farmi Kl\u00e1\u0161toriska.<\/p>\n\n\n\n<p>Ot\u00e1zka: Z&nbsp;ko\u013ek\u00e9ho storo\u010dia poch\u00e1dza kl\u00e1\u0161tor?<\/p>\n\n\n\n<ol class=\"wp-block-list\" type=\"a\">\n<li>14. storo\u010die<\/li>\n\n\n\n<li>16. storo\u010die<\/li>\n\n\n\n<li>13. storo\u010die<\/li>\n<\/ol>\n\n\n\n<p>\u0160tast\u00edk a \u0160\u0165astenka sa ve\u013emi pote\u0161ia ak sa zapoj\u00ed\u0161 a spolu objav\u00edte kr\u00e1sne miesta v Slovenskom raji a na ju\u017enom Spi\u0161i. <\/p>\n\n\n\n<p>Priklad\u00e1me aj mapku s ot\u00e1zkami.<\/p>\n\n\n\n<figure class=\"wp-block-image size-medium\"><a href=\"https:\/\/vraji.sk\/wp-content\/uploads\/2022\/08\/ulohy-1.jpg\"><img loading=\"lazy\" decoding=\"async\" width=\"300\" height=\"213\" src=\"https:\/\/vraji.sk\/wp-content\/uploads\/2022\/08\/ulohy-1-300x213.jpg\" alt=\"\" class=\"wp-image-10621\" srcset=\"https:\/\/vraji.sk\/wp-content\/uploads\/2022\/08\/ulohy-1-300x213.jpg 300w, https:\/\/vraji.sk\/wp-content\/uploads\/2022\/08\/ulohy-1-1024x726.jpg 1024w, https:\/\/vraji.sk\/wp-content\/uploads\/2022\/08\/ulohy-1-768x544.jpg 768w, https:\/\/vraji.sk\/wp-content\/uploads\/2022\/08\/ulohy-1.jpg 1304w\" sizes=\"auto, (max-width: 300px) 100vw, 300px\" \/><\/a><\/figure>\n\n\n\n<figure class=\"wp-block-image size-medium\"><a href=\"https:\/\/vraji.sk\/wp-content\/uploads\/2022\/08\/ulohy-2.jpg\"><img loading=\"lazy\" decoding=\"async\" width=\"300\" height=\"212\" src=\"https:\/\/vraji.sk\/wp-content\/uploads\/2022\/08\/ulohy-2-300x212.jpg\" alt=\"\" class=\"wp-image-10624\" srcset=\"https:\/\/vraji.sk\/wp-content\/uploads\/2022\/08\/ulohy-2-300x212.jpg 300w, https:\/\/vraji.sk\/wp-content\/uploads\/2022\/08\/ulohy-2-1024x723.jpg 1024w, https:\/\/vraji.sk\/wp-content\/uploads\/2022\/08\/ulohy-2-768x542.jpg 768w, https:\/\/vraji.sk\/wp-content\/uploads\/2022\/08\/ulohy-2.jpg 1308w\" sizes=\"auto, (max-width: 300px) 100vw, 300px\" \/><\/a><\/figure>\n","protected":false},"excerpt":{"rendered":"<p>S\u00fa\u0165a\u017e pln\u00e1 dobrodru\u017estiev pre v\u0161etky deti a ich rodi\u010dov. Projekt \u201cSo \u0160\u0165ast\u00edkom a \u0160\u0165ast<\/p>\n","protected":false},"author":50,"featured_media":10561,"comment_status":"open","ping_status":"open","sticky":false,"template":"","format":"standard","meta":{"_acf_changed":false,"footnotes":""},"categories":[1],"tags":[],"class_list":["post-10557","post","type-post","status-publish","format-standard","has-post-thumbnail","hentry","category-uncategorized-sk"],"acf":[],"yoast_head":"<!-- This site is optimized with the Yoast SEO plugin v27.5 - https:\/\/yoast.com\/product\/yoast-seo-wordpress\/ -->\n<title>\u017drebovanie prebehlo, v\u00ed\u0165azi boli kontaktovan\u00ed, gratulujeme - So \u0160tast\u00edkom a \u0160tastenkou v \u00fastrety poznania Slovensk\u00e9ho raja a Spi\u0161a - OOCR<\/title>\n<meta name=\"robots\" content=\"index, follow, max-snippet:-1, max-image-preview:large, max-video-preview:-1\" \/>\n<link rel=\"canonical\" href=\"https:\/\/vraji.sk\/en\/so-stastikom-a-stastenkou-v-ustrety-poznania-slovenskeho-raja-a-spisa\/\" \/>\n<meta property=\"og:locale\" content=\"en_US\" \/>\n<meta property=\"og:type\" content=\"article\" \/>\n<meta property=\"og:title\" content=\"\u017drebovanie prebehlo, v\u00ed\u0165azi boli kontaktovan\u00ed, gratulujeme - So \u0160tast\u00edkom a \u0160tastenkou v \u00fastrety poznania Slovensk\u00e9ho raja a Spi\u0161a - OOCR\" \/>\n<meta property=\"og:description\" content=\"S\u00fa\u0165a\u017e pln\u00e1 dobrodru\u017estiev pre v\u0161etky deti a ich rodi\u010dov. Projekt \u201cSo \u0160\u0165ast\u00edkom a \u0160\u0165ast\" \/>\n<meta property=\"og:url\" content=\"https:\/\/vraji.sk\/en\/so-stastikom-a-stastenkou-v-ustrety-poznania-slovenskeho-raja-a-spisa\/\" \/>\n<meta property=\"og:site_name\" content=\"OOCR\" \/>\n<meta property=\"article:published_time\" content=\"2022-08-04T06:37:34+00:00\" \/>\n<meta property=\"article:modified_time\" content=\"2022-11-07T12:01:50+00:00\" \/>\n<meta property=\"og:image\" content=\"https:\/\/vraji.sk\/wp-content\/uploads\/2022\/07\/Na-web-uvod.jpg\" \/>\n\t<meta property=\"og:image:width\" content=\"1128\" \/>\n\t<meta property=\"og:image:height\" content=\"635\" \/>\n\t<meta property=\"og:image:type\" content=\"image\/jpeg\" \/>\n<meta name=\"author\" content=\"oocr-obsah\" \/>\n<meta name=\"twitter:card\" content=\"summary_large_image\" \/>\n<meta name=\"twitter:label1\" content=\"Written by\" \/>\n\t<meta name=\"twitter:data1\" content=\"oocr-obsah\" \/>\n\t<meta name=\"twitter:label2\" content=\"Est. reading time\" \/>\n\t<meta name=\"twitter:data2\" content=\"12 minutes\" \/>\n<script type=\"application\/ld+json\" class=\"yoast-schema-graph\">{\"@context\":\"https:\\\/\\\/schema.org\",\"@graph\":[{\"@type\":\"Article\",\"@id\":\"https:\\\/\\\/vraji.sk\\\/en\\\/so-stastikom-a-stastenkou-v-ustrety-poznania-slovenskeho-raja-a-spisa\\\/#article\",\"isPartOf\":{\"@id\":\"https:\\\/\\\/vraji.sk\\\/en\\\/so-stastikom-a-stastenkou-v-ustrety-poznania-slovenskeho-raja-a-spisa\\\/\"},\"author\":{\"name\":\"oocr-obsah\",\"@id\":\"https:\\\/\\\/vraji.sk\\\/en\\\/#\\\/schema\\\/person\\\/01641cf41f9d52638cb29a73818cf39c\"},\"headline\":\"\u017drebovanie prebehlo, v\u00ed\u0165azi boli kontaktovan\u00ed, gratulujeme &#8211; So \u0160tast\u00edkom a \u0160tastenkou v \u00fastrety poznania Slovensk\u00e9ho raja a Spi\u0161a\",\"datePublished\":\"2022-08-04T06:37:34+00:00\",\"dateModified\":\"2022-11-07T12:01:50+00:00\",\"mainEntityOfPage\":{\"@id\":\"https:\\\/\\\/vraji.sk\\\/en\\\/so-stastikom-a-stastenkou-v-ustrety-poznania-slovenskeho-raja-a-spisa\\\/\"},\"wordCount\":2752,\"commentCount\":0,\"publisher\":{\"@id\":\"https:\\\/\\\/vraji.sk\\\/en\\\/#organization\"},\"image\":{\"@id\":\"https:\\\/\\\/vraji.sk\\\/en\\\/so-stastikom-a-stastenkou-v-ustrety-poznania-slovenskeho-raja-a-spisa\\\/#primaryimage\"},\"thumbnailUrl\":\"https:\\\/\\\/vraji.sk\\\/wp-content\\\/uploads\\\/2022\\\/07\\\/Na-web-uvod.jpg\",\"articleSection\":[\"Uncategorized @sk\"],\"inLanguage\":\"en-US\",\"potentialAction\":[{\"@type\":\"CommentAction\",\"name\":\"Comment\",\"target\":[\"https:\\\/\\\/vraji.sk\\\/en\\\/so-stastikom-a-stastenkou-v-ustrety-poznania-slovenskeho-raja-a-spisa\\\/#respond\"]}]},{\"@type\":\"WebPage\",\"@id\":\"https:\\\/\\\/vraji.sk\\\/en\\\/so-stastikom-a-stastenkou-v-ustrety-poznania-slovenskeho-raja-a-spisa\\\/\",\"url\":\"https:\\\/\\\/vraji.sk\\\/en\\\/so-stastikom-a-stastenkou-v-ustrety-poznania-slovenskeho-raja-a-spisa\\\/\",\"name\":\"\u017drebovanie prebehlo, v\u00ed\u0165azi boli kontaktovan\u00ed, gratulujeme - So \u0160tast\u00edkom a \u0160tastenkou v \u00fastrety poznania Slovensk\u00e9ho raja a Spi\u0161a - OOCR\",\"isPartOf\":{\"@id\":\"https:\\\/\\\/vraji.sk\\\/en\\\/#website\"},\"primaryImageOfPage\":{\"@id\":\"https:\\\/\\\/vraji.sk\\\/en\\\/so-stastikom-a-stastenkou-v-ustrety-poznania-slovenskeho-raja-a-spisa\\\/#primaryimage\"},\"image\":{\"@id\":\"https:\\\/\\\/vraji.sk\\\/en\\\/so-stastikom-a-stastenkou-v-ustrety-poznania-slovenskeho-raja-a-spisa\\\/#primaryimage\"},\"thumbnailUrl\":\"https:\\\/\\\/vraji.sk\\\/wp-content\\\/uploads\\\/2022\\\/07\\\/Na-web-uvod.jpg\",\"datePublished\":\"2022-08-04T06:37:34+00:00\",\"dateModified\":\"2022-11-07T12:01:50+00:00\",\"breadcrumb\":{\"@id\":\"https:\\\/\\\/vraji.sk\\\/en\\\/so-stastikom-a-stastenkou-v-ustrety-poznania-slovenskeho-raja-a-spisa\\\/#breadcrumb\"},\"inLanguage\":\"en-US\",\"potentialAction\":[{\"@type\":\"ReadAction\",\"target\":[\"https:\\\/\\\/vraji.sk\\\/en\\\/so-stastikom-a-stastenkou-v-ustrety-poznania-slovenskeho-raja-a-spisa\\\/\"]}]},{\"@type\":\"ImageObject\",\"inLanguage\":\"en-US\",\"@id\":\"https:\\\/\\\/vraji.sk\\\/en\\\/so-stastikom-a-stastenkou-v-ustrety-poznania-slovenskeho-raja-a-spisa\\\/#primaryimage\",\"url\":\"https:\\\/\\\/vraji.sk\\\/wp-content\\\/uploads\\\/2022\\\/07\\\/Na-web-uvod.jpg\",\"contentUrl\":\"https:\\\/\\\/vraji.sk\\\/wp-content\\\/uploads\\\/2022\\\/07\\\/Na-web-uvod.jpg\",\"width\":1128,\"height\":635},{\"@type\":\"BreadcrumbList\",\"@id\":\"https:\\\/\\\/vraji.sk\\\/en\\\/so-stastikom-a-stastenkou-v-ustrety-poznania-slovenskeho-raja-a-spisa\\\/#breadcrumb\",\"itemListElement\":[{\"@type\":\"ListItem\",\"position\":1,\"name\":\"Home\",\"item\":\"https:\\\/\\\/vraji.sk\\\/en\\\/\"},{\"@type\":\"ListItem\",\"position\":2,\"name\":\"\u017drebovanie prebehlo, v\u00ed\u0165azi boli kontaktovan\u00ed, gratulujeme &#8211; So \u0160tast\u00edkom a \u0160tastenkou v \u00fastrety poznania Slovensk\u00e9ho raja a Spi\u0161a\"}]},{\"@type\":\"WebSite\",\"@id\":\"https:\\\/\\\/vraji.sk\\\/en\\\/#website\",\"url\":\"https:\\\/\\\/vraji.sk\\\/en\\\/\",\"name\":\"OOCR\",\"description\":\"Region Slovak paradise and Spi\u0161 | History, tourism, experiences | vRaji.sk\",\"publisher\":{\"@id\":\"https:\\\/\\\/vraji.sk\\\/en\\\/#organization\"},\"potentialAction\":[{\"@type\":\"SearchAction\",\"target\":{\"@type\":\"EntryPoint\",\"urlTemplate\":\"https:\\\/\\\/vraji.sk\\\/en\\\/?s={search_term_string}\"},\"query-input\":{\"@type\":\"PropertyValueSpecification\",\"valueRequired\":true,\"valueName\":\"search_term_string\"}}],\"inLanguage\":\"en-US\"},{\"@type\":\"Organization\",\"@id\":\"https:\\\/\\\/vraji.sk\\\/en\\\/#organization\",\"name\":\"OOCR\",\"url\":\"https:\\\/\\\/vraji.sk\\\/en\\\/\",\"logo\":{\"@type\":\"ImageObject\",\"inLanguage\":\"en-US\",\"@id\":\"https:\\\/\\\/vraji.sk\\\/en\\\/#\\\/schema\\\/logo\\\/image\\\/\",\"url\":\"https:\\\/\\\/vraji.sk\\\/wp-content\\\/uploads\\\/2021\\\/11\\\/biele-logo-1.svg\",\"contentUrl\":\"https:\\\/\\\/vraji.sk\\\/wp-content\\\/uploads\\\/2021\\\/11\\\/biele-logo-1.svg\",\"caption\":\"OOCR\"},\"image\":{\"@id\":\"https:\\\/\\\/vraji.sk\\\/en\\\/#\\\/schema\\\/logo\\\/image\\\/\"}},{\"@type\":\"Person\",\"@id\":\"https:\\\/\\\/vraji.sk\\\/en\\\/#\\\/schema\\\/person\\\/01641cf41f9d52638cb29a73818cf39c\",\"name\":\"oocr-obsah\",\"image\":{\"@type\":\"ImageObject\",\"inLanguage\":\"en-US\",\"@id\":\"https:\\\/\\\/secure.gravatar.com\\\/avatar\\\/bc547f4d1cfe56f35ef07eb29186b1e943f6b533e816d5758667f08b34617b3b?s=96&d=mm&r=g\",\"url\":\"https:\\\/\\\/secure.gravatar.com\\\/avatar\\\/bc547f4d1cfe56f35ef07eb29186b1e943f6b533e816d5758667f08b34617b3b?s=96&d=mm&r=g\",\"contentUrl\":\"https:\\\/\\\/secure.gravatar.com\\\/avatar\\\/bc547f4d1cfe56f35ef07eb29186b1e943f6b533e816d5758667f08b34617b3b?s=96&d=mm&r=g\",\"caption\":\"oocr-obsah\"},\"description\":\"alexpark.sk\",\"url\":\"https:\\\/\\\/vraji.sk\\\/en\\\/author\\\/oocr-obsah\\\/\"}]}<\/script>\n<!-- \/ Yoast SEO plugin. -->","yoast_head_json":{"title":"\u017drebovanie prebehlo, v\u00ed\u0165azi boli kontaktovan\u00ed, gratulujeme - So \u0160tast\u00edkom a \u0160tastenkou v \u00fastrety poznania Slovensk\u00e9ho raja a Spi\u0161a - OOCR","robots":{"index":"index","follow":"follow","max-snippet":"max-snippet:-1","max-image-preview":"max-image-preview:large","max-video-preview":"max-video-preview:-1"},"canonical":"https:\/\/vraji.sk\/en\/so-stastikom-a-stastenkou-v-ustrety-poznania-slovenskeho-raja-a-spisa\/","og_locale":"en_US","og_type":"article","og_title":"\u017drebovanie prebehlo, v\u00ed\u0165azi boli kontaktovan\u00ed, gratulujeme - So \u0160tast\u00edkom a \u0160tastenkou v \u00fastrety poznania Slovensk\u00e9ho raja a Spi\u0161a - OOCR","og_description":"S\u00fa\u0165a\u017e pln\u00e1 dobrodru\u017estiev pre v\u0161etky deti a ich rodi\u010dov. Projekt \u201cSo \u0160\u0165ast\u00edkom a \u0160\u0165ast","og_url":"https:\/\/vraji.sk\/en\/so-stastikom-a-stastenkou-v-ustrety-poznania-slovenskeho-raja-a-spisa\/","og_site_name":"OOCR","article_published_time":"2022-08-04T06:37:34+00:00","article_modified_time":"2022-11-07T12:01:50+00:00","og_image":[{"width":1128,"height":635,"url":"https:\/\/vraji.sk\/wp-content\/uploads\/2022\/07\/Na-web-uvod.jpg","type":"image\/jpeg"}],"author":"oocr-obsah","twitter_card":"summary_large_image","twitter_misc":{"Written by":"oocr-obsah","Est. reading time":"12 minutes"},"schema":{"@context":"https:\/\/schema.org","@graph":[{"@type":"Article","@id":"https:\/\/vraji.sk\/en\/so-stastikom-a-stastenkou-v-ustrety-poznania-slovenskeho-raja-a-spisa\/#article","isPartOf":{"@id":"https:\/\/vraji.sk\/en\/so-stastikom-a-stastenkou-v-ustrety-poznania-slovenskeho-raja-a-spisa\/"},"author":{"name":"oocr-obsah","@id":"https:\/\/vraji.sk\/en\/#\/schema\/person\/01641cf41f9d52638cb29a73818cf39c"},"headline":"\u017drebovanie prebehlo, v\u00ed\u0165azi boli kontaktovan\u00ed, gratulujeme &#8211; So \u0160tast\u00edkom a \u0160tastenkou v \u00fastrety poznania Slovensk\u00e9ho raja a Spi\u0161a","datePublished":"2022-08-04T06:37:34+00:00","dateModified":"2022-11-07T12:01:50+00:00","mainEntityOfPage":{"@id":"https:\/\/vraji.sk\/en\/so-stastikom-a-stastenkou-v-ustrety-poznania-slovenskeho-raja-a-spisa\/"},"wordCount":2752,"commentCount":0,"publisher":{"@id":"https:\/\/vraji.sk\/en\/#organization"},"image":{"@id":"https:\/\/vraji.sk\/en\/so-stastikom-a-stastenkou-v-ustrety-poznania-slovenskeho-raja-a-spisa\/#primaryimage"},"thumbnailUrl":"https:\/\/vraji.sk\/wp-content\/uploads\/2022\/07\/Na-web-uvod.jpg","articleSection":["Uncategorized @sk"],"inLanguage":"en-US","potentialAction":[{"@type":"CommentAction","name":"Comment","target":["https:\/\/vraji.sk\/en\/so-stastikom-a-stastenkou-v-ustrety-poznania-slovenskeho-raja-a-spisa\/#respond"]}]},{"@type":"WebPage","@id":"https:\/\/vraji.sk\/en\/so-stastikom-a-stastenkou-v-ustrety-poznania-slovenskeho-raja-a-spisa\/","url":"https:\/\/vraji.sk\/en\/so-stastikom-a-stastenkou-v-ustrety-poznania-slovenskeho-raja-a-spisa\/","name":"\u017drebovanie prebehlo, v\u00ed\u0165azi boli kontaktovan\u00ed, gratulujeme - So \u0160tast\u00edkom a \u0160tastenkou v \u00fastrety poznania Slovensk\u00e9ho raja a Spi\u0161a - OOCR","isPartOf":{"@id":"https:\/\/vraji.sk\/en\/#website"},"primaryImageOfPage":{"@id":"https:\/\/vraji.sk\/en\/so-stastikom-a-stastenkou-v-ustrety-poznania-slovenskeho-raja-a-spisa\/#primaryimage"},"image":{"@id":"https:\/\/vraji.sk\/en\/so-stastikom-a-stastenkou-v-ustrety-poznania-slovenskeho-raja-a-spisa\/#primaryimage"},"thumbnailUrl":"https:\/\/vraji.sk\/wp-content\/uploads\/2022\/07\/Na-web-uvod.jpg","datePublished":"2022-08-04T06:37:34+00:00","dateModified":"2022-11-07T12:01:50+00:00","breadcrumb":{"@id":"https:\/\/vraji.sk\/en\/so-stastikom-a-stastenkou-v-ustrety-poznania-slovenskeho-raja-a-spisa\/#breadcrumb"},"inLanguage":"en-US","potentialAction":[{"@type":"ReadAction","target":["https:\/\/vraji.sk\/en\/so-stastikom-a-stastenkou-v-ustrety-poznania-slovenskeho-raja-a-spisa\/"]}]},{"@type":"ImageObject","inLanguage":"en-US","@id":"https:\/\/vraji.sk\/en\/so-stastikom-a-stastenkou-v-ustrety-poznania-slovenskeho-raja-a-spisa\/#primaryimage","url":"https:\/\/vraji.sk\/wp-content\/uploads\/2022\/07\/Na-web-uvod.jpg","contentUrl":"https:\/\/vraji.sk\/wp-content\/uploads\/2022\/07\/Na-web-uvod.jpg","width":1128,"height":635},{"@type":"BreadcrumbList","@id":"https:\/\/vraji.sk\/en\/so-stastikom-a-stastenkou-v-ustrety-poznania-slovenskeho-raja-a-spisa\/#breadcrumb","itemListElement":[{"@type":"ListItem","position":1,"name":"Home","item":"https:\/\/vraji.sk\/en\/"},{"@type":"ListItem","position":2,"name":"\u017drebovanie prebehlo, v\u00ed\u0165azi boli kontaktovan\u00ed, gratulujeme &#8211; So \u0160tast\u00edkom a \u0160tastenkou v \u00fastrety poznania Slovensk\u00e9ho raja a Spi\u0161a"}]},{"@type":"WebSite","@id":"https:\/\/vraji.sk\/en\/#website","url":"https:\/\/vraji.sk\/en\/","name":"OOCR","description":"Region Slovak paradise and Spi\u0161 | History, tourism, experiences | vRaji.sk","publisher":{"@id":"https:\/\/vraji.sk\/en\/#organization"},"potentialAction":[{"@type":"SearchAction","target":{"@type":"EntryPoint","urlTemplate":"https:\/\/vraji.sk\/en\/?s={search_term_string}"},"query-input":{"@type":"PropertyValueSpecification","valueRequired":true,"valueName":"search_term_string"}}],"inLanguage":"en-US"},{"@type":"Organization","@id":"https:\/\/vraji.sk\/en\/#organization","name":"OOCR","url":"https:\/\/vraji.sk\/en\/","logo":{"@type":"ImageObject","inLanguage":"en-US","@id":"https:\/\/vraji.sk\/en\/#\/schema\/logo\/image\/","url":"https:\/\/vraji.sk\/wp-content\/uploads\/2021\/11\/biele-logo-1.svg","contentUrl":"https:\/\/vraji.sk\/wp-content\/uploads\/2021\/11\/biele-logo-1.svg","caption":"OOCR"},"image":{"@id":"https:\/\/vraji.sk\/en\/#\/schema\/logo\/image\/"}},{"@type":"Person","@id":"https:\/\/vraji.sk\/en\/#\/schema\/person\/01641cf41f9d52638cb29a73818cf39c","name":"oocr-obsah","image":{"@type":"ImageObject","inLanguage":"en-US","@id":"https:\/\/secure.gravatar.com\/avatar\/bc547f4d1cfe56f35ef07eb29186b1e943f6b533e816d5758667f08b34617b3b?s=96&d=mm&r=g","url":"https:\/\/secure.gravatar.com\/avatar\/bc547f4d1cfe56f35ef07eb29186b1e943f6b533e816d5758667f08b34617b3b?s=96&d=mm&r=g","contentUrl":"https:\/\/secure.gravatar.com\/avatar\/bc547f4d1cfe56f35ef07eb29186b1e943f6b533e816d5758667f08b34617b3b?s=96&d=mm&r=g","caption":"oocr-obsah"},"description":"alexpark.sk","url":"https:\/\/vraji.sk\/en\/author\/oocr-obsah\/"}]}},"_links":{"self":[{"href":"https:\/\/vraji.sk\/en\/wp-json\/wp\/v2\/posts\/10557","targetHints":{"allow":["GET"]}}],"collection":[{"href":"https:\/\/vraji.sk\/en\/wp-json\/wp\/v2\/posts"}],"about":[{"href":"https:\/\/vraji.sk\/en\/wp-json\/wp\/v2\/types\/post"}],"author":[{"embeddable":true,"href":"https:\/\/vraji.sk\/en\/wp-json\/wp\/v2\/users\/50"}],"replies":[{"embeddable":true,"href":"https:\/\/vraji.sk\/en\/wp-json\/wp\/v2\/comments?post=10557"}],"version-history":[{"count":7,"href":"https:\/\/vraji.sk\/en\/wp-json\/wp\/v2\/posts\/10557\/revisions"}],"predecessor-version":[{"id":11193,"href":"https:\/\/vraji.sk\/en\/wp-json\/wp\/v2\/posts\/10557\/revisions\/11193"}],"wp:featuredmedia":[{"embeddable":true,"href":"https:\/\/vraji.sk\/en\/wp-json\/wp\/v2\/media\/10561"}],"wp:attachment":[{"href":"https:\/\/vraji.sk\/en\/wp-json\/wp\/v2\/media?parent=10557"}],"wp:term":[{"taxonomy":"category","embeddable":true,"href":"https:\/\/vraji.sk\/en\/wp-json\/wp\/v2\/categories?post=10557"},{"taxonomy":"post_tag","embeddable":true,"href":"https:\/\/vraji.sk\/en\/wp-json\/wp\/v2\/tags?post=10557"}],"curies":[{"name":"wp","href":"https:\/\/api.w.org\/{rel}","templated":true}]}}