{"id":15758,"date":"2024-05-23T21:43:55","date_gmt":"2024-05-23T21:43:55","guid":{"rendered":"https:\/\/vraji.sk\/?p=15758"},"modified":"2024-05-28T15:38:56","modified_gmt":"2024-05-28T15:38:56","slug":"kam-s-detmi-na-mdd","status":"publish","type":"post","link":"https:\/\/vraji.sk\/en\/kam-s-detmi-na-mdd\/","title":{"rendered":"Kam s de\u0165mi na MDD?"},"content":{"rendered":"\n<div style=\"height:20px\" aria-hidden=\"true\" class=\"wp-block-spacer\"><\/div>\n\n\n\n<p><strong><em>Prv\u00fd j\u00fan u\u017e klope na dvere a s n\u00edm Medzin\u00e1rodn\u00fd de\u0148 det\u00ed. Rozm\u00fd\u0161\u013eali ste, kam zobra\u0165 va\u0161e ratolesti, aby ste im dopriali naozaj skvel\u00fd z\u00e1\u017eitok? Ni\u017e\u0161ie v\u00e1m prin\u00e1\u0161ame nieko\u013eko tipov na tie NAJ detsk\u00e9 podujatia k MDD v Slovenskom raji a na ju\u017enom Spi\u0161i. Srde\u010dne poz\u00fdvame! <\/em><\/strong><\/p>\n\n\n\n<div style=\"height:40px\" aria-hidden=\"true\" class=\"wp-block-spacer\"><\/div>\n\n\n\n<h3 class=\"wp-block-heading\">Mesto pln\u00e9 det\u00ed v Spi\u0161skej Novej Vsi<\/h3>\n\n\n\n<p>Mesto Spi\u0161sk\u00e1 Nov\u00e1 Ves poz\u00fdva v\u0161etky deti na podujatia pri pr\u00edle\u017eitosti MDD, ktor\u00e9 u\u017e tradi\u010dne zdru\u017euje akcia <strong><a href=\"https:\/\/www.spisskanovaves.eu\/podujatia\/mesto-plne-deti-2-2\">Mesto pln\u00e9 det\u00ed. <\/a><\/strong><\/p>\n\n\n\n<p><strong>V piatok 31. m\u00e1ja aj v sobotu 1. j\u00fana<\/strong> sa m\u00f4\u017eu te\u0161i\u0165 na mno\u017estvo vesel\u00fdch programov, ktor\u00e9 si pre nich priprav\u00ed Gal\u00e9ria umelcov Spi\u0161a, Klub mlad\u00fdch pod CV\u010c ADAM, \u0161tudenti stredn\u00fdch \u0161k\u00f4l, \u017eiaci Z\u00e1kladnej umeleckej \u0161koly v Spi\u0161skej Novej Vsi, pracovn\u00edci bezpe\u010dnostn\u00fdch zlo\u017eiek (policajti, hasi\u010di, policajn\u00ed kynol\u00f3govia) \u010di tane\u010dn\u00edci z tane\u010dn\u00fdch skup\u00edn Denzz Industry a BDSKrew. Te\u0161i\u0165 sa tie\u017e m\u00f4\u017eu na hudobn\u00e9 vyst\u00fapenia kapiel Anika IRIS, Smejko a tanculienka, divadeln\u00e9 predstavenia, detsk\u00e9 anim\u00e1cie, s\u00fa\u0165a\u017e Dra\u010dia stopa: Cesta okolo sveta, \u0161portov\u00e9 s\u00fa\u0165a\u017ee a tane\u010dn\u00fa s\u00fa\u0165a\u017e Spi\u0161 Dance Battle. <\/p>\n\n\n\n<p>Viac inform\u00e1ci\u00ed o programe m\u00f4\u017eete n\u00e1js\u0165 <strong><a href=\"https:\/\/www.spisskanovaves.eu\/podujatia\/mesto-plne-deti-2-2\">na webovej str\u00e1nke Mesta Spi\u0161sk\u00e1 Nov\u00e1 Ves TU. <\/a><\/strong><\/p>\n\n\n<div class=\"wp-block-image\">\n<figure class=\"aligncenter size-large\"><img loading=\"lazy\" decoding=\"async\" width=\"724\" height=\"1024\" src=\"https:\/\/vraji.sk\/wp-content\/uploads\/2024\/05\/mesto-deti-1-724x1024.jpg\" alt=\"\" class=\"wp-image-15761\" srcset=\"https:\/\/vraji.sk\/wp-content\/uploads\/2024\/05\/mesto-deti-1-724x1024.jpg 724w, https:\/\/vraji.sk\/wp-content\/uploads\/2024\/05\/mesto-deti-1-212x300.jpg 212w, https:\/\/vraji.sk\/wp-content\/uploads\/2024\/05\/mesto-deti-1-768x1086.jpg 768w, https:\/\/vraji.sk\/wp-content\/uploads\/2024\/05\/mesto-deti-1.jpg 1024w\" sizes=\"auto, (max-width: 724px) 100vw, 724px\" \/><\/figure>\n<\/div>\n\n\n<div style=\"height:40px\" aria-hidden=\"true\" class=\"wp-block-spacer\"><\/div>\n\n\n\n<h3 class=\"wp-block-heading\">Hrav\u00e1 veda v M\u00fazeu Spi\u0161a<\/h3>\n\n\n\n<p><strong><a href=\"https:\/\/www.muzeumspisa.com\/\">M\u00fazeum Spi\u0161a v Spi\u0161skej Novej Vsi<\/a><\/strong> v\u00e1s pri pr\u00edle\u017eitosti D\u0148a det\u00ed poz\u00fdva na stretnutie z cyklu n\u00e1u\u010dno-popul\u00e1rnych predn\u00e1\u0161ok&nbsp;<strong>O PR\u00cdRODE V PIVNI\u010cKE.&nbsp;<\/strong>Pr\u00ed\u010fte objavi\u0165 tajomstv\u00e1 pr\u00edrody a vedy a za\u017eite poobedie pln\u00e9 pokusov, b\u00e1dania a z\u00e1bavn\u00fdch \u00faloh. Predn\u00e1\u0161ka sa uskuto\u010dn\u00ed <strong>v stredu 5. j\u00fana o 16:00 hod.<\/strong>, vstup je bezplatn\u00fd. <\/p>\n\n\n\n<p><br><strong>Bli\u017e\u0161ie info&nbsp;<\/strong>na telef\u00f3nnom \u010d\u00edsle 053 442 3757 alebo mailom: lektorky@muzeumspisa.com<\/p>\n\n\n<div class=\"wp-block-image\">\n<figure class=\"aligncenter size-large\"><a href=\"https:\/\/www.spisskanovaves.eu\/podujatia\/o-prirode-v-pivnicke-hrava-veda\"><img loading=\"lazy\" decoding=\"async\" width=\"1024\" height=\"511\" src=\"https:\/\/vraji.sk\/wp-content\/uploads\/2024\/05\/Hrava-veda_pozvanka-page-001-1-1024x511.jpg\" alt=\"\" class=\"wp-image-15759\" srcset=\"https:\/\/vraji.sk\/wp-content\/uploads\/2024\/05\/Hrava-veda_pozvanka-page-001-1-1024x511.jpg 1024w, https:\/\/vraji.sk\/wp-content\/uploads\/2024\/05\/Hrava-veda_pozvanka-page-001-1-300x150.jpg 300w, https:\/\/vraji.sk\/wp-content\/uploads\/2024\/05\/Hrava-veda_pozvanka-page-001-1-768x383.jpg 768w, https:\/\/vraji.sk\/wp-content\/uploads\/2024\/05\/Hrava-veda_pozvanka-page-001-1.jpg 1298w\" sizes=\"auto, (max-width: 1024px) 100vw, 1024px\" \/><\/a><\/figure>\n<\/div>\n\n\n<div style=\"height:40px\" aria-hidden=\"true\" class=\"wp-block-spacer\"><\/div>\n\n\n\n<ol class=\"wp-block-list\">\n<li><\/li>\n<\/ol>\n\n\n\n<h3 class=\"wp-block-heading\">V\u00edkend otvoren\u00fdch parkov a z\u00e1hrad v Spi\u0161skej Novej Vsi<\/h3>\n\n\n\n<p>Objavte \u010daro parkov a z\u00e1hrad v Spi\u0161skej Novej Vsi a jej okol\u00ed. <strong>V d\u0148och 31. m\u00e1ja a\u017e 2. j\u00fana <\/strong>(piatok &#8211; nede\u013ea) m\u00f4\u017eete spolu s va\u0161imi mal\u00fdmi nezbedn\u00edkmi vyu\u017ei\u0165 r\u00f4zne <strong>ponuky a podujatia pripraven\u00e9 \u0161peci\u00e1lne po\u010das tohto v\u00edkendu <\/strong>v r\u00e1mci celoslovenskej kampane. Vyst\u00fapte zdarma do najvy\u0161\u0161ej kostolnej ve\u017ee na Slovensku, spoznajte m\u00e1lo zn\u00e1mu Z\u00e1hradu umenia alebo \u017eidovsk\u00fd cintor\u00edn, nahliadnite do ka\u0161tie\u013ea v Marku\u0161ovciach alebo sa zabavte pri h\u013eadan\u00ed kontroliek v Madaras parku. S\u013eubujeme, \u017ee si parky a z\u00e1hrady vychutn\u00e1te v\u0161etk\u00fdmi zmyslami. \ud83d\ude42 <\/p>\n\n\n\n<p>Viac inform\u00e1ci\u00ed m\u00f4\u017eete n\u00e1js\u0165 <strong><a href=\"https:\/\/spisskanovaves.eu\/podujatia\/vikend-otvorenych-parkov-a-zahrad-2024?fbclid=IwZXh0bgNhZW0CMTAAAR1tTO8E9tzNfOIkYT1x8oV5k5kUorMDfuZKCnt7_1lAlbkLGKE0HwIJnxc_aem_Aceaopz-dIVNMM5r1dODIIE41BaqA6qcRhDtHDX9EFLIGR9Ep_RgmFodiZguYrE8H0wdVNNBy2-jz1CiQX9DXASs\">na webe Mesta Spi\u0161sk\u00e1 Nov\u00e1 Ves<\/a><\/strong>, ako aj <strong><a href=\"https:\/\/www.facebook.com\/events\/1427923677830699\">na Facebook udalosti<\/a><\/strong>. <\/p>\n\n\n<div class=\"wp-block-image\">\n<figure class=\"aligncenter size-large\"><img loading=\"lazy\" decoding=\"async\" width=\"724\" height=\"1024\" src=\"https:\/\/vraji.sk\/wp-content\/uploads\/2024\/05\/vikend-parkov-1-724x1024.jpg\" alt=\"\" class=\"wp-image-15763\" srcset=\"https:\/\/vraji.sk\/wp-content\/uploads\/2024\/05\/vikend-parkov-1-724x1024.jpg 724w, https:\/\/vraji.sk\/wp-content\/uploads\/2024\/05\/vikend-parkov-1-212x300.jpg 212w, https:\/\/vraji.sk\/wp-content\/uploads\/2024\/05\/vikend-parkov-1-768x1086.jpg 768w, https:\/\/vraji.sk\/wp-content\/uploads\/2024\/05\/vikend-parkov-1.jpg 1024w\" sizes=\"auto, (max-width: 724px) 100vw, 724px\" \/><\/figure>\n<\/div>\n\n\n<div style=\"height:40px\" aria-hidden=\"true\" class=\"wp-block-spacer\"><\/div>\n\n\n\n<h3 class=\"wp-block-heading\">De\u0148 det\u00ed na Spi\u0161skom hrade<\/h3>\n\n\n\n<p>Vyberte sa so svojimi ratoles\u0165ami na v\u00fdlet na <strong>Spi\u0161sk\u00fd hrad<\/strong>, kde bude pre nich v sobotu <strong>1. j\u00fana od 11:00 hod<\/strong>. pripraven\u00fd program pln\u00fd z\u00e1\u017eitkov a dobrodru\u017estiev so \u0161ermiarskou skupinou <strong>P\u00e1ni Spi\u0161a a Divadlom Port\u00e1l<\/strong>. Te\u0161i\u0165 sa tie\u017e m\u00f4\u017eu na <strong>kopec z\u00e1bavy v detskej z\u00f3ne<\/strong>, z\u00e1bavn\u00fd n\u00e1u\u010dn\u00fd chodn\u00edk hradbami a hradn\u00fd kv\u00edz.<\/p>\n\n\n\n<p>Viac inform\u00e1ci\u00ed n\u00e1jdete <strong><a href=\"https:\/\/www.facebook.com\/profile.php?id=100063541031081\">na Facebook str\u00e1nke Slovensk\u00e9ho n\u00e1rodn\u00e9ho m\u00fazea &#8211; Spi\u0161sk\u00e9ho m\u00fazea v Levo\u010di. <\/a><\/strong><\/p>\n\n\n<div class=\"wp-block-image\">\n<figure class=\"aligncenter size-full\"><img loading=\"lazy\" decoding=\"async\" width=\"685\" height=\"855\" src=\"https:\/\/vraji.sk\/wp-content\/uploads\/2024\/05\/Hrad.jpg\" alt=\"Za\u017eite s va\u0161imi ratoles\u0165ami Medzin\u00e1rodn\u00fd de\u0148 det\u00ed pln\u00fd z\u00e1bavy, hier a dobrodru\u017estiev na ju\u017enom Spi\u0161i. \" class=\"wp-image-15767\" srcset=\"https:\/\/vraji.sk\/wp-content\/uploads\/2024\/05\/Hrad.jpg 685w, https:\/\/vraji.sk\/wp-content\/uploads\/2024\/05\/Hrad-240x300.jpg 240w\" sizes=\"auto, (max-width: 685px) 100vw, 685px\" \/><\/figure>\n<\/div>\n\n\n<div style=\"height:40px\" aria-hidden=\"true\" class=\"wp-block-spacer\"><\/div>\n\n\n\n<h3 class=\"wp-block-heading\">De\u0148 det\u00ed v Matejovciach nad Horn\u00e1dom<\/h3>\n\n\n\n<p><strong>De\u0148 v znamen\u00ed z\u00e1bavy a \u0161antenia<\/strong> si na <strong>1. j\u00fana<\/strong> pre deti prichystali v obci Matejovce nad Horn\u00e1dom. Pripraven\u00e9 bud\u00fa detsk\u00e9 s\u00fa\u0165a\u017ee, sk\u00e1kac\u00ed hrad, ma\u013eovanie na tv\u00e1r, pre sladk\u00e9 jaz\u00fd\u010dky cukrov\u00e1 vata, ale aj chutn\u00fd gul\u00e1\u0161. Podujatie od\u0161tartuje <strong>o 10:00 hod. <\/strong><\/p>\n\n\n\n<p>Viac inform\u00e1ci\u00ed m\u00f4\u017eete n\u00e1js\u0165 <strong><a href=\"https:\/\/matejovcenadhornadom.sk\/udalosti\/kultura\/den-deti\/\">na webe obce TU. <\/a><\/strong><\/p>\n\n\n<div class=\"wp-block-image\">\n<figure class=\"aligncenter size-large\"><img loading=\"lazy\" decoding=\"async\" width=\"1024\" height=\"1024\" src=\"https:\/\/vraji.sk\/wp-content\/uploads\/2024\/05\/Matejovce-1024x1024.jpg\" alt=\"\" class=\"wp-image-15765\" srcset=\"https:\/\/vraji.sk\/wp-content\/uploads\/2024\/05\/Matejovce-1024x1024.jpg 1024w, https:\/\/vraji.sk\/wp-content\/uploads\/2024\/05\/Matejovce-300x300.jpg 300w, https:\/\/vraji.sk\/wp-content\/uploads\/2024\/05\/Matejovce-150x150.jpg 150w, https:\/\/vraji.sk\/wp-content\/uploads\/2024\/05\/Matejovce-768x768.jpg 768w, https:\/\/vraji.sk\/wp-content\/uploads\/2024\/05\/Matejovce.jpg 1080w\" sizes=\"auto, (max-width: 1024px) 100vw, 1024px\" \/><\/figure>\n<\/div>\n\n\n<div style=\"height:40px\" aria-hidden=\"true\" class=\"wp-block-spacer\"><\/div>\n\n\n\n<h3 class=\"wp-block-heading\">De\u0148 det\u00ed v Letanovciach<\/h3>\n\n\n\n<p>Na MDD na najmen\u0161\u00edch nezabudli ani <strong>v obci Letanovce<\/strong>. V\u0161etky deti poz\u00fdvaj\u00fa na \u0161portovo &#8211; z\u00e1bavn\u00e9 dopoludnie, ktor\u00e9 sa uskuto\u010dn\u00ed v sobotu <strong>1. j\u00fana 2024 od 10.00 do 13.00 hod.<\/strong> na ve\u013ekom futbalovom ihrisku v Letanovciach. O vesel\u00fd program sa postar\u00e1 <strong>t\u00edm anim\u00e1torov zo z\u00e1bavn\u00e9ho parku OBROVO <\/strong>v \u010cutkovskej doline na Liptove. Srde\u010dne poz\u00fdvaj\u00fa a te\u0161ia sa na va\u0161u hojn\u00fa \u00fa\u010das\u0165. <\/p>\n\n\n\n<p>Bli\u017e\u0161ie inform\u00e1cie s\u00fa dostupne <strong><a href=\"https:\/\/www.letanovce.sk\/aktuality\/den-deti-2024\">na webe obce Letanovce TU. <\/a><\/strong><\/p>\n\n\n<div class=\"wp-block-image\">\n<figure class=\"aligncenter size-large\"><img loading=\"lazy\" decoding=\"async\" width=\"1024\" height=\"724\" src=\"https:\/\/vraji.sk\/wp-content\/uploads\/2024\/05\/MDD-Letanovce-1024x724.jpg\" alt=\"\" class=\"wp-image-15783\" srcset=\"https:\/\/vraji.sk\/wp-content\/uploads\/2024\/05\/MDD-Letanovce-1024x724.jpg 1024w, https:\/\/vraji.sk\/wp-content\/uploads\/2024\/05\/MDD-Letanovce-300x212.jpg 300w, https:\/\/vraji.sk\/wp-content\/uploads\/2024\/05\/MDD-Letanovce-768x543.jpg 768w, https:\/\/vraji.sk\/wp-content\/uploads\/2024\/05\/MDD-Letanovce.jpg 1536w\" sizes=\"auto, (max-width: 1024px) 100vw, 1024px\" \/><\/figure>\n<\/div>\n\n\n<div style=\"height:40px\" aria-hidden=\"true\" class=\"wp-block-spacer\"><\/div>\n\n\n\n<h3 class=\"wp-block-heading\">De\u0148 det\u00ed v Smi\u017eanoch<\/h3>\n\n\n\n<p><strong>V nede\u013eu 2. j\u00fana 2024 od 15:00<\/strong> sa v parku <strong>pred kult\u00farnym domom v Smi\u017eanoch<\/strong> uskuto\u010dn\u00ed bohat\u00fd detsk\u00fd program pri pr\u00edle\u017eitosti D\u0148a det\u00ed. Te\u0161i\u0165 sa m\u00f4\u017eete na <strong>Sranda banda show<\/strong>, hr\u00e1\u010dov HK Spi\u0161sk\u00e1 Nov\u00e1 Ves, <strong>uk\u00e1\u017eky z\u00e1sahov policajn\u00fdch zlo\u017eiek, hasi\u010dov a zdravotn\u00edkov<\/strong> zo Slovensk\u00e9ho \u010derven\u00e9ho kr\u00ed\u017ea, ma\u013eovanie na tv\u00e1r, <strong>jazdy na koni, nafukovacie atrakcie<\/strong> a mnoho \u010fal\u0161ieho. <\/p>\n\n\n\n<p>Viac inform\u00e1cii <strong><a href=\"https:\/\/www.facebook.com\/events\/805560911516621?ref=newsfeed\">na Facebook udalosti TU. <\/a><\/strong><\/p>\n\n\n<div class=\"wp-block-image\">\n<figure class=\"aligncenter size-large\"><img loading=\"lazy\" decoding=\"async\" width=\"1024\" height=\"576\" src=\"https:\/\/vraji.sk\/wp-content\/uploads\/2024\/05\/Den-deti-Smizany-1024x576.jpg\" alt=\"\" class=\"wp-image-15785\" srcset=\"https:\/\/vraji.sk\/wp-content\/uploads\/2024\/05\/Den-deti-Smizany-1024x576.jpg 1024w, https:\/\/vraji.sk\/wp-content\/uploads\/2024\/05\/Den-deti-Smizany-300x169.jpg 300w, https:\/\/vraji.sk\/wp-content\/uploads\/2024\/05\/Den-deti-Smizany-768x432.jpg 768w, https:\/\/vraji.sk\/wp-content\/uploads\/2024\/05\/Den-deti-Smizany-1536x864.jpg 1536w, https:\/\/vraji.sk\/wp-content\/uploads\/2024\/05\/Den-deti-Smizany.jpg 1920w\" sizes=\"auto, (max-width: 1024px) 100vw, 1024px\" \/><\/figure>\n<\/div>\n\n\n<div style=\"height:41px\" aria-hidden=\"true\" class=\"wp-block-spacer\"><\/div>\n\n\n\n<h3 class=\"wp-block-heading\">Ja\u0161i\u00e1da v Gelnici<\/h3>\n\n\n\n<p><strong>1. j\u00fana<\/strong> poz\u00fdva Mesto Gelnica v\u0161etky deti <strong>na Ja\u0161i\u00e1du<\/strong>. Podujatie sa uskuto\u010dn\u00ed <strong>11:00 do 17: 00 hod. na futbalovom \u0161tadi\u00f3ne<\/strong> v Gelnici a pripraven\u00e9 bud\u00fa sk\u00e1kacie atrakcie pre mal\u00fdch i ve\u013ek\u00fdch, ma\u013eovanie na tv\u00e1r, tetovanie a dobr\u00e1 n\u00e1lada.<\/p>\n\n\n\n<p>Viac inform\u00e1ci\u00ed <strong><a href=\"https:\/\/www.facebook.com\/mestogelnica\">na Facebook str\u00e1nke Mesta Gelnica TU. <\/a><\/strong><\/p>\n\n\n<div class=\"wp-block-image\">\n<figure class=\"aligncenter size-large\"><img loading=\"lazy\" decoding=\"async\" width=\"1024\" height=\"724\" src=\"https:\/\/vraji.sk\/wp-content\/uploads\/2024\/05\/Jasiada-Gelnica-1024x724.jpg\" alt=\"\" class=\"wp-image-15787\" srcset=\"https:\/\/vraji.sk\/wp-content\/uploads\/2024\/05\/Jasiada-Gelnica-1024x724.jpg 1024w, https:\/\/vraji.sk\/wp-content\/uploads\/2024\/05\/Jasiada-Gelnica-300x212.jpg 300w, https:\/\/vraji.sk\/wp-content\/uploads\/2024\/05\/Jasiada-Gelnica-768x543.jpg 768w, https:\/\/vraji.sk\/wp-content\/uploads\/2024\/05\/Jasiada-Gelnica-1536x1086.jpg 1536w, https:\/\/vraji.sk\/wp-content\/uploads\/2024\/05\/Jasiada-Gelnica.jpg 2048w\" sizes=\"auto, (max-width: 1024px) 100vw, 1024px\" \/><\/figure>\n<\/div>\n\n\n<div style=\"height:40px\" aria-hidden=\"true\" class=\"wp-block-spacer\"><\/div>\n\n\n\n<h3 class=\"wp-block-heading\">De\u0148 det\u00ed v Spi\u0161sk\u00fdch Tom\u00e1\u0161ovciach<\/h3>\n\n\n\n<p>Obec Spi\u0161sk\u00e9 Tom\u00e1\u0161ovce na severe Slovensk\u00e9ho raja v sobotu 1. j\u00fana o\u017eije z\u00e1bavn\u00fdm programom pre deti. Te\u0161i\u0165 sa m\u00f4\u017eete na jazdenie na kon\u00edkoch, ktor\u00e9 zabezpe\u010d\u00ed staj\u0148a Nova, sk\u00e1kacie hrady \u010di detsk\u00fd futbal. Od 16:00 hod. sa v r\u00e1mci sprievodn\u00e9ho programu predstav\u00ed bubnov\u00e1 \u0161ou a od 17:30 hod. B\u00e1bkov\u00e9 divadlo Ofina &#8211; O medovn\u00edkovej chal\u00fapke. O dobr\u00fa hudbu sa postar\u00e1 DJ Jump a o chutn\u00fd gul\u00e1\u0161 a ob\u010derstvenie Turistick\u00e1 ubytov\u0148a Horn\u00e1d.<\/p>\n\n\n\n<p>Viac inform\u00e1ci\u00ed m\u00f4\u017eete n\u00e1js\u0165 <strong><a href=\"https:\/\/www.facebook.com\/profile.php?id=100069166682753\">na Facebook str\u00e1nke Komunita Spi\u0161sk\u00e9 Tom\u00e1\u0161ovce TU.<\/a><\/strong><\/p>\n\n\n<div class=\"wp-block-image\">\n<figure class=\"aligncenter size-large\"><img loading=\"lazy\" decoding=\"async\" width=\"683\" height=\"1024\" src=\"https:\/\/vraji.sk\/wp-content\/uploads\/2024\/05\/MDD-Spisske-Tomasovce-1-683x1024.jpg\" alt=\"\" class=\"wp-image-15815\" srcset=\"https:\/\/vraji.sk\/wp-content\/uploads\/2024\/05\/MDD-Spisske-Tomasovce-1-683x1024.jpg 683w, https:\/\/vraji.sk\/wp-content\/uploads\/2024\/05\/MDD-Spisske-Tomasovce-1-200x300.jpg 200w, https:\/\/vraji.sk\/wp-content\/uploads\/2024\/05\/MDD-Spisske-Tomasovce-1-768x1152.jpg 768w, https:\/\/vraji.sk\/wp-content\/uploads\/2024\/05\/MDD-Spisske-Tomasovce-1-1024x1536.jpg 1024w, https:\/\/vraji.sk\/wp-content\/uploads\/2024\/05\/MDD-Spisske-Tomasovce-1.jpg 1365w\" sizes=\"auto, (max-width: 683px) 100vw, 683px\" \/><\/figure>\n<\/div>\n\n\n<div style=\"height:40px\" aria-hidden=\"true\" class=\"wp-block-spacer\"><\/div>\n\n\n\n<h3 class=\"wp-block-heading\">Medzin\u00e1rodn\u00fd de\u0148 det\u00ed s Metropolom<\/h3>\n\n\n\n<p>Zoberte svoje ratolesti <strong>na MDD<\/strong> na chutn\u00fd obed do Hotela Metropol**** v Spi\u0161skej Novej Vsi. Pre v\u0161etky deti tu maj\u00fa k obedov\u00e9mu pripraven\u00fa <strong>chutn\u00fa dom\u00e1cu limon\u00e1du ZDARMA<\/strong>. Akcia plat\u00ed pri konzum\u00e1cii a\u00b4la carte a detsk\u00e9ho menu. <\/p>\n\n\n\n<p>Viac inform\u00e1ci\u00ed <strong><a href=\"https:\/\/www.facebook.com\/hotelmetropol1969\">na Facebook str\u00e1nke<\/a><\/strong> a <strong><a href=\"https:\/\/www.instagram.com\/hotelmetropol_spisskanovaves\/\">Instagrame<\/a><\/strong> Hotela Metropol****. <\/p>\n\n\n<div class=\"wp-block-image\">\n<figure class=\"aligncenter size-full\"><img loading=\"lazy\" decoding=\"async\" width=\"467\" height=\"475\" src=\"https:\/\/vraji.sk\/wp-content\/uploads\/2024\/05\/MDD-s-Metropolom.jpg\" alt=\"\" class=\"wp-image-15789\" srcset=\"https:\/\/vraji.sk\/wp-content\/uploads\/2024\/05\/MDD-s-Metropolom.jpg 467w, https:\/\/vraji.sk\/wp-content\/uploads\/2024\/05\/MDD-s-Metropolom-295x300.jpg 295w\" sizes=\"auto, (max-width: 467px) 100vw, 467px\" \/><\/figure>\n<\/div>","protected":false},"excerpt":{"rendered":"<p>Prv\u00fd j\u00fan u\u017e klope na dvere a s n\u00edm Medzin\u00e1rodn\u00fd de\u0148 det\u00ed. Rozm\u00fd\u0161\u013eali ste, kam zobra\u0165 va?<\/p>\n","protected":false},"author":52,"featured_media":15772,"comment_status":"open","ping_status":"open","sticky":false,"template":"","format":"standard","meta":{"_acf_changed":false,"footnotes":""},"categories":[1],"tags":[91],"class_list":["post-15758","post","type-post","status-publish","format-standard","has-post-thumbnail","hentry","category-uncategorized-sk","tag-podujatia"],"acf":[],"yoast_head":"<!-- This site is optimized with the Yoast SEO plugin v27.4 - https:\/\/yoast.com\/product\/yoast-seo-wordpress\/ -->\n<title>Kam s de\u0165mi na MDD? - OOCR<\/title>\n<meta name=\"description\" content=\"Za\u017eite spolu s va\u0161imi ratoles\u0165ami Medzin\u00e1rodn\u00fd de\u0148 det\u00ed pln\u00fd z\u00e1bavy, hier a dobrodru\u017estiev na ju\u017enom Spi\u0161i.\" \/>\n<meta name=\"robots\" content=\"index, follow, max-snippet:-1, max-image-preview:large, max-video-preview:-1\" \/>\n<link rel=\"canonical\" href=\"https:\/\/vraji.sk\/en\/kam-s-detmi-na-mdd\/\" \/>\n<meta property=\"og:locale\" content=\"en_US\" \/>\n<meta property=\"og:type\" content=\"article\" \/>\n<meta property=\"og:title\" content=\"Kam s de\u0165mi na MDD? - OOCR\" \/>\n<meta property=\"og:description\" content=\"Za\u017eite spolu s va\u0161imi ratoles\u0165ami Medzin\u00e1rodn\u00fd de\u0148 det\u00ed pln\u00fd z\u00e1bavy, hier a dobrodru\u017estiev na ju\u017enom Spi\u0161i.\" \/>\n<meta property=\"og:url\" content=\"https:\/\/vraji.sk\/en\/kam-s-detmi-na-mdd\/\" \/>\n<meta property=\"og:site_name\" content=\"OOCR\" \/>\n<meta property=\"article:published_time\" content=\"2024-05-23T21:43:55+00:00\" \/>\n<meta property=\"article:modified_time\" content=\"2024-05-28T15:38:56+00:00\" \/>\n<meta property=\"og:image\" content=\"https:\/\/vraji.sk\/wp-content\/uploads\/2024\/05\/Thumbnail-web.jpg\" \/>\n\t<meta property=\"og:image:width\" content=\"1471\" \/>\n\t<meta property=\"og:image:height\" content=\"735\" \/>\n\t<meta property=\"og:image:type\" content=\"image\/jpeg\" \/>\n<meta name=\"author\" content=\"OOCR\" \/>\n<meta name=\"twitter:card\" content=\"summary_large_image\" \/>\n<meta name=\"twitter:label1\" content=\"Written by\" \/>\n\t<meta name=\"twitter:data1\" content=\"OOCR\" \/>\n\t<meta name=\"twitter:label2\" content=\"Est. reading time\" \/>\n\t<meta name=\"twitter:data2\" content=\"7 minutes\" \/>\n<script type=\"application\/ld+json\" class=\"yoast-schema-graph\">{\"@context\":\"https:\\\/\\\/schema.org\",\"@graph\":[{\"@type\":\"Article\",\"@id\":\"https:\\\/\\\/vraji.sk\\\/en\\\/kam-s-detmi-na-mdd\\\/#article\",\"isPartOf\":{\"@id\":\"https:\\\/\\\/vraji.sk\\\/en\\\/kam-s-detmi-na-mdd\\\/\"},\"author\":{\"name\":\"OOCR\",\"@id\":\"https:\\\/\\\/vraji.sk\\\/en\\\/#\\\/schema\\\/person\\\/6ba5da72601ea4018533f90f796d4530\"},\"headline\":\"Kam s de\u0165mi na MDD?\",\"datePublished\":\"2024-05-23T21:43:55+00:00\",\"dateModified\":\"2024-05-28T15:38:56+00:00\",\"mainEntityOfPage\":{\"@id\":\"https:\\\/\\\/vraji.sk\\\/en\\\/kam-s-detmi-na-mdd\\\/\"},\"wordCount\":1055,\"commentCount\":0,\"publisher\":{\"@id\":\"https:\\\/\\\/vraji.sk\\\/en\\\/#organization\"},\"image\":{\"@id\":\"https:\\\/\\\/vraji.sk\\\/en\\\/kam-s-detmi-na-mdd\\\/#primaryimage\"},\"thumbnailUrl\":\"https:\\\/\\\/vraji.sk\\\/wp-content\\\/uploads\\\/2024\\\/05\\\/Thumbnail-web.jpg\",\"keywords\":[\"podujatia\"],\"articleSection\":[\"Uncategorized @sk\"],\"inLanguage\":\"en-US\",\"potentialAction\":[{\"@type\":\"CommentAction\",\"name\":\"Comment\",\"target\":[\"https:\\\/\\\/vraji.sk\\\/en\\\/kam-s-detmi-na-mdd\\\/#respond\"]}]},{\"@type\":\"WebPage\",\"@id\":\"https:\\\/\\\/vraji.sk\\\/en\\\/kam-s-detmi-na-mdd\\\/\",\"url\":\"https:\\\/\\\/vraji.sk\\\/en\\\/kam-s-detmi-na-mdd\\\/\",\"name\":\"Kam s de\u0165mi na MDD? - OOCR\",\"isPartOf\":{\"@id\":\"https:\\\/\\\/vraji.sk\\\/en\\\/#website\"},\"primaryImageOfPage\":{\"@id\":\"https:\\\/\\\/vraji.sk\\\/en\\\/kam-s-detmi-na-mdd\\\/#primaryimage\"},\"image\":{\"@id\":\"https:\\\/\\\/vraji.sk\\\/en\\\/kam-s-detmi-na-mdd\\\/#primaryimage\"},\"thumbnailUrl\":\"https:\\\/\\\/vraji.sk\\\/wp-content\\\/uploads\\\/2024\\\/05\\\/Thumbnail-web.jpg\",\"datePublished\":\"2024-05-23T21:43:55+00:00\",\"dateModified\":\"2024-05-28T15:38:56+00:00\",\"description\":\"Za\u017eite spolu s va\u0161imi ratoles\u0165ami Medzin\u00e1rodn\u00fd de\u0148 det\u00ed pln\u00fd z\u00e1bavy, hier a dobrodru\u017estiev na ju\u017enom Spi\u0161i.\",\"breadcrumb\":{\"@id\":\"https:\\\/\\\/vraji.sk\\\/en\\\/kam-s-detmi-na-mdd\\\/#breadcrumb\"},\"inLanguage\":\"en-US\",\"potentialAction\":[{\"@type\":\"ReadAction\",\"target\":[\"https:\\\/\\\/vraji.sk\\\/en\\\/kam-s-detmi-na-mdd\\\/\"]}]},{\"@type\":\"ImageObject\",\"inLanguage\":\"en-US\",\"@id\":\"https:\\\/\\\/vraji.sk\\\/en\\\/kam-s-detmi-na-mdd\\\/#primaryimage\",\"url\":\"https:\\\/\\\/vraji.sk\\\/wp-content\\\/uploads\\\/2024\\\/05\\\/Thumbnail-web.jpg\",\"contentUrl\":\"https:\\\/\\\/vraji.sk\\\/wp-content\\\/uploads\\\/2024\\\/05\\\/Thumbnail-web.jpg\",\"width\":1471,\"height\":735},{\"@type\":\"BreadcrumbList\",\"@id\":\"https:\\\/\\\/vraji.sk\\\/en\\\/kam-s-detmi-na-mdd\\\/#breadcrumb\",\"itemListElement\":[{\"@type\":\"ListItem\",\"position\":1,\"name\":\"Home\",\"item\":\"https:\\\/\\\/vraji.sk\\\/en\\\/\"},{\"@type\":\"ListItem\",\"position\":2,\"name\":\"Kam s de\u0165mi na MDD?\"}]},{\"@type\":\"WebSite\",\"@id\":\"https:\\\/\\\/vraji.sk\\\/en\\\/#website\",\"url\":\"https:\\\/\\\/vraji.sk\\\/en\\\/\",\"name\":\"OOCR\",\"description\":\"Region Slovak paradise and Spi\u0161 | History, tourism, experiences | vRaji.sk\",\"publisher\":{\"@id\":\"https:\\\/\\\/vraji.sk\\\/en\\\/#organization\"},\"potentialAction\":[{\"@type\":\"SearchAction\",\"target\":{\"@type\":\"EntryPoint\",\"urlTemplate\":\"https:\\\/\\\/vraji.sk\\\/en\\\/?s={search_term_string}\"},\"query-input\":{\"@type\":\"PropertyValueSpecification\",\"valueRequired\":true,\"valueName\":\"search_term_string\"}}],\"inLanguage\":\"en-US\"},{\"@type\":\"Organization\",\"@id\":\"https:\\\/\\\/vraji.sk\\\/en\\\/#organization\",\"name\":\"OOCR\",\"url\":\"https:\\\/\\\/vraji.sk\\\/en\\\/\",\"logo\":{\"@type\":\"ImageObject\",\"inLanguage\":\"en-US\",\"@id\":\"https:\\\/\\\/vraji.sk\\\/en\\\/#\\\/schema\\\/logo\\\/image\\\/\",\"url\":\"https:\\\/\\\/vraji.sk\\\/wp-content\\\/uploads\\\/2021\\\/11\\\/biele-logo-1.svg\",\"contentUrl\":\"https:\\\/\\\/vraji.sk\\\/wp-content\\\/uploads\\\/2021\\\/11\\\/biele-logo-1.svg\",\"caption\":\"OOCR\"},\"image\":{\"@id\":\"https:\\\/\\\/vraji.sk\\\/en\\\/#\\\/schema\\\/logo\\\/image\\\/\"}},{\"@type\":\"Person\",\"@id\":\"https:\\\/\\\/vraji.sk\\\/en\\\/#\\\/schema\\\/person\\\/6ba5da72601ea4018533f90f796d4530\",\"name\":\"OOCR\",\"image\":{\"@type\":\"ImageObject\",\"inLanguage\":\"en-US\",\"@id\":\"https:\\\/\\\/secure.gravatar.com\\\/avatar\\\/254aa66d580269ab31c41bb5eb446b00d03ea31eab4a58840a0e31f2890e31c4?s=96&d=mm&r=g\",\"url\":\"https:\\\/\\\/secure.gravatar.com\\\/avatar\\\/254aa66d580269ab31c41bb5eb446b00d03ea31eab4a58840a0e31f2890e31c4?s=96&d=mm&r=g\",\"contentUrl\":\"https:\\\/\\\/secure.gravatar.com\\\/avatar\\\/254aa66d580269ab31c41bb5eb446b00d03ea31eab4a58840a0e31f2890e31c4?s=96&d=mm&r=g\",\"caption\":\"OOCR\"},\"url\":\"https:\\\/\\\/vraji.sk\\\/en\\\/author\\\/oocr-info\\\/\"}]}<\/script>\n<!-- \/ Yoast SEO plugin. -->","yoast_head_json":{"title":"Kam s de\u0165mi na MDD? - OOCR","description":"Za\u017eite spolu s va\u0161imi ratoles\u0165ami Medzin\u00e1rodn\u00fd de\u0148 det\u00ed pln\u00fd z\u00e1bavy, hier a dobrodru\u017estiev na ju\u017enom Spi\u0161i.","robots":{"index":"index","follow":"follow","max-snippet":"max-snippet:-1","max-image-preview":"max-image-preview:large","max-video-preview":"max-video-preview:-1"},"canonical":"https:\/\/vraji.sk\/en\/kam-s-detmi-na-mdd\/","og_locale":"en_US","og_type":"article","og_title":"Kam s de\u0165mi na MDD? - OOCR","og_description":"Za\u017eite spolu s va\u0161imi ratoles\u0165ami Medzin\u00e1rodn\u00fd de\u0148 det\u00ed pln\u00fd z\u00e1bavy, hier a dobrodru\u017estiev na ju\u017enom Spi\u0161i.","og_url":"https:\/\/vraji.sk\/en\/kam-s-detmi-na-mdd\/","og_site_name":"OOCR","article_published_time":"2024-05-23T21:43:55+00:00","article_modified_time":"2024-05-28T15:38:56+00:00","og_image":[{"width":1471,"height":735,"url":"https:\/\/vraji.sk\/wp-content\/uploads\/2024\/05\/Thumbnail-web.jpg","type":"image\/jpeg"}],"author":"OOCR","twitter_card":"summary_large_image","twitter_misc":{"Written by":"OOCR","Est. reading time":"7 minutes"},"schema":{"@context":"https:\/\/schema.org","@graph":[{"@type":"Article","@id":"https:\/\/vraji.sk\/en\/kam-s-detmi-na-mdd\/#article","isPartOf":{"@id":"https:\/\/vraji.sk\/en\/kam-s-detmi-na-mdd\/"},"author":{"name":"OOCR","@id":"https:\/\/vraji.sk\/en\/#\/schema\/person\/6ba5da72601ea4018533f90f796d4530"},"headline":"Kam s de\u0165mi na MDD?","datePublished":"2024-05-23T21:43:55+00:00","dateModified":"2024-05-28T15:38:56+00:00","mainEntityOfPage":{"@id":"https:\/\/vraji.sk\/en\/kam-s-detmi-na-mdd\/"},"wordCount":1055,"commentCount":0,"publisher":{"@id":"https:\/\/vraji.sk\/en\/#organization"},"image":{"@id":"https:\/\/vraji.sk\/en\/kam-s-detmi-na-mdd\/#primaryimage"},"thumbnailUrl":"https:\/\/vraji.sk\/wp-content\/uploads\/2024\/05\/Thumbnail-web.jpg","keywords":["podujatia"],"articleSection":["Uncategorized @sk"],"inLanguage":"en-US","potentialAction":[{"@type":"CommentAction","name":"Comment","target":["https:\/\/vraji.sk\/en\/kam-s-detmi-na-mdd\/#respond"]}]},{"@type":"WebPage","@id":"https:\/\/vraji.sk\/en\/kam-s-detmi-na-mdd\/","url":"https:\/\/vraji.sk\/en\/kam-s-detmi-na-mdd\/","name":"Kam s de\u0165mi na MDD? - OOCR","isPartOf":{"@id":"https:\/\/vraji.sk\/en\/#website"},"primaryImageOfPage":{"@id":"https:\/\/vraji.sk\/en\/kam-s-detmi-na-mdd\/#primaryimage"},"image":{"@id":"https:\/\/vraji.sk\/en\/kam-s-detmi-na-mdd\/#primaryimage"},"thumbnailUrl":"https:\/\/vraji.sk\/wp-content\/uploads\/2024\/05\/Thumbnail-web.jpg","datePublished":"2024-05-23T21:43:55+00:00","dateModified":"2024-05-28T15:38:56+00:00","description":"Za\u017eite spolu s va\u0161imi ratoles\u0165ami Medzin\u00e1rodn\u00fd de\u0148 det\u00ed pln\u00fd z\u00e1bavy, hier a dobrodru\u017estiev na ju\u017enom Spi\u0161i.","breadcrumb":{"@id":"https:\/\/vraji.sk\/en\/kam-s-detmi-na-mdd\/#breadcrumb"},"inLanguage":"en-US","potentialAction":[{"@type":"ReadAction","target":["https:\/\/vraji.sk\/en\/kam-s-detmi-na-mdd\/"]}]},{"@type":"ImageObject","inLanguage":"en-US","@id":"https:\/\/vraji.sk\/en\/kam-s-detmi-na-mdd\/#primaryimage","url":"https:\/\/vraji.sk\/wp-content\/uploads\/2024\/05\/Thumbnail-web.jpg","contentUrl":"https:\/\/vraji.sk\/wp-content\/uploads\/2024\/05\/Thumbnail-web.jpg","width":1471,"height":735},{"@type":"BreadcrumbList","@id":"https:\/\/vraji.sk\/en\/kam-s-detmi-na-mdd\/#breadcrumb","itemListElement":[{"@type":"ListItem","position":1,"name":"Home","item":"https:\/\/vraji.sk\/en\/"},{"@type":"ListItem","position":2,"name":"Kam s de\u0165mi na MDD?"}]},{"@type":"WebSite","@id":"https:\/\/vraji.sk\/en\/#website","url":"https:\/\/vraji.sk\/en\/","name":"OOCR","description":"Region Slovak paradise and Spi\u0161 | History, tourism, experiences | vRaji.sk","publisher":{"@id":"https:\/\/vraji.sk\/en\/#organization"},"potentialAction":[{"@type":"SearchAction","target":{"@type":"EntryPoint","urlTemplate":"https:\/\/vraji.sk\/en\/?s={search_term_string}"},"query-input":{"@type":"PropertyValueSpecification","valueRequired":true,"valueName":"search_term_string"}}],"inLanguage":"en-US"},{"@type":"Organization","@id":"https:\/\/vraji.sk\/en\/#organization","name":"OOCR","url":"https:\/\/vraji.sk\/en\/","logo":{"@type":"ImageObject","inLanguage":"en-US","@id":"https:\/\/vraji.sk\/en\/#\/schema\/logo\/image\/","url":"https:\/\/vraji.sk\/wp-content\/uploads\/2021\/11\/biele-logo-1.svg","contentUrl":"https:\/\/vraji.sk\/wp-content\/uploads\/2021\/11\/biele-logo-1.svg","caption":"OOCR"},"image":{"@id":"https:\/\/vraji.sk\/en\/#\/schema\/logo\/image\/"}},{"@type":"Person","@id":"https:\/\/vraji.sk\/en\/#\/schema\/person\/6ba5da72601ea4018533f90f796d4530","name":"OOCR","image":{"@type":"ImageObject","inLanguage":"en-US","@id":"https:\/\/secure.gravatar.com\/avatar\/254aa66d580269ab31c41bb5eb446b00d03ea31eab4a58840a0e31f2890e31c4?s=96&d=mm&r=g","url":"https:\/\/secure.gravatar.com\/avatar\/254aa66d580269ab31c41bb5eb446b00d03ea31eab4a58840a0e31f2890e31c4?s=96&d=mm&r=g","contentUrl":"https:\/\/secure.gravatar.com\/avatar\/254aa66d580269ab31c41bb5eb446b00d03ea31eab4a58840a0e31f2890e31c4?s=96&d=mm&r=g","caption":"OOCR"},"url":"https:\/\/vraji.sk\/en\/author\/oocr-info\/"}]}},"_links":{"self":[{"href":"https:\/\/vraji.sk\/en\/wp-json\/wp\/v2\/posts\/15758","targetHints":{"allow":["GET"]}}],"collection":[{"href":"https:\/\/vraji.sk\/en\/wp-json\/wp\/v2\/posts"}],"about":[{"href":"https:\/\/vraji.sk\/en\/wp-json\/wp\/v2\/types\/post"}],"author":[{"embeddable":true,"href":"https:\/\/vraji.sk\/en\/wp-json\/wp\/v2\/users\/52"}],"replies":[{"embeddable":true,"href":"https:\/\/vraji.sk\/en\/wp-json\/wp\/v2\/comments?post=15758"}],"version-history":[{"count":8,"href":"https:\/\/vraji.sk\/en\/wp-json\/wp\/v2\/posts\/15758\/revisions"}],"predecessor-version":[{"id":15817,"href":"https:\/\/vraji.sk\/en\/wp-json\/wp\/v2\/posts\/15758\/revisions\/15817"}],"wp:featuredmedia":[{"embeddable":true,"href":"https:\/\/vraji.sk\/en\/wp-json\/wp\/v2\/media\/15772"}],"wp:attachment":[{"href":"https:\/\/vraji.sk\/en\/wp-json\/wp\/v2\/media?parent=15758"}],"wp:term":[{"taxonomy":"category","embeddable":true,"href":"https:\/\/vraji.sk\/en\/wp-json\/wp\/v2\/categories?post=15758"},{"taxonomy":"post_tag","embeddable":true,"href":"https:\/\/vraji.sk\/en\/wp-json\/wp\/v2\/tags?post=15758"}],"curies":[{"name":"wp","href":"https:\/\/api.w.org\/{rel}","templated":true}]}}