{"id":15908,"date":"2025-08-14T11:14:15","date_gmt":"2025-08-14T11:14:15","guid":{"rendered":"https:\/\/vraji.sk\/?p=15908"},"modified":"2025-10-02T13:51:58","modified_gmt":"2025-10-02T13:51:58","slug":"povedzte-si-svoje-ano-v-raji-a-na-spisi","status":"publish","type":"post","link":"https:\/\/vraji.sk\/en\/povedzte-si-svoje-ano-v-raji-a-na-spisi\/","title":{"rendered":"Povedzte si svoje &#8220;\u00c1NO&#8221; v Raji a na Spi\u0161i"},"content":{"rendered":"\n<p><\/p>\n\n\n\n<p>Kto neza\u017eil prav\u00fa spi\u0161sk\u00fa svadbu, ten akoby na svadbe ani nebol. Ok\u00fazlia v\u00e1s tu dodnes \u017eiv\u00e9 \u013eudov\u00e9 trad\u00edcie, pohostinnos\u0165 Spi\u0161iakov a n\u00e1dhern\u00e9 lokality pre v\u00e1\u0161 ve\u013ek\u00fd de\u0148. Prin\u00e1\u0161ame v\u00e1m tipy na tie najlep\u0161ie adresy v regi\u00f3ne, kde si m\u00f4\u017eete poveda\u0165 svoje &#8220;\u00c1no&#8221;, u\u017ei\u0165 si ve\u013ekolep\u00fa svadobn\u00fa hostinu spolu s va\u0161imi bl\u00edzkymi \u010di str\u00e1vi\u0165 luxusn\u00fa svadobn\u00fa noc. <\/p>\n\n\n\n<p><strong><em>Svadba v Raji a na Spi\u0161i je jednoducho nezabudnute\u013en\u00e1. Pr\u00ed\u010fte a presved\u010dte sa o tom aj vy! <\/em><\/strong><\/p>\n\n\n\n<div style=\"height:40px\" aria-hidden=\"true\" class=\"wp-block-spacer\"><\/div>\n\n\n\n<h3 class=\"wp-block-heading\">Hotel Metropol****, Spi\u0161sk\u00e1 Nov\u00e1 Ves<\/h3>\n\n\n\n<p>Pre\u017eite jeden z najkraj\u0161\u00edch dn\u00ed svojho \u017eivota presne tak, ako ste si ho vysn\u00edvali, <strong><a href=\"https:\/\/www.hotelmetropol.sk\/svadby\/\">v luxusnom Hoteli Metropol**** v Spi\u0161skej Novej Vsi<\/a><\/strong>. O va\u0161u rozpr\u00e1vkov\u00fa svadbu v Metropole sa postar\u00e1 t\u00edm odborn\u00edkov, na ktor\u00fdch sk\u00fasenosti sa m\u00f4\u017eete spo\u013eahn\u00fa\u0165. Pom\u00f4\u017eu v\u00e1m s v\u00fdberom vhodnej s\u00e1ly (hotel ich pon\u00faka hne\u010f tri), v\u00fdzdoby s\u00e1ly, sl\u00e1vnostn\u00e9ho menu a \u010fal\u0161\u00edch slu\u017eieb presne pod\u013ea va\u0161ich predst\u00e1v. Bez probl\u00e9mov sa tu m\u00f4\u017eete zab\u00e1va\u0165 a\u017e so 150 hos\u0165ami. <\/p>\n\n\n\n<p>V\u0161etky priestory s\u00fa neutr\u00e1lne a elegantn\u00e9, klimatizovan\u00e9 a kvalitne ozvu\u010den\u00e9. K dispoz\u00edcii je aj ve\u013ek\u00e9 pl\u00e1tno na premietanie. V\u010faka flexibilite priestorov si m\u00f4\u017eete vybra\u0165 z viacer\u00fdch typov sedenia. Parket aj p\u00f3dium pre kapelu je mo\u017en\u00e9 postavi\u0165 presne tam, kde budete chcie\u0165. Cel\u00e9 z\u00e1zemie svadby je v dosahu toaliet, ako aj monitorovan\u00e9ho parkoviska. <\/p>\n\n\n\n<p>V Hoteli Metropol**** si navy\u0161e nemus\u00edte l\u00e1ma\u0165 hlavu nad ubytovan\u00edm va\u0161ich host\u00ed po skon\u010den\u00ed svadby. V\u0161etk\u00fdch m\u00f4\u017eete ubytova\u0165 priamo na mieste a dopria\u0165 im tak komfort \u0161tvorhviezdi\u010dkov\u00e9ho hotela. <\/p>\n\n\n\n<p>Pre zjednodu\u0161enie rozhodovania si v Hoteli Metropol**** m\u00f4\u017eete vybra\u0165 zo svadobn\u00fdch bal\u00edkov slu\u017eieb &#8220;Standard&#8221;, &#8220;De luxe&#8221;, &#8220;Exclusive&#8221; a &#8220;Paradise&#8221;, alebo si slu\u017eby navrhnite presne pod\u013ea va\u0161ich predst\u00e1v na stretnut\u00ed s event koordin\u00e1torom hotela. K svadobn\u00e9mu bal\u00edku navy\u0161e z\u00edskate gr\u00e1tis \u010fal\u0161ie slu\u017eby ako ubytovanie v romanticky vyzdobenej izbe Exclusive pre novoman\u017eelov \u010di ve\u010deru pre dvoch na 1. v\u00fdro\u010die svadby. <\/p>\n\n\n<div class=\"wp-block-image\">\n<figure class=\"aligncenter size-large\"><img loading=\"lazy\" decoding=\"async\" width=\"1024\" height=\"605\" src=\"https:\/\/vraji.sk\/wp-content\/uploads\/2024\/05\/IMG_2762R-\u2013-kopie-1024x605.jpg\" alt=\"\" class=\"wp-image-15911\" srcset=\"https:\/\/vraji.sk\/wp-content\/uploads\/2024\/05\/IMG_2762R-\u2013-kopie-1024x605.jpg 1024w, https:\/\/vraji.sk\/wp-content\/uploads\/2024\/05\/IMG_2762R-\u2013-kopie-300x177.jpg 300w, https:\/\/vraji.sk\/wp-content\/uploads\/2024\/05\/IMG_2762R-\u2013-kopie-768x454.jpg 768w, https:\/\/vraji.sk\/wp-content\/uploads\/2024\/05\/IMG_2762R-\u2013-kopie-1536x908.jpg 1536w, https:\/\/vraji.sk\/wp-content\/uploads\/2024\/05\/IMG_2762R-\u2013-kopie-2048x1211.jpg 2048w\" sizes=\"auto, (max-width: 1024px) 100vw, 1024px\" \/><\/figure>\n<\/div>\n\n\n<div style=\"height:40px\" aria-hidden=\"true\" class=\"wp-block-spacer\"><\/div>\n\n\n\n<h3 class=\"wp-block-heading\">Hotel \u010cingov Slovensk\u00fd raj<\/h3>\n\n\n\n<p>\u010eal\u0161\u00edm z vychyten\u00fdch miest pre zorganizovanie svadobnej hostiny je Hotel \u010cingov priamo v N\u00e1rodnom parku Slovensk\u00fd raj. Nechajte sa in\u0161pirova\u0165 kr\u00e1snym prostred\u00edm hotela a jeho okolia a za\u017eite jedine\u010dn\u00fa svadobn\u00fa hostinu v plne klimatizovanej s\u00e1le naaran\u017eovanej presne pod\u013ea va\u0161ich predst\u00e1v. <\/p>\n\n\n\n<p>Svadobn\u00e1 s\u00e1la Hotela \u010cingov pon\u00faka kapacitu a\u017e 150 os\u00f4b, za v\u00fdhodn\u00fa cenu pren\u00e1jmu. Cena kompletn\u00e9ho sl\u00e1vnostn\u00e9ho svadobn\u00e9ho menu za\u010d\u00edna u\u017e na 40\u20ac\/osoba, pri detsk\u00fdch porci\u00e1ch sa uplat\u0148uje 25% z\u013eava. Hotel tie\u017e pon\u00faka mo\u017enos\u0165 don\u00e1\u0161ky va\u0161ich vlastn\u00fdch alko a nealko n\u00e1pojov, kol\u00e1\u010dov a ovocia. <\/p>\n\n\n\n<p>Mladoman\u017eelia si navy\u0161e m\u00f4\u017eu dopria\u0165 luxusn\u00fd z\u00e1\u017eitok v podobe pobytu v svadobnom apartm\u00e1ne s v\u00edrivou va\u0148ou. Viac inform\u00e1ci\u00ed n\u00e1jdete <strong><a href=\"https:\/\/www.hotelcingov.sk\/svadobne-hostiny\/\">na webovej str\u00e1nke hotela TU. <\/a><\/strong><\/p>\n\n\n<div class=\"wp-block-image\">\n<figure class=\"aligncenter size-large\"><img loading=\"lazy\" decoding=\"async\" width=\"1024\" height=\"768\" src=\"https:\/\/vraji.sk\/wp-content\/uploads\/2024\/05\/PHOTO-2023-11-20-15-15-59-2-1024x768.jpg\" alt=\"\" class=\"wp-image-15913\" srcset=\"https:\/\/vraji.sk\/wp-content\/uploads\/2024\/05\/PHOTO-2023-11-20-15-15-59-2-1024x768.jpg 1024w, https:\/\/vraji.sk\/wp-content\/uploads\/2024\/05\/PHOTO-2023-11-20-15-15-59-2-300x225.jpg 300w, https:\/\/vraji.sk\/wp-content\/uploads\/2024\/05\/PHOTO-2023-11-20-15-15-59-2-768x576.jpg 768w, https:\/\/vraji.sk\/wp-content\/uploads\/2024\/05\/PHOTO-2023-11-20-15-15-59-2-1536x1152.jpg 1536w, https:\/\/vraji.sk\/wp-content\/uploads\/2024\/05\/PHOTO-2023-11-20-15-15-59-2.jpg 2048w\" sizes=\"auto, (max-width: 1024px) 100vw, 1024px\" \/><\/figure>\n<\/div>\n\n\n<div style=\"height:40px\" aria-hidden=\"true\" class=\"wp-block-spacer\"><\/div>\n\n\n\n<h3 class=\"wp-block-heading\">Penzi\u00f3n Kr\u00e1\u013eov Prame\u0148<\/h3>\n\n\n\n<p>Penzi\u00f3n Kr\u00e1\u013eov Prame\u0148 v Novoveskej Hute m\u00e1 jeden z najunik\u00e1tnej\u0161\u00edch a najkraj\u0161\u00edch priestorov pre sl\u00e1vnostn\u00e9 podujatia a svadobn\u00e9 hostiny v \u0161irokom okol\u00ed. Priamo v n\u00e1dhernej z\u00e1hrade penzi\u00f3nu je mo\u017en\u00e9 zorganizova\u0165 romantick\u00fd civiln\u00fd sob\u00e1\u0161 priamo pod hol\u00fdm nebom. <\/p>\n\n\n\n<p>Re\u0161taur\u00e1cia s v\u00fdh\u013eadom do z\u00e1hrady penzi\u00f3nu s kapacitou a\u017e 100 os\u00f4b je miestom ako stvoren\u00fdm pre v\u00e1\u0161 ve\u013ek\u00fd svadobn\u00fd de\u0148. Miestnos\u0165 je vybaven\u00e1 protihlukov\u00fdmi oknami, barom, tane\u010dn\u00fdm parketom, klimatiz\u00e1ciou a vykurovan\u00edm, v\u010faka \u010domu tu nie je probl\u00e9m usporiada\u0165 ve\u013ekolep\u00fa svadobn\u00fa hostinu v ktoromko\u013evek ro\u010dnom obdob\u00ed. Usporiadanie a tvar stolov, parketu, farbu a \u0161t\u00fdl v\u00fdzdoby a \u010fal\u0161\u00edch prvkov si m\u00f4\u017eete vybra\u0165 pod\u013ea vlastn\u00fdch preferenci\u00ed a fant\u00e1zie. <\/p>\n\n\n\n<p>Pokia\u013e by ste mali viac ako 100 host\u00ed, pr\u00edpadne uprednost\u0148ujete mo\u017enos\u0165 usporiada\u0165 hostinu v exteri\u00e9ri, v Kr\u00e1\u013eovom Prameni v\u00e1m radi poskytn\u00fa ve\u013ek\u00fd eventov\u00fd stan, v ktorom sa m\u00f4\u017eete s bl\u00edzkymi zab\u00e1va\u0165 priamo v z\u00e1hrade penzi\u00f3nu. Radi by ste si doniesli vlastn\u00e9 n\u00e1poje, kol\u00e1\u010de, tortu a in\u00e9 pochutiny? \u017diadny probl\u00e9m. V Kr\u00e1\u013eovom Prameni sa korkovn\u00e9 neplat\u00ed a navy\u0161e v\u00e1m na v\u0161etko poskytn\u00fa vhodn\u00e9 skladov\u00e9 priestory. <\/p>\n\n\n\n<p>V cene pren\u00e1jmu dost\u00e1vaj\u00fa novoman\u017eelia 1 izbu gr\u00e1tis, ktor\u00fa m\u00f4\u017eu vyu\u017e\u00edva\u0165 aj na svadobn\u00e9 pr\u00edpravy. V Kr\u00e1\u013eovom Prameni tak n\u00e1jdete v\u0161etko na jednom mieste &#8211; miesto pre obrad, svadobn\u00fa hostinu, kr\u00e1sne prostredie ako z rozpr\u00e1vky pre svadobn\u00e9 fotografie a tie\u017e ubytovanie pre host\u00ed.  Pr\u00edjemn\u00fd person\u00e1l a vynikaj\u00face jedlo len podtrhn\u00fa nezabudnute\u013en\u00fd z\u00e1\u017eitok z v\u00e1\u0161ho ve\u013ek\u00e9ho d\u0148a. <\/p>\n\n\n\n<p>Bl\u00ed\u017e\u0161ie inform\u00e1cie m\u00f4\u017eete n\u00e1js\u0165 <strong><a href=\"https:\/\/kralovpramen.sk\/podujatia\/\">na webovej str\u00e1nke penzi\u00f3nu TU. <\/a><\/strong><\/p>\n\n\n<div class=\"wp-block-image\">\n<figure class=\"aligncenter size-full\"><img loading=\"lazy\" decoding=\"async\" width=\"1024\" height=\"683\" src=\"https:\/\/vraji.sk\/wp-content\/uploads\/2024\/05\/svadba.jpg\" alt=\"\" class=\"wp-image-15916\" srcset=\"https:\/\/vraji.sk\/wp-content\/uploads\/2024\/05\/svadba.jpg 1024w, https:\/\/vraji.sk\/wp-content\/uploads\/2024\/05\/svadba-300x200.jpg 300w, https:\/\/vraji.sk\/wp-content\/uploads\/2024\/05\/svadba-768x512.jpg 768w\" sizes=\"auto, (max-width: 1024px) 100vw, 1024px\" \/><\/figure>\n<\/div>\n\n\n<div style=\"height:40px\" aria-hidden=\"true\" class=\"wp-block-spacer\"><\/div>\n\n\n\n<h3 class=\"wp-block-heading\">Apartm\u00e1ny Hvezd\u00e1re\u0148 v Spi\u0161skej Novej Vsi<\/h3>\n\n\n\n<p>Ak h\u013ead\u00e1te atrakt\u00edvny priestor na predsvadobn\u00e9 fotenie alebo ubytovanie pre va\u0161ich host\u00ed, Apartm\u00e1ny Hvezd\u00e1re\u0148 v Spi\u0161skej Novej Vsi s\u00fa ide\u00e1lnym miestom, ktor\u00e9 v\u00e1s nabije vesm\u00edrnou energiou. Okrem v\u00fdhodnej polohy v tesnej bl\u00edzkosti centra mesta v\u00e1s o\u010daria aj jedine\u010dnou atmosf\u00e9rou tejto p\u00f4vodnej hvezd\u00e1rne, ktor\u00e1 v sebe sp\u00e1ja n\u00e1dych hist\u00f3rie a komfort modernej doby. Vyu\u017ei\u0165 m\u00f4\u017eete ubytovanie v \u0161t\u00fdlovo zariaden\u00fdch apartm\u00e1noch, medzi ktor\u00fdmi dominuje priestrann\u00fd Apartm\u00e1n Venus nach\u00e1dzaj\u00faci sa priamo v podkrovnej ve\u017ei\u010dke hvezd\u00e1rne. Va\u0161e predsvadobn\u00e9 fotografie z tohto apartm\u00e1nu va\u0161im bl\u00edzkym zaru\u010dene vyrazia dych. A ako bonus m\u00f4\u017eete na pr\u00edzem\u00ed objektu vyu\u017ei\u0165 slu\u017eby <strong><a href=\"https:\/\/www.apartmany-hvezdaren.sk\/index.php\/ranna-kava-aj-papuciach\/\" target=\"_blank\" rel=\"noreferrer noopener\">Kaviarne Luna<\/a><\/strong>, do ktorej si m\u00f4\u017eete z v\u00e1\u0161ho apartm\u00e1nu z\u00e1js\u0165 na vynikaj\u00facu k\u00e1vu, z\u00e1kusok \u010di v\u00fdberov\u00e9 v\u00edno hoci aj v papu\u010dk\u00e1ch. A r\u00e1no v\u00e1m v nej naserv\u00edruj\u00fa tie najlep\u0161ie ra\u0148ajky.<\/p>\n\n\n\n<p>Viac inform\u00e1ci\u00ed m\u00f4\u017eete n\u00e1js\u0165 priamo <strong><a href=\"https:\/\/www.apartmany-hvezdaren.sk\/\" target=\"_blank\" rel=\"noreferrer noopener\">na webovej str\u00e1nke Apartm\u00e1nov Hvezd\u00e1re\u0148 TU<\/a><\/strong>. Srde\u010dne poz\u00fdvame! <\/p>\n\n\n<div class=\"wp-block-image\">\n<figure class=\"aligncenter size-large\"><a href=\"https:\/\/www.apartmany-hvezdaren.sk\/\" target=\"_blank\" rel=\" noreferrer noopener\"><img loading=\"lazy\" decoding=\"async\" width=\"1024\" height=\"683\" src=\"https:\/\/vraji.sk\/wp-content\/uploads\/2024\/06\/Apartman-Venus-Apartmany-Hvezdaren-1024x683.jpg\" alt=\"\" class=\"wp-image-20647\" srcset=\"https:\/\/vraji.sk\/wp-content\/uploads\/2024\/06\/Apartman-Venus-Apartmany-Hvezdaren-1024x683.jpg 1024w, https:\/\/vraji.sk\/wp-content\/uploads\/2024\/06\/Apartman-Venus-Apartmany-Hvezdaren-300x200.jpg 300w, https:\/\/vraji.sk\/wp-content\/uploads\/2024\/06\/Apartman-Venus-Apartmany-Hvezdaren-768x512.jpg 768w, https:\/\/vraji.sk\/wp-content\/uploads\/2024\/06\/Apartman-Venus-Apartmany-Hvezdaren-1536x1024.jpg 1536w, https:\/\/vraji.sk\/wp-content\/uploads\/2024\/06\/Apartman-Venus-Apartmany-Hvezdaren-2048x1366.jpg 2048w\" sizes=\"auto, (max-width: 1024px) 100vw, 1024px\" \/><\/a><\/figure>\n<\/div>\n\n\n<div style=\"height:40px\" aria-hidden=\"true\" class=\"wp-block-spacer\"><\/div>\n\n\n\n<h3 class=\"wp-block-heading\">Sob\u00e1\u0161 v historickej radnici v Spi\u0161skej Novej Vsi<\/h3>\n\n\n\n<p>H\u013ead\u00e1te miesto pre v\u00e1\u0161 sob\u00e1\u0161, ktor\u00e9 m\u00e1 dokonal\u00fa atmosf\u00e9ru, du\u0161u a genius loci? V tom pr\u00edpade si pr\u00ed\u010fte poveda\u0165 svoje &#8220;\u00c1NO&#8221; na radnicu v Spi\u0161skej Novej Vsi. V honosnej obradnej sieni klasicistickej radnice z 18. storo\u010dia u\u017e uzatvorili man\u017eelstvo stovky Spi\u0161iakov i p\u00e1rov z in\u00fdch regi\u00f3nov \u010di kraj\u00edn. <\/p>\n\n\n\n<p>Viac inform\u00e1ci\u00ed mo\u017enosti sob\u00e1\u0161a na na radnici v Spi\u0161skej Novej Vsi n\u00e1jdete <strong><a href=\"https:\/\/www.spisskanovaves.eu\/chcem-vybavit\/obcan\/sobas\">na ofici\u00e1lnom webe mesta TU<\/a><\/strong> a o samotnej budove radnice <strong><a href=\"https:\/\/navstevnik.spisskanovaves.eu\/co-vidiet\/pamiatky\/radnica\/\">TU<\/a><\/strong>. <\/p>\n\n\n<div class=\"wp-block-image\">\n<figure class=\"aligncenter size-large\"><img loading=\"lazy\" decoding=\"async\" width=\"1024\" height=\"742\" src=\"https:\/\/vraji.sk\/wp-content\/uploads\/2024\/05\/radnica-2-1024x742.jpg\" alt=\"\" class=\"wp-image-15918\" srcset=\"https:\/\/vraji.sk\/wp-content\/uploads\/2024\/05\/radnica-2-1024x742.jpg 1024w, https:\/\/vraji.sk\/wp-content\/uploads\/2024\/05\/radnica-2-300x217.jpg 300w, https:\/\/vraji.sk\/wp-content\/uploads\/2024\/05\/radnica-2-768x557.jpg 768w, https:\/\/vraji.sk\/wp-content\/uploads\/2024\/05\/radnica-2.jpg 1090w\" sizes=\"auto, (max-width: 1024px) 100vw, 1024px\" \/><\/figure>\n<\/div>\n\n<div class=\"wp-block-image\">\n<figure class=\"aligncenter size-full\"><img loading=\"lazy\" decoding=\"async\" width=\"525\" height=\"790\" src=\"https:\/\/vraji.sk\/wp-content\/uploads\/2024\/05\/radnica-3.jpg\" alt=\"\" class=\"wp-image-15920\" srcset=\"https:\/\/vraji.sk\/wp-content\/uploads\/2024\/05\/radnica-3.jpg 525w, https:\/\/vraji.sk\/wp-content\/uploads\/2024\/05\/radnica-3-199x300.jpg 199w\" sizes=\"auto, (max-width: 525px) 100vw, 525px\" \/><\/figure>\n<\/div>\n\n\n<p>Ide\u00e1lnym miestom pre cirkevn\u00fd sob\u00e1\u0161 je v Spi\u0161skej Novej Vsi gotick\u00fd R\u00edmskokatol\u00edcky kostol Nanebovzatia Panny M\u00e1rie s najvy\u0161\u0161ou kostolnou ve\u017eou na Slovensku. <\/p>\n\n\n<div class=\"wp-block-image\">\n<figure class=\"aligncenter size-large\"><img loading=\"lazy\" decoding=\"async\" width=\"1024\" height=\"768\" src=\"https:\/\/vraji.sk\/wp-content\/uploads\/2024\/05\/kostol-2-1024x768.jpg\" alt=\"\" class=\"wp-image-15931\" srcset=\"https:\/\/vraji.sk\/wp-content\/uploads\/2024\/05\/kostol-2-1024x768.jpg 1024w, https:\/\/vraji.sk\/wp-content\/uploads\/2024\/05\/kostol-2-300x225.jpg 300w, https:\/\/vraji.sk\/wp-content\/uploads\/2024\/05\/kostol-2-768x576.jpg 768w, https:\/\/vraji.sk\/wp-content\/uploads\/2024\/05\/kostol-2.jpg 1053w\" sizes=\"auto, (max-width: 1024px) 100vw, 1024px\" \/><\/figure>\n<\/div>","protected":false},"excerpt":{"rendered":"<p>Kto neza\u017eil prav\u00fa spi\u0161sk\u00fa svadbu, ten akoby na svadbe ani nebol. Ok\u00fazlia v\u00e1s tu dodnes \u017eiv\u00e9 <\/p>\n","protected":false},"author":52,"featured_media":15909,"comment_status":"open","ping_status":"open","sticky":false,"template":"","format":"standard","meta":{"_acf_changed":false,"footnotes":""},"categories":[1],"tags":[120],"class_list":["post-15908","post","type-post","status-publish","format-standard","has-post-thumbnail","hentry","category-uncategorized-sk","tag-svadba"],"acf":[],"yoast_head":"<!-- This site is optimized with the Yoast SEO plugin v27.4 - https:\/\/yoast.com\/product\/yoast-seo-wordpress\/ -->\n<title>Povedzte si svoje &quot;\u00c1NO&quot; v Raji a na Spi\u0161i - OOCR<\/title>\n<meta name=\"description\" content=\"Pre\u017eite svoj vysn\u00edvan\u00fd svadobn\u00fd de\u0148 a noc na Spi\u0161i . Tipy na tie NAJ miesta pre sob\u00e1\u0161 a svadobn\u00fa hostinu n\u00e1jdete v \u010dl\u00e1nku ni\u017e\u0161ie.\" \/>\n<meta name=\"robots\" content=\"index, follow, max-snippet:-1, max-image-preview:large, max-video-preview:-1\" \/>\n<link rel=\"canonical\" href=\"https:\/\/vraji.sk\/en\/povedzte-si-svoje-ano-v-raji-a-na-spisi\/\" \/>\n<meta property=\"og:locale\" content=\"en_US\" \/>\n<meta property=\"og:type\" content=\"article\" \/>\n<meta property=\"og:title\" content=\"Povedzte si svoje &quot;\u00c1NO&quot; v Raji a na Spi\u0161i - OOCR\" \/>\n<meta property=\"og:description\" content=\"Pre\u017eite svoj vysn\u00edvan\u00fd svadobn\u00fd de\u0148 a noc na Spi\u0161i . Tipy na tie NAJ miesta pre sob\u00e1\u0161 a svadobn\u00fa hostinu n\u00e1jdete v \u010dl\u00e1nku ni\u017e\u0161ie.\" \/>\n<meta property=\"og:url\" content=\"https:\/\/vraji.sk\/en\/povedzte-si-svoje-ano-v-raji-a-na-spisi\/\" \/>\n<meta property=\"og:site_name\" content=\"OOCR\" \/>\n<meta property=\"article:published_time\" content=\"2025-08-14T11:14:15+00:00\" \/>\n<meta property=\"article:modified_time\" content=\"2025-10-02T13:51:58+00:00\" \/>\n<meta property=\"og:image\" content=\"https:\/\/vraji.sk\/wp-content\/uploads\/2024\/05\/Svadba-v-Raji.jpg\" \/>\n\t<meta property=\"og:image:width\" content=\"2500\" \/>\n\t<meta property=\"og:image:height\" content=\"1667\" \/>\n\t<meta property=\"og:image:type\" content=\"image\/jpeg\" \/>\n<meta name=\"author\" content=\"OOCR\" \/>\n<meta name=\"twitter:card\" content=\"summary_large_image\" \/>\n<meta name=\"twitter:label1\" content=\"Written by\" \/>\n\t<meta name=\"twitter:data1\" content=\"OOCR\" \/>\n\t<meta name=\"twitter:label2\" content=\"Est. reading time\" \/>\n\t<meta name=\"twitter:data2\" content=\"7 minutes\" \/>\n<script type=\"application\/ld+json\" class=\"yoast-schema-graph\">{\"@context\":\"https:\\\/\\\/schema.org\",\"@graph\":[{\"@type\":\"Article\",\"@id\":\"https:\\\/\\\/vraji.sk\\\/en\\\/povedzte-si-svoje-ano-v-raji-a-na-spisi\\\/#article\",\"isPartOf\":{\"@id\":\"https:\\\/\\\/vraji.sk\\\/en\\\/povedzte-si-svoje-ano-v-raji-a-na-spisi\\\/\"},\"author\":{\"name\":\"OOCR\",\"@id\":\"https:\\\/\\\/vraji.sk\\\/en\\\/#\\\/schema\\\/person\\\/6ba5da72601ea4018533f90f796d4530\"},\"headline\":\"Povedzte si svoje &#8220;\u00c1NO&#8221; v Raji a na Spi\u0161i\",\"datePublished\":\"2025-08-14T11:14:15+00:00\",\"dateModified\":\"2025-10-02T13:51:58+00:00\",\"mainEntityOfPage\":{\"@id\":\"https:\\\/\\\/vraji.sk\\\/en\\\/povedzte-si-svoje-ano-v-raji-a-na-spisi\\\/\"},\"wordCount\":1199,\"commentCount\":0,\"publisher\":{\"@id\":\"https:\\\/\\\/vraji.sk\\\/en\\\/#organization\"},\"image\":{\"@id\":\"https:\\\/\\\/vraji.sk\\\/en\\\/povedzte-si-svoje-ano-v-raji-a-na-spisi\\\/#primaryimage\"},\"thumbnailUrl\":\"https:\\\/\\\/vraji.sk\\\/wp-content\\\/uploads\\\/2024\\\/05\\\/Svadba-v-Raji.jpg\",\"keywords\":[\"svadba\"],\"articleSection\":[\"Uncategorized @sk\"],\"inLanguage\":\"en-US\",\"potentialAction\":[{\"@type\":\"CommentAction\",\"name\":\"Comment\",\"target\":[\"https:\\\/\\\/vraji.sk\\\/en\\\/povedzte-si-svoje-ano-v-raji-a-na-spisi\\\/#respond\"]}]},{\"@type\":\"WebPage\",\"@id\":\"https:\\\/\\\/vraji.sk\\\/en\\\/povedzte-si-svoje-ano-v-raji-a-na-spisi\\\/\",\"url\":\"https:\\\/\\\/vraji.sk\\\/en\\\/povedzte-si-svoje-ano-v-raji-a-na-spisi\\\/\",\"name\":\"Povedzte si svoje \\\"\u00c1NO\\\" v Raji a na Spi\u0161i - OOCR\",\"isPartOf\":{\"@id\":\"https:\\\/\\\/vraji.sk\\\/en\\\/#website\"},\"primaryImageOfPage\":{\"@id\":\"https:\\\/\\\/vraji.sk\\\/en\\\/povedzte-si-svoje-ano-v-raji-a-na-spisi\\\/#primaryimage\"},\"image\":{\"@id\":\"https:\\\/\\\/vraji.sk\\\/en\\\/povedzte-si-svoje-ano-v-raji-a-na-spisi\\\/#primaryimage\"},\"thumbnailUrl\":\"https:\\\/\\\/vraji.sk\\\/wp-content\\\/uploads\\\/2024\\\/05\\\/Svadba-v-Raji.jpg\",\"datePublished\":\"2025-08-14T11:14:15+00:00\",\"dateModified\":\"2025-10-02T13:51:58+00:00\",\"description\":\"Pre\u017eite svoj vysn\u00edvan\u00fd svadobn\u00fd de\u0148 a noc na Spi\u0161i . Tipy na tie NAJ miesta pre sob\u00e1\u0161 a svadobn\u00fa hostinu n\u00e1jdete v \u010dl\u00e1nku ni\u017e\u0161ie.\",\"breadcrumb\":{\"@id\":\"https:\\\/\\\/vraji.sk\\\/en\\\/povedzte-si-svoje-ano-v-raji-a-na-spisi\\\/#breadcrumb\"},\"inLanguage\":\"en-US\",\"potentialAction\":[{\"@type\":\"ReadAction\",\"target\":[\"https:\\\/\\\/vraji.sk\\\/en\\\/povedzte-si-svoje-ano-v-raji-a-na-spisi\\\/\"]}]},{\"@type\":\"ImageObject\",\"inLanguage\":\"en-US\",\"@id\":\"https:\\\/\\\/vraji.sk\\\/en\\\/povedzte-si-svoje-ano-v-raji-a-na-spisi\\\/#primaryimage\",\"url\":\"https:\\\/\\\/vraji.sk\\\/wp-content\\\/uploads\\\/2024\\\/05\\\/Svadba-v-Raji.jpg\",\"contentUrl\":\"https:\\\/\\\/vraji.sk\\\/wp-content\\\/uploads\\\/2024\\\/05\\\/Svadba-v-Raji.jpg\",\"width\":2500,\"height\":1667,\"caption\":\"ceremony wear RING\"},{\"@type\":\"BreadcrumbList\",\"@id\":\"https:\\\/\\\/vraji.sk\\\/en\\\/povedzte-si-svoje-ano-v-raji-a-na-spisi\\\/#breadcrumb\",\"itemListElement\":[{\"@type\":\"ListItem\",\"position\":1,\"name\":\"Home\",\"item\":\"https:\\\/\\\/vraji.sk\\\/en\\\/\"},{\"@type\":\"ListItem\",\"position\":2,\"name\":\"Povedzte si svoje &#8222;\u00c1NO&#8220; v Raji a na Spi\u0161i\"}]},{\"@type\":\"WebSite\",\"@id\":\"https:\\\/\\\/vraji.sk\\\/en\\\/#website\",\"url\":\"https:\\\/\\\/vraji.sk\\\/en\\\/\",\"name\":\"OOCR\",\"description\":\"Region Slovak paradise and Spi\u0161 | History, tourism, experiences | vRaji.sk\",\"publisher\":{\"@id\":\"https:\\\/\\\/vraji.sk\\\/en\\\/#organization\"},\"potentialAction\":[{\"@type\":\"SearchAction\",\"target\":{\"@type\":\"EntryPoint\",\"urlTemplate\":\"https:\\\/\\\/vraji.sk\\\/en\\\/?s={search_term_string}\"},\"query-input\":{\"@type\":\"PropertyValueSpecification\",\"valueRequired\":true,\"valueName\":\"search_term_string\"}}],\"inLanguage\":\"en-US\"},{\"@type\":\"Organization\",\"@id\":\"https:\\\/\\\/vraji.sk\\\/en\\\/#organization\",\"name\":\"OOCR\",\"url\":\"https:\\\/\\\/vraji.sk\\\/en\\\/\",\"logo\":{\"@type\":\"ImageObject\",\"inLanguage\":\"en-US\",\"@id\":\"https:\\\/\\\/vraji.sk\\\/en\\\/#\\\/schema\\\/logo\\\/image\\\/\",\"url\":\"https:\\\/\\\/vraji.sk\\\/wp-content\\\/uploads\\\/2021\\\/11\\\/biele-logo-1.svg\",\"contentUrl\":\"https:\\\/\\\/vraji.sk\\\/wp-content\\\/uploads\\\/2021\\\/11\\\/biele-logo-1.svg\",\"caption\":\"OOCR\"},\"image\":{\"@id\":\"https:\\\/\\\/vraji.sk\\\/en\\\/#\\\/schema\\\/logo\\\/image\\\/\"}},{\"@type\":\"Person\",\"@id\":\"https:\\\/\\\/vraji.sk\\\/en\\\/#\\\/schema\\\/person\\\/6ba5da72601ea4018533f90f796d4530\",\"name\":\"OOCR\",\"image\":{\"@type\":\"ImageObject\",\"inLanguage\":\"en-US\",\"@id\":\"https:\\\/\\\/secure.gravatar.com\\\/avatar\\\/254aa66d580269ab31c41bb5eb446b00d03ea31eab4a58840a0e31f2890e31c4?s=96&d=mm&r=g\",\"url\":\"https:\\\/\\\/secure.gravatar.com\\\/avatar\\\/254aa66d580269ab31c41bb5eb446b00d03ea31eab4a58840a0e31f2890e31c4?s=96&d=mm&r=g\",\"contentUrl\":\"https:\\\/\\\/secure.gravatar.com\\\/avatar\\\/254aa66d580269ab31c41bb5eb446b00d03ea31eab4a58840a0e31f2890e31c4?s=96&d=mm&r=g\",\"caption\":\"OOCR\"},\"url\":\"https:\\\/\\\/vraji.sk\\\/en\\\/author\\\/oocr-info\\\/\"}]}<\/script>\n<!-- \/ Yoast SEO plugin. -->","yoast_head_json":{"title":"Povedzte si svoje \"\u00c1NO\" v Raji a na Spi\u0161i - OOCR","description":"Pre\u017eite svoj vysn\u00edvan\u00fd svadobn\u00fd de\u0148 a noc na Spi\u0161i . Tipy na tie NAJ miesta pre sob\u00e1\u0161 a svadobn\u00fa hostinu n\u00e1jdete v \u010dl\u00e1nku ni\u017e\u0161ie.","robots":{"index":"index","follow":"follow","max-snippet":"max-snippet:-1","max-image-preview":"max-image-preview:large","max-video-preview":"max-video-preview:-1"},"canonical":"https:\/\/vraji.sk\/en\/povedzte-si-svoje-ano-v-raji-a-na-spisi\/","og_locale":"en_US","og_type":"article","og_title":"Povedzte si svoje \"\u00c1NO\" v Raji a na Spi\u0161i - OOCR","og_description":"Pre\u017eite svoj vysn\u00edvan\u00fd svadobn\u00fd de\u0148 a noc na Spi\u0161i . Tipy na tie NAJ miesta pre sob\u00e1\u0161 a svadobn\u00fa hostinu n\u00e1jdete v \u010dl\u00e1nku ni\u017e\u0161ie.","og_url":"https:\/\/vraji.sk\/en\/povedzte-si-svoje-ano-v-raji-a-na-spisi\/","og_site_name":"OOCR","article_published_time":"2025-08-14T11:14:15+00:00","article_modified_time":"2025-10-02T13:51:58+00:00","og_image":[{"width":2500,"height":1667,"url":"https:\/\/vraji.sk\/wp-content\/uploads\/2024\/05\/Svadba-v-Raji.jpg","type":"image\/jpeg"}],"author":"OOCR","twitter_card":"summary_large_image","twitter_misc":{"Written by":"OOCR","Est. reading time":"7 minutes"},"schema":{"@context":"https:\/\/schema.org","@graph":[{"@type":"Article","@id":"https:\/\/vraji.sk\/en\/povedzte-si-svoje-ano-v-raji-a-na-spisi\/#article","isPartOf":{"@id":"https:\/\/vraji.sk\/en\/povedzte-si-svoje-ano-v-raji-a-na-spisi\/"},"author":{"name":"OOCR","@id":"https:\/\/vraji.sk\/en\/#\/schema\/person\/6ba5da72601ea4018533f90f796d4530"},"headline":"Povedzte si svoje &#8220;\u00c1NO&#8221; v Raji a na Spi\u0161i","datePublished":"2025-08-14T11:14:15+00:00","dateModified":"2025-10-02T13:51:58+00:00","mainEntityOfPage":{"@id":"https:\/\/vraji.sk\/en\/povedzte-si-svoje-ano-v-raji-a-na-spisi\/"},"wordCount":1199,"commentCount":0,"publisher":{"@id":"https:\/\/vraji.sk\/en\/#organization"},"image":{"@id":"https:\/\/vraji.sk\/en\/povedzte-si-svoje-ano-v-raji-a-na-spisi\/#primaryimage"},"thumbnailUrl":"https:\/\/vraji.sk\/wp-content\/uploads\/2024\/05\/Svadba-v-Raji.jpg","keywords":["svadba"],"articleSection":["Uncategorized @sk"],"inLanguage":"en-US","potentialAction":[{"@type":"CommentAction","name":"Comment","target":["https:\/\/vraji.sk\/en\/povedzte-si-svoje-ano-v-raji-a-na-spisi\/#respond"]}]},{"@type":"WebPage","@id":"https:\/\/vraji.sk\/en\/povedzte-si-svoje-ano-v-raji-a-na-spisi\/","url":"https:\/\/vraji.sk\/en\/povedzte-si-svoje-ano-v-raji-a-na-spisi\/","name":"Povedzte si svoje \"\u00c1NO\" v Raji a na Spi\u0161i - OOCR","isPartOf":{"@id":"https:\/\/vraji.sk\/en\/#website"},"primaryImageOfPage":{"@id":"https:\/\/vraji.sk\/en\/povedzte-si-svoje-ano-v-raji-a-na-spisi\/#primaryimage"},"image":{"@id":"https:\/\/vraji.sk\/en\/povedzte-si-svoje-ano-v-raji-a-na-spisi\/#primaryimage"},"thumbnailUrl":"https:\/\/vraji.sk\/wp-content\/uploads\/2024\/05\/Svadba-v-Raji.jpg","datePublished":"2025-08-14T11:14:15+00:00","dateModified":"2025-10-02T13:51:58+00:00","description":"Pre\u017eite svoj vysn\u00edvan\u00fd svadobn\u00fd de\u0148 a noc na Spi\u0161i . Tipy na tie NAJ miesta pre sob\u00e1\u0161 a svadobn\u00fa hostinu n\u00e1jdete v \u010dl\u00e1nku ni\u017e\u0161ie.","breadcrumb":{"@id":"https:\/\/vraji.sk\/en\/povedzte-si-svoje-ano-v-raji-a-na-spisi\/#breadcrumb"},"inLanguage":"en-US","potentialAction":[{"@type":"ReadAction","target":["https:\/\/vraji.sk\/en\/povedzte-si-svoje-ano-v-raji-a-na-spisi\/"]}]},{"@type":"ImageObject","inLanguage":"en-US","@id":"https:\/\/vraji.sk\/en\/povedzte-si-svoje-ano-v-raji-a-na-spisi\/#primaryimage","url":"https:\/\/vraji.sk\/wp-content\/uploads\/2024\/05\/Svadba-v-Raji.jpg","contentUrl":"https:\/\/vraji.sk\/wp-content\/uploads\/2024\/05\/Svadba-v-Raji.jpg","width":2500,"height":1667,"caption":"ceremony wear RING"},{"@type":"BreadcrumbList","@id":"https:\/\/vraji.sk\/en\/povedzte-si-svoje-ano-v-raji-a-na-spisi\/#breadcrumb","itemListElement":[{"@type":"ListItem","position":1,"name":"Home","item":"https:\/\/vraji.sk\/en\/"},{"@type":"ListItem","position":2,"name":"Povedzte si svoje &#8222;\u00c1NO&#8220; v Raji a na Spi\u0161i"}]},{"@type":"WebSite","@id":"https:\/\/vraji.sk\/en\/#website","url":"https:\/\/vraji.sk\/en\/","name":"OOCR","description":"Region Slovak paradise and Spi\u0161 | History, tourism, experiences | vRaji.sk","publisher":{"@id":"https:\/\/vraji.sk\/en\/#organization"},"potentialAction":[{"@type":"SearchAction","target":{"@type":"EntryPoint","urlTemplate":"https:\/\/vraji.sk\/en\/?s={search_term_string}"},"query-input":{"@type":"PropertyValueSpecification","valueRequired":true,"valueName":"search_term_string"}}],"inLanguage":"en-US"},{"@type":"Organization","@id":"https:\/\/vraji.sk\/en\/#organization","name":"OOCR","url":"https:\/\/vraji.sk\/en\/","logo":{"@type":"ImageObject","inLanguage":"en-US","@id":"https:\/\/vraji.sk\/en\/#\/schema\/logo\/image\/","url":"https:\/\/vraji.sk\/wp-content\/uploads\/2021\/11\/biele-logo-1.svg","contentUrl":"https:\/\/vraji.sk\/wp-content\/uploads\/2021\/11\/biele-logo-1.svg","caption":"OOCR"},"image":{"@id":"https:\/\/vraji.sk\/en\/#\/schema\/logo\/image\/"}},{"@type":"Person","@id":"https:\/\/vraji.sk\/en\/#\/schema\/person\/6ba5da72601ea4018533f90f796d4530","name":"OOCR","image":{"@type":"ImageObject","inLanguage":"en-US","@id":"https:\/\/secure.gravatar.com\/avatar\/254aa66d580269ab31c41bb5eb446b00d03ea31eab4a58840a0e31f2890e31c4?s=96&d=mm&r=g","url":"https:\/\/secure.gravatar.com\/avatar\/254aa66d580269ab31c41bb5eb446b00d03ea31eab4a58840a0e31f2890e31c4?s=96&d=mm&r=g","contentUrl":"https:\/\/secure.gravatar.com\/avatar\/254aa66d580269ab31c41bb5eb446b00d03ea31eab4a58840a0e31f2890e31c4?s=96&d=mm&r=g","caption":"OOCR"},"url":"https:\/\/vraji.sk\/en\/author\/oocr-info\/"}]}},"_links":{"self":[{"href":"https:\/\/vraji.sk\/en\/wp-json\/wp\/v2\/posts\/15908","targetHints":{"allow":["GET"]}}],"collection":[{"href":"https:\/\/vraji.sk\/en\/wp-json\/wp\/v2\/posts"}],"about":[{"href":"https:\/\/vraji.sk\/en\/wp-json\/wp\/v2\/types\/post"}],"author":[{"embeddable":true,"href":"https:\/\/vraji.sk\/en\/wp-json\/wp\/v2\/users\/52"}],"replies":[{"embeddable":true,"href":"https:\/\/vraji.sk\/en\/wp-json\/wp\/v2\/comments?post=15908"}],"version-history":[{"count":6,"href":"https:\/\/vraji.sk\/en\/wp-json\/wp\/v2\/posts\/15908\/revisions"}],"predecessor-version":[{"id":20658,"href":"https:\/\/vraji.sk\/en\/wp-json\/wp\/v2\/posts\/15908\/revisions\/20658"}],"wp:featuredmedia":[{"embeddable":true,"href":"https:\/\/vraji.sk\/en\/wp-json\/wp\/v2\/media\/15909"}],"wp:attachment":[{"href":"https:\/\/vraji.sk\/en\/wp-json\/wp\/v2\/media?parent=15908"}],"wp:term":[{"taxonomy":"category","embeddable":true,"href":"https:\/\/vraji.sk\/en\/wp-json\/wp\/v2\/categories?post=15908"},{"taxonomy":"post_tag","embeddable":true,"href":"https:\/\/vraji.sk\/en\/wp-json\/wp\/v2\/tags?post=15908"}],"curies":[{"name":"wp","href":"https:\/\/api.w.org\/{rel}","templated":true}]}}