{"id":16554,"date":"2024-06-28T15:07:05","date_gmt":"2024-06-28T15:07:05","guid":{"rendered":"https:\/\/vraji.sk\/?p=16554"},"modified":"2024-11-05T15:37:07","modified_gmt":"2024-11-05T15:37:07","slug":"naj-podujatia-v-raji-a-na-spisi-v-auguste-2024","status":"publish","type":"post","link":"https:\/\/vraji.sk\/en\/naj-podujatia-v-raji-a-na-spisi-v-auguste-2024\/","title":{"rendered":"NAJ Podujatia v Raji a na Spi\u0161i v auguste 2024"},"content":{"rendered":"\n<div style=\"height:40px\" aria-hidden=\"true\" class=\"wp-block-spacer\"><\/div>\n\n\n\n<p><strong><em>Pl\u00e1nujete si v druhej polovici leta n\u00e1v\u0161tevu Slovensk\u00e9ho raja a ju\u017en\u00e9ho Spi\u0161a a radi by ste ju spojili so zauj\u00edmav\u00fdm kult\u00farnym vy\u017eit\u00edm? Prin\u00e1\u0161ame v\u00e1m v\u00fdber t\u00fdch najatrakt\u00edvnej\u0161\u00edch kult\u00farnych a spolo\u010densk\u00fdch podujat\u00ed u n\u00e1s po\u010das mesiaca august. Nechajte sa in\u0161pirova\u0165, srde\u010dne poz\u00fdvame. Prajeme v\u00e1m kr\u00e1sne z\u00e1\u017eitky!<\/em><\/strong><\/p>\n\n\n\n<div style=\"height:40px\" aria-hidden=\"true\" class=\"wp-block-spacer\"><\/div>\n\n\n\n<h3 class=\"wp-block-heading\">Podujatia Mestsk\u00e9ho kult\u00farneho centra v Spi\u0161skej Novej Vsi<\/h3>\n\n\n\n<p>Tak ako po cel\u00fd rok, aj na mesiac august si pre v\u00e1s <a href=\"http:\/\/www.mkc.snv.sk\/\" target=\"_blank\" rel=\"noreferrer noopener\"><strong>Mestsk\u00e9 kult\u00farne centrum (MKC) v Spi\u0161skej Novej Vsi<\/strong><\/a> pripravilo bohat\u00fa paletu kult\u00farnych podujat\u00ed. N\u00e1jdete medzi nimi r\u00f4zne \u017e\u00e1nre pre v\u0161etky vekov\u00e9 kateg\u00f3rie n\u00e1v\u0161tevn\u00edkov. <strong>Koncerty, letn\u00e9 kino, tane\u010dn\u00e9 ve\u010dery pre verejnos\u0165, vesel\u00e9 rozpr\u00e1vky pre deti, \u010di Dni mesta a Trh \u013eudov\u00fdch remesiel<\/strong>. To v\u0161etko v\u00e1s \u010dak\u00e1 (nielen) na Radni\u010dnom n\u00e1mest\u00ed v Spi\u0161skej Novej Vsi.<\/p>\n\n\n<div class=\"wp-block-image\">\n<figure class=\"aligncenter size-large\"><img loading=\"lazy\" decoding=\"async\" width=\"693\" height=\"1024\" src=\"https:\/\/vraji.sk\/wp-content\/uploads\/2024\/08\/MKC_august_CTL-page-001-693x1024.jpg\" alt=\"\" class=\"wp-image-16555\" srcset=\"https:\/\/vraji.sk\/wp-content\/uploads\/2024\/08\/MKC_august_CTL-page-001-693x1024.jpg 693w, https:\/\/vraji.sk\/wp-content\/uploads\/2024\/08\/MKC_august_CTL-page-001-203x300.jpg 203w, https:\/\/vraji.sk\/wp-content\/uploads\/2024\/08\/MKC_august_CTL-page-001-768x1134.jpg 768w, https:\/\/vraji.sk\/wp-content\/uploads\/2024\/08\/MKC_august_CTL-page-001-1040x1536.jpg 1040w, https:\/\/vraji.sk\/wp-content\/uploads\/2024\/08\/MKC_august_CTL-page-001-1387x2048.jpg 1387w, https:\/\/vraji.sk\/wp-content\/uploads\/2024\/08\/MKC_august_CTL-page-001-scaled.jpg 1733w\" sizes=\"auto, (max-width: 693px) 100vw, 693px\" \/><\/figure>\n<\/div>\n\n\n<div style=\"height:40px\" aria-hidden=\"true\" class=\"wp-block-spacer\"><\/div>\n\n\n\n<h3 class=\"wp-block-heading\">Dni mesta Spi\u0161sk\u00e1 Nov\u00e1 Ves a Trh \u013eudov\u00fdch remesiel 2024<\/h3>\n\n\n\n<p>Podujatie Dni mesta Spi\u0161sk\u00e1 Nov\u00e1 Ves spojen\u00e9 s Trhom \u013eudov\u00fdch remesiel patr\u00ed tradi\u010dne medzi TOP podujatia kult\u00farneho leta v Spi\u0161skej Novej Vsi. V piatok a sobotu <strong>23. a 24. augusta<\/strong> sa priamo na Radni\u010dnom n\u00e1mest\u00ed m\u00f4\u017eete te\u0161i\u0165 na <strong>vyst\u00fapenia s historickou tematikou, divadeln\u00e9 predstavenia pre deti, koncerty zn\u00e1mych hudobn\u00edkov a skup\u00edn<\/strong> a mnoho \u010fal\u0161ieho. V r\u00e1mci Trhu \u013eudov\u00fdch remesiel k n\u00e1m op\u00e4\u0165 zav\u00edtaj\u00fa <strong>desiatky remeseln\u00fdch tvorcov so svojimi hodnotn\u00fdmi &#8220;hand-made&#8221; v\u00fdrobkami<\/strong>. Viac inform\u00e1ci\u00ed m\u00f4\u017eete n\u00e1js\u0165 <a href=\"https:\/\/www.spisskanovaves.eu\/podujatia\/dni-mesta-spisska-nova-ves-2-2-2\" target=\"_blank\" rel=\"noreferrer noopener\"><strong>na webovej str\u00e1nke Mesta Spi\u0161sk\u00e1 Nov\u00e1 Ves TU.<\/strong><\/a><\/p>\n\n\n<div class=\"wp-block-image\">\n<figure class=\"aligncenter size-large\"><a href=\"https:\/\/vraji.sk\/wp-content\/uploads\/2024\/08\/Dni-mesta-Spisska-Nova-Ves.jpg\" target=\"_blank\" rel=\"noreferrer noopener\"><img loading=\"lazy\" decoding=\"async\" width=\"724\" height=\"1024\" src=\"https:\/\/vraji.sk\/wp-content\/uploads\/2024\/08\/Dni-mesta-Spisska-Nova-Ves-724x1024.jpg\" alt=\"\" class=\"wp-image-16557\" srcset=\"https:\/\/vraji.sk\/wp-content\/uploads\/2024\/08\/Dni-mesta-Spisska-Nova-Ves-724x1024.jpg 724w, https:\/\/vraji.sk\/wp-content\/uploads\/2024\/08\/Dni-mesta-Spisska-Nova-Ves-212x300.jpg 212w, https:\/\/vraji.sk\/wp-content\/uploads\/2024\/08\/Dni-mesta-Spisska-Nova-Ves-768x1087.jpg 768w, https:\/\/vraji.sk\/wp-content\/uploads\/2024\/08\/Dni-mesta-Spisska-Nova-Ves.jpg 848w\" sizes=\"auto, (max-width: 724px) 100vw, 724px\" \/><\/a><\/figure>\n<\/div>\n\n\n<div style=\"height:40px\" aria-hidden=\"true\" class=\"wp-block-spacer\"><\/div>\n\n\n\n<h3 class=\"wp-block-heading\">Leto na hrade &#8211; august 2024<\/h3>\n\n\n\n<p>Historick\u00fd klenot Spi\u0161a, Spi\u0161sk\u00fd hrad, aj po\u010das mesiaca august o\u017eije mno\u017estvom kult\u00farnych podujat\u00ed pre \u0161irok\u00fa verejnos\u0165. Te\u0161i\u0165 sa m\u00f4\u017eete na <strong>medzin\u00e1rodn\u00fd kult\u00farny festival s\u00faHRADnice 2024 (10.8.), tajomn\u00fa noc so \u017eiv\u00fdmi sochami, piatkov\u00e9 ve\u010dern\u00e9 prehliadky hradu spojen\u00e9 s videomappingom na hradn\u00e9 m\u00fary, vyst\u00fapenie skupiny historick\u00e9ho \u0161ermu P\u00e1ni Spi\u0161a \u010di Legendu o Spi\u0161skom hrade<\/strong>, ktor\u00fa v\u00e1m rozpovie skupina Natalis. Viac inform\u00e1ci\u00ed n\u00e1jdete <a href=\"https:\/\/www.facebook.com\/people\/SNM-Spi%C5%A1sk%C3%A9-m%C3%BAzeum-v-Levo%C4%8Di\/100063541031081\/\" target=\"_blank\" rel=\"noreferrer noopener\"><strong>na Facebook str\u00e1nke SNM &#8211; Spi\u0161sk\u00e9ho m\u00fazea v Levo\u010di TU.<\/strong><\/a><\/p>\n\n\n<div class=\"wp-block-image\">\n<figure class=\"aligncenter size-full\"><a href=\"https:\/\/vraji.sk\/wp-content\/uploads\/2024\/08\/Leto-na-hrade-august.webp\" target=\"_blank\" rel=\"noreferrer noopener\"><img loading=\"lazy\" decoding=\"async\" width=\"724\" height=\"1024\" src=\"https:\/\/vraji.sk\/wp-content\/uploads\/2024\/08\/Leto-na-hrade-august.webp\" alt=\"\" class=\"wp-image-16559\" srcset=\"https:\/\/vraji.sk\/wp-content\/uploads\/2024\/08\/Leto-na-hrade-august.webp 724w, https:\/\/vraji.sk\/wp-content\/uploads\/2024\/08\/Leto-na-hrade-august-212x300.webp 212w\" sizes=\"auto, (max-width: 724px) 100vw, 724px\" \/><\/a><\/figure>\n<\/div>\n\n\n<div style=\"height:40px\" aria-hidden=\"true\" class=\"wp-block-spacer\"><\/div>\n\n\n\n<h3 class=\"wp-block-heading\">Turistick\u00fd vl\u00e1\u010dik Podles\u00e1\u010dik<\/h3>\n\n\n\n<p>Za turistikou a oddychom v\u00e1s po\u010das cel\u00e9ho mesiaca august z Hrabu\u0161\u00edc odvezie <strong>turistick\u00fd vl\u00e1\u010dik Podles\u00e1\u010dik<\/strong>. Prem\u00e1va\u0165 bude <strong>formou kyvadlovej dopravy medzi obcou Hrabu\u0161ice a turistick\u00fdmi strediskami Podlesok a Hrabu\u0161ick\u00e1 P\u00edla<\/strong>. Viac inform\u00e1ci\u00ed m\u00f4\u017eete n\u00e1js\u0165 <a href=\"https:\/\/www.hrabusice.sk\/aktuality\/aktuality\/novinka-v-hrabusiciach-pre-august-2024-turisticky-vlacik-799sk.html?fbclid=IwY2xjawEW0nFleHRuA2FlbQIxMQABHcthRRLwpc06Yq3vvrCrmIHPuvEIIo3yM1xngxR7jlJx3OFqsLdb8KBalA_aem_fW0dLFYpafFCzObGj6MXjg\" target=\"_blank\" rel=\"noreferrer noopener\"><strong>na webovej str\u00e1nke obce Hrabu\u0161ice TU.<\/strong><\/a><\/p>\n\n\n<div class=\"wp-block-image\">\n<figure class=\"aligncenter size-large\"><a href=\"https:\/\/vraji.sk\/wp-content\/uploads\/2024\/08\/Podlesacik.jpg\" target=\"_blank\" rel=\"noreferrer noopener\"><img loading=\"lazy\" decoding=\"async\" width=\"1024\" height=\"776\" src=\"https:\/\/vraji.sk\/wp-content\/uploads\/2024\/08\/Podlesacik-1024x776.jpg\" alt=\"\" class=\"wp-image-16561\" srcset=\"https:\/\/vraji.sk\/wp-content\/uploads\/2024\/08\/Podlesacik-1024x776.jpg 1024w, https:\/\/vraji.sk\/wp-content\/uploads\/2024\/08\/Podlesacik-300x227.jpg 300w, https:\/\/vraji.sk\/wp-content\/uploads\/2024\/08\/Podlesacik-768x582.jpg 768w, https:\/\/vraji.sk\/wp-content\/uploads\/2024\/08\/Podlesacik.jpg 1280w\" sizes=\"auto, (max-width: 1024px) 100vw, 1024px\" \/><\/a><\/figure>\n<\/div>\n\n<div class=\"wp-block-image\">\n<figure class=\"aligncenter size-large\"><a href=\"https:\/\/vraji.sk\/wp-content\/uploads\/2024\/08\/Vlacik-Podlesacik-page-001-1.jpg\" target=\"_blank\" rel=\"noreferrer noopener\"><img loading=\"lazy\" decoding=\"async\" width=\"1024\" height=\"722\" src=\"https:\/\/vraji.sk\/wp-content\/uploads\/2024\/08\/Vlacik-Podlesacik-page-001-1-1024x722.jpg\" alt=\"\" class=\"wp-image-16563\" srcset=\"https:\/\/vraji.sk\/wp-content\/uploads\/2024\/08\/Vlacik-Podlesacik-page-001-1-1024x722.jpg 1024w, https:\/\/vraji.sk\/wp-content\/uploads\/2024\/08\/Vlacik-Podlesacik-page-001-1-300x211.jpg 300w, https:\/\/vraji.sk\/wp-content\/uploads\/2024\/08\/Vlacik-Podlesacik-page-001-1-768x541.jpg 768w, https:\/\/vraji.sk\/wp-content\/uploads\/2024\/08\/Vlacik-Podlesacik-page-001-1-1536x1083.jpg 1536w, https:\/\/vraji.sk\/wp-content\/uploads\/2024\/08\/Vlacik-Podlesacik-page-001-1-2048x1444.jpg 2048w\" sizes=\"auto, (max-width: 1024px) 100vw, 1024px\" \/><\/a><\/figure>\n<\/div>\n\n<div class=\"wp-block-image\">\n<figure class=\"aligncenter size-large\"><a href=\"https:\/\/vraji.sk\/wp-content\/uploads\/2024\/08\/Vlacik-Podlesacik-page-002-1.jpg\" target=\"_blank\" rel=\"noreferrer noopener\"><img loading=\"lazy\" decoding=\"async\" width=\"1024\" height=\"722\" src=\"https:\/\/vraji.sk\/wp-content\/uploads\/2024\/08\/Vlacik-Podlesacik-page-002-1-1024x722.jpg\" alt=\"\" class=\"wp-image-16565\" srcset=\"https:\/\/vraji.sk\/wp-content\/uploads\/2024\/08\/Vlacik-Podlesacik-page-002-1-1024x722.jpg 1024w, https:\/\/vraji.sk\/wp-content\/uploads\/2024\/08\/Vlacik-Podlesacik-page-002-1-300x211.jpg 300w, https:\/\/vraji.sk\/wp-content\/uploads\/2024\/08\/Vlacik-Podlesacik-page-002-1-768x541.jpg 768w, https:\/\/vraji.sk\/wp-content\/uploads\/2024\/08\/Vlacik-Podlesacik-page-002-1-1536x1083.jpg 1536w, https:\/\/vraji.sk\/wp-content\/uploads\/2024\/08\/Vlacik-Podlesacik-page-002-1-2048x1444.jpg 2048w\" sizes=\"auto, (max-width: 1024px) 100vw, 1024px\" \/><\/a><\/figure>\n<\/div>\n\n\n<div style=\"height:40px\" aria-hidden=\"true\" class=\"wp-block-spacer\"><\/div>\n\n\n\n<h3 class=\"wp-block-heading\">Ukon\u010denie leta 2024, Marku\u0161ovce<\/h3>\n\n\n\n<p>Obec Marku\u0161ovce v\u00e1s srde\u010dne poz\u00fdva na tret\u00ed ro\u010dn\u00edk T<strong>OP akcie leta, Ukon\u010denie leta 2024<\/strong>. Uskuto\u010dn\u00ed sa v sobotu <strong>24. augusta v \u0161portovom are\u00e1li Marku\u0161ovce<\/strong>. V programe vyst\u00fapia zn\u00e1mi huduobn\u00edci a kapely: <strong>Ren\u00e9 Rendy &amp; Cico Band, Bystr\u00edk a Skupina Follow<\/strong>. Gurm\u00e1ni sa m\u00f4\u017eu te\u0161i\u0165 na gastro s\u00fa\u0165a\u017e <strong>Marku\u0161ovsk\u00fd kotl\u00edk<\/strong>. Pre detsk\u00fdch n\u00e1v\u0161tevn\u00edkov bud\u00fa pripraven\u00e9 <strong>atrakcie Ninja Factor<\/strong>, sk\u00e1kac\u00ed hrad a divadeln\u00e9 predstavenie <strong>Rozpr\u00e1vkov\u00fd hrniec<\/strong>. Samozrejmos\u0165ou bude skvel\u00e9 ob\u010derstvenie a <strong>bohat\u00e1 tombola<\/strong>. Viac inform\u00e1ci\u00ed n\u00e1jdete <a href=\"https:\/\/www.facebook.com\/photo\/?fbid=122113733288385325&amp;set=pb.61561559770929.-2207520000\" target=\"_blank\" rel=\"noreferrer noopener\"><strong>na Facebook str\u00e1nke Obce Marku\u0161ovce TU.<\/strong><\/a><\/p>\n\n\n<div class=\"wp-block-image\">\n<figure class=\"aligncenter size-large\"><img loading=\"lazy\" decoding=\"async\" width=\"724\" height=\"1024\" src=\"https:\/\/vraji.sk\/wp-content\/uploads\/2024\/08\/Ukoncenie-leta-Markusovce-724x1024.jpg\" alt=\"\" class=\"wp-image-16567\" srcset=\"https:\/\/vraji.sk\/wp-content\/uploads\/2024\/08\/Ukoncenie-leta-Markusovce-724x1024.jpg 724w, https:\/\/vraji.sk\/wp-content\/uploads\/2024\/08\/Ukoncenie-leta-Markusovce-212x300.jpg 212w, https:\/\/vraji.sk\/wp-content\/uploads\/2024\/08\/Ukoncenie-leta-Markusovce-768x1086.jpg 768w, https:\/\/vraji.sk\/wp-content\/uploads\/2024\/08\/Ukoncenie-leta-Markusovce-1086x1536.jpg 1086w, https:\/\/vraji.sk\/wp-content\/uploads\/2024\/08\/Ukoncenie-leta-Markusovce.jpg 1448w\" sizes=\"auto, (max-width: 724px) 100vw, 724px\" \/><\/figure>\n<\/div>\n\n\n<div style=\"height:40px\" aria-hidden=\"true\" class=\"wp-block-spacer\"><\/div>\n\n\n\n<h3 class=\"wp-block-heading\">V\u00fdstava veter\u00e1nov Ko\u0161iarny brie\u017eok a Spi\u0161sk\u00e1 Nov\u00e1 Ves<\/h3>\n\n\n\n<p>V sobotu <strong>24. augusta<\/strong> sa v\u0161etci milovn\u00edci historick\u00fdch vozidiel m\u00f4\u017eu te\u0161i\u0165 na <strong>6. ro\u010dn\u00edk V\u00fdstavy veter\u00e1nov<\/strong>, ktor\u00e1 sa uskuto\u010dn\u00ed v Spi\u0161skej Novej Vsi a na Ko\u0161iarnom brie\u017eku. Vozidl\u00e1 bud\u00fa od 11:30 do 12:30 hod. vystaven\u00e9 <strong>na Letnej ulici v Spi\u0161skej Novej Vsi a od 13:00 do 15:00 v rekrea\u010dnej oblasti Ko\u0161iarny brie\u017eok pri bufete Nov\u00e1kova chata<\/strong>. Po skon\u010den\u00ed v\u00fdstavy \u010dakaj\u00fa n\u00e1v\u0161tevn\u00edkov na Ko\u0161iarnom brie\u017eku <strong>s\u00fa\u0165a\u017ee, tombola a vo\u013en\u00e1 z\u00e1bava<\/strong>. Podujatie je organizovan\u00e9 s podporou Obce Smi\u017eany a Mesta Spi\u0161sk\u00e1 Nov\u00e1 Ves.<\/p>\n\n\n<div class=\"wp-block-image\">\n<figure class=\"aligncenter size-large\"><a href=\"https:\/\/vraji.sk\/wp-content\/uploads\/2024\/08\/Vystava-veteranov-Kosiarny-briezok-1.jpg\" target=\"_blank\" rel=\"noreferrer noopener\"><img loading=\"lazy\" decoding=\"async\" width=\"723\" height=\"1024\" src=\"https:\/\/vraji.sk\/wp-content\/uploads\/2024\/08\/Vystava-veteranov-Kosiarny-briezok-1-723x1024.jpg\" alt=\"\" class=\"wp-image-16569\" srcset=\"https:\/\/vraji.sk\/wp-content\/uploads\/2024\/08\/Vystava-veteranov-Kosiarny-briezok-1-723x1024.jpg 723w, https:\/\/vraji.sk\/wp-content\/uploads\/2024\/08\/Vystava-veteranov-Kosiarny-briezok-1-212x300.jpg 212w, https:\/\/vraji.sk\/wp-content\/uploads\/2024\/08\/Vystava-veteranov-Kosiarny-briezok-1.jpg 763w\" sizes=\"auto, (max-width: 723px) 100vw, 723px\" \/><\/a><\/figure>\n<\/div>\n\n\n<div style=\"height:40px\" aria-hidden=\"true\" class=\"wp-block-spacer\"><\/div>\n\n\n\n<h2 class=\"wp-block-heading\">De\u0148 slovensk\u00fdch h\u00f4r na Kl\u00e1\u0161torisku<\/h2>\n\n\n\n<p>Posledn\u00fa augustov\u00fa nede\u013eu, <strong>25. 08. 2024<\/strong>, poz\u00fdva Obec Letanovce v\u0161etk\u00fdch veriacich a milovn\u00edkov pr\u00edrody na <strong>oslavu D\u0148a slovensk\u00fdch h\u00f4r<\/strong>, ktor\u00e1 sa uskuto\u010dn\u00ed <strong>v srdci Slovensk\u00e9ho raja &#8211; na Kl\u00e1\u0161torisku<\/strong>. Oslava bude <strong>spojen\u00e1 so sv\u00e4tou om\u0161ou<\/strong>, ktor\u00fa bude celebrova\u0165 dekan Ru\u017eombersk\u00e9ho dekan\u00e1tu vdp. Du\u0161an Pardel. Pr\u00ed\u010fte na\u010derpa\u0165 nov\u00e9 du\u0161evn\u00e9 i fyzick\u00e9 sily a pomodli\u0165 sa v lone pr\u00edrody. Viac inform\u00e1ci\u00ed n\u00e1jdete <a href=\"https:\/\/www.letanovce.sk\/aktuality\/den-slovenskych-hor-2024?fbclid=IwY2xjawEgLnBleHRuA2FlbQIxMAABHdYn3OqT187HnSBS8bGDtps9-RwDMohno-DJvYrsX50PcJMqRJ9G8gjH3Q_aem_LbLdopMj_FTFbVnKqsxvLg\" target=\"_blank\" rel=\"noreferrer noopener\"><strong>na webovej str\u00e1nke Obce Letanovce TU.<\/strong><\/a><\/p>\n\n\n<div class=\"wp-block-image\">\n<figure class=\"aligncenter size-large\"><a href=\"https:\/\/vraji.sk\/wp-content\/uploads\/2024\/08\/Den-slovenskych-hor-Klastorisko.jpg\" target=\"_blank\" rel=\"noreferrer noopener\"><img loading=\"lazy\" decoding=\"async\" width=\"1024\" height=\"575\" src=\"https:\/\/vraji.sk\/wp-content\/uploads\/2024\/08\/Den-slovenskych-hor-Klastorisko-1024x575.jpg\" alt=\"\" class=\"wp-image-16571\" srcset=\"https:\/\/vraji.sk\/wp-content\/uploads\/2024\/08\/Den-slovenskych-hor-Klastorisko-1024x575.jpg 1024w, https:\/\/vraji.sk\/wp-content\/uploads\/2024\/08\/Den-slovenskych-hor-Klastorisko-300x169.jpg 300w, https:\/\/vraji.sk\/wp-content\/uploads\/2024\/08\/Den-slovenskych-hor-Klastorisko-768x432.jpg 768w, https:\/\/vraji.sk\/wp-content\/uploads\/2024\/08\/Den-slovenskych-hor-Klastorisko.jpg 1536w\" sizes=\"auto, (max-width: 1024px) 100vw, 1024px\" \/><\/a><\/figure>\n<\/div>\n\n\n<p><\/p>\n","protected":false},"excerpt":{"rendered":"<p>Pl\u00e1nujete si v druhej polovici leta n\u00e1v\u0161tevu Slovensk\u00e9ho raja a ju\u017en\u00e9ho Spi\u0161a a radi by ste j<\/p>\n","protected":false},"author":52,"featured_media":16580,"comment_status":"open","ping_status":"open","sticky":false,"template":"","format":"standard","meta":{"_acf_changed":false,"footnotes":""},"categories":[1],"tags":[91],"class_list":["post-16554","post","type-post","status-publish","format-standard","has-post-thumbnail","hentry","category-uncategorized-sk","tag-podujatia"],"acf":[],"yoast_head":"<!-- This site is optimized with the Yoast SEO plugin v27.4 - https:\/\/yoast.com\/product\/yoast-seo-wordpress\/ -->\n<title>NAJ Podujatia v Raji a na Spi\u0161i v auguste 2024 - OOCR<\/title>\n<meta name=\"description\" content=\"Nav\u0161tivte tie NAJ podujatia v Slovenskom raji a na ju\u017enom Spi\u0161i v auguste 2024. Tipy na ne n\u00e1jdete v na\u0161om \u010dl\u00e1nku.\" \/>\n<meta name=\"robots\" content=\"index, follow, max-snippet:-1, max-image-preview:large, max-video-preview:-1\" \/>\n<link rel=\"canonical\" href=\"https:\/\/vraji.sk\/en\/naj-podujatia-v-raji-a-na-spisi-v-auguste-2024\/\" \/>\n<meta property=\"og:locale\" content=\"en_US\" \/>\n<meta property=\"og:type\" content=\"article\" \/>\n<meta property=\"og:title\" content=\"NAJ Podujatia v Raji a na Spi\u0161i v auguste 2024 - OOCR\" \/>\n<meta property=\"og:description\" content=\"Nav\u0161tivte tie NAJ podujatia v Slovenskom raji a na ju\u017enom Spi\u0161i v auguste 2024. Tipy na ne n\u00e1jdete v na\u0161om \u010dl\u00e1nku.\" \/>\n<meta property=\"og:url\" content=\"https:\/\/vraji.sk\/en\/naj-podujatia-v-raji-a-na-spisi-v-auguste-2024\/\" \/>\n<meta property=\"og:site_name\" content=\"OOCR\" \/>\n<meta property=\"article:published_time\" content=\"2024-06-28T15:07:05+00:00\" \/>\n<meta property=\"article:modified_time\" content=\"2024-11-05T15:37:07+00:00\" \/>\n<meta property=\"og:image\" content=\"https:\/\/vraji.sk\/wp-content\/uploads\/2024\/08\/Titulna-fotka-orez.jpg\" \/>\n\t<meta property=\"og:image:width\" content=\"1000\" \/>\n\t<meta property=\"og:image:height\" content=\"600\" \/>\n\t<meta property=\"og:image:type\" content=\"image\/jpeg\" \/>\n<meta name=\"author\" content=\"OOCR\" \/>\n<meta name=\"twitter:card\" content=\"summary_large_image\" \/>\n<meta name=\"twitter:label1\" content=\"Written by\" \/>\n\t<meta name=\"twitter:data1\" content=\"OOCR\" \/>\n\t<meta name=\"twitter:label2\" content=\"Est. reading time\" \/>\n\t<meta name=\"twitter:data2\" content=\"6 minutes\" \/>\n<script type=\"application\/ld+json\" class=\"yoast-schema-graph\">{\"@context\":\"https:\\\/\\\/schema.org\",\"@graph\":[{\"@type\":\"Article\",\"@id\":\"https:\\\/\\\/vraji.sk\\\/en\\\/naj-podujatia-v-raji-a-na-spisi-v-auguste-2024\\\/#article\",\"isPartOf\":{\"@id\":\"https:\\\/\\\/vraji.sk\\\/en\\\/naj-podujatia-v-raji-a-na-spisi-v-auguste-2024\\\/\"},\"author\":{\"name\":\"OOCR\",\"@id\":\"https:\\\/\\\/vraji.sk\\\/en\\\/#\\\/schema\\\/person\\\/6ba5da72601ea4018533f90f796d4530\"},\"headline\":\"NAJ Podujatia v Raji a na Spi\u0161i v auguste 2024\",\"datePublished\":\"2024-06-28T15:07:05+00:00\",\"dateModified\":\"2024-11-05T15:37:07+00:00\",\"mainEntityOfPage\":{\"@id\":\"https:\\\/\\\/vraji.sk\\\/en\\\/naj-podujatia-v-raji-a-na-spisi-v-auguste-2024\\\/\"},\"wordCount\":789,\"commentCount\":0,\"publisher\":{\"@id\":\"https:\\\/\\\/vraji.sk\\\/en\\\/#organization\"},\"image\":{\"@id\":\"https:\\\/\\\/vraji.sk\\\/en\\\/naj-podujatia-v-raji-a-na-spisi-v-auguste-2024\\\/#primaryimage\"},\"thumbnailUrl\":\"https:\\\/\\\/vraji.sk\\\/wp-content\\\/uploads\\\/2024\\\/08\\\/Titulna-fotka-orez.jpg\",\"keywords\":[\"podujatia\"],\"articleSection\":[\"Uncategorized @sk\"],\"inLanguage\":\"en-US\",\"potentialAction\":[{\"@type\":\"CommentAction\",\"name\":\"Comment\",\"target\":[\"https:\\\/\\\/vraji.sk\\\/en\\\/naj-podujatia-v-raji-a-na-spisi-v-auguste-2024\\\/#respond\"]}]},{\"@type\":\"WebPage\",\"@id\":\"https:\\\/\\\/vraji.sk\\\/en\\\/naj-podujatia-v-raji-a-na-spisi-v-auguste-2024\\\/\",\"url\":\"https:\\\/\\\/vraji.sk\\\/en\\\/naj-podujatia-v-raji-a-na-spisi-v-auguste-2024\\\/\",\"name\":\"NAJ Podujatia v Raji a na Spi\u0161i v auguste 2024 - OOCR\",\"isPartOf\":{\"@id\":\"https:\\\/\\\/vraji.sk\\\/en\\\/#website\"},\"primaryImageOfPage\":{\"@id\":\"https:\\\/\\\/vraji.sk\\\/en\\\/naj-podujatia-v-raji-a-na-spisi-v-auguste-2024\\\/#primaryimage\"},\"image\":{\"@id\":\"https:\\\/\\\/vraji.sk\\\/en\\\/naj-podujatia-v-raji-a-na-spisi-v-auguste-2024\\\/#primaryimage\"},\"thumbnailUrl\":\"https:\\\/\\\/vraji.sk\\\/wp-content\\\/uploads\\\/2024\\\/08\\\/Titulna-fotka-orez.jpg\",\"datePublished\":\"2024-06-28T15:07:05+00:00\",\"dateModified\":\"2024-11-05T15:37:07+00:00\",\"description\":\"Nav\u0161tivte tie NAJ podujatia v Slovenskom raji a na ju\u017enom Spi\u0161i v auguste 2024. Tipy na ne n\u00e1jdete v na\u0161om \u010dl\u00e1nku.\",\"breadcrumb\":{\"@id\":\"https:\\\/\\\/vraji.sk\\\/en\\\/naj-podujatia-v-raji-a-na-spisi-v-auguste-2024\\\/#breadcrumb\"},\"inLanguage\":\"en-US\",\"potentialAction\":[{\"@type\":\"ReadAction\",\"target\":[\"https:\\\/\\\/vraji.sk\\\/en\\\/naj-podujatia-v-raji-a-na-spisi-v-auguste-2024\\\/\"]}]},{\"@type\":\"ImageObject\",\"inLanguage\":\"en-US\",\"@id\":\"https:\\\/\\\/vraji.sk\\\/en\\\/naj-podujatia-v-raji-a-na-spisi-v-auguste-2024\\\/#primaryimage\",\"url\":\"https:\\\/\\\/vraji.sk\\\/wp-content\\\/uploads\\\/2024\\\/08\\\/Titulna-fotka-orez.jpg\",\"contentUrl\":\"https:\\\/\\\/vraji.sk\\\/wp-content\\\/uploads\\\/2024\\\/08\\\/Titulna-fotka-orez.jpg\",\"width\":1000,\"height\":600},{\"@type\":\"BreadcrumbList\",\"@id\":\"https:\\\/\\\/vraji.sk\\\/en\\\/naj-podujatia-v-raji-a-na-spisi-v-auguste-2024\\\/#breadcrumb\",\"itemListElement\":[{\"@type\":\"ListItem\",\"position\":1,\"name\":\"Home\",\"item\":\"https:\\\/\\\/vraji.sk\\\/en\\\/\"},{\"@type\":\"ListItem\",\"position\":2,\"name\":\"NAJ Podujatia v Raji a na Spi\u0161i v auguste 2024\"}]},{\"@type\":\"WebSite\",\"@id\":\"https:\\\/\\\/vraji.sk\\\/en\\\/#website\",\"url\":\"https:\\\/\\\/vraji.sk\\\/en\\\/\",\"name\":\"OOCR\",\"description\":\"Region Slovak paradise and Spi\u0161 | History, tourism, experiences | vRaji.sk\",\"publisher\":{\"@id\":\"https:\\\/\\\/vraji.sk\\\/en\\\/#organization\"},\"potentialAction\":[{\"@type\":\"SearchAction\",\"target\":{\"@type\":\"EntryPoint\",\"urlTemplate\":\"https:\\\/\\\/vraji.sk\\\/en\\\/?s={search_term_string}\"},\"query-input\":{\"@type\":\"PropertyValueSpecification\",\"valueRequired\":true,\"valueName\":\"search_term_string\"}}],\"inLanguage\":\"en-US\"},{\"@type\":\"Organization\",\"@id\":\"https:\\\/\\\/vraji.sk\\\/en\\\/#organization\",\"name\":\"OOCR\",\"url\":\"https:\\\/\\\/vraji.sk\\\/en\\\/\",\"logo\":{\"@type\":\"ImageObject\",\"inLanguage\":\"en-US\",\"@id\":\"https:\\\/\\\/vraji.sk\\\/en\\\/#\\\/schema\\\/logo\\\/image\\\/\",\"url\":\"https:\\\/\\\/vraji.sk\\\/wp-content\\\/uploads\\\/2021\\\/11\\\/biele-logo-1.svg\",\"contentUrl\":\"https:\\\/\\\/vraji.sk\\\/wp-content\\\/uploads\\\/2021\\\/11\\\/biele-logo-1.svg\",\"caption\":\"OOCR\"},\"image\":{\"@id\":\"https:\\\/\\\/vraji.sk\\\/en\\\/#\\\/schema\\\/logo\\\/image\\\/\"}},{\"@type\":\"Person\",\"@id\":\"https:\\\/\\\/vraji.sk\\\/en\\\/#\\\/schema\\\/person\\\/6ba5da72601ea4018533f90f796d4530\",\"name\":\"OOCR\",\"image\":{\"@type\":\"ImageObject\",\"inLanguage\":\"en-US\",\"@id\":\"https:\\\/\\\/secure.gravatar.com\\\/avatar\\\/254aa66d580269ab31c41bb5eb446b00d03ea31eab4a58840a0e31f2890e31c4?s=96&d=mm&r=g\",\"url\":\"https:\\\/\\\/secure.gravatar.com\\\/avatar\\\/254aa66d580269ab31c41bb5eb446b00d03ea31eab4a58840a0e31f2890e31c4?s=96&d=mm&r=g\",\"contentUrl\":\"https:\\\/\\\/secure.gravatar.com\\\/avatar\\\/254aa66d580269ab31c41bb5eb446b00d03ea31eab4a58840a0e31f2890e31c4?s=96&d=mm&r=g\",\"caption\":\"OOCR\"},\"url\":\"https:\\\/\\\/vraji.sk\\\/en\\\/author\\\/oocr-info\\\/\"}]}<\/script>\n<!-- \/ Yoast SEO plugin. -->","yoast_head_json":{"title":"NAJ Podujatia v Raji a na Spi\u0161i v auguste 2024 - OOCR","description":"Nav\u0161tivte tie NAJ podujatia v Slovenskom raji a na ju\u017enom Spi\u0161i v auguste 2024. Tipy na ne n\u00e1jdete v na\u0161om \u010dl\u00e1nku.","robots":{"index":"index","follow":"follow","max-snippet":"max-snippet:-1","max-image-preview":"max-image-preview:large","max-video-preview":"max-video-preview:-1"},"canonical":"https:\/\/vraji.sk\/en\/naj-podujatia-v-raji-a-na-spisi-v-auguste-2024\/","og_locale":"en_US","og_type":"article","og_title":"NAJ Podujatia v Raji a na Spi\u0161i v auguste 2024 - OOCR","og_description":"Nav\u0161tivte tie NAJ podujatia v Slovenskom raji a na ju\u017enom Spi\u0161i v auguste 2024. Tipy na ne n\u00e1jdete v na\u0161om \u010dl\u00e1nku.","og_url":"https:\/\/vraji.sk\/en\/naj-podujatia-v-raji-a-na-spisi-v-auguste-2024\/","og_site_name":"OOCR","article_published_time":"2024-06-28T15:07:05+00:00","article_modified_time":"2024-11-05T15:37:07+00:00","og_image":[{"width":1000,"height":600,"url":"https:\/\/vraji.sk\/wp-content\/uploads\/2024\/08\/Titulna-fotka-orez.jpg","type":"image\/jpeg"}],"author":"OOCR","twitter_card":"summary_large_image","twitter_misc":{"Written by":"OOCR","Est. reading time":"6 minutes"},"schema":{"@context":"https:\/\/schema.org","@graph":[{"@type":"Article","@id":"https:\/\/vraji.sk\/en\/naj-podujatia-v-raji-a-na-spisi-v-auguste-2024\/#article","isPartOf":{"@id":"https:\/\/vraji.sk\/en\/naj-podujatia-v-raji-a-na-spisi-v-auguste-2024\/"},"author":{"name":"OOCR","@id":"https:\/\/vraji.sk\/en\/#\/schema\/person\/6ba5da72601ea4018533f90f796d4530"},"headline":"NAJ Podujatia v Raji a na Spi\u0161i v auguste 2024","datePublished":"2024-06-28T15:07:05+00:00","dateModified":"2024-11-05T15:37:07+00:00","mainEntityOfPage":{"@id":"https:\/\/vraji.sk\/en\/naj-podujatia-v-raji-a-na-spisi-v-auguste-2024\/"},"wordCount":789,"commentCount":0,"publisher":{"@id":"https:\/\/vraji.sk\/en\/#organization"},"image":{"@id":"https:\/\/vraji.sk\/en\/naj-podujatia-v-raji-a-na-spisi-v-auguste-2024\/#primaryimage"},"thumbnailUrl":"https:\/\/vraji.sk\/wp-content\/uploads\/2024\/08\/Titulna-fotka-orez.jpg","keywords":["podujatia"],"articleSection":["Uncategorized @sk"],"inLanguage":"en-US","potentialAction":[{"@type":"CommentAction","name":"Comment","target":["https:\/\/vraji.sk\/en\/naj-podujatia-v-raji-a-na-spisi-v-auguste-2024\/#respond"]}]},{"@type":"WebPage","@id":"https:\/\/vraji.sk\/en\/naj-podujatia-v-raji-a-na-spisi-v-auguste-2024\/","url":"https:\/\/vraji.sk\/en\/naj-podujatia-v-raji-a-na-spisi-v-auguste-2024\/","name":"NAJ Podujatia v Raji a na Spi\u0161i v auguste 2024 - OOCR","isPartOf":{"@id":"https:\/\/vraji.sk\/en\/#website"},"primaryImageOfPage":{"@id":"https:\/\/vraji.sk\/en\/naj-podujatia-v-raji-a-na-spisi-v-auguste-2024\/#primaryimage"},"image":{"@id":"https:\/\/vraji.sk\/en\/naj-podujatia-v-raji-a-na-spisi-v-auguste-2024\/#primaryimage"},"thumbnailUrl":"https:\/\/vraji.sk\/wp-content\/uploads\/2024\/08\/Titulna-fotka-orez.jpg","datePublished":"2024-06-28T15:07:05+00:00","dateModified":"2024-11-05T15:37:07+00:00","description":"Nav\u0161tivte tie NAJ podujatia v Slovenskom raji a na ju\u017enom Spi\u0161i v auguste 2024. Tipy na ne n\u00e1jdete v na\u0161om \u010dl\u00e1nku.","breadcrumb":{"@id":"https:\/\/vraji.sk\/en\/naj-podujatia-v-raji-a-na-spisi-v-auguste-2024\/#breadcrumb"},"inLanguage":"en-US","potentialAction":[{"@type":"ReadAction","target":["https:\/\/vraji.sk\/en\/naj-podujatia-v-raji-a-na-spisi-v-auguste-2024\/"]}]},{"@type":"ImageObject","inLanguage":"en-US","@id":"https:\/\/vraji.sk\/en\/naj-podujatia-v-raji-a-na-spisi-v-auguste-2024\/#primaryimage","url":"https:\/\/vraji.sk\/wp-content\/uploads\/2024\/08\/Titulna-fotka-orez.jpg","contentUrl":"https:\/\/vraji.sk\/wp-content\/uploads\/2024\/08\/Titulna-fotka-orez.jpg","width":1000,"height":600},{"@type":"BreadcrumbList","@id":"https:\/\/vraji.sk\/en\/naj-podujatia-v-raji-a-na-spisi-v-auguste-2024\/#breadcrumb","itemListElement":[{"@type":"ListItem","position":1,"name":"Home","item":"https:\/\/vraji.sk\/en\/"},{"@type":"ListItem","position":2,"name":"NAJ Podujatia v Raji a na Spi\u0161i v auguste 2024"}]},{"@type":"WebSite","@id":"https:\/\/vraji.sk\/en\/#website","url":"https:\/\/vraji.sk\/en\/","name":"OOCR","description":"Region Slovak paradise and Spi\u0161 | History, tourism, experiences | vRaji.sk","publisher":{"@id":"https:\/\/vraji.sk\/en\/#organization"},"potentialAction":[{"@type":"SearchAction","target":{"@type":"EntryPoint","urlTemplate":"https:\/\/vraji.sk\/en\/?s={search_term_string}"},"query-input":{"@type":"PropertyValueSpecification","valueRequired":true,"valueName":"search_term_string"}}],"inLanguage":"en-US"},{"@type":"Organization","@id":"https:\/\/vraji.sk\/en\/#organization","name":"OOCR","url":"https:\/\/vraji.sk\/en\/","logo":{"@type":"ImageObject","inLanguage":"en-US","@id":"https:\/\/vraji.sk\/en\/#\/schema\/logo\/image\/","url":"https:\/\/vraji.sk\/wp-content\/uploads\/2021\/11\/biele-logo-1.svg","contentUrl":"https:\/\/vraji.sk\/wp-content\/uploads\/2021\/11\/biele-logo-1.svg","caption":"OOCR"},"image":{"@id":"https:\/\/vraji.sk\/en\/#\/schema\/logo\/image\/"}},{"@type":"Person","@id":"https:\/\/vraji.sk\/en\/#\/schema\/person\/6ba5da72601ea4018533f90f796d4530","name":"OOCR","image":{"@type":"ImageObject","inLanguage":"en-US","@id":"https:\/\/secure.gravatar.com\/avatar\/254aa66d580269ab31c41bb5eb446b00d03ea31eab4a58840a0e31f2890e31c4?s=96&d=mm&r=g","url":"https:\/\/secure.gravatar.com\/avatar\/254aa66d580269ab31c41bb5eb446b00d03ea31eab4a58840a0e31f2890e31c4?s=96&d=mm&r=g","contentUrl":"https:\/\/secure.gravatar.com\/avatar\/254aa66d580269ab31c41bb5eb446b00d03ea31eab4a58840a0e31f2890e31c4?s=96&d=mm&r=g","caption":"OOCR"},"url":"https:\/\/vraji.sk\/en\/author\/oocr-info\/"}]}},"_links":{"self":[{"href":"https:\/\/vraji.sk\/en\/wp-json\/wp\/v2\/posts\/16554","targetHints":{"allow":["GET"]}}],"collection":[{"href":"https:\/\/vraji.sk\/en\/wp-json\/wp\/v2\/posts"}],"about":[{"href":"https:\/\/vraji.sk\/en\/wp-json\/wp\/v2\/types\/post"}],"author":[{"embeddable":true,"href":"https:\/\/vraji.sk\/en\/wp-json\/wp\/v2\/users\/52"}],"replies":[{"embeddable":true,"href":"https:\/\/vraji.sk\/en\/wp-json\/wp\/v2\/comments?post=16554"}],"version-history":[{"count":1,"href":"https:\/\/vraji.sk\/en\/wp-json\/wp\/v2\/posts\/16554\/revisions"}],"predecessor-version":[{"id":16575,"href":"https:\/\/vraji.sk\/en\/wp-json\/wp\/v2\/posts\/16554\/revisions\/16575"}],"wp:featuredmedia":[{"embeddable":true,"href":"https:\/\/vraji.sk\/en\/wp-json\/wp\/v2\/media\/16580"}],"wp:attachment":[{"href":"https:\/\/vraji.sk\/en\/wp-json\/wp\/v2\/media?parent=16554"}],"wp:term":[{"taxonomy":"category","embeddable":true,"href":"https:\/\/vraji.sk\/en\/wp-json\/wp\/v2\/categories?post=16554"},{"taxonomy":"post_tag","embeddable":true,"href":"https:\/\/vraji.sk\/en\/wp-json\/wp\/v2\/tags?post=16554"}],"curies":[{"name":"wp","href":"https:\/\/api.w.org\/{rel}","templated":true}]}}