{"id":18764,"date":"2025-08-18T12:10:48","date_gmt":"2025-08-18T12:10:48","guid":{"rendered":"https:\/\/vraji.sk\/?p=18764"},"modified":"2025-09-09T08:14:25","modified_gmt":"2025-09-09T08:14:25","slug":"vrcharska-koruna-spis-2025","status":"publish","type":"post","link":"https:\/\/vraji.sk\/en\/vrcharska-koruna-spis-2025\/","title":{"rendered":"Vrch\u00e1rska koruna Spi\u0161 2025"},"content":{"rendered":"\n<div style=\"height:30px\" aria-hidden=\"true\" class=\"wp-block-spacer\"><\/div>\n\n\n\n<p><strong><em>Poz\u00fdvame v\u00e1s zapoji\u0165 sa do 6. ro\u010dn\u00edka Vrch\u00e1rskej koruny Spi\u0161, v ktorom v\u00e1s \u010dak\u00e1 18 nov\u00fdch cyklistick\u00fdch v\u00fdziev v Cykloregi\u00f3ne Spi\u0161 &#8211; ju\u017en\u00e1 \u010das\u0165. Zdolajte ich v\u0161etky okrem dobr\u00e9ho pocitu a mno\u017estva z\u00e1\u017eitkov z\u00edskate \u010destn\u00fd diplom pre \u00faspe\u0161n\u00fdch pokorite\u013eov a mal\u00fa vecn\u00fa cenu od OOCR Slovensk\u00fd raj &amp; Spi\u0161<\/em><\/strong>. <strong><em>Viac info v \u010dl\u00e1nku ni\u017e\u0161ie: <\/em><\/strong><\/p>\n\n\n<div class=\"wp-block-image\">\n<figure class=\"aligncenter size-large is-resized\"><img loading=\"lazy\" decoding=\"async\" width=\"1024\" height=\"768\" src=\"https:\/\/vraji.sk\/wp-content\/uploads\/2025\/04\/Peter-Sterbak-1024x768.jpg\" alt=\"\" class=\"wp-image-18760\" style=\"width:500px\" srcset=\"https:\/\/vraji.sk\/wp-content\/uploads\/2025\/04\/Peter-Sterbak-1024x768.jpg 1024w, https:\/\/vraji.sk\/wp-content\/uploads\/2025\/04\/Peter-Sterbak-300x225.jpg 300w, https:\/\/vraji.sk\/wp-content\/uploads\/2025\/04\/Peter-Sterbak-768x576.jpg 768w, https:\/\/vraji.sk\/wp-content\/uploads\/2025\/04\/Peter-Sterbak-1536x1152.jpg 1536w, https:\/\/vraji.sk\/wp-content\/uploads\/2025\/04\/Peter-Sterbak-2048x1536.jpg 2048w\" sizes=\"auto, (max-width: 1024px) 100vw, 1024px\" \/><\/figure>\n<\/div>\n\n\n<div style=\"height:30px\" aria-hidden=\"true\" class=\"wp-block-spacer\"><\/div>\n\n\n\n<p>Mil\u00ed priatelia horskej cyklistiky, m\u00e1me tu u\u017e <strong>6. ro\u010dn\u00edk<\/strong> ob\u013e\u00fabenej cykloturistickej v\u00fdzvy <strong>Vrch\u00e1rska koruna Spi\u0161<\/strong>, s ktorou sa prip\u00e1jame k takmer trom desiatkam regi\u00f3nov na Slovensku a v \u010cech\u00e1ch, v ktor\u00fdch tieto v\u00fdzvy prebiehaj\u00fa. V\u00fdzva tento rok pozost\u00e1va z&nbsp;<strong>18 ob\u013e\u00faben\u00fdch cyklistick\u00fdch lokal\u00edt a&nbsp;vrcholov<\/strong> zauj\u00edmav\u00fdch \u010di u\u017e v\u00fdh\u013eadmi, okolitou pr\u00edrodou, kult\u00farnymi pamiatkami alebo charakterom samotnej cesty k&nbsp;nim. Zdolajte ich v\u0161etky a&nbsp;ovl\u00e1dnite cel\u00fa Vrch\u00e1rsku korunu Spi\u0161.&nbsp;<\/p>\n\n\n\n<div class=\"wp-block-buttons is-content-justification-center is-layout-flex wp-container-core-buttons-is-layout-5e6b19ed wp-block-buttons-is-layout-flex\">\n<div class=\"wp-block-button\"><a class=\"wp-block-button__link wp-element-button\" href=\"https:\/\/vraji.sk\/ucastnici\/vrcharska_koruna_spis_2025\/\" target=\"_blank\" rel=\"noreferrer noopener\"><strong>Fotogal\u00e9rie \u00fa\u010dastn\u00edkov Vrch\u00e1rskej koruny Spi\u0161 2025 TU.<\/strong><\/a><\/div>\n<\/div>\n\n\n\n<div style=\"height:30px\" aria-hidden=\"true\" class=\"wp-block-spacer\"><\/div>\n\n\n\n<h2 class=\"wp-block-heading\">Pravidl\u00e1 v\u00fdzvy<\/h2>\n\n\n\n<p>V\u00fdzva je ur\u010den\u00e1 pre v\u0161etk\u00fdch milovn\u00edkov horskej cyklistiky bez rozdielu veku, pohlavia alebo v\u00fdkonnosti. Zapojenie sa do Vrch\u00e1rskej koruny Spi\u0161 2025 je pre v\u0161etk\u00fdch bezplatn\u00e9, to znamen\u00e1 \u017ee nemus\u00edte hradi\u0165 \u017eiadne \u0161tartovn\u00e9. Z\u00e1rove\u0148 nie je potrebn\u00e9 sa nikam vopred registrova\u0165. \u010cestn\u00fd titul pokorite\u013ea\/pokorite\u013eky Vrch\u00e1rskej koruny Spi\u0161 2025 z\u00edska ka\u017ed\u00fd, kto od 5. apr\u00edla do 30. novembra 2025 zdol\u00e1 na klasickom horskom bicykli (nie e-biku s elektrick\u00fdm pohonom) stanoven\u00fdch 18 cyklisticky atrakt\u00edvnych lokal\u00edt na Spi\u0161i. Ako d\u00f4kaz o ich zdolan\u00ed sl\u00fa\u017eia va\u0161e selfie fotografie z jednotliv\u00fdch miest, ktor\u00e9 n\u00e1m m\u00f4\u017eete zasla\u0165 na mailov\u00fa adresu Oblastnej organiz\u00e1cie cestovn\u00e9ho ruchu Slovensk\u00fd raj &amp; Spi\u0161,&nbsp;<strong>info@raj-spis.sk<\/strong>. Na ka\u017edej fotografii by malo by\u0165 vidno Va\u0161u tv\u00e1r, bicykel a orienta\u010dn\u00fd objekt v ter\u00e9ne, ktor\u00fd je tie\u017e ku ka\u017edej lokalite uveden\u00fd. Do v\u00fdzvy sa zap\u00e1ja ka\u017ed\u00fd cyklista\/cyklistka jednotlivo (nie skupinky).<\/p>\n\n\n\n<p>Ten, kto \u00faspe\u0161ne absolvuje v\u0161etk\u00fdch 18 lokal\u00edt a za\u0161le n\u00e1m z nich svoje fotografie vr\u00e1tane svojej po\u0161tovej adresy, od n\u00e1s po ukon\u010den\u00ed v\u00fdzvy z\u00edska diplom \u010destn\u00e9ho absolventa Vrch\u00e1rskej koruny Spi\u0161 2025 spolu s mal\u00fdm vecn\u00fdm dar\u010dekom. Viac inform\u00e1ci\u00ed o celom projekte vrch\u00e1rskych kor\u00fan sa m\u00f4\u017eete do\u010d\u00edta\u0165 na ofici\u00e1lnej webovej str\u00e1nke projektu,&nbsp;<strong><a href=\"http:\/\/www.vk-bike.eu\/\" target=\"_blank\" rel=\"noreferrer noopener\">www.vk-bike.eu<\/a><\/strong>.<\/p>\n\n\n\n<p>*Va\u0161e fotografie, ktor\u00e9 n\u00e1m v r\u00e1mci v\u00fdzvy Vrch\u00e1rska koruna Spi\u0161 2025 za\u0161lete, pod\u013ea pravidiel v\u00fdzvy zverejn\u00edme v pr\u00edslu\u0161nej fotogal\u00e9rii na na\u0161ej webovej str\u00e1nke&nbsp;<strong><a href=\"http:\/\/www.vraji.sk\/\" target=\"_blank\" rel=\"noreferrer noopener\">www.vraji.sk<\/a>.<\/strong> Svojim zapojen\u00edm sa do v\u00fdzvy vyjadrujete s\u00fahlas so zverejnen\u00edm fotografi\u00ed. Nebudeme ich vyu\u017e\u00edva\u0165 \u017eiadnym in\u00fdm sp\u00f4sobom a na \u017eiadne in\u00e9 \u00fa\u010dely, ani poskytova\u0165 tret\u00edm stran\u00e1m.<\/p>\n\n\n\n<div style=\"height:30px\" aria-hidden=\"true\" class=\"wp-block-spacer\"><\/div>\n\n\n\n<h2 class=\"wp-block-heading\">Detsk\u00e1 Vrch\u00e1rska koruna Spi\u0161<\/h2>\n\n\n\n<p>Pre deti do 15 rokov u\u017e po tret\u00ed kr\u00e1t sp\u00fa\u0161\u0165ame Detsk\u00fa vrch\u00e1rsku korunu Spi\u0161. \u00dalohou mal\u00fdch cyklistick\u00fdch nad\u0161encov je zdola\u0165 spolu s dospel\u00fdm doprovodom na bicykli \u013eubovo\u013en\u00fdch 7 lokal\u00edt v\u00fdzvy pod\u013ea vlastn\u00e9ho v\u00fdberu. Po zaslan\u00ed fotografi\u00ed z t\u00fdchto lokal\u00edt na na\u0161u mailov\u00fa adresu&nbsp;<strong>info@raj-spis.sk&nbsp;<\/strong>od n\u00e1s rovnako z\u00edskaj\u00fa \u010destn\u00fd diplom a vecn\u00fa odmenu.<\/p>\n\n\n\n<div style=\"height:30px\" aria-hidden=\"true\" class=\"wp-block-spacer\"><\/div>\n\n\n\n<h2 class=\"wp-block-heading\">S\u00fa\u0165a\u017e o najkraj\u0161iu fotografiu z Vrch\u00e1rskej koruny Spi\u0161<\/h2>\n\n\n\n<p>Popri \u00fa\u010dasti na Vrch\u00e1rskej korune Spi\u0161 2025 v\u00e1s poz\u00fdvame zapoji\u0165 sa aj do s\u00fa\u0165a\u017ee o najkraj\u0161iu fotografiu z va\u0161ich cyklistick\u00fdch potuliek (nie je podmienkou). Ak n\u00e1m popri svojich selfie fotografi\u00e1ch z 18 lokal\u00edt v\u00fdzvy za\u0161lete aj jednu va\u0161u \u201eTOP\u201c fotku z regi\u00f3nu, ktor\u00e1 by vystihovala motto:&nbsp;<strong><em>\u201eVitajte v Cykloregi\u00f3ne Spi\u0161 \u2013 ju\u017en\u00e1 \u010das\u0165!\u201c<\/em><\/strong>, budete zaraden\u00ed do zlosovania o \u010fal\u0161\u00ed atrakt\u00edvny bal\u00ed\u010dek dar\u010dekov\u00fdch predmetov od OOCR Slovensk\u00fd raj &amp; Spi\u0161.<\/p>\n\n\n\n<p><em>*Zapojen\u00edm sa do s\u00fa\u0165a\u017ee o najkraj\u0161iu fotografiu z Vrch\u00e1rskej koruny Spi\u0161 autor fotografie ude\u013euje OOCR Slovensk\u00fd raj &amp; Spi\u0161 pr\u00e1vo v bud\u00facnosti pou\u017e\u00edva\u0165 t\u00fato s\u00fa\u0165a\u017en\u00fa fotografiu pre marketingov\u00e9 \u00fa\u010dely a propag\u00e1ciu destin\u00e1cie.<\/em><\/p>\n\n\n\n<p><strong>Prajeme v\u00e1m ve\u013ea \u00faspe\u0161n\u00fdch kilometrov v sedle v\u00e1\u0161ho bicykla a mno\u017estvo kr\u00e1snych z\u00e1\u017eitkov na potulk\u00e1ch na\u0161im regi\u00f3nom!<\/strong><\/p>\n\n\n<div class=\"wp-block-image\">\n<figure class=\"aligncenter size-large is-resized\"><img loading=\"lazy\" decoding=\"async\" width=\"1024\" height=\"632\" src=\"https:\/\/vraji.sk\/wp-content\/uploads\/2025\/04\/TOP-foto-2-1024x632.jpg\" alt=\"\" class=\"wp-image-18762\" style=\"width:504px;height:auto\" srcset=\"https:\/\/vraji.sk\/wp-content\/uploads\/2025\/04\/TOP-foto-2-1024x632.jpg 1024w, https:\/\/vraji.sk\/wp-content\/uploads\/2025\/04\/TOP-foto-2-300x185.jpg 300w, https:\/\/vraji.sk\/wp-content\/uploads\/2025\/04\/TOP-foto-2-768x474.jpg 768w, https:\/\/vraji.sk\/wp-content\/uploads\/2025\/04\/TOP-foto-2-1536x948.jpg 1536w, https:\/\/vraji.sk\/wp-content\/uploads\/2025\/04\/TOP-foto-2-2048x1265.jpg 2048w\" sizes=\"auto, (max-width: 1024px) 100vw, 1024px\" \/><\/figure>\n<\/div>\n\n\n<div style=\"height:40px\" aria-hidden=\"true\" class=\"wp-block-spacer\"><\/div>\n\n\n\n<h1 class=\"wp-block-heading\">Zoznam lokal\u00edt Vrch\u00e1rskej koruny Spi\u0161 2025<\/h1>\n\n\n\n<div style=\"height:30px\" aria-hidden=\"true\" class=\"wp-block-spacer\"><\/div>\n\n\n\n<p>1. <strong>Rozh\u013ead\u0148a a \u00fatul\u0148a pod Such\u00fdm vrchom, <\/strong>nadmorsk\u00e1 v\u00fd\u0161ka 896 m.n.m., GPS: N 48.822093<br>E 20.424261, objekt pre dokumenta\u010dn\u00e9 foto: ve\u017ea rozh\u013eadne<\/p>\n\n\n\n<p>2. <strong>Kaplnka Panny M\u00e1rie Sne\u017enej v Uhornej, <\/strong>nadmorsk\u00e1 v\u00fd\u0161ka 906 m.n.m., GPS: N 48.713653<br>E 20.665401, objekt pre dokumenta\u010dn\u00e9 foto: prie\u010delie kaplnky<\/p>\n\n\n\n<p>3. <strong>Terezi\u00e1nska \u0161t\u00f4l\u0148a &#8211; vchod<\/strong>, nadmorsk\u00e1 v\u00fd\u0161ka 738 m.n.m., GPS: N 48.738878<br>E 20.706860, objekt pre dokumenta\u010dn\u00e9 foto: vchod do Terezi\u00e1nskej \u0161t\u00f4lne v katastri obce Smoln\u00edk<\/p>\n\n\n\n<p>4. <strong>Farsk\u00e1 skala &#8211; pr\u00edrodn\u00e1 pamiatka<\/strong>, nadmorsk\u00e1 v\u00fd\u0161ka 410 m.n.m., GPS: N 48.927457<br>E 20.698333, objekt pre dokumenta\u010dn\u00e9 foto: skaln\u00fd \u00fatvar Farsk\u00e1 skala v obci Chras\u0165 nad Horn\u00e1dom<\/p>\n\n\n\n<p>5. <strong>Dreven\u00e1 zvonica pred turistickou chatou Rita na po\u013eane \u010cuntava (Star\u00e1 \u010cuntava)<\/strong>, nadmorsk\u00e1 v\u00fd\u0161ka 1105 m.n.m., GPS: N 48.842872 E 20.254213, objekt pre dokumenta\u010dn\u00e9 foto: dreven\u00e1 zvonica pri tur. chate Rita<\/p>\n\n\n\n<p>6. <strong>Ka\u0161tie\u013e Spi\u0161sk\u00fd \u0160tiavnik<\/strong>, nadmorsk\u00e1 v\u00fd\u0161ka 562 m.n.m., GPS: N 48.98887\u00b0<br>E 20.38105\u00b0, objekt pre dokumenta\u010dn\u00e9 foto: ka\u0161tie\u013e<\/p>\n\n\n\n<p>7. <strong>Dravce &#8211; kamenn\u00fd gotick\u00fd most z 13. storo\u010dia (technick\u00e1 pamiatka, NKP)<\/strong>, nadmorsk\u00e1 v\u00fd\u0161ka 562 m.n.m., GPS: N 49.01998\u00b0 E 20.48456\u00b0, objekt pre dokumenta\u010dn\u00e9 foto: kamenn\u00fd most<\/p>\n\n\n\n<p>8. <strong>Brezov\u00e1<\/strong>, nadmorsk\u00e1 v\u00fd\u0161ka 948 m.n.m., GPS: N 49.05386\u00b0 E 20.53143\u00b0, objekt pre dokumenta\u010dn\u00e9 foto: turistick\u00fd r\u00e1zcestn\u00edk<\/p>\n\n\n\n<p>9. <strong>Mari\u00e1nska hora, bazilika minor<\/strong>, nadmorsk\u00e1 v\u00fd\u0161ka 760 m.n.m., GPS: N 49.04339\u00b0<br>E 20.5976\u00b0, objekt pre dokumenta\u010dn\u00e9 foto: bazilika na Mari\u00e1nskej hore<\/p>\n\n\n\n<p>10. <strong>Levo\u010da, \u017eidovsk\u00fd cintor\u00edn<\/strong>, nadmorsk\u00e1 v\u00fd\u0161ka 570 m.n.m., GPS: N 49.01932<br>E 20.603471, objekt pre dokumenta\u010dn\u00e9 foto: informa\u010dn\u00e1 tabu\u013ea pri vstupe na cintor\u00edn<\/p>\n\n\n\n<p>11. <strong>Blajzloch<\/strong>, nadmorsk\u00e1 v\u00fd\u0161ka 655 m.n.m., GPS: N 48.92564\u00b0<br>E 20.32453\u00b0, objekt pre dokumenta\u010dn\u00e9 foto: vodn\u00e1 n\u00e1dr\u017e Blajzloch<\/p>\n\n\n\n<p>12. <strong>Bindt, bansk\u00e1 zvoni\u010dka<\/strong>, nadmorsk\u00e1 v\u00fd\u0161ka 620 m.n.m., GPS: N 48.87033\u00b0<br>E 20.57816\u00b0, objekt pre dokumenta\u010dn\u00e9 foto: bansk\u00e1 zvoni\u010dka (200 m od cyklor\u00e1zcestn\u00edka Bindt)<\/p>\n\n\n\n<p>13. <strong>Roztoky, p\u00f4vodn\u00e9 ban\u00edcke bytov\u00e9 domy<\/strong>, nadmorsk\u00e1 v\u00fd\u0161ka 750 m.n.m., GPS: N 48.86088\u00b0<br>E 20.55074\u00b0, objekt pre dokumenta\u010dn\u00e9 foto: r\u00e1zcestn\u00edk Hnil\u010d\u00edk &#8211; Roztoky<\/p>\n\n\n\n<p>14. <strong>Mal\u00e9 Zajfy<\/strong>, nadmorsk\u00e1 v\u00fd\u0161ka 893 m.n.m., GPS: N 48.88789\u00b0<br>E 20.38277\u00b0, objekt pre dokumenta\u010dn\u00e9 foto: turistick\u00fd r\u00e1zcestn\u00edk Mal\u00e9 Zajfy<\/p>\n\n\n\n<p>15. <strong>Marku\u0161ovce, hrad<\/strong>, nadmorsk\u00e1 v\u00fd\u0161ka 440 m.n.m., GPS: N 48.91604\u00b0<br>E 20.62013\u00b0, objekt pre dokumenta\u010dn\u00e9 foto: zr\u00facanina Hradu Marku\u0161ovce<\/p>\n\n\n\n<p>16. <strong>Partiz\u00e1nsky bunker, n\u00e1u\u010dn\u00e1 lokalita<\/strong>, nadmorsk\u00e1 v\u00fd\u0161ka 818 m.n.m., GPS: N 48.915230\u00b0<br>E 20.266797\u00b0, objekt pre dokumenta\u010dn\u00e9 foto: bunker s info tabu\u013eou ne\u010faleko obce Vern\u00e1r<\/p>\n\n\n\n<p>17. <strong>Chot\u00e1rna dolka, r\u00e1zcestie TZT a CZT<\/strong>, nadmorsk\u00e1 v\u00fd\u0161ka 888 m.n.m., GPS: N 48.879650\u00b0<br>E 20.425283\u00b0, objekt pre dokumenta\u010dn\u00e9 foto: turistick\u00fd r\u00e1zcestn\u00edk<\/p>\n\n\n\n<p>18. <strong>Biela skala, vyhliadkov\u00fd bod<\/strong>, nadmorsk\u00e1 v\u00fd\u0161ka 926 m.n.m., GPS: N 48.896467\u00b0<br>E 20.836384\u00b0, objekt pre dokumenta\u010dn\u00e9 foto: turistick\u00fd r\u00e1zcestn\u00edk<\/p>\n\n\n\n<div style=\"height:30px\" aria-hidden=\"true\" class=\"wp-block-spacer\"><\/div>\n\n\n\n<h2 class=\"wp-block-heading\"><a href=\"https:\/\/vraji.sk\/wp-content\/uploads\/2025\/04\/Vrcharska-koruna-Spis-2025.xlsx\" target=\"_blank\" rel=\"noreferrer noopener\">Kompletn\u00e1 tabu\u013eka vrcholov Vrch\u00e1rskej koruny Spi\u0161 2025 na stiahnutie TU<\/a>.<\/h2>\n\n\n\n<p><\/p>\n","protected":false},"excerpt":{"rendered":"<p>Poz\u00fdvame v\u00e1s zapoji\u0165 sa do 6. ro\u010dn\u00edka Vrch\u00e1rskej koruny Spi\u0161, v ktorom v\u00e1s \u010dak\u00e1 18 nov\u00fdch<\/p>\n","protected":false},"author":52,"featured_media":18758,"comment_status":"closed","ping_status":"open","sticky":false,"template":"","format":"standard","meta":{"_acf_changed":false,"footnotes":""},"categories":[1],"tags":[],"class_list":["post-18764","post","type-post","status-publish","format-standard","has-post-thumbnail","hentry","category-uncategorized-sk"],"acf":[],"yoast_head":"<!-- This site is optimized with the Yoast SEO plugin v27.4 - https:\/\/yoast.com\/product\/yoast-seo-wordpress\/ -->\n<title>Vrch\u00e1rska koruna Spi\u0161 2025 - OOCR<\/title>\n<meta name=\"description\" content=\"Zapojte sa do 6. ro\u010dn\u00edka cyklistickej v\u00fdzvy Vrch\u00e1rska koruna Spi\u0161 a spoznajte na dvoch koles\u00e1ch najkraj\u0161ie miesta regi\u00f3n Spi\u0161. Viac v \u010dl\u00e1nku.\" \/>\n<meta name=\"robots\" content=\"index, follow, max-snippet:-1, max-image-preview:large, max-video-preview:-1\" \/>\n<link rel=\"canonical\" href=\"https:\/\/vraji.sk\/en\/vrcharska-koruna-spis-2025\/\" \/>\n<meta property=\"og:locale\" content=\"en_US\" \/>\n<meta property=\"og:type\" content=\"article\" \/>\n<meta property=\"og:title\" content=\"Vrch\u00e1rska koruna Spi\u0161 2025 - OOCR\" \/>\n<meta property=\"og:description\" content=\"Zapojte sa do 6. ro\u010dn\u00edka cyklistickej v\u00fdzvy Vrch\u00e1rska koruna Spi\u0161 a spoznajte na dvoch koles\u00e1ch najkraj\u0161ie miesta regi\u00f3n Spi\u0161. Viac v \u010dl\u00e1nku.\" \/>\n<meta property=\"og:url\" content=\"https:\/\/vraji.sk\/en\/vrcharska-koruna-spis-2025\/\" \/>\n<meta property=\"og:site_name\" content=\"OOCR\" \/>\n<meta property=\"article:published_time\" content=\"2025-08-18T12:10:48+00:00\" \/>\n<meta property=\"article:modified_time\" content=\"2025-09-09T08:14:25+00:00\" \/>\n<meta property=\"og:image\" content=\"https:\/\/vraji.sk\/wp-content\/uploads\/2025\/04\/Daniel-Zavacky-scaled.jpg\" \/>\n\t<meta property=\"og:image:width\" content=\"2560\" \/>\n\t<meta property=\"og:image:height\" content=\"1441\" \/>\n\t<meta property=\"og:image:type\" content=\"image\/jpeg\" \/>\n<meta name=\"author\" content=\"OOCR\" \/>\n<meta name=\"twitter:card\" content=\"summary_large_image\" \/>\n<meta name=\"twitter:label1\" content=\"Written by\" \/>\n\t<meta name=\"twitter:data1\" content=\"OOCR\" \/>\n\t<meta name=\"twitter:label2\" content=\"Est. reading time\" \/>\n\t<meta name=\"twitter:data2\" content=\"6 minutes\" \/>\n<script type=\"application\/ld+json\" class=\"yoast-schema-graph\">{\"@context\":\"https:\\\/\\\/schema.org\",\"@graph\":[{\"@type\":\"Article\",\"@id\":\"https:\\\/\\\/vraji.sk\\\/en\\\/vrcharska-koruna-spis-2025\\\/#article\",\"isPartOf\":{\"@id\":\"https:\\\/\\\/vraji.sk\\\/en\\\/vrcharska-koruna-spis-2025\\\/\"},\"author\":{\"name\":\"OOCR\",\"@id\":\"https:\\\/\\\/vraji.sk\\\/en\\\/#\\\/schema\\\/person\\\/6ba5da72601ea4018533f90f796d4530\"},\"headline\":\"Vrch\u00e1rska koruna Spi\u0161 2025\",\"datePublished\":\"2025-08-18T12:10:48+00:00\",\"dateModified\":\"2025-09-09T08:14:25+00:00\",\"mainEntityOfPage\":{\"@id\":\"https:\\\/\\\/vraji.sk\\\/en\\\/vrcharska-koruna-spis-2025\\\/\"},\"wordCount\":1241,\"publisher\":{\"@id\":\"https:\\\/\\\/vraji.sk\\\/en\\\/#organization\"},\"image\":{\"@id\":\"https:\\\/\\\/vraji.sk\\\/en\\\/vrcharska-koruna-spis-2025\\\/#primaryimage\"},\"thumbnailUrl\":\"https:\\\/\\\/vraji.sk\\\/wp-content\\\/uploads\\\/2025\\\/04\\\/Daniel-Zavacky-scaled.jpg\",\"articleSection\":[\"Uncategorized @sk\"],\"inLanguage\":\"en-US\"},{\"@type\":\"WebPage\",\"@id\":\"https:\\\/\\\/vraji.sk\\\/en\\\/vrcharska-koruna-spis-2025\\\/\",\"url\":\"https:\\\/\\\/vraji.sk\\\/en\\\/vrcharska-koruna-spis-2025\\\/\",\"name\":\"Vrch\u00e1rska koruna Spi\u0161 2025 - OOCR\",\"isPartOf\":{\"@id\":\"https:\\\/\\\/vraji.sk\\\/en\\\/#website\"},\"primaryImageOfPage\":{\"@id\":\"https:\\\/\\\/vraji.sk\\\/en\\\/vrcharska-koruna-spis-2025\\\/#primaryimage\"},\"image\":{\"@id\":\"https:\\\/\\\/vraji.sk\\\/en\\\/vrcharska-koruna-spis-2025\\\/#primaryimage\"},\"thumbnailUrl\":\"https:\\\/\\\/vraji.sk\\\/wp-content\\\/uploads\\\/2025\\\/04\\\/Daniel-Zavacky-scaled.jpg\",\"datePublished\":\"2025-08-18T12:10:48+00:00\",\"dateModified\":\"2025-09-09T08:14:25+00:00\",\"description\":\"Zapojte sa do 6. ro\u010dn\u00edka cyklistickej v\u00fdzvy Vrch\u00e1rska koruna Spi\u0161 a spoznajte na dvoch koles\u00e1ch najkraj\u0161ie miesta regi\u00f3n Spi\u0161. Viac v \u010dl\u00e1nku.\",\"breadcrumb\":{\"@id\":\"https:\\\/\\\/vraji.sk\\\/en\\\/vrcharska-koruna-spis-2025\\\/#breadcrumb\"},\"inLanguage\":\"en-US\",\"potentialAction\":[{\"@type\":\"ReadAction\",\"target\":[\"https:\\\/\\\/vraji.sk\\\/en\\\/vrcharska-koruna-spis-2025\\\/\"]}]},{\"@type\":\"ImageObject\",\"inLanguage\":\"en-US\",\"@id\":\"https:\\\/\\\/vraji.sk\\\/en\\\/vrcharska-koruna-spis-2025\\\/#primaryimage\",\"url\":\"https:\\\/\\\/vraji.sk\\\/wp-content\\\/uploads\\\/2025\\\/04\\\/Daniel-Zavacky-scaled.jpg\",\"contentUrl\":\"https:\\\/\\\/vraji.sk\\\/wp-content\\\/uploads\\\/2025\\\/04\\\/Daniel-Zavacky-scaled.jpg\",\"width\":2560,\"height\":1441},{\"@type\":\"BreadcrumbList\",\"@id\":\"https:\\\/\\\/vraji.sk\\\/en\\\/vrcharska-koruna-spis-2025\\\/#breadcrumb\",\"itemListElement\":[{\"@type\":\"ListItem\",\"position\":1,\"name\":\"Home\",\"item\":\"https:\\\/\\\/vraji.sk\\\/en\\\/\"},{\"@type\":\"ListItem\",\"position\":2,\"name\":\"Vrch\u00e1rska koruna Spi\u0161 2025\"}]},{\"@type\":\"WebSite\",\"@id\":\"https:\\\/\\\/vraji.sk\\\/en\\\/#website\",\"url\":\"https:\\\/\\\/vraji.sk\\\/en\\\/\",\"name\":\"OOCR\",\"description\":\"Region Slovak paradise and Spi\u0161 | History, tourism, experiences | vRaji.sk\",\"publisher\":{\"@id\":\"https:\\\/\\\/vraji.sk\\\/en\\\/#organization\"},\"potentialAction\":[{\"@type\":\"SearchAction\",\"target\":{\"@type\":\"EntryPoint\",\"urlTemplate\":\"https:\\\/\\\/vraji.sk\\\/en\\\/?s={search_term_string}\"},\"query-input\":{\"@type\":\"PropertyValueSpecification\",\"valueRequired\":true,\"valueName\":\"search_term_string\"}}],\"inLanguage\":\"en-US\"},{\"@type\":\"Organization\",\"@id\":\"https:\\\/\\\/vraji.sk\\\/en\\\/#organization\",\"name\":\"OOCR\",\"url\":\"https:\\\/\\\/vraji.sk\\\/en\\\/\",\"logo\":{\"@type\":\"ImageObject\",\"inLanguage\":\"en-US\",\"@id\":\"https:\\\/\\\/vraji.sk\\\/en\\\/#\\\/schema\\\/logo\\\/image\\\/\",\"url\":\"https:\\\/\\\/vraji.sk\\\/wp-content\\\/uploads\\\/2021\\\/11\\\/biele-logo-1.svg\",\"contentUrl\":\"https:\\\/\\\/vraji.sk\\\/wp-content\\\/uploads\\\/2021\\\/11\\\/biele-logo-1.svg\",\"caption\":\"OOCR\"},\"image\":{\"@id\":\"https:\\\/\\\/vraji.sk\\\/en\\\/#\\\/schema\\\/logo\\\/image\\\/\"}},{\"@type\":\"Person\",\"@id\":\"https:\\\/\\\/vraji.sk\\\/en\\\/#\\\/schema\\\/person\\\/6ba5da72601ea4018533f90f796d4530\",\"name\":\"OOCR\",\"image\":{\"@type\":\"ImageObject\",\"inLanguage\":\"en-US\",\"@id\":\"https:\\\/\\\/secure.gravatar.com\\\/avatar\\\/254aa66d580269ab31c41bb5eb446b00d03ea31eab4a58840a0e31f2890e31c4?s=96&d=mm&r=g\",\"url\":\"https:\\\/\\\/secure.gravatar.com\\\/avatar\\\/254aa66d580269ab31c41bb5eb446b00d03ea31eab4a58840a0e31f2890e31c4?s=96&d=mm&r=g\",\"contentUrl\":\"https:\\\/\\\/secure.gravatar.com\\\/avatar\\\/254aa66d580269ab31c41bb5eb446b00d03ea31eab4a58840a0e31f2890e31c4?s=96&d=mm&r=g\",\"caption\":\"OOCR\"},\"url\":\"https:\\\/\\\/vraji.sk\\\/en\\\/author\\\/oocr-info\\\/\"}]}<\/script>\n<!-- \/ Yoast SEO plugin. -->","yoast_head_json":{"title":"Vrch\u00e1rska koruna Spi\u0161 2025 - OOCR","description":"Zapojte sa do 6. ro\u010dn\u00edka cyklistickej v\u00fdzvy Vrch\u00e1rska koruna Spi\u0161 a spoznajte na dvoch koles\u00e1ch najkraj\u0161ie miesta regi\u00f3n Spi\u0161. Viac v \u010dl\u00e1nku.","robots":{"index":"index","follow":"follow","max-snippet":"max-snippet:-1","max-image-preview":"max-image-preview:large","max-video-preview":"max-video-preview:-1"},"canonical":"https:\/\/vraji.sk\/en\/vrcharska-koruna-spis-2025\/","og_locale":"en_US","og_type":"article","og_title":"Vrch\u00e1rska koruna Spi\u0161 2025 - OOCR","og_description":"Zapojte sa do 6. ro\u010dn\u00edka cyklistickej v\u00fdzvy Vrch\u00e1rska koruna Spi\u0161 a spoznajte na dvoch koles\u00e1ch najkraj\u0161ie miesta regi\u00f3n Spi\u0161. Viac v \u010dl\u00e1nku.","og_url":"https:\/\/vraji.sk\/en\/vrcharska-koruna-spis-2025\/","og_site_name":"OOCR","article_published_time":"2025-08-18T12:10:48+00:00","article_modified_time":"2025-09-09T08:14:25+00:00","og_image":[{"width":2560,"height":1441,"url":"https:\/\/vraji.sk\/wp-content\/uploads\/2025\/04\/Daniel-Zavacky-scaled.jpg","type":"image\/jpeg"}],"author":"OOCR","twitter_card":"summary_large_image","twitter_misc":{"Written by":"OOCR","Est. reading time":"6 minutes"},"schema":{"@context":"https:\/\/schema.org","@graph":[{"@type":"Article","@id":"https:\/\/vraji.sk\/en\/vrcharska-koruna-spis-2025\/#article","isPartOf":{"@id":"https:\/\/vraji.sk\/en\/vrcharska-koruna-spis-2025\/"},"author":{"name":"OOCR","@id":"https:\/\/vraji.sk\/en\/#\/schema\/person\/6ba5da72601ea4018533f90f796d4530"},"headline":"Vrch\u00e1rska koruna Spi\u0161 2025","datePublished":"2025-08-18T12:10:48+00:00","dateModified":"2025-09-09T08:14:25+00:00","mainEntityOfPage":{"@id":"https:\/\/vraji.sk\/en\/vrcharska-koruna-spis-2025\/"},"wordCount":1241,"publisher":{"@id":"https:\/\/vraji.sk\/en\/#organization"},"image":{"@id":"https:\/\/vraji.sk\/en\/vrcharska-koruna-spis-2025\/#primaryimage"},"thumbnailUrl":"https:\/\/vraji.sk\/wp-content\/uploads\/2025\/04\/Daniel-Zavacky-scaled.jpg","articleSection":["Uncategorized @sk"],"inLanguage":"en-US"},{"@type":"WebPage","@id":"https:\/\/vraji.sk\/en\/vrcharska-koruna-spis-2025\/","url":"https:\/\/vraji.sk\/en\/vrcharska-koruna-spis-2025\/","name":"Vrch\u00e1rska koruna Spi\u0161 2025 - OOCR","isPartOf":{"@id":"https:\/\/vraji.sk\/en\/#website"},"primaryImageOfPage":{"@id":"https:\/\/vraji.sk\/en\/vrcharska-koruna-spis-2025\/#primaryimage"},"image":{"@id":"https:\/\/vraji.sk\/en\/vrcharska-koruna-spis-2025\/#primaryimage"},"thumbnailUrl":"https:\/\/vraji.sk\/wp-content\/uploads\/2025\/04\/Daniel-Zavacky-scaled.jpg","datePublished":"2025-08-18T12:10:48+00:00","dateModified":"2025-09-09T08:14:25+00:00","description":"Zapojte sa do 6. ro\u010dn\u00edka cyklistickej v\u00fdzvy Vrch\u00e1rska koruna Spi\u0161 a spoznajte na dvoch koles\u00e1ch najkraj\u0161ie miesta regi\u00f3n Spi\u0161. Viac v \u010dl\u00e1nku.","breadcrumb":{"@id":"https:\/\/vraji.sk\/en\/vrcharska-koruna-spis-2025\/#breadcrumb"},"inLanguage":"en-US","potentialAction":[{"@type":"ReadAction","target":["https:\/\/vraji.sk\/en\/vrcharska-koruna-spis-2025\/"]}]},{"@type":"ImageObject","inLanguage":"en-US","@id":"https:\/\/vraji.sk\/en\/vrcharska-koruna-spis-2025\/#primaryimage","url":"https:\/\/vraji.sk\/wp-content\/uploads\/2025\/04\/Daniel-Zavacky-scaled.jpg","contentUrl":"https:\/\/vraji.sk\/wp-content\/uploads\/2025\/04\/Daniel-Zavacky-scaled.jpg","width":2560,"height":1441},{"@type":"BreadcrumbList","@id":"https:\/\/vraji.sk\/en\/vrcharska-koruna-spis-2025\/#breadcrumb","itemListElement":[{"@type":"ListItem","position":1,"name":"Home","item":"https:\/\/vraji.sk\/en\/"},{"@type":"ListItem","position":2,"name":"Vrch\u00e1rska koruna Spi\u0161 2025"}]},{"@type":"WebSite","@id":"https:\/\/vraji.sk\/en\/#website","url":"https:\/\/vraji.sk\/en\/","name":"OOCR","description":"Region Slovak paradise and Spi\u0161 | History, tourism, experiences | vRaji.sk","publisher":{"@id":"https:\/\/vraji.sk\/en\/#organization"},"potentialAction":[{"@type":"SearchAction","target":{"@type":"EntryPoint","urlTemplate":"https:\/\/vraji.sk\/en\/?s={search_term_string}"},"query-input":{"@type":"PropertyValueSpecification","valueRequired":true,"valueName":"search_term_string"}}],"inLanguage":"en-US"},{"@type":"Organization","@id":"https:\/\/vraji.sk\/en\/#organization","name":"OOCR","url":"https:\/\/vraji.sk\/en\/","logo":{"@type":"ImageObject","inLanguage":"en-US","@id":"https:\/\/vraji.sk\/en\/#\/schema\/logo\/image\/","url":"https:\/\/vraji.sk\/wp-content\/uploads\/2021\/11\/biele-logo-1.svg","contentUrl":"https:\/\/vraji.sk\/wp-content\/uploads\/2021\/11\/biele-logo-1.svg","caption":"OOCR"},"image":{"@id":"https:\/\/vraji.sk\/en\/#\/schema\/logo\/image\/"}},{"@type":"Person","@id":"https:\/\/vraji.sk\/en\/#\/schema\/person\/6ba5da72601ea4018533f90f796d4530","name":"OOCR","image":{"@type":"ImageObject","inLanguage":"en-US","@id":"https:\/\/secure.gravatar.com\/avatar\/254aa66d580269ab31c41bb5eb446b00d03ea31eab4a58840a0e31f2890e31c4?s=96&d=mm&r=g","url":"https:\/\/secure.gravatar.com\/avatar\/254aa66d580269ab31c41bb5eb446b00d03ea31eab4a58840a0e31f2890e31c4?s=96&d=mm&r=g","contentUrl":"https:\/\/secure.gravatar.com\/avatar\/254aa66d580269ab31c41bb5eb446b00d03ea31eab4a58840a0e31f2890e31c4?s=96&d=mm&r=g","caption":"OOCR"},"url":"https:\/\/vraji.sk\/en\/author\/oocr-info\/"}]}},"_links":{"self":[{"href":"https:\/\/vraji.sk\/en\/wp-json\/wp\/v2\/posts\/18764","targetHints":{"allow":["GET"]}}],"collection":[{"href":"https:\/\/vraji.sk\/en\/wp-json\/wp\/v2\/posts"}],"about":[{"href":"https:\/\/vraji.sk\/en\/wp-json\/wp\/v2\/types\/post"}],"author":[{"embeddable":true,"href":"https:\/\/vraji.sk\/en\/wp-json\/wp\/v2\/users\/52"}],"replies":[{"embeddable":true,"href":"https:\/\/vraji.sk\/en\/wp-json\/wp\/v2\/comments?post=18764"}],"version-history":[{"count":4,"href":"https:\/\/vraji.sk\/en\/wp-json\/wp\/v2\/posts\/18764\/revisions"}],"predecessor-version":[{"id":19357,"href":"https:\/\/vraji.sk\/en\/wp-json\/wp\/v2\/posts\/18764\/revisions\/19357"}],"wp:featuredmedia":[{"embeddable":true,"href":"https:\/\/vraji.sk\/en\/wp-json\/wp\/v2\/media\/18758"}],"wp:attachment":[{"href":"https:\/\/vraji.sk\/en\/wp-json\/wp\/v2\/media?parent=18764"}],"wp:term":[{"taxonomy":"category","embeddable":true,"href":"https:\/\/vraji.sk\/en\/wp-json\/wp\/v2\/categories?post=18764"},{"taxonomy":"post_tag","embeddable":true,"href":"https:\/\/vraji.sk\/en\/wp-json\/wp\/v2\/tags?post=18764"}],"curies":[{"name":"wp","href":"https:\/\/api.w.org\/{rel}","templated":true}]}}