{"id":18869,"date":"2025-08-16T11:06:52","date_gmt":"2025-08-16T11:06:52","guid":{"rendered":"https:\/\/vraji.sk\/?p=18869"},"modified":"2025-09-09T08:15:55","modified_gmt":"2025-09-09T08:15:55","slug":"letne-dobrodruzstva-pre-malych-turistov-so-stastikom-a-stastenkou-2025","status":"publish","type":"post","link":"https:\/\/vraji.sk\/en\/letne-dobrodruzstva-pre-malych-turistov-so-stastikom-a-stastenkou-2025\/","title":{"rendered":"Nov\u00e9 dobrodru\u017estv\u00e1 pre mal\u00fdch turistov so \u0160\u0165ast\u00edkom a \u0160\u0165astenkou 2025"},"content":{"rendered":"\n<div style=\"height:40px\" aria-hidden=\"true\" class=\"wp-block-spacer\"><\/div>\n\n\n\n<p><strong>Mil\u00ed kamar\u00e1ti!<\/strong><br>Sme ve\u013emi radi, \u017ee ste zav\u00edtali k n\u00e1m, do regi\u00f3nu Slovensk\u00e9ho raja a Spi\u0161a. Te\u0161ia sa<br>aj \u0160\u0165ast\u00edk so \u0160\u0165astenkou. Mnoh\u00ed z v\u00e1s ich u\u017e pozn\u00e1te: \u0160kriatok \u0160\u0165ast\u00edk a v\u00edla \u0160\u0165astenka<br>s\u00fa nerozlu\u010dn\u00e1 dvojica, k\u00fazeln\u00e9 bytosti \u017eij\u00face v skryt\u00fdch z\u00e1kutiach Slovensk\u00e9ho raja,<br>ktor\u00e9 str\u00e1\u017eia poklady, dozeraj\u00fa na bezpe\u010die turistov a prin\u00e1\u0161aj\u00fa im \u0161\u0165astie. Ve\u013emi radi<br>sa hraj\u00fa a zab\u00e1vaj\u00fa, no e\u0161te rad\u0161ej objavuj\u00fa nov\u00e9 z\u00e1hady a zauj\u00edmavosti. Aby ste spoznali nev\u0161edn\u00e9 miesta n\u00e1\u0161ho regi\u00f3nu, pripravili sme pre v\u00e1s z\u00e1bavn\u00fa v\u00fdzvu. Va\u0161ou \u00falohou je nav\u0161t\u00edvi\u0165 14 zauj\u00edmav\u00fdch miest vyzna\u010den\u00fdch na mape, odfoti\u0165 sa pri nich a spr\u00e1vne odpoveda\u0165 na ot\u00e1zky \u0160\u0165ast\u00edka a \u0160\u0165astenky. Okrem dobrodru\u017estiev, ktor\u00e9 v\u00e1s \u010dakaj\u00fa na v\u00fdletoch po okol\u00ed, dostane od n\u00e1s ka\u017ed\u00fd mal\u00fd b\u00e1date\u013e drobn\u00fa odmenu za zvl\u00e1dnutie v\u00fdzvy.<\/p>\n\n\n\n<h2 class=\"wp-block-heading\">Pravidl\u00e1 s\u00fa\u0165a\u017ee<\/h2>\n\n\n\n<p>Va\u0161ou \u00falohou je nav\u0161t\u00edvi\u0165 \/ absolvova\u0165 vybran\u00e9 zauj\u00edmavosti Slovensk\u00e9ho raja a Ju\u017en\u00e9ho Spi\u0161a, pop\u00edsan\u00e9 ni\u017e\u0161ie na tejto str\u00e1nke alebo na mapke, ktor\u00fa dr\u017e\u00edte v ruke.<\/p>\n\n\n\n<p>Vyzdvihn\u00fa\u0165 mapku si ju m\u00f4\u017eete aj v\u00a0<a href=\"https:\/\/navstevnik.spisskanovaves.eu\/prakticke-info\/turisticke-informacne-centrum\/\"><strong>TIC Spi\u0161sk\u00e1 Nov\u00e1 Ves<\/strong><\/a>\u00a0alebo si ju <a href=\"https:\/\/vraji.sk\/wp-content\/uploads\/2025\/05\/SS-mapa_2025_A4_bez-orezov.pdf\"><strong>vytla\u010di\u0165 na A4 form\u00e1t<\/strong>\u00a0<strong>TU<\/strong><\/a>.<\/p>\n\n\n\n<p>Ako d\u00f4kaz o zdolan\u00ed jednotliv\u00fdch lokal\u00edt sl\u00fa\u017eia va\u0161e<strong> fotografie z ur\u010den\u00fdch miest<\/strong>. Na ka\u017edej fotografii by malo by\u0165 vidno va\u0161u tv\u00e1r a orienta\u010dn\u00fd objekt v ter\u00e9ne, ktor\u00fd je tie\u017e ku ka\u017edej lokalite uveden\u00fd. Do v\u00fdzvy sa m\u00f4\u017ee zapoji\u0165 ka\u017ed\u00e9 die\u0165a z rodiny jednotlivo. Ku ka\u017edej z lokal\u00edt sa via\u017ee jedna<strong> s\u00fa\u0165a\u017en\u00e1 ot\u00e1zka<\/strong>. Ot\u00e1zky nie s\u00fa zlo\u017eit\u00e9, ak dan\u00e9 miesta nav\u0161t\u00edvite, ur\u010dite na nich n\u00e1jdete odpove\u010f. <\/p>\n\n\n\n<p>T\u00ed z V\u00e1s, ktor\u00ed nav\u0161t\u00edvia aspo\u0148<strong>&nbsp;desa\u0165&nbsp;zo \u0161trn\u00e1stich vybran\u00fdch zauj\u00edmavost\u00ed <\/strong>a n\u00e1jdu spr\u00e1vne odpovede na s\u00fa\u0165a\u017en\u00e9 ot\u00e1zky, ich m\u00f4\u017eu spolu s fotografiami zasla\u0165 mailom<strong> na adresu info@raj-spis.sk.<\/strong><\/p>\n\n\n\n<p>S\u00fa\u0165a\u017e trv\u00e1<strong>&nbsp;od 15. apr\u00edla do 30. novembra 2025.<\/strong><\/p>\n\n\n\n<h2 class=\"wp-block-heading\">S\u00fa\u0165a\u017en\u00e9 lokality<\/h2>\n\n\n\n<p><strong>1. Vodn\u00e1 n\u00e1dr\u017e Klauzy<\/strong><\/p>\n\n\n\n<p>Odfo\u0165 sa na drevenom moste.<\/p>\n\n\n\n<p>S\u00fa\u0165a\u017en\u00e1 ot\u00e1zka: T\u00e1to vodn\u00e1 n\u00e1dr\u017e sa nach\u00e1dza na hornom toku:<\/p>\n\n\n\n<p>a) \u010cervenej rieky     b) Bieleho potoka     c) Modrej bystrinky<\/p>\n\n\n\n<p>\u010carovn\u00fa <strong><a href=\"https:\/\/www.kosiceregion.com\/sk\/klauzy\/\">vodn\u00fa n\u00e1dr\u017e Klauzy<\/a><\/strong> n\u00e1jdete vo v\u00fdchodnej \u010dasti Slovensk\u00e9ho raja. Naj\u013eah\u0161ie sa k nej dostanete z turistick\u00e9ho strediska \u010cingov popod Tom\u00e1\u0161ovsk\u00fd v\u00fdh\u013ead, alebo od vrcholovej stanice seda\u010dkovej lanovky na Gerav\u00e1ch. Ide o dlh\u0161iu vych\u00e1dzku, na ktor\u00fa si ur\u010dite vy\u010dle\u0148te cel\u00fd de\u0148.<\/p>\n\n\n<div class=\"wp-block-image\">\n<figure class=\"aligncenter size-large is-resized\"><a href=\"https:\/\/vraji.sk\/wp-content\/uploads\/2025\/04\/Klauzy-scaled.jpg\" target=\"_blank\" rel=\" noreferrer noopener\"><img loading=\"lazy\" decoding=\"async\" width=\"1024\" height=\"681\" src=\"https:\/\/vraji.sk\/wp-content\/uploads\/2025\/04\/Klauzy-1024x681.jpg\" alt=\"\" class=\"wp-image-18882\" style=\"width:300px\" srcset=\"https:\/\/vraji.sk\/wp-content\/uploads\/2025\/04\/Klauzy-1024x681.jpg 1024w, https:\/\/vraji.sk\/wp-content\/uploads\/2025\/04\/Klauzy-300x199.jpg 300w, https:\/\/vraji.sk\/wp-content\/uploads\/2025\/04\/Klauzy-768x511.jpg 768w, https:\/\/vraji.sk\/wp-content\/uploads\/2025\/04\/Klauzy-1536x1021.jpg 1536w, https:\/\/vraji.sk\/wp-content\/uploads\/2025\/04\/Klauzy-2048x1362.jpg 2048w\" sizes=\"auto, (max-width: 1024px) 100vw, 1024px\" \/><\/a><\/figure>\n<\/div>\n\n\n<div style=\"height:30px\" aria-hidden=\"true\" class=\"wp-block-spacer\"><\/div>\n\n\n\n<p><strong> 2. Hrad Marku\u0161ovce<\/strong><\/p>\n\n\n\n<p>Odfo\u0165 sa v are\u00e1li hradu.<\/p>\n\n\n\n<p>S\u00fa\u0165a\u017en\u00e1 ot\u00e1zka: kto dobyl <a href=\"https:\/\/hradmarkusovce.sk\/\"><strong>Marku\u0161ovsk\u00fd hrad<\/strong><\/a> v roku 1527?<\/p>\n\n\n\n<p>a) Ke\u017emar\u010dania     b) Jiskrovci     c) Levo\u010dania<\/p>\n\n\n\n<p>Marku\u0161ovsk\u00fd hrad n\u00e1jdete na n\u00e1vr\u0161\u00ed nad dominantou <strong><a href=\"https:\/\/www.markusovce.sk\/\">obce Marku\u0161ovce<\/a><\/strong> &#8211; renesan\u010dn\u00fdm <strong><a href=\"https:\/\/www.muzeumspisa.com\/objekty-v-sprave-muzea-spisa\">ka\u0161tie\u013eom M\u00e1ri\u00e1ssyovcov a letohr\u00e1dkom Dardanely<\/a><\/strong>. V susedstve hradu stoj\u00ed <strong><a href=\"https:\/\/www.markusovce.sk\/16956\/kostol-sv-michala\">Kostol sv. Michala<\/a><\/strong> z 13. storo\u010dia.<\/p>\n\n\n<div class=\"wp-block-image\">\n<figure class=\"aligncenter size-large is-resized\"><a href=\"https:\/\/vraji.sk\/wp-content\/uploads\/2025\/04\/Hrad-Markusovce.jpg\" target=\"_blank\" rel=\" noreferrer noopener\"><img loading=\"lazy\" decoding=\"async\" width=\"1024\" height=\"768\" src=\"https:\/\/vraji.sk\/wp-content\/uploads\/2025\/04\/Hrad-Markusovce-1024x768.jpg\" alt=\"\" class=\"wp-image-18876\" style=\"width:300px\" srcset=\"https:\/\/vraji.sk\/wp-content\/uploads\/2025\/04\/Hrad-Markusovce-1024x768.jpg 1024w, https:\/\/vraji.sk\/wp-content\/uploads\/2025\/04\/Hrad-Markusovce-300x225.jpg 300w, https:\/\/vraji.sk\/wp-content\/uploads\/2025\/04\/Hrad-Markusovce-768x576.jpg 768w, https:\/\/vraji.sk\/wp-content\/uploads\/2025\/04\/Hrad-Markusovce-1536x1152.jpg 1536w, https:\/\/vraji.sk\/wp-content\/uploads\/2025\/04\/Hrad-Markusovce.jpg 2048w\" sizes=\"auto, (max-width: 1024px) 100vw, 1024px\" \/><\/a><\/figure>\n<\/div>\n\n\n<div style=\"height:30px\" aria-hidden=\"true\" class=\"wp-block-spacer\"><\/div>\n\n\n\n<p><strong>3. Cesta bojovn\u00edka \u010darovn\u00fdm lesom<\/strong><\/p>\n\n\n\n<p>Odfo\u0165 sa pri interakt\u00edvnej tabuli.<\/p>\n\n\n\n<p>S\u00fa\u0165a\u017en\u00e1 ot\u00e1zka: Cesta bojovn\u00edka \u010darovn\u00fdm lesom sa nach\u00e1dza v lokalite: <\/p>\n\n\n\n<p>a) \u017dlt\u00e1 skala     b) Zelen\u00e1 hora     c) Hned\u00e1 zem<\/p>\n\n\n\n<p>Zauj\u00edmav\u00fd are\u00e1l s n\u00e1u\u010dn\u00fdm chodn\u00edkom <strong><a href=\"https:\/\/www.terraincognita.sk\/cesta-bojovnika-v-carovnom-lese\/\">Cesta bojovn\u00edka \u010darovn\u00fdm lesom<\/a><\/strong> n\u00e1jdete ne\u010faleko turistick\u00e9ho strediska Podlesok a lokality Hrdlo Horn\u00e1du, kde za\u010d\u00edna zn\u00e1my ka\u0148on Prielom Horn\u00e1du. Na vych\u00e1dzku si vy\u010dle\u0148te pribli\u017ene pol d\u0148a. M\u00f4\u017eete ju spoji\u0165 aj s n\u00e1v\u0161tevou ne\u010falek\u00e9ho n\u00e1u\u010dn\u00e9ho are\u00e1lu <strong><a href=\"https:\/\/www.haravara.sk\/atrakcie\/ekovcelnica-v-hrabusiciach\/\" target=\"_blank\" rel=\"noreferrer noopener\">V\u010dely raja<\/a><\/strong>. O obe atrakcie sa star\u00e1 <strong><a href=\"https:\/\/www.facebook.com\/Zelenahura\">Zelen\u00e1 hora, o.z. <\/a><\/strong><\/p>\n\n\n<div class=\"wp-block-image\">\n<figure class=\"aligncenter size-large is-resized\"><a href=\"https:\/\/vraji.sk\/wp-content\/uploads\/2025\/04\/Cesta-bojovnika-carovnym-lesom-2-scaled.jpg\" target=\"_blank\" rel=\" noreferrer noopener\"><img loading=\"lazy\" decoding=\"async\" width=\"768\" height=\"1024\" src=\"https:\/\/vraji.sk\/wp-content\/uploads\/2025\/04\/Cesta-bojovnika-carovnym-lesom-2-768x1024.jpg\" alt=\"\" class=\"wp-image-18872\" style=\"width:300px\" srcset=\"https:\/\/vraji.sk\/wp-content\/uploads\/2025\/04\/Cesta-bojovnika-carovnym-lesom-2-768x1024.jpg 768w, https:\/\/vraji.sk\/wp-content\/uploads\/2025\/04\/Cesta-bojovnika-carovnym-lesom-2-225x300.jpg 225w, https:\/\/vraji.sk\/wp-content\/uploads\/2025\/04\/Cesta-bojovnika-carovnym-lesom-2-1152x1536.jpg 1152w, https:\/\/vraji.sk\/wp-content\/uploads\/2025\/04\/Cesta-bojovnika-carovnym-lesom-2-1536x2048.jpg 1536w, https:\/\/vraji.sk\/wp-content\/uploads\/2025\/04\/Cesta-bojovnika-carovnym-lesom-2-scaled.jpg 1920w\" sizes=\"auto, (max-width: 768px) 100vw, 768px\" \/><\/a><\/figure>\n<\/div>\n\n\n<div style=\"height:30px\" aria-hidden=\"true\" class=\"wp-block-spacer\"><\/div>\n\n\n\n<p><strong>4. Kaplnka Por\u00e1\u010d<\/strong><\/p>\n\n\n\n<p>Odfo\u0165 sa pri kaplnke.<\/p>\n\n\n\n<p>S\u00fa\u0165a\u017en\u00e1 ot\u00e1zka: Kaplnka sa nach\u00e1dza v lokalite: <\/p>\n\n\n\n<p>a) pod Hol\u00fdm vrchom     b) Por\u00e1\u010dska dolina     c) Vysok\u00fd vrch<\/p>\n\n\n\n<p>Nov\u00fa modern\u00fa kaplnku m\u00f4\u017eete n\u00e1js\u0165 na mieste, kde sa ka\u017edoro\u010dne v septembri stret\u00e1vaj\u00fa veriaci zo susedn\u00fdch <a href=\"https:\/\/www.porac.sk\/\"><strong>obc\u00ed Por\u00e1\u010d<\/strong> <\/a>a Z\u00e1vadka. Po dobudovan\u00ed dopln\u00ed s\u00fabor historick\u00fdch kaplniek, ktor\u00e9 sa nach\u00e1dzaj\u00fa na okolit\u00fdch kopcoch. Z obce Por\u00e1\u010d v\u00e1s na toto miesto privedie modr\u00fd turistick\u00fd chodn\u00edk. Ide o nen\u00e1ro\u010dn\u00fa vych\u00e1dzku, ktor\u00e1 v\u00e1m nezaberie viac ne\u017e tri hodiny.<\/p>\n\n\n<div class=\"wp-block-image\">\n<figure class=\"aligncenter size-full is-resized\"><a href=\"https:\/\/vraji.sk\/wp-content\/uploads\/2025\/04\/Kaplnka-Porac.jpg\" target=\"_blank\" rel=\" noreferrer noopener\"><img loading=\"lazy\" decoding=\"async\" width=\"770\" height=\"767\" src=\"https:\/\/vraji.sk\/wp-content\/uploads\/2025\/04\/Kaplnka-Porac.jpg\" alt=\"\" class=\"wp-image-18878\" style=\"width:300px\" srcset=\"https:\/\/vraji.sk\/wp-content\/uploads\/2025\/04\/Kaplnka-Porac.jpg 770w, https:\/\/vraji.sk\/wp-content\/uploads\/2025\/04\/Kaplnka-Porac-300x300.jpg 300w, https:\/\/vraji.sk\/wp-content\/uploads\/2025\/04\/Kaplnka-Porac-150x150.jpg 150w, https:\/\/vraji.sk\/wp-content\/uploads\/2025\/04\/Kaplnka-Porac-768x765.jpg 768w\" sizes=\"auto, (max-width: 770px) 100vw, 770px\" \/><\/a><\/figure>\n<\/div>\n\n\n<div style=\"height:30px\" aria-hidden=\"true\" class=\"wp-block-spacer\"><\/div>\n\n\n\n<p><strong>5. Kaplnka Panny M\u00e1rie Karmelskej, \u0160ulerloch<\/strong><\/p>\n\n\n\n<p>Odfo\u0165 sa pri kaplnke.<\/p>\n\n\n\n<p>S\u00fa\u0165a\u017en\u00e1 ot\u00e1zka: \u010co z ni\u017e\u0161ie spomenut\u00e9ho sa v bl\u00edzkosti kaplnky NEnach\u00e1dza:<\/p>\n\n\n\n<p>a) vojensk\u00fd bunker b) rozh\u013ead\u0148a c) jazero<\/p>\n\n\n\n<p>Kaplnka sa ukr\u00fdva uprostred lesa ne\u010faleko <strong><a href=\"https:\/\/navstevnik.spisskanovaves.eu\/\">mesta Spi\u0161sk\u00e1 Nov\u00e1 Ves<\/a><\/strong>. Ide o \u010dast\u00fd cie\u013e vych\u00e1dzok Novove\u0161\u0165anov, a z\u00e1rove\u0148 lok\u00e1lne p\u00fatnick\u00e9 miesto veriacich. V tesnej bl\u00edzkosti kaplnky m\u00f4\u017eete n\u00e1js\u0165 aj prame\u0148 s pitnou vodou, ktor\u00e9mu veriaci pripisuj\u00fa lie\u010div\u00e9 \u00fa\u010dinky.<\/p>\n\n\n<div class=\"wp-block-image\">\n<figure class=\"aligncenter size-large is-resized\"><a href=\"https:\/\/vraji.sk\/wp-content\/uploads\/2025\/04\/Kaplnka-Schulerloch.jpg\" target=\"_blank\" rel=\" noreferrer noopener\"><img loading=\"lazy\" decoding=\"async\" width=\"1024\" height=\"683\" src=\"https:\/\/vraji.sk\/wp-content\/uploads\/2025\/04\/Kaplnka-Schulerloch-1024x683.jpg\" alt=\"\" class=\"wp-image-18880\" style=\"width:300px\" srcset=\"https:\/\/vraji.sk\/wp-content\/uploads\/2025\/04\/Kaplnka-Schulerloch-1024x683.jpg 1024w, https:\/\/vraji.sk\/wp-content\/uploads\/2025\/04\/Kaplnka-Schulerloch-300x200.jpg 300w, https:\/\/vraji.sk\/wp-content\/uploads\/2025\/04\/Kaplnka-Schulerloch-768x512.jpg 768w, https:\/\/vraji.sk\/wp-content\/uploads\/2025\/04\/Kaplnka-Schulerloch-1536x1024.jpg 1536w, https:\/\/vraji.sk\/wp-content\/uploads\/2025\/04\/Kaplnka-Schulerloch.jpg 2048w\" sizes=\"auto, (max-width: 1024px) 100vw, 1024px\" \/><\/a><\/figure>\n<\/div>\n\n\n<div style=\"height:30px\" aria-hidden=\"true\" class=\"wp-block-spacer\"><\/div>\n\n\n\n<p><strong>6. Ra\u010dia proced\u00fara, Turzov<\/strong><\/p>\n\n\n\n<p>Odfo\u0165 sa pri diele Ra\u010dia proced\u00fara na Turzove.<\/p>\n\n\n\n<p>S\u00fa\u0165a\u017en\u00e1 ot\u00e1zka: Abstraktn\u00e1 kompoz\u00edcia osaden\u00e1 na brehu jazera na sp\u00f4sob reli\u00e9fnej dla\u017eby je tvoren\u00e1 z glazovan\u00fdch \u010dast\u00ed akej farby:<\/p>\n\n\n\n<p>a) \u010diernobielej b) je priesvitn\u00e1 c) je farebn\u00e1<\/p>\n\n\n\n<p>Lokalitu <strong><a href=\"https:\/\/www.kosiceregion.com\/en\/poi\/turzovske-jazero\/\">Turzov <\/a><\/strong>ne\u010faleko <strong><a href=\"https:\/\/www.gelnica.sk\/\">mesta Gelnica<\/a><\/strong> v minulosti zdobili vych\u00fdren\u00e9 Turzovsk\u00e9 k\u00fapele. V s\u00fa\u010dasnosti toto miesto o\u017e\u00edva turistick\u00fdm ruchom op\u00e4\u0165. Vznikli tu mo\u017enosti ubytovania i ob\u010derstvenia a po\u010das leta si tu m\u00f4\u017eete u\u017ei\u0165 dokonal\u00fa pohodu pri vode.<\/p>\n\n\n<div class=\"wp-block-image\">\n<figure class=\"aligncenter size-full is-resized\"><a href=\"https:\/\/vraji.sk\/wp-content\/uploads\/2025\/04\/Racia-procedura-Turzov.jpg\" target=\"_blank\" rel=\" noreferrer noopener\"><img loading=\"lazy\" decoding=\"async\" width=\"1023\" height=\"731\" src=\"https:\/\/vraji.sk\/wp-content\/uploads\/2025\/04\/Racia-procedura-Turzov.jpg\" alt=\"\" class=\"wp-image-18888\" style=\"width:300px\" srcset=\"https:\/\/vraji.sk\/wp-content\/uploads\/2025\/04\/Racia-procedura-Turzov.jpg 1023w, https:\/\/vraji.sk\/wp-content\/uploads\/2025\/04\/Racia-procedura-Turzov-300x214.jpg 300w, https:\/\/vraji.sk\/wp-content\/uploads\/2025\/04\/Racia-procedura-Turzov-768x549.jpg 768w\" sizes=\"auto, (max-width: 1023px) 100vw, 1023px\" \/><\/a><\/figure>\n<\/div>\n\n\n<div style=\"height:30px\" aria-hidden=\"true\" class=\"wp-block-spacer\"><\/div>\n\n\n\n<p><strong>7.<\/strong> <strong>Spi\u0161sk\u00fd Jeruzalem<\/strong><\/p>\n\n\n\n<p>Odfo\u0165 sa pri vyvieraj\u00facom prameni na <strong><a href=\"https:\/\/www.severovychod.sk\/vylet\/siva-brada\/\">Sivej brade<\/a><\/strong>, kde bol<br>v minulosti gejz\u00edr.<\/p>\n\n\n\n<p>Spi\u0161sk\u00fd Jeruzalem tvor\u00ed s\u00fabor sakr\u00e1lnych stavieb. Ko\u013eko ich dokopy je?<\/p>\n\n\n\n<p>a) 10     b) 13     c) 18<\/p>\n\n\n\n<p>Kalv\u00e1ria ne\u010faleko Spi\u0161skej Kapituly a mesta Spi\u0161sk\u00e9 Podhradie je najstar\u0161ou na Slovensku. Pomenovanie &#8220;<strong><a href=\"https:\/\/spisskyjeruzalem.sk\/\" target=\"_blank\" rel=\"noreferrer noopener\">Spi\u0161sk\u00fd Jeruzalem<\/a><\/strong>&#8221; dostala spolu s drobn\u00fdmi sakr\u00e1lnymi objektmi v okol\u00ed v\u010faka tomu, \u017ee jej koncept sa podob\u00e1 skuto\u010dn\u00e9mu Jeruzalemu. <\/p>\n\n\n<div class=\"wp-block-image\">\n<figure class=\"aligncenter size-full is-resized\"><a href=\"https:\/\/vraji.sk\/wp-content\/uploads\/2025\/04\/Spissky-Jeruzalem.jpg\" target=\"_blank\" rel=\" noreferrer noopener\"><img loading=\"lazy\" decoding=\"async\" width=\"1024\" height=\"681\" src=\"https:\/\/vraji.sk\/wp-content\/uploads\/2025\/04\/Spissky-Jeruzalem.jpg\" alt=\"\" class=\"wp-image-18890\" style=\"width:300px\" srcset=\"https:\/\/vraji.sk\/wp-content\/uploads\/2025\/04\/Spissky-Jeruzalem.jpg 1024w, https:\/\/vraji.sk\/wp-content\/uploads\/2025\/04\/Spissky-Jeruzalem-300x200.jpg 300w, https:\/\/vraji.sk\/wp-content\/uploads\/2025\/04\/Spissky-Jeruzalem-768x511.jpg 768w\" sizes=\"auto, (max-width: 1024px) 100vw, 1024px\" \/><\/a><\/figure>\n<\/div>\n\n\n<div style=\"height:30px\" aria-hidden=\"true\" class=\"wp-block-spacer\"><\/div>\n\n\n\n<p><strong>8. ZOO, Spi\u0161sk\u00e1 Nov\u00e1 Ves<\/strong><\/p>\n\n\n\n<p>Odfo\u0165 sa pri v\u00fdbehu s levom.<\/p>\n\n\n\n<p>S\u00fa\u0165a\u017en\u00e1 ot\u00e1zka: v ktorom roku bola zalo\u017een\u00e1 ZOO v Spi\u0161skej Novej Vsi?<\/p>\n\n\n\n<p>a) 1980     b) 1984     c) 1989<\/p>\n\n\n\n<p><strong><a href=\"https:\/\/zoosnv.sk\/\">Zoologick\u00e1 z\u00e1hrada v Spi\u0161skej Novej Vsi<\/a><\/strong> patr\u00ed medzi najkraj\u0161ie na Slovensku. V s\u00fa\u010dasnosti ju ob\u00fdva a\u017e 520 zvierat zo 135 r\u00f4znych druhov a neust\u00e1le prib\u00fadaj\u00fa \u010fal\u0161ie. Okrem nich n\u00e1jdete v ZOO aj romantick\u00e9 jazero s vo\u013ene \u017eij\u00facim vt\u00e1ctvom, detsk\u00e9 ihrisk\u00e1, bufet, cukr\u00e1re\u0148 a mno\u017estvo \u010fal\u0161\u00edch atrakci\u00ed pre skvel\u00fa z\u00e1bavu na nieko\u013eko hod\u00edn. <\/p>\n\n\n<div class=\"wp-block-image\">\n<figure class=\"aligncenter size-large is-resized\"><a href=\"https:\/\/vraji.sk\/wp-content\/uploads\/2025\/04\/ZOO-scaled.jpg\" target=\"_blank\" rel=\" noreferrer noopener\"><img loading=\"lazy\" decoding=\"async\" width=\"680\" height=\"1024\" src=\"https:\/\/vraji.sk\/wp-content\/uploads\/2025\/04\/ZOO-680x1024.jpg\" alt=\"\" class=\"wp-image-18896\" style=\"width:300px\" srcset=\"https:\/\/vraji.sk\/wp-content\/uploads\/2025\/04\/ZOO-680x1024.jpg 680w, https:\/\/vraji.sk\/wp-content\/uploads\/2025\/04\/ZOO-199x300.jpg 199w, https:\/\/vraji.sk\/wp-content\/uploads\/2025\/04\/ZOO-768x1156.jpg 768w, https:\/\/vraji.sk\/wp-content\/uploads\/2025\/04\/ZOO-1020x1536.jpg 1020w, https:\/\/vraji.sk\/wp-content\/uploads\/2025\/04\/ZOO-1360x2048.jpg 1360w, https:\/\/vraji.sk\/wp-content\/uploads\/2025\/04\/ZOO-scaled.jpg 1700w\" sizes=\"auto, (max-width: 680px) 100vw, 680px\" \/><\/a><\/figure>\n<\/div>\n\n\n<div style=\"height:30px\" aria-hidden=\"true\" class=\"wp-block-spacer\"><\/div>\n\n\n\n<p><strong>9.  Pr\u00edrodn\u00e1 hvezd\u00e1re\u0148 \u010eurkovec<\/strong><\/p>\n\n\n\n<p>Odfo\u0165te sa pri drevenej soche hvezd\u00e1ra. <\/p>\n\n\n\n<p>S\u00fa\u0165a\u017en\u00e1 ot\u00e1zka: Pr\u00edrodn\u00e1 lokalita \u010eurkovec bola v minulosti zn\u00e1ma aj ako:<\/p>\n\n\n\n<p>a) Tatran     b) \u010cingov     c) Podlesok<\/p>\n\n\n\n<p>Lokalita \u010eurkovec ne\u010faleko obc\u00ed <strong><a href=\"https:\/\/www.spissketomasovce.sk\/\">Spi\u0161sk\u00e9 Tom\u00e1\u0161ovce<\/a><\/strong> a <strong><a href=\"https:\/\/www.smizany.sk\/\">Smi\u017eany<\/a><\/strong> je skvel\u00fdm v\u00fdchodiskom pre turistick\u00e9 vych\u00e1dzky v severnej \u010dasti Slovensk\u00e9ho raja. Okrem parkovania je tu mo\u017enos\u0165 ob\u010derstvenia formou samoobslu\u017en\u00fdch automatov. Ve\u010der s\u00fa tu skvel\u00e9 podmienky na pozorovanie \u010distej no\u010dnej oblohy bez sveteln\u00e9ho smogu. Preto tu vznikla aj takzvan\u00e1 <strong><a href=\"https:\/\/prirodnahvezdaren.sk\/\">pr\u00edrodn\u00e1 hvezd\u00e1re\u0148<\/a><\/strong>.<\/p>\n\n\n<div class=\"wp-block-image\">\n<figure class=\"aligncenter size-large is-resized\"><img loading=\"lazy\" decoding=\"async\" width=\"1024\" height=\"576\" src=\"https:\/\/vraji.sk\/wp-content\/uploads\/2025\/04\/Prirodna-hvezdaren-Durkovec-1024x576.jpg\" alt=\"\" class=\"wp-image-18886\" style=\"width:300px\" srcset=\"https:\/\/vraji.sk\/wp-content\/uploads\/2025\/04\/Prirodna-hvezdaren-Durkovec-1024x576.jpg 1024w, https:\/\/vraji.sk\/wp-content\/uploads\/2025\/04\/Prirodna-hvezdaren-Durkovec-300x169.jpg 300w, https:\/\/vraji.sk\/wp-content\/uploads\/2025\/04\/Prirodna-hvezdaren-Durkovec-768x432.jpg 768w, https:\/\/vraji.sk\/wp-content\/uploads\/2025\/04\/Prirodna-hvezdaren-Durkovec.jpg 1328w\" sizes=\"auto, (max-width: 1024px) 100vw, 1024px\" \/><\/figure>\n<\/div>\n\n\n<div style=\"height:30px\" aria-hidden=\"true\" class=\"wp-block-spacer\"><\/div>\n\n\n\n<p><strong>10. M\u00fazeum obuvi, Kluknava<\/strong><\/p>\n\n\n\n<p>Odfo\u0165 sa pred m\u00fazeom.<\/p>\n\n\n\n<p>S\u00fa\u0165a\u017en\u00e1 ot\u00e1zka: Zbierku m\u00fazea uzatv\u00e1ra Sie\u0148:<\/p>\n\n\n\n<p>a) top\u00e1nok     b) osobnost\u00ed     c) staro\u017eitnost\u00ed<\/p>\n\n\n\n<p>Netradi\u010dn\u00e9 <strong><a href=\"https:\/\/www.kosiceregion.com\/hu\/poi\/muzeum-obuvi-kluknava\/\">M\u00fazeum obuvi <\/a><\/strong>v <strong><a href=\"https:\/\/www.kluknava.sk\/\">obci Kluknava<\/a><\/strong> m\u00f4\u017eete nav\u0161t\u00edvi\u0165 od 25. m\u00e1ja v\u017edy v sobotu od 9:00 do 12:00 hod. alebo v nede\u013eu od 13:00 do 15:00 hod. V pr\u00edpade v\u00e4\u010d\u0161ej skupiny je mo\u017en\u00e9 dohodn\u00fa\u0165 si prehliadku m\u00fazea aj po\u010das pracovn\u00e9ho t\u00fd\u017ed\u0148a, na telef\u00f3nnom \u010d\u00edsle 0907 974 715. Okrem n\u00e1v\u0161tevy m\u00fazea m\u00f4\u017eete ne\u010faleko objavi\u0165 aj historick\u00fd dreven\u00fd most v \u010dasti <strong><a href=\"https:\/\/www.kosiceregion.com\/sk\/poi\/stefanska-huta\/\">obce \u0160tefansk\u00e1 huta<\/a><\/strong>, alebo vyhliadkov\u00fa ve\u017eu<strong> <a href=\"https:\/\/www.kluknava.sk\/obec-2\/projekty\/green-point-rozhladna-kluknava\/green-point-trasa-2600sk.html\" target=\"_blank\" rel=\"noreferrer noopener\">Green Point<\/a><\/strong>.<\/p>\n\n\n<div class=\"wp-block-image\">\n<figure class=\"aligncenter size-full is-resized\"><a href=\"https:\/\/vraji.sk\/wp-content\/uploads\/2025\/04\/Muzeum-obuvi-Kluknava.jpg\" target=\"_blank\" rel=\" noreferrer noopener\"><img loading=\"lazy\" decoding=\"async\" width=\"1024\" height=\"682\" src=\"https:\/\/vraji.sk\/wp-content\/uploads\/2025\/04\/Muzeum-obuvi-Kluknava.jpg\" alt=\"\" class=\"wp-image-18884\" style=\"width:300px\" srcset=\"https:\/\/vraji.sk\/wp-content\/uploads\/2025\/04\/Muzeum-obuvi-Kluknava.jpg 1024w, https:\/\/vraji.sk\/wp-content\/uploads\/2025\/04\/Muzeum-obuvi-Kluknava-300x200.jpg 300w, https:\/\/vraji.sk\/wp-content\/uploads\/2025\/04\/Muzeum-obuvi-Kluknava-768x512.jpg 768w\" sizes=\"auto, (max-width: 1024px) 100vw, 1024px\" \/><\/a><\/figure>\n<\/div>\n\n\n<div style=\"height:30px\" aria-hidden=\"true\" class=\"wp-block-spacer\"><\/div>\n\n\n\n<p><strong>11. Ve\u013ek\u00e1 Knola<\/strong><\/p>\n\n\n\n<p>Odfo\u0165 sa pri smerovn\u00edku.<\/p>\n\n\n\n<p>S\u00fa\u0165a\u017en\u00e1 ot\u00e1zka: Trasa na Ve\u013ek\u00fa Knolu vedie:<\/p>\n\n\n\n<p>a) zo sedla Grajn\u00e1r     b) z Medvedej hlavy     c) z Novoveskej Huty<\/p>\n\n\n\n<p>Vrch Ve\u013ek\u00e1 Knola s v\u00fd\u0161kou 1266 metrov nad morom patr\u00ed medzi najvy\u0161\u0161ie vrchy v okol\u00ed mesta Spi\u0161sk\u00e1 Nov\u00e1 Ves. Nemus\u00edte sa v\u0161ak b\u00e1\u0165, ak n\u00e1jdete ten spr\u00e1vny v\u00fdchodiskov\u00fd bod, na Ve\u013ekej Knole ste za nie\u010do vy\u0161e hodinku ch\u00f4dze. Cez leto je \u010dast\u00fdm cie\u013eom pe\u0161\u00edch turistov, cez zimu skialpinistov. <\/p>\n\n\n<div class=\"wp-block-image\">\n<figure class=\"aligncenter size-large is-resized\"><a href=\"https:\/\/vraji.sk\/wp-content\/uploads\/2025\/04\/Velka-Knola-2-scaled.jpg\"><img loading=\"lazy\" decoding=\"async\" width=\"1024\" height=\"768\" src=\"https:\/\/vraji.sk\/wp-content\/uploads\/2025\/04\/Velka-Knola-2-1-1024x768.jpg\" alt=\"\" class=\"wp-image-18898\" style=\"width:300px\" srcset=\"https:\/\/vraji.sk\/wp-content\/uploads\/2025\/04\/Velka-Knola-2-1-1024x768.jpg 1024w, https:\/\/vraji.sk\/wp-content\/uploads\/2025\/04\/Velka-Knola-2-1-300x225.jpg 300w, https:\/\/vraji.sk\/wp-content\/uploads\/2025\/04\/Velka-Knola-2-1-768x576.jpg 768w, https:\/\/vraji.sk\/wp-content\/uploads\/2025\/04\/Velka-Knola-2-1-1536x1152.jpg 1536w, https:\/\/vraji.sk\/wp-content\/uploads\/2025\/04\/Velka-Knola-2-1-2048x1536.jpg 2048w\" sizes=\"auto, (max-width: 1024px) 100vw, 1024px\" \/><\/a><\/figure>\n<\/div>\n\n\n<div style=\"height:30px\" aria-hidden=\"true\" class=\"wp-block-spacer\"><\/div>\n\n\n\n<p><strong>12. Ilonkin prame\u0148, Novovesk\u00e1 Huta<\/strong><\/p>\n\n\n\n<p>Odfo\u0165 sa pri prameni.<\/p>\n\n\n\n<p>S\u00fa\u0165a\u017en\u00e1 ot\u00e1zka: Ilonkin prame\u0148 je ako pomn\u00ed\u010dek venovan\u00fd diev\u010datku menom:<\/p>\n\n\n\n<p>a) Ilonka b) Alenka c) Elenka<\/p>\n\n\n\n<p>Ku Ilonkinmu prame\u0148u sa dostanete z r\u00e1zcestia hlavnej cesty a Rybni\u010dnej ulice v mestskej \u010dasti Spi\u0161skej Novej Vsi, Novovesk\u00e1 Huta. Pokra\u010dujete Horskou ulicou a na konci Tichej ulice vojdete na lesn\u00fa cestu, ktor\u00e1 v\u00e1s za pomoci \u010derven\u00fdch zna\u010diek v podobe lodi\u010dky dovedie k informa\u010dnej tabuli <a href=\"https:\/\/www.banskyspis.sk\/index.php\/blog\/bansky-chodnik-v-novoveskej-hute\"><strong>Bansk\u00e9ho n\u00e1u\u010dn\u00e9ho chodn\u00edka<\/strong><\/a> a n\u00e1sledne k studni\u010dke.<\/p>\n\n\n<div class=\"wp-block-image\">\n<figure class=\"aligncenter size-large is-resized\"><a href=\"https:\/\/vraji.sk\/wp-content\/uploads\/2025\/04\/Ilonkin-pramen-Novoveska-Huta-2-rotated.jpg\" target=\"_blank\" rel=\" noreferrer noopener\"><img loading=\"lazy\" decoding=\"async\" width=\"768\" height=\"1024\" src=\"https:\/\/vraji.sk\/wp-content\/uploads\/2025\/04\/Ilonkin-pramen-Novoveska-Huta-2-768x1024.jpg\" alt=\"\" class=\"wp-image-18905\" style=\"width:350px\" srcset=\"https:\/\/vraji.sk\/wp-content\/uploads\/2025\/04\/Ilonkin-pramen-Novoveska-Huta-2-768x1024.jpg 768w, https:\/\/vraji.sk\/wp-content\/uploads\/2025\/04\/Ilonkin-pramen-Novoveska-Huta-2-225x300.jpg 225w, https:\/\/vraji.sk\/wp-content\/uploads\/2025\/04\/Ilonkin-pramen-Novoveska-Huta-2-1152x1536.jpg 1152w, https:\/\/vraji.sk\/wp-content\/uploads\/2025\/04\/Ilonkin-pramen-Novoveska-Huta-2-rotated.jpg 1512w\" sizes=\"auto, (max-width: 768px) 100vw, 768px\" \/><\/a><\/figure>\n<\/div>\n\n\n<div style=\"height:30px\" aria-hidden=\"true\" class=\"wp-block-spacer\"><\/div>\n\n\n\n<p><strong>13. Dob\u0161insk\u00e1 \u013eadov\u00e1 jasky\u0148a<\/strong><\/p>\n\n\n\n<p>Odfo\u0165 sa pod nadpisom DOB\u0160INSK\u00c1 \u013dADOV\u00c1 JASKY\u0147A pri vstupe.<\/p>\n\n\n\n<p>S\u00fa\u0165a\u017en\u00e1 ot\u00e1zka: Kor\u010du\u013eovanie v jaskyni bolo povolen\u00e9 pre verejnos\u0165 do roku:<\/p>\n\n\n\n<p>a) 1935     b) 1946     c) 1965<\/p>\n\n\n\n<p><strong><a href=\"http:\/\/www.ssj.sk\/sk\/jaskyna\/6-dobsinska-ladova-jaskyna\">Dob\u0161insk\u00e1 \u013eadov\u00e1 jasky\u0148a<\/a><\/strong> je jedn\u00fdm z najcennej\u0161\u00edch pr\u00edrodn\u00fdch klenotov N\u00e1rodn\u00e9ho parku Slovensk\u00fd raj. V\u010faka svojej jedine\u010dnosti sa nach\u00e1dza aj na Zozname svetov\u00e9ho pr\u00edrodn\u00e9ho dedi\u010dstva UNESCO. Okrem toho, \u017ee je najni\u017e\u0161ie polo\u017eenou \u013eadovou jasky\u0148ou na svete, bola aj jednou z prv\u00fdch spr\u00edstupnen\u00fdch a elektrifikovan\u00fdch jaskyn\u00ed v celosvetovom mer\u00edtku. Zauj\u00edmavos\u0165ou je, \u017ee v minulosti v nej bolo povolen\u00e9 kor\u010du\u013eovanie. Tr\u00e9noval v nej aj dvojn\u00e1sobn\u00fd majster Eur\u00f3py v krasokor\u010du\u013eovan\u00ed a medailista z majstrovstiev sveta a olympijsk\u00fdch hier, Karol Div\u00edn.<\/p>\n\n\n<div class=\"wp-block-image\">\n<figure class=\"aligncenter size-large is-resized\"><a href=\"https:\/\/vraji.sk\/wp-content\/uploads\/2025\/04\/Dobsinska-ladova-jaskyna-scaled.jpg\" target=\"_blank\" rel=\" noreferrer noopener\"><img loading=\"lazy\" decoding=\"async\" width=\"1024\" height=\"683\" src=\"https:\/\/vraji.sk\/wp-content\/uploads\/2025\/04\/Dobsinska-ladova-jaskyna-1024x683.jpg\" alt=\"\" class=\"wp-image-18874\" style=\"width:300px\" srcset=\"https:\/\/vraji.sk\/wp-content\/uploads\/2025\/04\/Dobsinska-ladova-jaskyna-1024x683.jpg 1024w, https:\/\/vraji.sk\/wp-content\/uploads\/2025\/04\/Dobsinska-ladova-jaskyna-300x200.jpg 300w, https:\/\/vraji.sk\/wp-content\/uploads\/2025\/04\/Dobsinska-ladova-jaskyna-768x512.jpg 768w, https:\/\/vraji.sk\/wp-content\/uploads\/2025\/04\/Dobsinska-ladova-jaskyna-1536x1024.jpg 1536w, https:\/\/vraji.sk\/wp-content\/uploads\/2025\/04\/Dobsinska-ladova-jaskyna-2048x1365.jpg 2048w\" sizes=\"auto, (max-width: 1024px) 100vw, 1024px\" \/><\/a><\/figure>\n<\/div>\n\n\n<div style=\"height:30px\" aria-hidden=\"true\" class=\"wp-block-spacer\"><\/div>\n\n\n\n<p><strong>14. Farma na Samelovej l\u00fake<\/strong><\/p>\n\n\n\n<p>Odfo\u0165 sa pri vstupnej tabuli.<\/p>\n\n\n\n<p>S\u00fa\u0165a\u017en\u00e1 ot\u00e1zka: Jeden kon\u00edk na farme ma meno ako ozajstn\u00e1 princezn\u00e1, ak\u00e9 je to meno?<\/p>\n\n\n\n<p>a) Elsa&nbsp;&nbsp; &nbsp;&nbsp; b) Diana&nbsp;&nbsp;&nbsp;  c) Kate<\/p>\n\n\n\n<p><strong><a href=\"https:\/\/www.farmaladova.sk\/\">Farmu na Samelovej l\u00fake<\/a><\/strong>&nbsp;n\u00e1jdete ne\u010faleko zn\u00e1mej Dob\u0161inskej \u013eadovej jaskyne. Okrem kon\u00edkov tu m\u00f4\u017eete spozna\u0165 aj mno\u017estvo in\u00fdch dom\u00e1cich zvieratiek. Ne\u010faleko farmy sa z\u00e1jdite prejs\u0165 po&nbsp;<strong><a href=\"https:\/\/naucnechodniky.eu\/nch-mokrade-hnilca\/\">N\u00e1u\u010dnom chodn\u00edku Mokrade Hnilca<\/a><\/strong>, ktor\u00fd v\u00e1s po dreven\u00fdch lavi\u010dk\u00e1ch prevedie priamo ponad mokrade s mno\u017estvom chr\u00e1nen\u00fdch rastl\u00edn a zvierac\u00edch obyvate\u013eov. Chodn\u00edk m\u00e1 d\u013a\u017eku iba pol kilometra, no n\u00e1jdete na \u0148om a\u017e 10 n\u00e1u\u010dn\u00fdch zastaven\u00ed s tabu\u013ekami o tomto zauj\u00edmavom prostred\u00ed. Po prech\u00e1dzke sa m\u00f4\u017eete zastavi\u0165 na nie\u010do chutn\u00e9 v&nbsp;<strong><a href=\"https:\/\/skdobsina.sk\/bistroubytovanie\/bistro\/\">Bistre Dob\u0161insk\u00e1 \u013dadov\u00e1 Jasky\u0148a<\/a><\/strong>.<\/p>\n\n\n<div class=\"wp-block-image\">\n<figure class=\"aligncenter size-full is-resized\"><a href=\"https:\/\/vraji.sk\/wp-content\/uploads\/2023\/11\/Farma-na-Samelovej-luke.jpg\" target=\"_blank\" rel=\" noreferrer noopener\"><img loading=\"lazy\" decoding=\"async\" width=\"854\" height=\"897\" src=\"https:\/\/vraji.sk\/wp-content\/uploads\/2023\/11\/Farma-na-Samelovej-luke.jpg\" alt=\"\" class=\"wp-image-14313\" style=\"width:300px\" srcset=\"https:\/\/vraji.sk\/wp-content\/uploads\/2023\/11\/Farma-na-Samelovej-luke.jpg 854w, https:\/\/vraji.sk\/wp-content\/uploads\/2023\/11\/Farma-na-Samelovej-luke-286x300.jpg 286w, https:\/\/vraji.sk\/wp-content\/uploads\/2023\/11\/Farma-na-Samelovej-luke-768x807.jpg 768w\" sizes=\"auto, (max-width: 854px) 100vw, 854px\" \/><\/a><\/figure>\n<\/div>","protected":false},"excerpt":{"rendered":"<p>Mil\u00ed kamar\u00e1ti!Sme ve\u013emi radi, \u017ee ste zav\u00edtali k n\u00e1m, do regi\u00f3nu Slovensk\u00e9ho raja a Spi\u0161a. T<\/p>\n","protected":false},"author":52,"featured_media":15496,"comment_status":"closed","ping_status":"open","sticky":false,"template":"","format":"standard","meta":{"_acf_changed":false,"footnotes":""},"categories":[1],"tags":[156],"class_list":["post-18869","post","type-post","status-publish","format-standard","has-post-thumbnail","hentry","category-uncategorized-sk","tag-stastik-a-stastenka"],"acf":[],"yoast_head":"<!-- This site is optimized with the Yoast SEO plugin v27.4 - https:\/\/yoast.com\/product\/yoast-seo-wordpress\/ -->\n<title>Nov\u00e9 dobrodru\u017estv\u00e1 pre mal\u00fdch turistov so \u0160\u0165ast\u00edkom a \u0160\u0165astenkou 2025 - OOCR<\/title>\n<meta name=\"robots\" content=\"index, follow, max-snippet:-1, max-image-preview:large, max-video-preview:-1\" \/>\n<link rel=\"canonical\" href=\"https:\/\/vraji.sk\/en\/letne-dobrodruzstva-pre-malych-turistov-so-stastikom-a-stastenkou-2025\/\" \/>\n<meta property=\"og:locale\" content=\"en_US\" \/>\n<meta property=\"og:type\" content=\"article\" \/>\n<meta property=\"og:title\" content=\"Nov\u00e9 dobrodru\u017estv\u00e1 pre mal\u00fdch turistov so \u0160\u0165ast\u00edkom a \u0160\u0165astenkou 2025 - OOCR\" \/>\n<meta property=\"og:description\" content=\"Mil\u00ed kamar\u00e1ti!Sme ve\u013emi radi, \u017ee ste zav\u00edtali k n\u00e1m, do regi\u00f3nu Slovensk\u00e9ho raja a Spi\u0161a. T\" \/>\n<meta property=\"og:url\" content=\"https:\/\/vraji.sk\/en\/letne-dobrodruzstva-pre-malych-turistov-so-stastikom-a-stastenkou-2025\/\" \/>\n<meta property=\"og:site_name\" content=\"OOCR\" \/>\n<meta property=\"article:published_time\" content=\"2025-08-16T11:06:52+00:00\" \/>\n<meta property=\"article:modified_time\" content=\"2025-09-09T08:15:55+00:00\" \/>\n<meta property=\"og:image\" content=\"https:\/\/vraji.sk\/wp-content\/uploads\/2024\/04\/Stastik-a-Stastenka-crop-thumbnail-scaled.jpg\" \/>\n\t<meta property=\"og:image:width\" content=\"2560\" \/>\n\t<meta property=\"og:image:height\" content=\"1417\" \/>\n\t<meta property=\"og:image:type\" content=\"image\/jpeg\" \/>\n<meta name=\"author\" content=\"OOCR\" \/>\n<meta name=\"twitter:card\" content=\"summary_large_image\" \/>\n<meta name=\"twitter:label1\" content=\"Written by\" \/>\n\t<meta name=\"twitter:data1\" content=\"OOCR\" \/>\n\t<meta name=\"twitter:label2\" content=\"Est. reading time\" \/>\n\t<meta name=\"twitter:data2\" content=\"11 minutes\" \/>\n<script type=\"application\/ld+json\" class=\"yoast-schema-graph\">{\"@context\":\"https:\\\/\\\/schema.org\",\"@graph\":[{\"@type\":\"Article\",\"@id\":\"https:\\\/\\\/vraji.sk\\\/en\\\/letne-dobrodruzstva-pre-malych-turistov-so-stastikom-a-stastenkou-2025\\\/#article\",\"isPartOf\":{\"@id\":\"https:\\\/\\\/vraji.sk\\\/en\\\/letne-dobrodruzstva-pre-malych-turistov-so-stastikom-a-stastenkou-2025\\\/\"},\"author\":{\"name\":\"OOCR\",\"@id\":\"https:\\\/\\\/vraji.sk\\\/en\\\/#\\\/schema\\\/person\\\/6ba5da72601ea4018533f90f796d4530\"},\"headline\":\"Nov\u00e9 dobrodru\u017estv\u00e1 pre mal\u00fdch turistov so \u0160\u0165ast\u00edkom a \u0160\u0165astenkou 2025\",\"datePublished\":\"2025-08-16T11:06:52+00:00\",\"dateModified\":\"2025-09-09T08:15:55+00:00\",\"mainEntityOfPage\":{\"@id\":\"https:\\\/\\\/vraji.sk\\\/en\\\/letne-dobrodruzstva-pre-malych-turistov-so-stastikom-a-stastenkou-2025\\\/\"},\"wordCount\":1848,\"publisher\":{\"@id\":\"https:\\\/\\\/vraji.sk\\\/en\\\/#organization\"},\"image\":{\"@id\":\"https:\\\/\\\/vraji.sk\\\/en\\\/letne-dobrodruzstva-pre-malych-turistov-so-stastikom-a-stastenkou-2025\\\/#primaryimage\"},\"thumbnailUrl\":\"https:\\\/\\\/vraji.sk\\\/wp-content\\\/uploads\\\/2024\\\/04\\\/Stastik-a-Stastenka-crop-thumbnail-scaled.jpg\",\"keywords\":[\"\u0160\u0165ast\u00edk a \u0160tastenka\"],\"articleSection\":[\"Uncategorized @sk\"],\"inLanguage\":\"en-US\"},{\"@type\":\"WebPage\",\"@id\":\"https:\\\/\\\/vraji.sk\\\/en\\\/letne-dobrodruzstva-pre-malych-turistov-so-stastikom-a-stastenkou-2025\\\/\",\"url\":\"https:\\\/\\\/vraji.sk\\\/en\\\/letne-dobrodruzstva-pre-malych-turistov-so-stastikom-a-stastenkou-2025\\\/\",\"name\":\"Nov\u00e9 dobrodru\u017estv\u00e1 pre mal\u00fdch turistov so \u0160\u0165ast\u00edkom a \u0160\u0165astenkou 2025 - OOCR\",\"isPartOf\":{\"@id\":\"https:\\\/\\\/vraji.sk\\\/en\\\/#website\"},\"primaryImageOfPage\":{\"@id\":\"https:\\\/\\\/vraji.sk\\\/en\\\/letne-dobrodruzstva-pre-malych-turistov-so-stastikom-a-stastenkou-2025\\\/#primaryimage\"},\"image\":{\"@id\":\"https:\\\/\\\/vraji.sk\\\/en\\\/letne-dobrodruzstva-pre-malych-turistov-so-stastikom-a-stastenkou-2025\\\/#primaryimage\"},\"thumbnailUrl\":\"https:\\\/\\\/vraji.sk\\\/wp-content\\\/uploads\\\/2024\\\/04\\\/Stastik-a-Stastenka-crop-thumbnail-scaled.jpg\",\"datePublished\":\"2025-08-16T11:06:52+00:00\",\"dateModified\":\"2025-09-09T08:15:55+00:00\",\"breadcrumb\":{\"@id\":\"https:\\\/\\\/vraji.sk\\\/en\\\/letne-dobrodruzstva-pre-malych-turistov-so-stastikom-a-stastenkou-2025\\\/#breadcrumb\"},\"inLanguage\":\"en-US\",\"potentialAction\":[{\"@type\":\"ReadAction\",\"target\":[\"https:\\\/\\\/vraji.sk\\\/en\\\/letne-dobrodruzstva-pre-malych-turistov-so-stastikom-a-stastenkou-2025\\\/\"]}]},{\"@type\":\"ImageObject\",\"inLanguage\":\"en-US\",\"@id\":\"https:\\\/\\\/vraji.sk\\\/en\\\/letne-dobrodruzstva-pre-malych-turistov-so-stastikom-a-stastenkou-2025\\\/#primaryimage\",\"url\":\"https:\\\/\\\/vraji.sk\\\/wp-content\\\/uploads\\\/2024\\\/04\\\/Stastik-a-Stastenka-crop-thumbnail-scaled.jpg\",\"contentUrl\":\"https:\\\/\\\/vraji.sk\\\/wp-content\\\/uploads\\\/2024\\\/04\\\/Stastik-a-Stastenka-crop-thumbnail-scaled.jpg\",\"width\":2560,\"height\":1417},{\"@type\":\"BreadcrumbList\",\"@id\":\"https:\\\/\\\/vraji.sk\\\/en\\\/letne-dobrodruzstva-pre-malych-turistov-so-stastikom-a-stastenkou-2025\\\/#breadcrumb\",\"itemListElement\":[{\"@type\":\"ListItem\",\"position\":1,\"name\":\"Home\",\"item\":\"https:\\\/\\\/vraji.sk\\\/en\\\/\"},{\"@type\":\"ListItem\",\"position\":2,\"name\":\"Nov\u00e9 dobrodru\u017estv\u00e1 pre mal\u00fdch turistov so \u0160\u0165ast\u00edkom a \u0160\u0165astenkou 2025\"}]},{\"@type\":\"WebSite\",\"@id\":\"https:\\\/\\\/vraji.sk\\\/en\\\/#website\",\"url\":\"https:\\\/\\\/vraji.sk\\\/en\\\/\",\"name\":\"OOCR\",\"description\":\"Region Slovak paradise and Spi\u0161 | History, tourism, experiences | vRaji.sk\",\"publisher\":{\"@id\":\"https:\\\/\\\/vraji.sk\\\/en\\\/#organization\"},\"potentialAction\":[{\"@type\":\"SearchAction\",\"target\":{\"@type\":\"EntryPoint\",\"urlTemplate\":\"https:\\\/\\\/vraji.sk\\\/en\\\/?s={search_term_string}\"},\"query-input\":{\"@type\":\"PropertyValueSpecification\",\"valueRequired\":true,\"valueName\":\"search_term_string\"}}],\"inLanguage\":\"en-US\"},{\"@type\":\"Organization\",\"@id\":\"https:\\\/\\\/vraji.sk\\\/en\\\/#organization\",\"name\":\"OOCR\",\"url\":\"https:\\\/\\\/vraji.sk\\\/en\\\/\",\"logo\":{\"@type\":\"ImageObject\",\"inLanguage\":\"en-US\",\"@id\":\"https:\\\/\\\/vraji.sk\\\/en\\\/#\\\/schema\\\/logo\\\/image\\\/\",\"url\":\"https:\\\/\\\/vraji.sk\\\/wp-content\\\/uploads\\\/2021\\\/11\\\/biele-logo-1.svg\",\"contentUrl\":\"https:\\\/\\\/vraji.sk\\\/wp-content\\\/uploads\\\/2021\\\/11\\\/biele-logo-1.svg\",\"caption\":\"OOCR\"},\"image\":{\"@id\":\"https:\\\/\\\/vraji.sk\\\/en\\\/#\\\/schema\\\/logo\\\/image\\\/\"}},{\"@type\":\"Person\",\"@id\":\"https:\\\/\\\/vraji.sk\\\/en\\\/#\\\/schema\\\/person\\\/6ba5da72601ea4018533f90f796d4530\",\"name\":\"OOCR\",\"image\":{\"@type\":\"ImageObject\",\"inLanguage\":\"en-US\",\"@id\":\"https:\\\/\\\/secure.gravatar.com\\\/avatar\\\/254aa66d580269ab31c41bb5eb446b00d03ea31eab4a58840a0e31f2890e31c4?s=96&d=mm&r=g\",\"url\":\"https:\\\/\\\/secure.gravatar.com\\\/avatar\\\/254aa66d580269ab31c41bb5eb446b00d03ea31eab4a58840a0e31f2890e31c4?s=96&d=mm&r=g\",\"contentUrl\":\"https:\\\/\\\/secure.gravatar.com\\\/avatar\\\/254aa66d580269ab31c41bb5eb446b00d03ea31eab4a58840a0e31f2890e31c4?s=96&d=mm&r=g\",\"caption\":\"OOCR\"},\"url\":\"https:\\\/\\\/vraji.sk\\\/en\\\/author\\\/oocr-info\\\/\"}]}<\/script>\n<!-- \/ Yoast SEO plugin. -->","yoast_head_json":{"title":"Nov\u00e9 dobrodru\u017estv\u00e1 pre mal\u00fdch turistov so \u0160\u0165ast\u00edkom a \u0160\u0165astenkou 2025 - OOCR","robots":{"index":"index","follow":"follow","max-snippet":"max-snippet:-1","max-image-preview":"max-image-preview:large","max-video-preview":"max-video-preview:-1"},"canonical":"https:\/\/vraji.sk\/en\/letne-dobrodruzstva-pre-malych-turistov-so-stastikom-a-stastenkou-2025\/","og_locale":"en_US","og_type":"article","og_title":"Nov\u00e9 dobrodru\u017estv\u00e1 pre mal\u00fdch turistov so \u0160\u0165ast\u00edkom a \u0160\u0165astenkou 2025 - OOCR","og_description":"Mil\u00ed kamar\u00e1ti!Sme ve\u013emi radi, \u017ee ste zav\u00edtali k n\u00e1m, do regi\u00f3nu Slovensk\u00e9ho raja a Spi\u0161a. T","og_url":"https:\/\/vraji.sk\/en\/letne-dobrodruzstva-pre-malych-turistov-so-stastikom-a-stastenkou-2025\/","og_site_name":"OOCR","article_published_time":"2025-08-16T11:06:52+00:00","article_modified_time":"2025-09-09T08:15:55+00:00","og_image":[{"width":2560,"height":1417,"url":"https:\/\/vraji.sk\/wp-content\/uploads\/2024\/04\/Stastik-a-Stastenka-crop-thumbnail-scaled.jpg","type":"image\/jpeg"}],"author":"OOCR","twitter_card":"summary_large_image","twitter_misc":{"Written by":"OOCR","Est. reading time":"11 minutes"},"schema":{"@context":"https:\/\/schema.org","@graph":[{"@type":"Article","@id":"https:\/\/vraji.sk\/en\/letne-dobrodruzstva-pre-malych-turistov-so-stastikom-a-stastenkou-2025\/#article","isPartOf":{"@id":"https:\/\/vraji.sk\/en\/letne-dobrodruzstva-pre-malych-turistov-so-stastikom-a-stastenkou-2025\/"},"author":{"name":"OOCR","@id":"https:\/\/vraji.sk\/en\/#\/schema\/person\/6ba5da72601ea4018533f90f796d4530"},"headline":"Nov\u00e9 dobrodru\u017estv\u00e1 pre mal\u00fdch turistov so \u0160\u0165ast\u00edkom a \u0160\u0165astenkou 2025","datePublished":"2025-08-16T11:06:52+00:00","dateModified":"2025-09-09T08:15:55+00:00","mainEntityOfPage":{"@id":"https:\/\/vraji.sk\/en\/letne-dobrodruzstva-pre-malych-turistov-so-stastikom-a-stastenkou-2025\/"},"wordCount":1848,"publisher":{"@id":"https:\/\/vraji.sk\/en\/#organization"},"image":{"@id":"https:\/\/vraji.sk\/en\/letne-dobrodruzstva-pre-malych-turistov-so-stastikom-a-stastenkou-2025\/#primaryimage"},"thumbnailUrl":"https:\/\/vraji.sk\/wp-content\/uploads\/2024\/04\/Stastik-a-Stastenka-crop-thumbnail-scaled.jpg","keywords":["\u0160\u0165ast\u00edk a \u0160tastenka"],"articleSection":["Uncategorized @sk"],"inLanguage":"en-US"},{"@type":"WebPage","@id":"https:\/\/vraji.sk\/en\/letne-dobrodruzstva-pre-malych-turistov-so-stastikom-a-stastenkou-2025\/","url":"https:\/\/vraji.sk\/en\/letne-dobrodruzstva-pre-malych-turistov-so-stastikom-a-stastenkou-2025\/","name":"Nov\u00e9 dobrodru\u017estv\u00e1 pre mal\u00fdch turistov so \u0160\u0165ast\u00edkom a \u0160\u0165astenkou 2025 - OOCR","isPartOf":{"@id":"https:\/\/vraji.sk\/en\/#website"},"primaryImageOfPage":{"@id":"https:\/\/vraji.sk\/en\/letne-dobrodruzstva-pre-malych-turistov-so-stastikom-a-stastenkou-2025\/#primaryimage"},"image":{"@id":"https:\/\/vraji.sk\/en\/letne-dobrodruzstva-pre-malych-turistov-so-stastikom-a-stastenkou-2025\/#primaryimage"},"thumbnailUrl":"https:\/\/vraji.sk\/wp-content\/uploads\/2024\/04\/Stastik-a-Stastenka-crop-thumbnail-scaled.jpg","datePublished":"2025-08-16T11:06:52+00:00","dateModified":"2025-09-09T08:15:55+00:00","breadcrumb":{"@id":"https:\/\/vraji.sk\/en\/letne-dobrodruzstva-pre-malych-turistov-so-stastikom-a-stastenkou-2025\/#breadcrumb"},"inLanguage":"en-US","potentialAction":[{"@type":"ReadAction","target":["https:\/\/vraji.sk\/en\/letne-dobrodruzstva-pre-malych-turistov-so-stastikom-a-stastenkou-2025\/"]}]},{"@type":"ImageObject","inLanguage":"en-US","@id":"https:\/\/vraji.sk\/en\/letne-dobrodruzstva-pre-malych-turistov-so-stastikom-a-stastenkou-2025\/#primaryimage","url":"https:\/\/vraji.sk\/wp-content\/uploads\/2024\/04\/Stastik-a-Stastenka-crop-thumbnail-scaled.jpg","contentUrl":"https:\/\/vraji.sk\/wp-content\/uploads\/2024\/04\/Stastik-a-Stastenka-crop-thumbnail-scaled.jpg","width":2560,"height":1417},{"@type":"BreadcrumbList","@id":"https:\/\/vraji.sk\/en\/letne-dobrodruzstva-pre-malych-turistov-so-stastikom-a-stastenkou-2025\/#breadcrumb","itemListElement":[{"@type":"ListItem","position":1,"name":"Home","item":"https:\/\/vraji.sk\/en\/"},{"@type":"ListItem","position":2,"name":"Nov\u00e9 dobrodru\u017estv\u00e1 pre mal\u00fdch turistov so \u0160\u0165ast\u00edkom a \u0160\u0165astenkou 2025"}]},{"@type":"WebSite","@id":"https:\/\/vraji.sk\/en\/#website","url":"https:\/\/vraji.sk\/en\/","name":"OOCR","description":"Region Slovak paradise and Spi\u0161 | History, tourism, experiences | vRaji.sk","publisher":{"@id":"https:\/\/vraji.sk\/en\/#organization"},"potentialAction":[{"@type":"SearchAction","target":{"@type":"EntryPoint","urlTemplate":"https:\/\/vraji.sk\/en\/?s={search_term_string}"},"query-input":{"@type":"PropertyValueSpecification","valueRequired":true,"valueName":"search_term_string"}}],"inLanguage":"en-US"},{"@type":"Organization","@id":"https:\/\/vraji.sk\/en\/#organization","name":"OOCR","url":"https:\/\/vraji.sk\/en\/","logo":{"@type":"ImageObject","inLanguage":"en-US","@id":"https:\/\/vraji.sk\/en\/#\/schema\/logo\/image\/","url":"https:\/\/vraji.sk\/wp-content\/uploads\/2021\/11\/biele-logo-1.svg","contentUrl":"https:\/\/vraji.sk\/wp-content\/uploads\/2021\/11\/biele-logo-1.svg","caption":"OOCR"},"image":{"@id":"https:\/\/vraji.sk\/en\/#\/schema\/logo\/image\/"}},{"@type":"Person","@id":"https:\/\/vraji.sk\/en\/#\/schema\/person\/6ba5da72601ea4018533f90f796d4530","name":"OOCR","image":{"@type":"ImageObject","inLanguage":"en-US","@id":"https:\/\/secure.gravatar.com\/avatar\/254aa66d580269ab31c41bb5eb446b00d03ea31eab4a58840a0e31f2890e31c4?s=96&d=mm&r=g","url":"https:\/\/secure.gravatar.com\/avatar\/254aa66d580269ab31c41bb5eb446b00d03ea31eab4a58840a0e31f2890e31c4?s=96&d=mm&r=g","contentUrl":"https:\/\/secure.gravatar.com\/avatar\/254aa66d580269ab31c41bb5eb446b00d03ea31eab4a58840a0e31f2890e31c4?s=96&d=mm&r=g","caption":"OOCR"},"url":"https:\/\/vraji.sk\/en\/author\/oocr-info\/"}]}},"_links":{"self":[{"href":"https:\/\/vraji.sk\/en\/wp-json\/wp\/v2\/posts\/18869","targetHints":{"allow":["GET"]}}],"collection":[{"href":"https:\/\/vraji.sk\/en\/wp-json\/wp\/v2\/posts"}],"about":[{"href":"https:\/\/vraji.sk\/en\/wp-json\/wp\/v2\/types\/post"}],"author":[{"embeddable":true,"href":"https:\/\/vraji.sk\/en\/wp-json\/wp\/v2\/users\/52"}],"replies":[{"embeddable":true,"href":"https:\/\/vraji.sk\/en\/wp-json\/wp\/v2\/comments?post=18869"}],"version-history":[{"count":13,"href":"https:\/\/vraji.sk\/en\/wp-json\/wp\/v2\/posts\/18869\/revisions"}],"predecessor-version":[{"id":19128,"href":"https:\/\/vraji.sk\/en\/wp-json\/wp\/v2\/posts\/18869\/revisions\/19128"}],"wp:featuredmedia":[{"embeddable":true,"href":"https:\/\/vraji.sk\/en\/wp-json\/wp\/v2\/media\/15496"}],"wp:attachment":[{"href":"https:\/\/vraji.sk\/en\/wp-json\/wp\/v2\/media?parent=18869"}],"wp:term":[{"taxonomy":"category","embeddable":true,"href":"https:\/\/vraji.sk\/en\/wp-json\/wp\/v2\/categories?post=18869"},{"taxonomy":"post_tag","embeddable":true,"href":"https:\/\/vraji.sk\/en\/wp-json\/wp\/v2\/tags?post=18869"}],"curies":[{"name":"wp","href":"https:\/\/api.w.org\/{rel}","templated":true}]}}