{"id":11945,"date":"2023-05-07T12:23:50","date_gmt":"2023-05-07T12:23:50","guid":{"rendered":"https:\/\/vraji.sk\/?p=11945"},"modified":"2023-05-07T12:23:51","modified_gmt":"2023-05-07T12:23:51","slug":"sutaz-pre-blogerov-o-ucast-na-art-expediciach-2023-do-hor-gruzinska-armenska-a-slovenska","status":"publish","type":"post","link":"https:\/\/vraji.sk\/hu\/sutaz-pre-blogerov-o-ucast-na-art-expediciach-2023-do-hor-gruzinska-armenska-a-slovenska\/","title":{"rendered":"S\u00da\u0164A\u017d pre blogerov o \u00fa\u010das\u0165 na art exped\u00edci\u00e1ch 2023 do h\u00f4r Gruz\u00ednska, Arm\u00e9nska a Slovenska"},"content":{"rendered":"\n<div class=\"row\">\n    <div class=\"col\">\n        <hr class=\"mt-45 mb-45\">\n    <\/div>\n<\/div>\n\n\n<p><strong>T\u00edm medzin\u00e1rodn\u00e9ho projektu Kreat\u00edvne hory<\/strong> <strong>s nad\u0161en\u00edm uv\u00e1dza nov\u00fa s\u00fa\u0165a\u017e pre blogerov a fotografov, ktor\u00ed maj\u00fa tento rok z\u00e1ujem z\u00fa\u010dastni\u0165 sa dobrodru\u017en\u00fdch exped\u00edci\u00ed do horsk\u00fdch oblast\u00ed Gruz\u00ednska, Arm\u00e9nska, a samozrejme n\u00e1\u0161ho Slovensk\u00e9ho raja. Pozor, \u00faplne ZADARMO! Organiz\u00e1tori pokryuj\u00fa v\u0161etky n\u00e1klady na program, dopravu ubytovanie a stravu, v\u00fdmenou za propaga\u010dn\u00fd obsah, ktor\u00fd spolu vytvor\u00edme s cie\u013eom zvidite\u013eni\u0165 nav\u0161t\u00edven\u00e9 miesta medzi turistami. \u010c\u00edtajte \u010falej a dozviete sa viac. <\/strong><\/p>\n\n\n\n<div class=\"row\">\n    <div class=\"col\">\n        <hr class=\"mt-45 mb-45\">\n    <\/div>\n<\/div>\n\n\n<p>V\u0161etky tri exped\u00edcie do Gruz\u00ednska, Arm\u00e9nska a Slovensk\u00e9ho raja sa uskuto\u010dnia od j\u00fala do septembra 2023 (Slovensk\u00fd raj 8. &#8211; 16. j\u00fala, Gruz\u00ednsko 6. &#8211; 14. augusta, Arm\u00e9nsko 2. &#8211; 9. septembra). Po\u010das exped\u00edci\u00ed \u00fa\u010dastn\u00edci objavia unik\u00e1tne pr\u00edrodn\u00e9 lokality a spoznaj\u00fa jedine\u010dn\u00e9 kult\u00farne trad\u00edcie nav\u0161t\u00edven\u00fdch regi\u00f3nov. Cie\u013eom exped\u00edci\u00ed je vytvori\u0165 spolo\u010dne hodnotn\u00fd marketingov\u00fd obsah &#8211; fotografie, vide\u00e1, texty, ktor\u00e9 bude po spracovan\u00ed mo\u017en\u00e9 publikova\u0165 na internete pre zvidite\u013enenie turistick\u00fdch atraktiv\u00edt v t\u00fdchto regi\u00f3noch. <\/p>\n\n\n\n<p>K spolupr\u00e1ci s\u00fa pozvan\u00ed predov\u0161etk\u00fdm autori blogov a vlogov na Facebooku, Instagrame, TikTok-u a YouTube, ktor\u00ed sa venuj\u00fa niektorej z t\u00fdchto t\u00e9m: <\/p>\n\n\n\n<ul class=\"wp-block-list\">\n<li>pr\u00edroda,&nbsp;<\/li>\n\n\n\n<li>cestovanie,&nbsp;<\/li>\n\n\n\n<li>kult\u00fara a umenie,&nbsp;<\/li>\n\n\n\n<li>\u017eivotn\u00fd \u0161t\u00fdl,<\/li>\n\n\n\n<li>jedlo a gastron\u00f3mia<\/li>\n\n\n\n<li>farm\u00e1rstvo, pestovanie, dom\u00e1ca v\u00fdroba,\u00a0<\/li>\n\n\n\n<li>ekol\u00f3gia a udr\u017eate\u013en\u00fd rozvoj.\u00a0<\/li>\n<\/ul>\n\n\n\n<p>T\u00edm exped\u00edci\u00ed bude zlo\u017een\u00fd z blogerov z r\u00f4znych kraj\u00edn sveta, preto sa od \u00fa\u010dastn\u00edkov o\u010dak\u00e1va akt\u00edvna znalos\u0165 anglick\u00e9ho jazyka. <strong>Prihlasovanie do v\u00fdzvy je otvoren\u00e9 do 16. m\u00e1ja 2023<\/strong> <strong>prostredn\u00edctvom formul\u00e1ra <a href=\"https:\/\/travedding.com\/\">na ofici\u00e1lnej webovej str\u00e1nke projektu<\/a><\/strong>. Z\u00e1ujemcovia sa m\u00f4\u017eu prihl\u00e1si\u0165 na v\u0161etky tri exped\u00edcie, alebo aj jednotlivo. Zoznam \u00faspe\u0161n\u00fdch uch\u00e1dza\u010dov bude zverejnen\u00fd do 26. m\u00e1ja 2023. <\/p>\n\n\n\n<p>Art exped\u00edcie projektu Kreat\u00edvne hory, s ktor\u00fdm akt\u00edvne spolupracuje aj na\u0161a OOCR Slovensk\u00fd raj &amp; Spi\u0161, maj\u00fa za cie\u013e uk\u00e1za\u0165, \u017ee n\u00e1rodn\u00e9 parky a in\u00e9 atrakt\u00edvne chr\u00e1nen\u00e9 \u00fazemia v nav\u0161t\u00edven\u00fdch krajin\u00e1ch uchov\u00e1vaj\u00fa nielen v\u00fdnimo\u010dn\u00e9 pr\u00edrodn\u00e9 klenoty, ale aj unik\u00e1tne kult\u00farne dedi\u010dstvo. S\u00fa organizovan\u00e9 s podporou programu Creative Europe pre projekty, ktor\u00e9 vyu\u017e\u00edvaj\u00fa kreat\u00edvne pr\u00edstupy v komunik\u00e1cii a umo\u017e\u0148uj\u00fa kult\u00farnym akt\u00e9rom cestova\u0165 a vymie\u0148a\u0165 si sk\u00fasenosti naprie\u010d krajinami Eur\u00f3py. <\/p>\n\n\n\n<p><strong>Nepreme\u0161kajte t\u00fato pr\u00edle\u017eitos\u0165, te\u0161\u00edme sa na va\u0161u \u00fa\u010das\u0165 v s\u00fata\u017ei! Pre bli\u017e\u0161ie inform\u00e1cie nev\u00e1hajte nap\u00edsa\u0165 e-mail na adresu travedding@gmail.com.<\/strong><\/p>\n\n\n\n<p>Art exped\u00edcie s\u00fa organizovan\u00e9 s finan\u010dnou podporou Eur\u00f3pskej \u00fanie. <\/p>\n\n\n\n<div class=\"wp-block-columns is-layout-flex wp-container-core-columns-is-layout-9d6595d7 wp-block-columns-is-layout-flex\">\n<div class=\"wp-block-column is-layout-flow wp-block-column-is-layout-flow\">\n<figure class=\"wp-block-image size-large\"><img loading=\"lazy\" decoding=\"async\" width=\"575\" height=\"1024\" src=\"https:\/\/vraji.sk\/wp-content\/uploads\/2023\/05\/travedding_target4-1-575x1024.jpg\" alt=\"\" class=\"wp-image-11954\" srcset=\"https:\/\/vraji.sk\/wp-content\/uploads\/2023\/05\/travedding_target4-1-575x1024.jpg 575w, https:\/\/vraji.sk\/wp-content\/uploads\/2023\/05\/travedding_target4-1-169x300.jpg 169w, https:\/\/vraji.sk\/wp-content\/uploads\/2023\/05\/travedding_target4-1-768x1367.jpg 768w, https:\/\/vraji.sk\/wp-content\/uploads\/2023\/05\/travedding_target4-1-863x1536.jpg 863w, https:\/\/vraji.sk\/wp-content\/uploads\/2023\/05\/travedding_target4-1.jpg 1079w\" sizes=\"auto, (max-width: 575px) 100vw, 575px\" \/><\/figure>\n<\/div>\n\n\n\n<div class=\"wp-block-column is-layout-flow wp-block-column-is-layout-flow\">\n<figure class=\"wp-block-image size-large\"><img loading=\"lazy\" decoding=\"async\" width=\"576\" height=\"1024\" src=\"https:\/\/vraji.sk\/wp-content\/uploads\/2023\/05\/travedding_target1-2-576x1024.jpg\" alt=\"\" class=\"wp-image-11956\" srcset=\"https:\/\/vraji.sk\/wp-content\/uploads\/2023\/05\/travedding_target1-2-576x1024.jpg 576w, https:\/\/vraji.sk\/wp-content\/uploads\/2023\/05\/travedding_target1-2-169x300.jpg 169w, https:\/\/vraji.sk\/wp-content\/uploads\/2023\/05\/travedding_target1-2-768x1365.jpg 768w, https:\/\/vraji.sk\/wp-content\/uploads\/2023\/05\/travedding_target1-2-864x1536.jpg 864w, https:\/\/vraji.sk\/wp-content\/uploads\/2023\/05\/travedding_target1-2.jpg 1081w\" sizes=\"auto, (max-width: 576px) 100vw, 576px\" \/><\/figure>\n<\/div>\n<\/div>\n","protected":false},"excerpt":{"rendered":"<p>T\u00edm medzin\u00e1rodn\u00e9ho projektu Kreat\u00edvne hory s nad\u0161en\u00edm uv\u00e1dza nov\u00fa s\u00fa\u0165a\u017e pre blogerov a fo<\/p>\n","protected":false},"author":52,"featured_media":11948,"comment_status":"open","ping_status":"open","sticky":false,"template":"","format":"standard","meta":{"_acf_changed":false,"footnotes":""},"categories":[1],"tags":[100],"class_list":["post-11945","post","type-post","status-publish","format-standard","has-post-thumbnail","hentry","category-uncategorized-sk","tag-sutaz"],"acf":[],"yoast_head":"<!-- This site is optimized with the Yoast SEO plugin v27.5 - https:\/\/yoast.com\/product\/yoast-seo-wordpress\/ -->\n<title>S\u00da\u0164A\u017d pre blogerov o \u00fa\u010das\u0165 na art exped\u00edci\u00e1ch 2023 do h\u00f4r Gruz\u00ednska, Arm\u00e9nska a Slovenska - OOCR<\/title>\n<meta name=\"description\" content=\"Zapojte sa do s\u00fa\u0165a\u017ee a precestujte tie najkraj\u0161ie horsk\u00e9 oblasti Gruz\u00ednska, Arm\u00e9nska a Slovensk\u00fd raj s projektom Travedding - \u00faplne ZADARMO!\" \/>\n<meta name=\"robots\" content=\"index, follow, max-snippet:-1, max-image-preview:large, max-video-preview:-1\" \/>\n<link rel=\"canonical\" href=\"https:\/\/vraji.sk\/hu\/sutaz-pre-blogerov-o-ucast-na-art-expediciach-2023-do-hor-gruzinska-armenska-a-slovenska\/\" \/>\n<meta property=\"og:locale\" content=\"hu_HU\" \/>\n<meta property=\"og:type\" content=\"article\" \/>\n<meta property=\"og:title\" content=\"S\u00da\u0164A\u017d pre blogerov o \u00fa\u010das\u0165 na art exped\u00edci\u00e1ch 2023 do h\u00f4r Gruz\u00ednska, Arm\u00e9nska a Slovenska - OOCR\" \/>\n<meta property=\"og:description\" content=\"Zapojte sa do s\u00fa\u0165a\u017ee a precestujte tie najkraj\u0161ie horsk\u00e9 oblasti Gruz\u00ednska, Arm\u00e9nska a Slovensk\u00fd raj s projektom Travedding - \u00faplne ZADARMO!\" \/>\n<meta property=\"og:url\" content=\"https:\/\/vraji.sk\/hu\/sutaz-pre-blogerov-o-ucast-na-art-expediciach-2023-do-hor-gruzinska-armenska-a-slovenska\/\" \/>\n<meta property=\"og:site_name\" content=\"OOCR\" \/>\n<meta property=\"article:published_time\" content=\"2023-05-07T12:23:50+00:00\" \/>\n<meta property=\"article:modified_time\" content=\"2023-05-07T12:23:51+00:00\" \/>\n<meta property=\"og:image\" content=\"https:\/\/vraji.sk\/wp-content\/uploads\/2023\/05\/travedding_target4-orez.jpg\" \/>\n\t<meta property=\"og:image:width\" content=\"1076\" \/>\n\t<meta property=\"og:image:height\" content=\"711\" \/>\n\t<meta property=\"og:image:type\" content=\"image\/jpeg\" \/>\n<meta name=\"author\" content=\"OOCR\" \/>\n<meta name=\"twitter:card\" content=\"summary_large_image\" \/>\n<meta name=\"twitter:label1\" content=\"Szerz\u0151:\" \/>\n\t<meta name=\"twitter:data1\" content=\"OOCR\" \/>\n\t<meta name=\"twitter:label2\" content=\"Becs\u00fclt olvas\u00e1si id\u0151\" \/>\n\t<meta name=\"twitter:data2\" content=\"2 perc\" \/>\n<script type=\"application\/ld+json\" class=\"yoast-schema-graph\">{\"@context\":\"https:\\\/\\\/schema.org\",\"@graph\":[{\"@type\":\"Article\",\"@id\":\"https:\\\/\\\/vraji.sk\\\/hu\\\/sutaz-pre-blogerov-o-ucast-na-art-expediciach-2023-do-hor-gruzinska-armenska-a-slovenska\\\/#article\",\"isPartOf\":{\"@id\":\"https:\\\/\\\/vraji.sk\\\/hu\\\/sutaz-pre-blogerov-o-ucast-na-art-expediciach-2023-do-hor-gruzinska-armenska-a-slovenska\\\/\"},\"author\":{\"name\":\"OOCR\",\"@id\":\"https:\\\/\\\/vraji.sk\\\/hu\\\/#\\\/schema\\\/person\\\/6ba5da72601ea4018533f90f796d4530\"},\"headline\":\"S\u00da\u0164A\u017d pre blogerov o \u00fa\u010das\u0165 na art exped\u00edci\u00e1ch 2023 do h\u00f4r Gruz\u00ednska, Arm\u00e9nska a Slovenska\",\"datePublished\":\"2023-05-07T12:23:50+00:00\",\"dateModified\":\"2023-05-07T12:23:51+00:00\",\"mainEntityOfPage\":{\"@id\":\"https:\\\/\\\/vraji.sk\\\/hu\\\/sutaz-pre-blogerov-o-ucast-na-art-expediciach-2023-do-hor-gruzinska-armenska-a-slovenska\\\/\"},\"wordCount\":489,\"commentCount\":0,\"publisher\":{\"@id\":\"https:\\\/\\\/vraji.sk\\\/hu\\\/#organization\"},\"image\":{\"@id\":\"https:\\\/\\\/vraji.sk\\\/hu\\\/sutaz-pre-blogerov-o-ucast-na-art-expediciach-2023-do-hor-gruzinska-armenska-a-slovenska\\\/#primaryimage\"},\"thumbnailUrl\":\"https:\\\/\\\/vraji.sk\\\/wp-content\\\/uploads\\\/2023\\\/05\\\/travedding_target4-orez.jpg\",\"keywords\":[\"s\u00fa\u0165a\u017e\"],\"articleSection\":[\"Uncategorized @sk\"],\"inLanguage\":\"hu\",\"potentialAction\":[{\"@type\":\"CommentAction\",\"name\":\"Comment\",\"target\":[\"https:\\\/\\\/vraji.sk\\\/hu\\\/sutaz-pre-blogerov-o-ucast-na-art-expediciach-2023-do-hor-gruzinska-armenska-a-slovenska\\\/#respond\"]}]},{\"@type\":\"WebPage\",\"@id\":\"https:\\\/\\\/vraji.sk\\\/hu\\\/sutaz-pre-blogerov-o-ucast-na-art-expediciach-2023-do-hor-gruzinska-armenska-a-slovenska\\\/\",\"url\":\"https:\\\/\\\/vraji.sk\\\/hu\\\/sutaz-pre-blogerov-o-ucast-na-art-expediciach-2023-do-hor-gruzinska-armenska-a-slovenska\\\/\",\"name\":\"S\u00da\u0164A\u017d pre blogerov o \u00fa\u010das\u0165 na art exped\u00edci\u00e1ch 2023 do h\u00f4r Gruz\u00ednska, Arm\u00e9nska a Slovenska - OOCR\",\"isPartOf\":{\"@id\":\"https:\\\/\\\/vraji.sk\\\/hu\\\/#website\"},\"primaryImageOfPage\":{\"@id\":\"https:\\\/\\\/vraji.sk\\\/hu\\\/sutaz-pre-blogerov-o-ucast-na-art-expediciach-2023-do-hor-gruzinska-armenska-a-slovenska\\\/#primaryimage\"},\"image\":{\"@id\":\"https:\\\/\\\/vraji.sk\\\/hu\\\/sutaz-pre-blogerov-o-ucast-na-art-expediciach-2023-do-hor-gruzinska-armenska-a-slovenska\\\/#primaryimage\"},\"thumbnailUrl\":\"https:\\\/\\\/vraji.sk\\\/wp-content\\\/uploads\\\/2023\\\/05\\\/travedding_target4-orez.jpg\",\"datePublished\":\"2023-05-07T12:23:50+00:00\",\"dateModified\":\"2023-05-07T12:23:51+00:00\",\"description\":\"Zapojte sa do s\u00fa\u0165a\u017ee a precestujte tie najkraj\u0161ie horsk\u00e9 oblasti Gruz\u00ednska, Arm\u00e9nska a Slovensk\u00fd raj s projektom Travedding - \u00faplne ZADARMO!\",\"breadcrumb\":{\"@id\":\"https:\\\/\\\/vraji.sk\\\/hu\\\/sutaz-pre-blogerov-o-ucast-na-art-expediciach-2023-do-hor-gruzinska-armenska-a-slovenska\\\/#breadcrumb\"},\"inLanguage\":\"hu\",\"potentialAction\":[{\"@type\":\"ReadAction\",\"target\":[\"https:\\\/\\\/vraji.sk\\\/hu\\\/sutaz-pre-blogerov-o-ucast-na-art-expediciach-2023-do-hor-gruzinska-armenska-a-slovenska\\\/\"]}]},{\"@type\":\"ImageObject\",\"inLanguage\":\"hu\",\"@id\":\"https:\\\/\\\/vraji.sk\\\/hu\\\/sutaz-pre-blogerov-o-ucast-na-art-expediciach-2023-do-hor-gruzinska-armenska-a-slovenska\\\/#primaryimage\",\"url\":\"https:\\\/\\\/vraji.sk\\\/wp-content\\\/uploads\\\/2023\\\/05\\\/travedding_target4-orez.jpg\",\"contentUrl\":\"https:\\\/\\\/vraji.sk\\\/wp-content\\\/uploads\\\/2023\\\/05\\\/travedding_target4-orez.jpg\",\"width\":1076,\"height\":711},{\"@type\":\"BreadcrumbList\",\"@id\":\"https:\\\/\\\/vraji.sk\\\/hu\\\/sutaz-pre-blogerov-o-ucast-na-art-expediciach-2023-do-hor-gruzinska-armenska-a-slovenska\\\/#breadcrumb\",\"itemListElement\":[{\"@type\":\"ListItem\",\"position\":1,\"name\":\"Home\",\"item\":\"https:\\\/\\\/vraji.sk\\\/hu\\\/honlap\\\/\"},{\"@type\":\"ListItem\",\"position\":2,\"name\":\"S\u00da\u0164A\u017d pre blogerov o \u00fa\u010das\u0165 na art exped\u00edci\u00e1ch 2023 do h\u00f4r Gruz\u00ednska, Arm\u00e9nska a Slovenska\"}]},{\"@type\":\"WebSite\",\"@id\":\"https:\\\/\\\/vraji.sk\\\/hu\\\/#website\",\"url\":\"https:\\\/\\\/vraji.sk\\\/hu\\\/\",\"name\":\"OOCR\",\"description\":\"Regi\u00f3n Slovensk\u00fd raj a Spi\u0161 | Z\u00e1\u017eitky, turistika, hist\u00f3ria | vRaji.sk\",\"publisher\":{\"@id\":\"https:\\\/\\\/vraji.sk\\\/hu\\\/#organization\"},\"potentialAction\":[{\"@type\":\"SearchAction\",\"target\":{\"@type\":\"EntryPoint\",\"urlTemplate\":\"https:\\\/\\\/vraji.sk\\\/hu\\\/?s={search_term_string}\"},\"query-input\":{\"@type\":\"PropertyValueSpecification\",\"valueRequired\":true,\"valueName\":\"search_term_string\"}}],\"inLanguage\":\"hu\"},{\"@type\":\"Organization\",\"@id\":\"https:\\\/\\\/vraji.sk\\\/hu\\\/#organization\",\"name\":\"OOCR\",\"url\":\"https:\\\/\\\/vraji.sk\\\/hu\\\/\",\"logo\":{\"@type\":\"ImageObject\",\"inLanguage\":\"hu\",\"@id\":\"https:\\\/\\\/vraji.sk\\\/hu\\\/#\\\/schema\\\/logo\\\/image\\\/\",\"url\":\"https:\\\/\\\/vraji.sk\\\/wp-content\\\/uploads\\\/2021\\\/11\\\/biele-logo-1.svg\",\"contentUrl\":\"https:\\\/\\\/vraji.sk\\\/wp-content\\\/uploads\\\/2021\\\/11\\\/biele-logo-1.svg\",\"caption\":\"OOCR\"},\"image\":{\"@id\":\"https:\\\/\\\/vraji.sk\\\/hu\\\/#\\\/schema\\\/logo\\\/image\\\/\"}},{\"@type\":\"Person\",\"@id\":\"https:\\\/\\\/vraji.sk\\\/hu\\\/#\\\/schema\\\/person\\\/6ba5da72601ea4018533f90f796d4530\",\"name\":\"OOCR\",\"image\":{\"@type\":\"ImageObject\",\"inLanguage\":\"hu\",\"@id\":\"https:\\\/\\\/secure.gravatar.com\\\/avatar\\\/254aa66d580269ab31c41bb5eb446b00d03ea31eab4a58840a0e31f2890e31c4?s=96&d=mm&r=g\",\"url\":\"https:\\\/\\\/secure.gravatar.com\\\/avatar\\\/254aa66d580269ab31c41bb5eb446b00d03ea31eab4a58840a0e31f2890e31c4?s=96&d=mm&r=g\",\"contentUrl\":\"https:\\\/\\\/secure.gravatar.com\\\/avatar\\\/254aa66d580269ab31c41bb5eb446b00d03ea31eab4a58840a0e31f2890e31c4?s=96&d=mm&r=g\",\"caption\":\"OOCR\"},\"url\":\"https:\\\/\\\/vraji.sk\\\/hu\\\/author\\\/oocr-info\\\/\"}]}<\/script>\n<!-- \/ Yoast SEO plugin. -->","yoast_head_json":{"title":"S\u00da\u0164A\u017d pre blogerov o \u00fa\u010das\u0165 na art exped\u00edci\u00e1ch 2023 do h\u00f4r Gruz\u00ednska, Arm\u00e9nska a Slovenska - OOCR","description":"Zapojte sa do s\u00fa\u0165a\u017ee a precestujte tie najkraj\u0161ie horsk\u00e9 oblasti Gruz\u00ednska, Arm\u00e9nska a Slovensk\u00fd raj s projektom Travedding - \u00faplne ZADARMO!","robots":{"index":"index","follow":"follow","max-snippet":"max-snippet:-1","max-image-preview":"max-image-preview:large","max-video-preview":"max-video-preview:-1"},"canonical":"https:\/\/vraji.sk\/hu\/sutaz-pre-blogerov-o-ucast-na-art-expediciach-2023-do-hor-gruzinska-armenska-a-slovenska\/","og_locale":"hu_HU","og_type":"article","og_title":"S\u00da\u0164A\u017d pre blogerov o \u00fa\u010das\u0165 na art exped\u00edci\u00e1ch 2023 do h\u00f4r Gruz\u00ednska, Arm\u00e9nska a Slovenska - OOCR","og_description":"Zapojte sa do s\u00fa\u0165a\u017ee a precestujte tie najkraj\u0161ie horsk\u00e9 oblasti Gruz\u00ednska, Arm\u00e9nska a Slovensk\u00fd raj s projektom Travedding - \u00faplne ZADARMO!","og_url":"https:\/\/vraji.sk\/hu\/sutaz-pre-blogerov-o-ucast-na-art-expediciach-2023-do-hor-gruzinska-armenska-a-slovenska\/","og_site_name":"OOCR","article_published_time":"2023-05-07T12:23:50+00:00","article_modified_time":"2023-05-07T12:23:51+00:00","og_image":[{"width":1076,"height":711,"url":"https:\/\/vraji.sk\/wp-content\/uploads\/2023\/05\/travedding_target4-orez.jpg","type":"image\/jpeg"}],"author":"OOCR","twitter_card":"summary_large_image","twitter_misc":{"Szerz\u0151:":"OOCR","Becs\u00fclt olvas\u00e1si id\u0151":"2 perc"},"schema":{"@context":"https:\/\/schema.org","@graph":[{"@type":"Article","@id":"https:\/\/vraji.sk\/hu\/sutaz-pre-blogerov-o-ucast-na-art-expediciach-2023-do-hor-gruzinska-armenska-a-slovenska\/#article","isPartOf":{"@id":"https:\/\/vraji.sk\/hu\/sutaz-pre-blogerov-o-ucast-na-art-expediciach-2023-do-hor-gruzinska-armenska-a-slovenska\/"},"author":{"name":"OOCR","@id":"https:\/\/vraji.sk\/hu\/#\/schema\/person\/6ba5da72601ea4018533f90f796d4530"},"headline":"S\u00da\u0164A\u017d pre blogerov o \u00fa\u010das\u0165 na art exped\u00edci\u00e1ch 2023 do h\u00f4r Gruz\u00ednska, Arm\u00e9nska a Slovenska","datePublished":"2023-05-07T12:23:50+00:00","dateModified":"2023-05-07T12:23:51+00:00","mainEntityOfPage":{"@id":"https:\/\/vraji.sk\/hu\/sutaz-pre-blogerov-o-ucast-na-art-expediciach-2023-do-hor-gruzinska-armenska-a-slovenska\/"},"wordCount":489,"commentCount":0,"publisher":{"@id":"https:\/\/vraji.sk\/hu\/#organization"},"image":{"@id":"https:\/\/vraji.sk\/hu\/sutaz-pre-blogerov-o-ucast-na-art-expediciach-2023-do-hor-gruzinska-armenska-a-slovenska\/#primaryimage"},"thumbnailUrl":"https:\/\/vraji.sk\/wp-content\/uploads\/2023\/05\/travedding_target4-orez.jpg","keywords":["s\u00fa\u0165a\u017e"],"articleSection":["Uncategorized @sk"],"inLanguage":"hu","potentialAction":[{"@type":"CommentAction","name":"Comment","target":["https:\/\/vraji.sk\/hu\/sutaz-pre-blogerov-o-ucast-na-art-expediciach-2023-do-hor-gruzinska-armenska-a-slovenska\/#respond"]}]},{"@type":"WebPage","@id":"https:\/\/vraji.sk\/hu\/sutaz-pre-blogerov-o-ucast-na-art-expediciach-2023-do-hor-gruzinska-armenska-a-slovenska\/","url":"https:\/\/vraji.sk\/hu\/sutaz-pre-blogerov-o-ucast-na-art-expediciach-2023-do-hor-gruzinska-armenska-a-slovenska\/","name":"S\u00da\u0164A\u017d pre blogerov o \u00fa\u010das\u0165 na art exped\u00edci\u00e1ch 2023 do h\u00f4r Gruz\u00ednska, Arm\u00e9nska a Slovenska - OOCR","isPartOf":{"@id":"https:\/\/vraji.sk\/hu\/#website"},"primaryImageOfPage":{"@id":"https:\/\/vraji.sk\/hu\/sutaz-pre-blogerov-o-ucast-na-art-expediciach-2023-do-hor-gruzinska-armenska-a-slovenska\/#primaryimage"},"image":{"@id":"https:\/\/vraji.sk\/hu\/sutaz-pre-blogerov-o-ucast-na-art-expediciach-2023-do-hor-gruzinska-armenska-a-slovenska\/#primaryimage"},"thumbnailUrl":"https:\/\/vraji.sk\/wp-content\/uploads\/2023\/05\/travedding_target4-orez.jpg","datePublished":"2023-05-07T12:23:50+00:00","dateModified":"2023-05-07T12:23:51+00:00","description":"Zapojte sa do s\u00fa\u0165a\u017ee a precestujte tie najkraj\u0161ie horsk\u00e9 oblasti Gruz\u00ednska, Arm\u00e9nska a Slovensk\u00fd raj s projektom Travedding - \u00faplne ZADARMO!","breadcrumb":{"@id":"https:\/\/vraji.sk\/hu\/sutaz-pre-blogerov-o-ucast-na-art-expediciach-2023-do-hor-gruzinska-armenska-a-slovenska\/#breadcrumb"},"inLanguage":"hu","potentialAction":[{"@type":"ReadAction","target":["https:\/\/vraji.sk\/hu\/sutaz-pre-blogerov-o-ucast-na-art-expediciach-2023-do-hor-gruzinska-armenska-a-slovenska\/"]}]},{"@type":"ImageObject","inLanguage":"hu","@id":"https:\/\/vraji.sk\/hu\/sutaz-pre-blogerov-o-ucast-na-art-expediciach-2023-do-hor-gruzinska-armenska-a-slovenska\/#primaryimage","url":"https:\/\/vraji.sk\/wp-content\/uploads\/2023\/05\/travedding_target4-orez.jpg","contentUrl":"https:\/\/vraji.sk\/wp-content\/uploads\/2023\/05\/travedding_target4-orez.jpg","width":1076,"height":711},{"@type":"BreadcrumbList","@id":"https:\/\/vraji.sk\/hu\/sutaz-pre-blogerov-o-ucast-na-art-expediciach-2023-do-hor-gruzinska-armenska-a-slovenska\/#breadcrumb","itemListElement":[{"@type":"ListItem","position":1,"name":"Home","item":"https:\/\/vraji.sk\/hu\/honlap\/"},{"@type":"ListItem","position":2,"name":"S\u00da\u0164A\u017d pre blogerov o \u00fa\u010das\u0165 na art exped\u00edci\u00e1ch 2023 do h\u00f4r Gruz\u00ednska, Arm\u00e9nska a Slovenska"}]},{"@type":"WebSite","@id":"https:\/\/vraji.sk\/hu\/#website","url":"https:\/\/vraji.sk\/hu\/","name":"OOCR","description":"Regi\u00f3n Slovensk\u00fd raj a Spi\u0161 | Z\u00e1\u017eitky, turistika, hist\u00f3ria | vRaji.sk","publisher":{"@id":"https:\/\/vraji.sk\/hu\/#organization"},"potentialAction":[{"@type":"SearchAction","target":{"@type":"EntryPoint","urlTemplate":"https:\/\/vraji.sk\/hu\/?s={search_term_string}"},"query-input":{"@type":"PropertyValueSpecification","valueRequired":true,"valueName":"search_term_string"}}],"inLanguage":"hu"},{"@type":"Organization","@id":"https:\/\/vraji.sk\/hu\/#organization","name":"OOCR","url":"https:\/\/vraji.sk\/hu\/","logo":{"@type":"ImageObject","inLanguage":"hu","@id":"https:\/\/vraji.sk\/hu\/#\/schema\/logo\/image\/","url":"https:\/\/vraji.sk\/wp-content\/uploads\/2021\/11\/biele-logo-1.svg","contentUrl":"https:\/\/vraji.sk\/wp-content\/uploads\/2021\/11\/biele-logo-1.svg","caption":"OOCR"},"image":{"@id":"https:\/\/vraji.sk\/hu\/#\/schema\/logo\/image\/"}},{"@type":"Person","@id":"https:\/\/vraji.sk\/hu\/#\/schema\/person\/6ba5da72601ea4018533f90f796d4530","name":"OOCR","image":{"@type":"ImageObject","inLanguage":"hu","@id":"https:\/\/secure.gravatar.com\/avatar\/254aa66d580269ab31c41bb5eb446b00d03ea31eab4a58840a0e31f2890e31c4?s=96&d=mm&r=g","url":"https:\/\/secure.gravatar.com\/avatar\/254aa66d580269ab31c41bb5eb446b00d03ea31eab4a58840a0e31f2890e31c4?s=96&d=mm&r=g","contentUrl":"https:\/\/secure.gravatar.com\/avatar\/254aa66d580269ab31c41bb5eb446b00d03ea31eab4a58840a0e31f2890e31c4?s=96&d=mm&r=g","caption":"OOCR"},"url":"https:\/\/vraji.sk\/hu\/author\/oocr-info\/"}]}},"_links":{"self":[{"href":"https:\/\/vraji.sk\/hu\/wp-json\/wp\/v2\/posts\/11945","targetHints":{"allow":["GET"]}}],"collection":[{"href":"https:\/\/vraji.sk\/hu\/wp-json\/wp\/v2\/posts"}],"about":[{"href":"https:\/\/vraji.sk\/hu\/wp-json\/wp\/v2\/types\/post"}],"author":[{"embeddable":true,"href":"https:\/\/vraji.sk\/hu\/wp-json\/wp\/v2\/users\/52"}],"replies":[{"embeddable":true,"href":"https:\/\/vraji.sk\/hu\/wp-json\/wp\/v2\/comments?post=11945"}],"version-history":[{"count":1,"href":"https:\/\/vraji.sk\/hu\/wp-json\/wp\/v2\/posts\/11945\/revisions"}],"predecessor-version":[{"id":11958,"href":"https:\/\/vraji.sk\/hu\/wp-json\/wp\/v2\/posts\/11945\/revisions\/11958"}],"wp:featuredmedia":[{"embeddable":true,"href":"https:\/\/vraji.sk\/hu\/wp-json\/wp\/v2\/media\/11948"}],"wp:attachment":[{"href":"https:\/\/vraji.sk\/hu\/wp-json\/wp\/v2\/media?parent=11945"}],"wp:term":[{"taxonomy":"category","embeddable":true,"href":"https:\/\/vraji.sk\/hu\/wp-json\/wp\/v2\/categories?post=11945"},{"taxonomy":"post_tag","embeddable":true,"href":"https:\/\/vraji.sk\/hu\/wp-json\/wp\/v2\/tags?post=11945"}],"curies":[{"name":"wp","href":"https:\/\/api.w.org\/{rel}","templated":true}]}}