{"id":14404,"date":"2023-11-27T14:03:36","date_gmt":"2023-11-27T14:03:36","guid":{"rendered":"https:\/\/vraji.sk\/?p=14404"},"modified":"2024-01-04T08:31:36","modified_gmt":"2024-01-04T08:31:36","slug":"vianocny-cas-v-raji","status":"publish","type":"post","link":"https:\/\/vraji.sk\/hu\/vianocny-cas-v-raji\/","title":{"rendered":"Janu\u00e1r v raji"},"content":{"rendered":"\n<p>Pr\u00ed\u010fte si u\u017ei\u0165 sneh a kult\u00faru a vyberte si z bohatej ponuky podujat\u00ed<\/p>\n\n\n<div class=\"wp-block-image\">\n<figure class=\"aligncenter size-full\"><a href=\"https:\/\/vraji.sk\/wp-content\/uploads\/2023\/11\/jan-MKC.jpg\"><img loading=\"lazy\" decoding=\"async\" width=\"696\" height=\"886\" src=\"https:\/\/vraji.sk\/wp-content\/uploads\/2023\/11\/jan-MKC.jpg\" alt=\"\" class=\"wp-image-14633\" srcset=\"https:\/\/vraji.sk\/wp-content\/uploads\/2023\/11\/jan-MKC.jpg 696w, https:\/\/vraji.sk\/wp-content\/uploads\/2023\/11\/jan-MKC-236x300.jpg 236w\" sizes=\"auto, (max-width: 696px) 100vw, 696px\" \/><\/a><\/figure>\n<\/div>\n\n<div class=\"wp-block-image\">\n<figure class=\"aligncenter size-full\"><a href=\"https:\/\/vraji.sk\/wp-content\/uploads\/2023\/11\/fragile.jpg\"><img loading=\"lazy\" decoding=\"async\" width=\"509\" height=\"720\" src=\"https:\/\/vraji.sk\/wp-content\/uploads\/2023\/11\/fragile.jpg\" alt=\"\" class=\"wp-image-14635\" srcset=\"https:\/\/vraji.sk\/wp-content\/uploads\/2023\/11\/fragile.jpg 509w, https:\/\/vraji.sk\/wp-content\/uploads\/2023\/11\/fragile-212x300.jpg 212w\" sizes=\"auto, (max-width: 509px) 100vw, 509px\" \/><\/a><\/figure>\n<\/div>","protected":false},"excerpt":{"rendered":"<p>Pr\u00ed\u010fte si u\u017ei\u0165 sneh a kult\u00faru a vyberte si z bohatej ponuky podujat\u00ed<\/p>\n","protected":false},"author":50,"featured_media":14424,"comment_status":"open","ping_status":"open","sticky":false,"template":"","format":"standard","meta":{"_acf_changed":false,"footnotes":""},"categories":[1],"tags":[],"class_list":["post-14404","post","type-post","status-publish","format-standard","has-post-thumbnail","hentry","category-uncategorized-sk"],"acf":[],"yoast_head":"<!-- This site is optimized with the Yoast SEO plugin v27.4 - https:\/\/yoast.com\/product\/yoast-seo-wordpress\/ -->\n<title>Janu\u00e1r v raji - OOCR<\/title>\n<meta name=\"robots\" content=\"index, follow, max-snippet:-1, max-image-preview:large, max-video-preview:-1\" \/>\n<link rel=\"canonical\" href=\"https:\/\/vraji.sk\/hu\/vianocny-cas-v-raji\/\" \/>\n<meta property=\"og:locale\" content=\"hu_HU\" \/>\n<meta property=\"og:type\" content=\"article\" \/>\n<meta property=\"og:title\" content=\"Janu\u00e1r v raji - OOCR\" \/>\n<meta property=\"og:description\" content=\"Pr\u00ed\u010fte si u\u017ei\u0165 sneh a kult\u00faru a vyberte si z bohatej ponuky podujat\u00ed\" \/>\n<meta property=\"og:url\" content=\"https:\/\/vraji.sk\/hu\/vianocny-cas-v-raji\/\" \/>\n<meta property=\"og:site_name\" content=\"OOCR\" \/>\n<meta property=\"article:published_time\" content=\"2023-11-27T14:03:36+00:00\" \/>\n<meta property=\"article:modified_time\" content=\"2024-01-04T08:31:36+00:00\" \/>\n<meta property=\"og:image\" content=\"https:\/\/vraji.sk\/wp-content\/uploads\/2023\/12\/PF.jpg\" \/>\n\t<meta property=\"og:image:width\" content=\"596\" \/>\n\t<meta property=\"og:image:height\" content=\"424\" \/>\n\t<meta property=\"og:image:type\" content=\"image\/jpeg\" \/>\n<meta name=\"author\" content=\"oocr-obsah\" \/>\n<meta name=\"twitter:card\" content=\"summary_large_image\" \/>\n<meta name=\"twitter:label1\" content=\"Szerz\u0151:\" \/>\n\t<meta name=\"twitter:data1\" content=\"oocr-obsah\" \/>\n\t<meta name=\"twitter:label2\" content=\"Becs\u00fclt olvas\u00e1si id\u0151\" \/>\n\t<meta name=\"twitter:data2\" content=\"1 perc\" \/>\n<script type=\"application\/ld+json\" class=\"yoast-schema-graph\">{\"@context\":\"https:\\\/\\\/schema.org\",\"@graph\":[{\"@type\":\"Article\",\"@id\":\"https:\\\/\\\/vraji.sk\\\/hu\\\/vianocny-cas-v-raji\\\/#article\",\"isPartOf\":{\"@id\":\"https:\\\/\\\/vraji.sk\\\/hu\\\/vianocny-cas-v-raji\\\/\"},\"author\":{\"name\":\"oocr-obsah\",\"@id\":\"https:\\\/\\\/vraji.sk\\\/hu\\\/#\\\/schema\\\/person\\\/01641cf41f9d52638cb29a73818cf39c\"},\"headline\":\"Janu\u00e1r v raji\",\"datePublished\":\"2023-11-27T14:03:36+00:00\",\"dateModified\":\"2024-01-04T08:31:36+00:00\",\"mainEntityOfPage\":{\"@id\":\"https:\\\/\\\/vraji.sk\\\/hu\\\/vianocny-cas-v-raji\\\/\"},\"wordCount\":20,\"commentCount\":0,\"publisher\":{\"@id\":\"https:\\\/\\\/vraji.sk\\\/hu\\\/#organization\"},\"image\":{\"@id\":\"https:\\\/\\\/vraji.sk\\\/hu\\\/vianocny-cas-v-raji\\\/#primaryimage\"},\"thumbnailUrl\":\"https:\\\/\\\/vraji.sk\\\/wp-content\\\/uploads\\\/2023\\\/12\\\/PF.jpg\",\"articleSection\":[\"Uncategorized @sk\"],\"inLanguage\":\"hu\",\"potentialAction\":[{\"@type\":\"CommentAction\",\"name\":\"Comment\",\"target\":[\"https:\\\/\\\/vraji.sk\\\/hu\\\/vianocny-cas-v-raji\\\/#respond\"]}]},{\"@type\":\"WebPage\",\"@id\":\"https:\\\/\\\/vraji.sk\\\/hu\\\/vianocny-cas-v-raji\\\/\",\"url\":\"https:\\\/\\\/vraji.sk\\\/hu\\\/vianocny-cas-v-raji\\\/\",\"name\":\"Janu\u00e1r v raji - OOCR\",\"isPartOf\":{\"@id\":\"https:\\\/\\\/vraji.sk\\\/hu\\\/#website\"},\"primaryImageOfPage\":{\"@id\":\"https:\\\/\\\/vraji.sk\\\/hu\\\/vianocny-cas-v-raji\\\/#primaryimage\"},\"image\":{\"@id\":\"https:\\\/\\\/vraji.sk\\\/hu\\\/vianocny-cas-v-raji\\\/#primaryimage\"},\"thumbnailUrl\":\"https:\\\/\\\/vraji.sk\\\/wp-content\\\/uploads\\\/2023\\\/12\\\/PF.jpg\",\"datePublished\":\"2023-11-27T14:03:36+00:00\",\"dateModified\":\"2024-01-04T08:31:36+00:00\",\"breadcrumb\":{\"@id\":\"https:\\\/\\\/vraji.sk\\\/hu\\\/vianocny-cas-v-raji\\\/#breadcrumb\"},\"inLanguage\":\"hu\",\"potentialAction\":[{\"@type\":\"ReadAction\",\"target\":[\"https:\\\/\\\/vraji.sk\\\/hu\\\/vianocny-cas-v-raji\\\/\"]}]},{\"@type\":\"ImageObject\",\"inLanguage\":\"hu\",\"@id\":\"https:\\\/\\\/vraji.sk\\\/hu\\\/vianocny-cas-v-raji\\\/#primaryimage\",\"url\":\"https:\\\/\\\/vraji.sk\\\/wp-content\\\/uploads\\\/2023\\\/12\\\/PF.jpg\",\"contentUrl\":\"https:\\\/\\\/vraji.sk\\\/wp-content\\\/uploads\\\/2023\\\/12\\\/PF.jpg\",\"width\":596,\"height\":424},{\"@type\":\"BreadcrumbList\",\"@id\":\"https:\\\/\\\/vraji.sk\\\/hu\\\/vianocny-cas-v-raji\\\/#breadcrumb\",\"itemListElement\":[{\"@type\":\"ListItem\",\"position\":1,\"name\":\"Home\",\"item\":\"https:\\\/\\\/vraji.sk\\\/hu\\\/honlap\\\/\"},{\"@type\":\"ListItem\",\"position\":2,\"name\":\"Janu\u00e1r v raji\"}]},{\"@type\":\"WebSite\",\"@id\":\"https:\\\/\\\/vraji.sk\\\/hu\\\/#website\",\"url\":\"https:\\\/\\\/vraji.sk\\\/hu\\\/\",\"name\":\"OOCR\",\"description\":\"Regi\u00f3n Slovensk\u00fd raj a Spi\u0161 | Z\u00e1\u017eitky, turistika, hist\u00f3ria | vRaji.sk\",\"publisher\":{\"@id\":\"https:\\\/\\\/vraji.sk\\\/hu\\\/#organization\"},\"potentialAction\":[{\"@type\":\"SearchAction\",\"target\":{\"@type\":\"EntryPoint\",\"urlTemplate\":\"https:\\\/\\\/vraji.sk\\\/hu\\\/?s={search_term_string}\"},\"query-input\":{\"@type\":\"PropertyValueSpecification\",\"valueRequired\":true,\"valueName\":\"search_term_string\"}}],\"inLanguage\":\"hu\"},{\"@type\":\"Organization\",\"@id\":\"https:\\\/\\\/vraji.sk\\\/hu\\\/#organization\",\"name\":\"OOCR\",\"url\":\"https:\\\/\\\/vraji.sk\\\/hu\\\/\",\"logo\":{\"@type\":\"ImageObject\",\"inLanguage\":\"hu\",\"@id\":\"https:\\\/\\\/vraji.sk\\\/hu\\\/#\\\/schema\\\/logo\\\/image\\\/\",\"url\":\"https:\\\/\\\/vraji.sk\\\/wp-content\\\/uploads\\\/2021\\\/11\\\/biele-logo-1.svg\",\"contentUrl\":\"https:\\\/\\\/vraji.sk\\\/wp-content\\\/uploads\\\/2021\\\/11\\\/biele-logo-1.svg\",\"caption\":\"OOCR\"},\"image\":{\"@id\":\"https:\\\/\\\/vraji.sk\\\/hu\\\/#\\\/schema\\\/logo\\\/image\\\/\"}},{\"@type\":\"Person\",\"@id\":\"https:\\\/\\\/vraji.sk\\\/hu\\\/#\\\/schema\\\/person\\\/01641cf41f9d52638cb29a73818cf39c\",\"name\":\"oocr-obsah\",\"image\":{\"@type\":\"ImageObject\",\"inLanguage\":\"hu\",\"@id\":\"https:\\\/\\\/secure.gravatar.com\\\/avatar\\\/bc547f4d1cfe56f35ef07eb29186b1e943f6b533e816d5758667f08b34617b3b?s=96&d=mm&r=g\",\"url\":\"https:\\\/\\\/secure.gravatar.com\\\/avatar\\\/bc547f4d1cfe56f35ef07eb29186b1e943f6b533e816d5758667f08b34617b3b?s=96&d=mm&r=g\",\"contentUrl\":\"https:\\\/\\\/secure.gravatar.com\\\/avatar\\\/bc547f4d1cfe56f35ef07eb29186b1e943f6b533e816d5758667f08b34617b3b?s=96&d=mm&r=g\",\"caption\":\"oocr-obsah\"},\"description\":\"alexpark.sk\",\"url\":\"https:\\\/\\\/vraji.sk\\\/hu\\\/author\\\/oocr-obsah\\\/\"}]}<\/script>\n<!-- \/ Yoast SEO plugin. -->","yoast_head_json":{"title":"Janu\u00e1r v raji - OOCR","robots":{"index":"index","follow":"follow","max-snippet":"max-snippet:-1","max-image-preview":"max-image-preview:large","max-video-preview":"max-video-preview:-1"},"canonical":"https:\/\/vraji.sk\/hu\/vianocny-cas-v-raji\/","og_locale":"hu_HU","og_type":"article","og_title":"Janu\u00e1r v raji - OOCR","og_description":"Pr\u00ed\u010fte si u\u017ei\u0165 sneh a kult\u00faru a vyberte si z bohatej ponuky podujat\u00ed","og_url":"https:\/\/vraji.sk\/hu\/vianocny-cas-v-raji\/","og_site_name":"OOCR","article_published_time":"2023-11-27T14:03:36+00:00","article_modified_time":"2024-01-04T08:31:36+00:00","og_image":[{"width":596,"height":424,"url":"https:\/\/vraji.sk\/wp-content\/uploads\/2023\/12\/PF.jpg","type":"image\/jpeg"}],"author":"oocr-obsah","twitter_card":"summary_large_image","twitter_misc":{"Szerz\u0151:":"oocr-obsah","Becs\u00fclt olvas\u00e1si id\u0151":"1 perc"},"schema":{"@context":"https:\/\/schema.org","@graph":[{"@type":"Article","@id":"https:\/\/vraji.sk\/hu\/vianocny-cas-v-raji\/#article","isPartOf":{"@id":"https:\/\/vraji.sk\/hu\/vianocny-cas-v-raji\/"},"author":{"name":"oocr-obsah","@id":"https:\/\/vraji.sk\/hu\/#\/schema\/person\/01641cf41f9d52638cb29a73818cf39c"},"headline":"Janu\u00e1r v raji","datePublished":"2023-11-27T14:03:36+00:00","dateModified":"2024-01-04T08:31:36+00:00","mainEntityOfPage":{"@id":"https:\/\/vraji.sk\/hu\/vianocny-cas-v-raji\/"},"wordCount":20,"commentCount":0,"publisher":{"@id":"https:\/\/vraji.sk\/hu\/#organization"},"image":{"@id":"https:\/\/vraji.sk\/hu\/vianocny-cas-v-raji\/#primaryimage"},"thumbnailUrl":"https:\/\/vraji.sk\/wp-content\/uploads\/2023\/12\/PF.jpg","articleSection":["Uncategorized @sk"],"inLanguage":"hu","potentialAction":[{"@type":"CommentAction","name":"Comment","target":["https:\/\/vraji.sk\/hu\/vianocny-cas-v-raji\/#respond"]}]},{"@type":"WebPage","@id":"https:\/\/vraji.sk\/hu\/vianocny-cas-v-raji\/","url":"https:\/\/vraji.sk\/hu\/vianocny-cas-v-raji\/","name":"Janu\u00e1r v raji - OOCR","isPartOf":{"@id":"https:\/\/vraji.sk\/hu\/#website"},"primaryImageOfPage":{"@id":"https:\/\/vraji.sk\/hu\/vianocny-cas-v-raji\/#primaryimage"},"image":{"@id":"https:\/\/vraji.sk\/hu\/vianocny-cas-v-raji\/#primaryimage"},"thumbnailUrl":"https:\/\/vraji.sk\/wp-content\/uploads\/2023\/12\/PF.jpg","datePublished":"2023-11-27T14:03:36+00:00","dateModified":"2024-01-04T08:31:36+00:00","breadcrumb":{"@id":"https:\/\/vraji.sk\/hu\/vianocny-cas-v-raji\/#breadcrumb"},"inLanguage":"hu","potentialAction":[{"@type":"ReadAction","target":["https:\/\/vraji.sk\/hu\/vianocny-cas-v-raji\/"]}]},{"@type":"ImageObject","inLanguage":"hu","@id":"https:\/\/vraji.sk\/hu\/vianocny-cas-v-raji\/#primaryimage","url":"https:\/\/vraji.sk\/wp-content\/uploads\/2023\/12\/PF.jpg","contentUrl":"https:\/\/vraji.sk\/wp-content\/uploads\/2023\/12\/PF.jpg","width":596,"height":424},{"@type":"BreadcrumbList","@id":"https:\/\/vraji.sk\/hu\/vianocny-cas-v-raji\/#breadcrumb","itemListElement":[{"@type":"ListItem","position":1,"name":"Home","item":"https:\/\/vraji.sk\/hu\/honlap\/"},{"@type":"ListItem","position":2,"name":"Janu\u00e1r v raji"}]},{"@type":"WebSite","@id":"https:\/\/vraji.sk\/hu\/#website","url":"https:\/\/vraji.sk\/hu\/","name":"OOCR","description":"Regi\u00f3n Slovensk\u00fd raj a Spi\u0161 | Z\u00e1\u017eitky, turistika, hist\u00f3ria | vRaji.sk","publisher":{"@id":"https:\/\/vraji.sk\/hu\/#organization"},"potentialAction":[{"@type":"SearchAction","target":{"@type":"EntryPoint","urlTemplate":"https:\/\/vraji.sk\/hu\/?s={search_term_string}"},"query-input":{"@type":"PropertyValueSpecification","valueRequired":true,"valueName":"search_term_string"}}],"inLanguage":"hu"},{"@type":"Organization","@id":"https:\/\/vraji.sk\/hu\/#organization","name":"OOCR","url":"https:\/\/vraji.sk\/hu\/","logo":{"@type":"ImageObject","inLanguage":"hu","@id":"https:\/\/vraji.sk\/hu\/#\/schema\/logo\/image\/","url":"https:\/\/vraji.sk\/wp-content\/uploads\/2021\/11\/biele-logo-1.svg","contentUrl":"https:\/\/vraji.sk\/wp-content\/uploads\/2021\/11\/biele-logo-1.svg","caption":"OOCR"},"image":{"@id":"https:\/\/vraji.sk\/hu\/#\/schema\/logo\/image\/"}},{"@type":"Person","@id":"https:\/\/vraji.sk\/hu\/#\/schema\/person\/01641cf41f9d52638cb29a73818cf39c","name":"oocr-obsah","image":{"@type":"ImageObject","inLanguage":"hu","@id":"https:\/\/secure.gravatar.com\/avatar\/bc547f4d1cfe56f35ef07eb29186b1e943f6b533e816d5758667f08b34617b3b?s=96&d=mm&r=g","url":"https:\/\/secure.gravatar.com\/avatar\/bc547f4d1cfe56f35ef07eb29186b1e943f6b533e816d5758667f08b34617b3b?s=96&d=mm&r=g","contentUrl":"https:\/\/secure.gravatar.com\/avatar\/bc547f4d1cfe56f35ef07eb29186b1e943f6b533e816d5758667f08b34617b3b?s=96&d=mm&r=g","caption":"oocr-obsah"},"description":"alexpark.sk","url":"https:\/\/vraji.sk\/hu\/author\/oocr-obsah\/"}]}},"_links":{"self":[{"href":"https:\/\/vraji.sk\/hu\/wp-json\/wp\/v2\/posts\/14404","targetHints":{"allow":["GET"]}}],"collection":[{"href":"https:\/\/vraji.sk\/hu\/wp-json\/wp\/v2\/posts"}],"about":[{"href":"https:\/\/vraji.sk\/hu\/wp-json\/wp\/v2\/types\/post"}],"author":[{"embeddable":true,"href":"https:\/\/vraji.sk\/hu\/wp-json\/wp\/v2\/users\/50"}],"replies":[{"embeddable":true,"href":"https:\/\/vraji.sk\/hu\/wp-json\/wp\/v2\/comments?post=14404"}],"version-history":[{"count":4,"href":"https:\/\/vraji.sk\/hu\/wp-json\/wp\/v2\/posts\/14404\/revisions"}],"predecessor-version":[{"id":14798,"href":"https:\/\/vraji.sk\/hu\/wp-json\/wp\/v2\/posts\/14404\/revisions\/14798"}],"wp:featuredmedia":[{"embeddable":true,"href":"https:\/\/vraji.sk\/hu\/wp-json\/wp\/v2\/media\/14424"}],"wp:attachment":[{"href":"https:\/\/vraji.sk\/hu\/wp-json\/wp\/v2\/media?parent=14404"}],"wp:term":[{"taxonomy":"category","embeddable":true,"href":"https:\/\/vraji.sk\/hu\/wp-json\/wp\/v2\/categories?post=14404"},{"taxonomy":"post_tag","embeddable":true,"href":"https:\/\/vraji.sk\/hu\/wp-json\/wp\/v2\/tags?post=14404"}],"curies":[{"name":"wp","href":"https:\/\/api.w.org\/{rel}","templated":true}]}}