{"id":19417,"date":"2025-08-17T20:12:54","date_gmt":"2025-08-17T20:12:54","guid":{"rendered":"https:\/\/vraji.sk\/?p=19417"},"modified":"2025-09-09T08:15:07","modified_gmt":"2025-09-09T08:15:07","slug":"turisticke-noviny-2025","status":"publish","type":"post","link":"https:\/\/vraji.sk\/hu\/turisticke-noviny-2025\/","title":{"rendered":"TURISTICK\u00c9 NOVINY 2025"},"content":{"rendered":"\n<p><\/p>\n\n\n\n<p>Leto op\u00e4\u0165 prich\u00e1dza k n\u00e1m a s n\u00edm \u010das dovoleniek, vesel\u00fdch z\u00e1\u017eitkov v pr\u00edrode, pri vode, na vidieku <br>a v historick\u00fdch centr\u00e1ch miest. <br><br>V tohtoro\u010dn\u00fdch Turistick\u00fdch novin\u00e1ch, v\u00e1m prin\u00e1\u0161ame <strong>v\u00fdber toho najzauj\u00edmavej\u0161ieho, \u010do m\u00f4\u017eete toto leto za\u017ei\u0165 v regi\u00f3ne Slovensk\u00fd raj a ju\u017en\u00fd Spi\u0161<\/strong>. \u010ci u\u017e k n\u00e1m prich\u00e1dzate <strong>s de\u0165mi, s priate\u013emi, za oddychom, dobrodru\u017estvom alebo \u0161portov\u00fdm vy\u017eit\u00edm<\/strong>, rozhodne si pr\u00eddete na svoje.<br><br>Patr\u00edte k priaznivcom ak\u010dn\u00fdch s\u00fa\u0165a\u017e\u00ed a v\u00fdziev? V tom pr\u00edpade si nenechajte ujs\u0165 horsk\u00fa cyklistick\u00fa v\u00fdzvu <strong>Vrch\u00e1rska koruna Spi\u0161<\/strong>, popul\u00e1rny cyklomarat\u00f3n <strong>Spi\u0161sk\u00fdch 333 EXTREME<\/strong> a detsk\u00fa s\u00fa\u0165a\u017e <strong>Letn\u00e9 dobrodru\u017estv\u00e1 so \u0160\u0165ast\u00edkom a \u0160\u0165astenkou<\/strong> pre mal\u00fdch turistov. Preved\u00fa v\u00e1s najkraj\u0161\u00edmi miestami n\u00e1\u0161ho regi\u00f3nu.<\/p>\n\n\n\n<p>Nechajte sa tie\u017e in\u0161pirova\u0165 ponukou aktu\u00e1lnych kult\u00farnych podujat\u00ed, nov\u00fdch turistick\u00fdch zauj\u00edmavost\u00ed a objavte tipy na mo\u017enosti kvalitn\u00e9ho ubytovania a dopravy. <strong>Prajeme pr\u00edjemn\u00e9 \u010d\u00edtanie a te\u0161\u00edme sa na v\u00e1s v Slovenskom raji a na Spi\u0161i v lete 2025!<\/strong><\/p>\n\n\n\n<p><\/p>\n\n\n\n<h2 class=\"wp-block-heading\"><a href=\"https:\/\/vraji.sk\/wp-content\/uploads\/2025\/06\/TN_1_2025_S-PRILOHOU_SK_web.pdf\" target=\"_blank\" rel=\"noreferrer noopener\">TURISTICK\u00c9 NOVINY NA STIAHNUTIE TU<\/a><\/h2>\n\n\n\n<p><\/p>\n\n\n<div class=\"_df_book df-lite\" id=\"df_16159\"  _slug=\"turisticke-noviny\" data-title=\"turisticke-noviny\" wpoptions=\"true\" thumbtype=\"\" ><\/div><script class=\"df-shortcode-script\" nowprocket type=\"application\/javascript\">window.option_df_16159 = {\"outline\":[],\"autoEnableOutline\":\"false\",\"autoEnableThumbnail\":\"false\",\"overwritePDFOutline\":\"false\",\"backgroundImage\":\"https:\\\/\\\/vraji.sk\\\/wp-content\\\/uploads\\\/2024\\\/07\\\/raj_2.jpg\",\"direction\":\"1\",\"pageSize\":\"0\",\"source\":\"https:\\\/\\\/vraji.sk\\\/wp-content\\\/uploads\\\/2025\\\/06\\\/TN_1_2025_S-PRILOHOU_SK_web-1.pdf\",\"wpOptions\":\"true\"}; if(window.DFLIP && window.DFLIP.parseBooks){window.DFLIP.parseBooks();}<\/script>\n\n\n\n<p><\/p>\n","protected":false},"excerpt":{"rendered":"<p>Leto op\u00e4\u0165 prich\u00e1dza k n\u00e1m a s n\u00edm \u010das dovoleniek, vesel\u00fdch z\u00e1\u017eitkov v pr\u00edrode, pri vode, n<\/p>\n","protected":false},"author":52,"featured_media":19418,"comment_status":"closed","ping_status":"open","sticky":false,"template":"","format":"standard","meta":{"_acf_changed":false,"footnotes":""},"categories":[1],"tags":[],"class_list":["post-19417","post","type-post","status-publish","format-standard","has-post-thumbnail","hentry","category-uncategorized-sk"],"acf":[],"yoast_head":"<!-- This site is optimized with the Yoast SEO plugin v27.4 - https:\/\/yoast.com\/product\/yoast-seo-wordpress\/ -->\n<title>TURISTICK\u00c9 NOVINY 2025 - OOCR<\/title>\n<meta name=\"description\" content=\"Nahliadnite do Turistick\u00fdch nov\u00edn 2025, ktor\u00e9 s\u00fa pln\u00e9 t\u00fdch NAJ atraktiv\u00edt a zauj\u00edmavost\u00ed v regi\u00f3ne Slovensk\u00fd raj a ju\u017en\u00fd Spi\u0161 v tomto roku.\" \/>\n<meta name=\"robots\" content=\"index, follow, max-snippet:-1, max-image-preview:large, max-video-preview:-1\" \/>\n<link rel=\"canonical\" href=\"https:\/\/vraji.sk\/hu\/turisticke-noviny-2025\/\" \/>\n<meta property=\"og:locale\" content=\"hu_HU\" \/>\n<meta property=\"og:type\" content=\"article\" \/>\n<meta property=\"og:title\" content=\"TURISTICK\u00c9 NOVINY 2025 - OOCR\" \/>\n<meta property=\"og:description\" content=\"Nahliadnite do Turistick\u00fdch nov\u00edn 2025, ktor\u00e9 s\u00fa pln\u00e9 t\u00fdch NAJ atraktiv\u00edt a zauj\u00edmavost\u00ed v regi\u00f3ne Slovensk\u00fd raj a ju\u017en\u00fd Spi\u0161 v tomto roku.\" \/>\n<meta property=\"og:url\" content=\"https:\/\/vraji.sk\/hu\/turisticke-noviny-2025\/\" \/>\n<meta property=\"og:site_name\" content=\"OOCR\" \/>\n<meta property=\"article:published_time\" content=\"2025-08-17T20:12:54+00:00\" \/>\n<meta property=\"article:modified_time\" content=\"2025-09-09T08:15:07+00:00\" \/>\n<meta property=\"og:image\" content=\"https:\/\/vraji.sk\/wp-content\/uploads\/2025\/06\/Turisticke-noviny-2025-hlavicka.jpg\" \/>\n\t<meta property=\"og:image:width\" content=\"1062\" \/>\n\t<meta property=\"og:image:height\" content=\"525\" \/>\n\t<meta property=\"og:image:type\" content=\"image\/jpeg\" \/>\n<meta name=\"author\" content=\"OOCR\" \/>\n<meta name=\"twitter:card\" content=\"summary_large_image\" \/>\n<meta name=\"twitter:label1\" content=\"Szerz\u0151:\" \/>\n\t<meta name=\"twitter:data1\" content=\"OOCR\" \/>\n\t<meta name=\"twitter:label2\" content=\"Becs\u00fclt olvas\u00e1si id\u0151\" \/>\n\t<meta name=\"twitter:data2\" content=\"2 perc\" \/>\n<script type=\"application\/ld+json\" class=\"yoast-schema-graph\">{\"@context\":\"https:\\\/\\\/schema.org\",\"@graph\":[{\"@type\":\"Article\",\"@id\":\"https:\\\/\\\/vraji.sk\\\/hu\\\/turisticke-noviny-2025\\\/#article\",\"isPartOf\":{\"@id\":\"https:\\\/\\\/vraji.sk\\\/hu\\\/turisticke-noviny-2025\\\/\"},\"author\":{\"name\":\"OOCR\",\"@id\":\"https:\\\/\\\/vraji.sk\\\/hu\\\/#\\\/schema\\\/person\\\/6ba5da72601ea4018533f90f796d4530\"},\"headline\":\"TURISTICK\u00c9 NOVINY 2025\",\"datePublished\":\"2025-08-17T20:12:54+00:00\",\"dateModified\":\"2025-09-09T08:15:07+00:00\",\"mainEntityOfPage\":{\"@id\":\"https:\\\/\\\/vraji.sk\\\/hu\\\/turisticke-noviny-2025\\\/\"},\"wordCount\":213,\"publisher\":{\"@id\":\"https:\\\/\\\/vraji.sk\\\/hu\\\/#organization\"},\"image\":{\"@id\":\"https:\\\/\\\/vraji.sk\\\/hu\\\/turisticke-noviny-2025\\\/#primaryimage\"},\"thumbnailUrl\":\"https:\\\/\\\/vraji.sk\\\/wp-content\\\/uploads\\\/2025\\\/06\\\/Turisticke-noviny-2025-hlavicka.jpg\",\"articleSection\":[\"Uncategorized @sk\"],\"inLanguage\":\"hu\"},{\"@type\":\"WebPage\",\"@id\":\"https:\\\/\\\/vraji.sk\\\/hu\\\/turisticke-noviny-2025\\\/\",\"url\":\"https:\\\/\\\/vraji.sk\\\/hu\\\/turisticke-noviny-2025\\\/\",\"name\":\"TURISTICK\u00c9 NOVINY 2025 - OOCR\",\"isPartOf\":{\"@id\":\"https:\\\/\\\/vraji.sk\\\/hu\\\/#website\"},\"primaryImageOfPage\":{\"@id\":\"https:\\\/\\\/vraji.sk\\\/hu\\\/turisticke-noviny-2025\\\/#primaryimage\"},\"image\":{\"@id\":\"https:\\\/\\\/vraji.sk\\\/hu\\\/turisticke-noviny-2025\\\/#primaryimage\"},\"thumbnailUrl\":\"https:\\\/\\\/vraji.sk\\\/wp-content\\\/uploads\\\/2025\\\/06\\\/Turisticke-noviny-2025-hlavicka.jpg\",\"datePublished\":\"2025-08-17T20:12:54+00:00\",\"dateModified\":\"2025-09-09T08:15:07+00:00\",\"description\":\"Nahliadnite do Turistick\u00fdch nov\u00edn 2025, ktor\u00e9 s\u00fa pln\u00e9 t\u00fdch NAJ atraktiv\u00edt a zauj\u00edmavost\u00ed v regi\u00f3ne Slovensk\u00fd raj a ju\u017en\u00fd Spi\u0161 v tomto roku.\",\"breadcrumb\":{\"@id\":\"https:\\\/\\\/vraji.sk\\\/hu\\\/turisticke-noviny-2025\\\/#breadcrumb\"},\"inLanguage\":\"hu\",\"potentialAction\":[{\"@type\":\"ReadAction\",\"target\":[\"https:\\\/\\\/vraji.sk\\\/hu\\\/turisticke-noviny-2025\\\/\"]}]},{\"@type\":\"ImageObject\",\"inLanguage\":\"hu\",\"@id\":\"https:\\\/\\\/vraji.sk\\\/hu\\\/turisticke-noviny-2025\\\/#primaryimage\",\"url\":\"https:\\\/\\\/vraji.sk\\\/wp-content\\\/uploads\\\/2025\\\/06\\\/Turisticke-noviny-2025-hlavicka.jpg\",\"contentUrl\":\"https:\\\/\\\/vraji.sk\\\/wp-content\\\/uploads\\\/2025\\\/06\\\/Turisticke-noviny-2025-hlavicka.jpg\",\"width\":1062,\"height\":525},{\"@type\":\"BreadcrumbList\",\"@id\":\"https:\\\/\\\/vraji.sk\\\/hu\\\/turisticke-noviny-2025\\\/#breadcrumb\",\"itemListElement\":[{\"@type\":\"ListItem\",\"position\":1,\"name\":\"Home\",\"item\":\"https:\\\/\\\/vraji.sk\\\/hu\\\/honlap\\\/\"},{\"@type\":\"ListItem\",\"position\":2,\"name\":\"TURISTICK\u00c9 NOVINY 2025\"}]},{\"@type\":\"WebSite\",\"@id\":\"https:\\\/\\\/vraji.sk\\\/hu\\\/#website\",\"url\":\"https:\\\/\\\/vraji.sk\\\/hu\\\/\",\"name\":\"OOCR\",\"description\":\"Regi\u00f3n Slovensk\u00fd raj a Spi\u0161 | Z\u00e1\u017eitky, turistika, hist\u00f3ria | vRaji.sk\",\"publisher\":{\"@id\":\"https:\\\/\\\/vraji.sk\\\/hu\\\/#organization\"},\"potentialAction\":[{\"@type\":\"SearchAction\",\"target\":{\"@type\":\"EntryPoint\",\"urlTemplate\":\"https:\\\/\\\/vraji.sk\\\/hu\\\/?s={search_term_string}\"},\"query-input\":{\"@type\":\"PropertyValueSpecification\",\"valueRequired\":true,\"valueName\":\"search_term_string\"}}],\"inLanguage\":\"hu\"},{\"@type\":\"Organization\",\"@id\":\"https:\\\/\\\/vraji.sk\\\/hu\\\/#organization\",\"name\":\"OOCR\",\"url\":\"https:\\\/\\\/vraji.sk\\\/hu\\\/\",\"logo\":{\"@type\":\"ImageObject\",\"inLanguage\":\"hu\",\"@id\":\"https:\\\/\\\/vraji.sk\\\/hu\\\/#\\\/schema\\\/logo\\\/image\\\/\",\"url\":\"https:\\\/\\\/vraji.sk\\\/wp-content\\\/uploads\\\/2021\\\/11\\\/biele-logo-1.svg\",\"contentUrl\":\"https:\\\/\\\/vraji.sk\\\/wp-content\\\/uploads\\\/2021\\\/11\\\/biele-logo-1.svg\",\"caption\":\"OOCR\"},\"image\":{\"@id\":\"https:\\\/\\\/vraji.sk\\\/hu\\\/#\\\/schema\\\/logo\\\/image\\\/\"}},{\"@type\":\"Person\",\"@id\":\"https:\\\/\\\/vraji.sk\\\/hu\\\/#\\\/schema\\\/person\\\/6ba5da72601ea4018533f90f796d4530\",\"name\":\"OOCR\",\"image\":{\"@type\":\"ImageObject\",\"inLanguage\":\"hu\",\"@id\":\"https:\\\/\\\/secure.gravatar.com\\\/avatar\\\/254aa66d580269ab31c41bb5eb446b00d03ea31eab4a58840a0e31f2890e31c4?s=96&d=mm&r=g\",\"url\":\"https:\\\/\\\/secure.gravatar.com\\\/avatar\\\/254aa66d580269ab31c41bb5eb446b00d03ea31eab4a58840a0e31f2890e31c4?s=96&d=mm&r=g\",\"contentUrl\":\"https:\\\/\\\/secure.gravatar.com\\\/avatar\\\/254aa66d580269ab31c41bb5eb446b00d03ea31eab4a58840a0e31f2890e31c4?s=96&d=mm&r=g\",\"caption\":\"OOCR\"},\"url\":\"https:\\\/\\\/vraji.sk\\\/hu\\\/author\\\/oocr-info\\\/\"}]}<\/script>\n<!-- \/ Yoast SEO plugin. -->","yoast_head_json":{"title":"TURISTICK\u00c9 NOVINY 2025 - OOCR","description":"Nahliadnite do Turistick\u00fdch nov\u00edn 2025, ktor\u00e9 s\u00fa pln\u00e9 t\u00fdch NAJ atraktiv\u00edt a zauj\u00edmavost\u00ed v regi\u00f3ne Slovensk\u00fd raj a ju\u017en\u00fd Spi\u0161 v tomto roku.","robots":{"index":"index","follow":"follow","max-snippet":"max-snippet:-1","max-image-preview":"max-image-preview:large","max-video-preview":"max-video-preview:-1"},"canonical":"https:\/\/vraji.sk\/hu\/turisticke-noviny-2025\/","og_locale":"hu_HU","og_type":"article","og_title":"TURISTICK\u00c9 NOVINY 2025 - OOCR","og_description":"Nahliadnite do Turistick\u00fdch nov\u00edn 2025, ktor\u00e9 s\u00fa pln\u00e9 t\u00fdch NAJ atraktiv\u00edt a zauj\u00edmavost\u00ed v regi\u00f3ne Slovensk\u00fd raj a ju\u017en\u00fd Spi\u0161 v tomto roku.","og_url":"https:\/\/vraji.sk\/hu\/turisticke-noviny-2025\/","og_site_name":"OOCR","article_published_time":"2025-08-17T20:12:54+00:00","article_modified_time":"2025-09-09T08:15:07+00:00","og_image":[{"width":1062,"height":525,"url":"https:\/\/vraji.sk\/wp-content\/uploads\/2025\/06\/Turisticke-noviny-2025-hlavicka.jpg","type":"image\/jpeg"}],"author":"OOCR","twitter_card":"summary_large_image","twitter_misc":{"Szerz\u0151:":"OOCR","Becs\u00fclt olvas\u00e1si id\u0151":"2 perc"},"schema":{"@context":"https:\/\/schema.org","@graph":[{"@type":"Article","@id":"https:\/\/vraji.sk\/hu\/turisticke-noviny-2025\/#article","isPartOf":{"@id":"https:\/\/vraji.sk\/hu\/turisticke-noviny-2025\/"},"author":{"name":"OOCR","@id":"https:\/\/vraji.sk\/hu\/#\/schema\/person\/6ba5da72601ea4018533f90f796d4530"},"headline":"TURISTICK\u00c9 NOVINY 2025","datePublished":"2025-08-17T20:12:54+00:00","dateModified":"2025-09-09T08:15:07+00:00","mainEntityOfPage":{"@id":"https:\/\/vraji.sk\/hu\/turisticke-noviny-2025\/"},"wordCount":213,"publisher":{"@id":"https:\/\/vraji.sk\/hu\/#organization"},"image":{"@id":"https:\/\/vraji.sk\/hu\/turisticke-noviny-2025\/#primaryimage"},"thumbnailUrl":"https:\/\/vraji.sk\/wp-content\/uploads\/2025\/06\/Turisticke-noviny-2025-hlavicka.jpg","articleSection":["Uncategorized @sk"],"inLanguage":"hu"},{"@type":"WebPage","@id":"https:\/\/vraji.sk\/hu\/turisticke-noviny-2025\/","url":"https:\/\/vraji.sk\/hu\/turisticke-noviny-2025\/","name":"TURISTICK\u00c9 NOVINY 2025 - OOCR","isPartOf":{"@id":"https:\/\/vraji.sk\/hu\/#website"},"primaryImageOfPage":{"@id":"https:\/\/vraji.sk\/hu\/turisticke-noviny-2025\/#primaryimage"},"image":{"@id":"https:\/\/vraji.sk\/hu\/turisticke-noviny-2025\/#primaryimage"},"thumbnailUrl":"https:\/\/vraji.sk\/wp-content\/uploads\/2025\/06\/Turisticke-noviny-2025-hlavicka.jpg","datePublished":"2025-08-17T20:12:54+00:00","dateModified":"2025-09-09T08:15:07+00:00","description":"Nahliadnite do Turistick\u00fdch nov\u00edn 2025, ktor\u00e9 s\u00fa pln\u00e9 t\u00fdch NAJ atraktiv\u00edt a zauj\u00edmavost\u00ed v regi\u00f3ne Slovensk\u00fd raj a ju\u017en\u00fd Spi\u0161 v tomto roku.","breadcrumb":{"@id":"https:\/\/vraji.sk\/hu\/turisticke-noviny-2025\/#breadcrumb"},"inLanguage":"hu","potentialAction":[{"@type":"ReadAction","target":["https:\/\/vraji.sk\/hu\/turisticke-noviny-2025\/"]}]},{"@type":"ImageObject","inLanguage":"hu","@id":"https:\/\/vraji.sk\/hu\/turisticke-noviny-2025\/#primaryimage","url":"https:\/\/vraji.sk\/wp-content\/uploads\/2025\/06\/Turisticke-noviny-2025-hlavicka.jpg","contentUrl":"https:\/\/vraji.sk\/wp-content\/uploads\/2025\/06\/Turisticke-noviny-2025-hlavicka.jpg","width":1062,"height":525},{"@type":"BreadcrumbList","@id":"https:\/\/vraji.sk\/hu\/turisticke-noviny-2025\/#breadcrumb","itemListElement":[{"@type":"ListItem","position":1,"name":"Home","item":"https:\/\/vraji.sk\/hu\/honlap\/"},{"@type":"ListItem","position":2,"name":"TURISTICK\u00c9 NOVINY 2025"}]},{"@type":"WebSite","@id":"https:\/\/vraji.sk\/hu\/#website","url":"https:\/\/vraji.sk\/hu\/","name":"OOCR","description":"Regi\u00f3n Slovensk\u00fd raj a Spi\u0161 | Z\u00e1\u017eitky, turistika, hist\u00f3ria | vRaji.sk","publisher":{"@id":"https:\/\/vraji.sk\/hu\/#organization"},"potentialAction":[{"@type":"SearchAction","target":{"@type":"EntryPoint","urlTemplate":"https:\/\/vraji.sk\/hu\/?s={search_term_string}"},"query-input":{"@type":"PropertyValueSpecification","valueRequired":true,"valueName":"search_term_string"}}],"inLanguage":"hu"},{"@type":"Organization","@id":"https:\/\/vraji.sk\/hu\/#organization","name":"OOCR","url":"https:\/\/vraji.sk\/hu\/","logo":{"@type":"ImageObject","inLanguage":"hu","@id":"https:\/\/vraji.sk\/hu\/#\/schema\/logo\/image\/","url":"https:\/\/vraji.sk\/wp-content\/uploads\/2021\/11\/biele-logo-1.svg","contentUrl":"https:\/\/vraji.sk\/wp-content\/uploads\/2021\/11\/biele-logo-1.svg","caption":"OOCR"},"image":{"@id":"https:\/\/vraji.sk\/hu\/#\/schema\/logo\/image\/"}},{"@type":"Person","@id":"https:\/\/vraji.sk\/hu\/#\/schema\/person\/6ba5da72601ea4018533f90f796d4530","name":"OOCR","image":{"@type":"ImageObject","inLanguage":"hu","@id":"https:\/\/secure.gravatar.com\/avatar\/254aa66d580269ab31c41bb5eb446b00d03ea31eab4a58840a0e31f2890e31c4?s=96&d=mm&r=g","url":"https:\/\/secure.gravatar.com\/avatar\/254aa66d580269ab31c41bb5eb446b00d03ea31eab4a58840a0e31f2890e31c4?s=96&d=mm&r=g","contentUrl":"https:\/\/secure.gravatar.com\/avatar\/254aa66d580269ab31c41bb5eb446b00d03ea31eab4a58840a0e31f2890e31c4?s=96&d=mm&r=g","caption":"OOCR"},"url":"https:\/\/vraji.sk\/hu\/author\/oocr-info\/"}]}},"_links":{"self":[{"href":"https:\/\/vraji.sk\/hu\/wp-json\/wp\/v2\/posts\/19417","targetHints":{"allow":["GET"]}}],"collection":[{"href":"https:\/\/vraji.sk\/hu\/wp-json\/wp\/v2\/posts"}],"about":[{"href":"https:\/\/vraji.sk\/hu\/wp-json\/wp\/v2\/types\/post"}],"author":[{"embeddable":true,"href":"https:\/\/vraji.sk\/hu\/wp-json\/wp\/v2\/users\/52"}],"replies":[{"embeddable":true,"href":"https:\/\/vraji.sk\/hu\/wp-json\/wp\/v2\/comments?post=19417"}],"version-history":[{"count":2,"href":"https:\/\/vraji.sk\/hu\/wp-json\/wp\/v2\/posts\/19417\/revisions"}],"predecessor-version":[{"id":19480,"href":"https:\/\/vraji.sk\/hu\/wp-json\/wp\/v2\/posts\/19417\/revisions\/19480"}],"wp:featuredmedia":[{"embeddable":true,"href":"https:\/\/vraji.sk\/hu\/wp-json\/wp\/v2\/media\/19418"}],"wp:attachment":[{"href":"https:\/\/vraji.sk\/hu\/wp-json\/wp\/v2\/media?parent=19417"}],"wp:term":[{"taxonomy":"category","embeddable":true,"href":"https:\/\/vraji.sk\/hu\/wp-json\/wp\/v2\/categories?post=19417"},{"taxonomy":"post_tag","embeddable":true,"href":"https:\/\/vraji.sk\/hu\/wp-json\/wp\/v2\/tags?post=19417"}],"curies":[{"name":"wp","href":"https:\/\/api.w.org\/{rel}","templated":true}]}}