{"id":20659,"date":"2025-10-02T20:04:29","date_gmt":"2025-10-02T20:04:29","guid":{"rendered":"https:\/\/vraji.sk\/?p=20659"},"modified":"2025-12-23T18:08:03","modified_gmt":"2025-12-23T18:08:03","slug":"vianoce-2025-v-raji-a-na-spisi","status":"publish","type":"post","link":"https:\/\/vraji.sk\/hu\/vianoce-2025-v-raji-a-na-spisi\/","title":{"rendered":"Vianoce 2025 v Raji a na Spi\u0161i"},"content":{"rendered":"\n<div style=\"height:20px\" aria-hidden=\"true\" class=\"wp-block-spacer\"><\/div>\n\n\n\n<p><em>Viano\u010dn\u00e9 sviatky s\u00fa ka\u017edoro\u010dne \u010dasom mil\u00fdch stretnut\u00ed rodiny a priate\u013eov z bl\u00edzka i z \u010faleka. Vychutnajte si spolu s nimi prav\u00fa sviato\u010dn\u00fa atmosf\u00e9ru na kult\u00farnych podujatiach v Slovenskom raji a na ju\u017enom Spi\u0161i. V\u00fdber t\u00fdch najatrakt\u00edvnej\u0161\u00edch z nich sme v\u00e1m pripravili v tomto \u010dl\u00e1nku. Takisto tu n\u00e1jdete zauj\u00edmav\u00e9 tipy na origin\u00e1lne viano\u010dn\u00e9 dar\u010deky. Prajeme v\u00e1m \u0161\u0165astn\u00e9 a vesel\u00e9! <\/em><\/p>\n\n\n\n<div style=\"height:40px\" aria-hidden=\"true\" class=\"wp-block-spacer\"><\/div>\n\n\n\n<h3 class=\"wp-block-heading\">Viano\u010dn\u00fd koncert Katar\u00edna Ko\u0161\u010dov\u00e1 a Daniel \u0160piner<\/h3>\n\n\n\n<p><strong>Sobota 3. janu\u00e1ra 2026, 18:00 hod., Kult\u00farny dom Smi\u017eany<\/strong><\/p>\n\n\n\n<p>Spev\u00e1\u010dka Katar\u00edna Ko\u0161\u010dov\u00e1 u\u017e tradi\u010dne z\u00e1ver roka venuje Viano\u010dn\u00fdm koncertom. Katka je jedna z m\u00e1la slovensk\u00fdch hudobn\u00ed\u010dok, ktor\u00e9 maj\u00fa pripraven\u00fd skuto\u010dne r\u00fddzo viano\u010dn\u00fd reperto\u00e1r. Spolu so svojimi muzikantmi origin\u00e1lne spracovali tradi\u010dn\u00e9 slovensk\u00e9 koledy a tie\u017e nieko\u013eko svetov\u00fdch viano\u010dn\u00fdch hitov (Santa Claus is coming to town, Let it snow\u2026). Na svojich koncertoch tvor\u00ed \u010darovn\u00fa viano\u010dn\u00fa a sviato\u010dn\u00fa n\u00e1ladu. <strong><a href=\"https:\/\/okcsmizany.sk\/vianocny-koncert-katarina-koscova\/\" target=\"_blank\" rel=\"noreferrer noopener\">Viac inform\u00e1ci\u00ed na webovej str\u00e1nke Obecn\u00e9ho kult\u00farneho centra Smi\u017eany TU. <\/a><\/strong><\/p>\n\n\n<div class=\"wp-block-image\">\n<figure class=\"aligncenter size-full is-resized\"><a href=\"https:\/\/okcsmizany.sk\/vianocny-koncert-katarina-koscova\/\" target=\"_blank\" rel=\" noreferrer noopener\"><img loading=\"lazy\" decoding=\"async\" width=\"800\" height=\"500\" src=\"https:\/\/vraji.sk\/wp-content\/uploads\/2025\/10\/Vianocny-koncert-Katarina-Koscova-a-Daniel-Spiner.png\" alt=\"\" class=\"wp-image-20911\" style=\"width:350px\" srcset=\"https:\/\/vraji.sk\/wp-content\/uploads\/2025\/10\/Vianocny-koncert-Katarina-Koscova-a-Daniel-Spiner.png 800w, https:\/\/vraji.sk\/wp-content\/uploads\/2025\/10\/Vianocny-koncert-Katarina-Koscova-a-Daniel-Spiner-300x188.png 300w, https:\/\/vraji.sk\/wp-content\/uploads\/2025\/10\/Vianocny-koncert-Katarina-Koscova-a-Daniel-Spiner-768x480.png 768w\" sizes=\"auto, (max-width: 800px) 100vw, 800px\" \/><\/a><\/figure>\n<\/div>\n\n\n<div style=\"height:26px\" aria-hidden=\"true\" class=\"wp-block-spacer\"><\/div>\n\n\n\n<h3 class=\"wp-block-heading\">Novoro\u010dn\u00fd koncert Candlelight v letohr\u00e1dku Dardanely<\/h3>\n\n\n\n<p><strong>Sobota 3. janu\u00e1ra 2026, 18:00 hod., letohr\u00e1dok Dardanely, Marku\u0161ovce<\/strong><\/p>\n\n\n\n<p>Prv\u00fa sobotu v novom roku 2026 si m\u00f4\u017eete u\u017ei\u0165 jedine\u010dn\u00fd viano\u010dno-novoro\u010dn\u00fd koncert v svetle svie\u010dok v historickom letohr\u00e1dku Dardanely v Marku\u0161ovciach. Te\u0161i\u0165 sa m\u00f4\u017eete na slovensk\u00e9 i svetov\u00e9 sviato\u010dn\u00e9 piesne v komornom preveden\u00ed, ale aj na in\u0161trument\u00e1lne skladby pre klav\u00edr, organ, gitaru a flautu. Viac inform\u00e1ci\u00ed o koncerte a odkaz na predpredaj vstupeniek n\u00e1jdete <strong><a href=\"https:\/\/www.facebook.com\/photo.php?fbid=122108873103054927&amp;set=pb.61581647829035.-2207520000&amp;type=3\" target=\"_blank\" rel=\"noreferrer noopener\">na Facebook str\u00e1nke Koncert v ka\u0161tieli TU<\/a><\/strong>.<\/p>\n\n\n<div class=\"wp-block-image\">\n<figure class=\"aligncenter size-large is-resized\"><a href=\"https:\/\/www.facebook.com\/photo.php?fbid=122108873103054927&amp;set=pb.61581647829035.-2207520000&amp;type=3\" target=\"_blank\" rel=\" noreferrer noopener\"><img loading=\"lazy\" decoding=\"async\" width=\"1024\" height=\"1024\" src=\"https:\/\/vraji.sk\/wp-content\/uploads\/2025\/10\/Novorocny-koncert-Letohradok-Dardanely-1024x1024.jpg\" alt=\"\" class=\"wp-image-20967\" style=\"width:351px\" srcset=\"https:\/\/vraji.sk\/wp-content\/uploads\/2025\/10\/Novorocny-koncert-Letohradok-Dardanely-1024x1024.jpg 1024w, https:\/\/vraji.sk\/wp-content\/uploads\/2025\/10\/Novorocny-koncert-Letohradok-Dardanely-300x300.jpg 300w, https:\/\/vraji.sk\/wp-content\/uploads\/2025\/10\/Novorocny-koncert-Letohradok-Dardanely-150x150.jpg 150w, https:\/\/vraji.sk\/wp-content\/uploads\/2025\/10\/Novorocny-koncert-Letohradok-Dardanely-768x768.jpg 768w, https:\/\/vraji.sk\/wp-content\/uploads\/2025\/10\/Novorocny-koncert-Letohradok-Dardanely.jpg 1200w\" sizes=\"auto, (max-width: 1024px) 100vw, 1024px\" \/><\/a><\/figure>\n<\/div>\n\n\n<div style=\"height:40px\" aria-hidden=\"true\" class=\"wp-block-spacer\"><\/div>\n\n\n\n<h3 class=\"wp-block-heading\">\u010carovn\u00e9 Vianoce v Madarase<\/h3>\n\n\n\n<p><strong>Sobota 6. decembra &#8211; piatok 26. decembra 2025, OC Madaras, Spi\u0161sk\u00e1 Nov\u00e1 Ves<\/strong><\/p>\n\n\n\n<p>Obchodn\u00e9 centrum Madaras v Spi\u0161skej Novej Vsi v\u00e1s poz\u00fdva za\u017ei\u0165 \u010darovn\u00fa viano\u010dn\u00fa atmosf\u00e9ru. Po\u010das cel\u00e9ho mesiaca december v\u00e1s \u010dak\u00e1 vyzdoben\u00e9 obchodn\u00e9 centrum, bohat\u00fd program a ob\u013e\u00faben\u00e9 viano\u010dn\u00e9 aktivity pre mal\u00fdch aj ve\u013ek\u00fdch. Po vydarenej mikul\u00e1\u0161skej akcii, ktor\u00e1 prebehla v sobotu 6. decembra, m\u00f4\u017eu od nedele 7. decembra m\u00f4\u017eu deti stretn\u00fa\u0165 Rozpr\u00e1vkov\u00e9ho Mikul\u00e1\u0161a, ktor\u00fd \u010dak\u00e1 na ich viano\u010dn\u00e9 priania, ka\u017ed\u00fd v\u00edkend do Vianoc od 15:00 do 18:00 hod. Tradi\u010dn\u00fd predaj \u017eiv\u00fdch kaprov sa za\u010dne vo \u0161tvrtok 18. decembra. Viac inform\u00e1ci\u00ed n\u00e1jdete <strong><a href=\"https:\/\/www.facebook.com\/ocmadaras\" target=\"_blank\" rel=\"noreferrer noopener\">na Facebook str\u00e1nke OC Madaras TU<\/a><\/strong>. <\/p>\n\n\n<div class=\"wp-block-image\">\n<figure class=\"aligncenter size-full is-resized\"><a href=\"https:\/\/vraji.sk\/wp-content\/uploads\/2025\/12\/Carovne-Vianoce-v-Madarase.jpg\" target=\"_blank\" rel=\" noreferrer noopener\"><img loading=\"lazy\" decoding=\"async\" width=\"526\" height=\"531\" src=\"https:\/\/vraji.sk\/wp-content\/uploads\/2025\/10\/Carovne-Vianoce-v-Madarase.jpg\" alt=\"\" class=\"wp-image-21079\" style=\"width:350px\" srcset=\"https:\/\/vraji.sk\/wp-content\/uploads\/2025\/10\/Carovne-Vianoce-v-Madarase.jpg 526w, https:\/\/vraji.sk\/wp-content\/uploads\/2025\/10\/Carovne-Vianoce-v-Madarase-297x300.jpg 297w, https:\/\/vraji.sk\/wp-content\/uploads\/2025\/10\/Carovne-Vianoce-v-Madarase-150x150.jpg 150w\" sizes=\"auto, (max-width: 526px) 100vw, 526px\" \/><\/a><\/figure>\n<\/div>\n\n\n<div style=\"height:40px\" aria-hidden=\"true\" class=\"wp-block-spacer\"><\/div>\n\n\n\n<h3 class=\"wp-block-heading\">\u0160tefansk\u00e1 z\u00e1bava v Stratenej<\/h3>\n\n\n\n<p><strong>\u0160tvrtok<\/strong> <strong>25. decembra 2025, 19:00 hod., Kult\u00farny dom v Stratenej<\/strong><\/p>\n\n\n\n<p>Obec Straten\u00e1 v\u00e1s srde\u010dne poz\u00fdva na \u0160tefansk\u00fa z\u00e1bavu, ktor\u00e1 sa uskuto\u010dn\u00ed 25.12. v Kult\u00farnom dome v Stratenej. O z\u00e1bavu sa postar\u00e1 DJ MAXI a te\u0161i\u0165 sa m\u00f4\u017eete aj na bohat\u00fa tombolu. Vstupenky s\u00fa v predaji na Obecnom \u00farade v Stratenej. <strong>Bli\u017e\u0161ie info na telef\u00f3nnom \u010d\u00edsle 0902347130<\/strong>, alebo <strong><a href=\"https:\/\/www.obecstratena.sk\/aktualne\/aktuality\/pozvanka-na-stefansku-zabavu-84sk.html\" target=\"_blank\" rel=\"noreferrer noopener\">na webovej str\u00e1nke Obce Straten\u00e1 TU<\/a><\/strong>. <\/p>\n\n\n<div class=\"wp-block-image\">\n<figure class=\"aligncenter size-full is-resized\"><a href=\"https:\/\/vraji.sk\/wp-content\/uploads\/2025\/12\/Stefanska-zabava-v-Stratenej.jpg\"><img loading=\"lazy\" decoding=\"async\" width=\"732\" height=\"1024\" src=\"https:\/\/vraji.sk\/wp-content\/uploads\/2025\/10\/Stefanska-zabava-v-Stratenej.jpg\" alt=\"\" class=\"wp-image-21067\" style=\"width:350px\" srcset=\"https:\/\/vraji.sk\/wp-content\/uploads\/2025\/10\/Stefanska-zabava-v-Stratenej.jpg 732w, https:\/\/vraji.sk\/wp-content\/uploads\/2025\/10\/Stefanska-zabava-v-Stratenej-214x300.jpg 214w\" sizes=\"auto, (max-width: 732px) 100vw, 732px\" \/><\/a><\/figure>\n<\/div>\n\n\n<div style=\"height:40px\" aria-hidden=\"true\" class=\"wp-block-spacer\"><\/div>\n\n\n\n<h3 class=\"wp-block-heading\">\u0160tefansk\u00e1 z\u00e1bava v Por\u00e1\u010d Parku <\/h3>\n\n\n\n<p><strong>Piatok 26. decembra 2025, 17:00 hod., Horsk\u00fd hotel Por\u00e1\u010d Park<\/strong><\/p>\n\n\n\n<p>Nenechajte si ujs\u0165 skvel\u00fa <strong>\u0160tefansk\u00fa z\u00e1bavu na \u201ckonci sveta\u201d<\/strong>, v \u010darovnej Por\u00e1\u010dskej doline. <a href=\"http:\/\/www.poracpark.sk\" target=\"_blank\" rel=\"noreferrer noopener\"><strong>Horsk\u00fd hotel Por\u00e1\u010d Park<\/strong><\/a> pre v\u00e1s pripravil <strong>ve\u010der so \u017eivou hudbou, chutn\u00fdm ob\u010derstven\u00edm a v\u00fdbornou n\u00e1lado<\/strong>u. Do tanca v\u00e1m zahr\u00e1 ob\u013e\u00faben\u00e1 country-folk <strong>kapela 3n\u00e1s\u0165 ciest<\/strong>. Bli\u017e\u0161ie info a rezerv\u00e1cie miest na telef\u00f3nnom \u010d\u00edsle <strong>0905 794 705<\/strong> alebo mailom na <strong>poracpark@poracpark.sk<\/strong>.<\/p>\n\n\n<div class=\"wp-block-image\">\n<figure class=\"aligncenter size-large is-resized\"><a href=\"https:\/\/vraji.sk\/wp-content\/uploads\/2025\/12\/Stefanska-zabava-Porac-Park.jpg\" target=\"_blank\" rel=\" noreferrer noopener\"><img loading=\"lazy\" decoding=\"async\" width=\"768\" height=\"1024\" src=\"https:\/\/vraji.sk\/wp-content\/uploads\/2025\/12\/Stefanska-zabava-Porac-Park-768x1024.jpg\" alt=\"\" class=\"wp-image-21162\" style=\"width:350px\" srcset=\"https:\/\/vraji.sk\/wp-content\/uploads\/2025\/12\/Stefanska-zabava-Porac-Park-768x1024.jpg 768w, https:\/\/vraji.sk\/wp-content\/uploads\/2025\/12\/Stefanska-zabava-Porac-Park-225x300.jpg 225w, https:\/\/vraji.sk\/wp-content\/uploads\/2025\/12\/Stefanska-zabava-Porac-Park-1152x1536.jpg 1152w, https:\/\/vraji.sk\/wp-content\/uploads\/2025\/12\/Stefanska-zabava-Porac-Park.jpg 1440w\" sizes=\"auto, (max-width: 768px) 100vw, 768px\" \/><\/a><\/figure>\n<\/div>\n\n\n<div style=\"height:40px\" aria-hidden=\"true\" class=\"wp-block-spacer\"><\/div>\n\n\n\n<h3 class=\"wp-block-heading\">Zima s KST Dob\u0161in\u00e1<\/h3>\n\n\n\n<p>Pr\u00edjmite pozvanie na niektor\u00e9 z <strong>turistick\u00fdch v\u00fdstupov a vych\u00e1dzok organizovan\u00fdch turistick\u00fdm oddielom KST Dob\u0161in\u00e1 po\u010das nasleduj\u00facich t\u00fd\u017ed\u0148ov<\/strong>. Viac inform\u00e1ci\u00ed n\u00e1jdete <strong><a href=\"https:\/\/www.kstdobsina.sk\/\" target=\"_blank\" rel=\"noreferrer noopener\">na webovej str\u00e1nke KST Dob\u0161in\u00e1 TU<\/a><\/strong>. <\/p>\n\n\n<div class=\"wp-block-image\">\n<figure class=\"aligncenter size-large is-resized\"><a href=\"https:\/\/vraji.sk\/wp-content\/uploads\/2025\/10\/Vianoce-s-KST-Dobsina.jpg\"><img loading=\"lazy\" decoding=\"async\" width=\"724\" height=\"1024\" src=\"https:\/\/vraji.sk\/wp-content\/uploads\/2025\/10\/Vianoce-s-KST-Dobsina-724x1024.jpg\" alt=\"\" class=\"wp-image-21177\" style=\"width:350px\" srcset=\"https:\/\/vraji.sk\/wp-content\/uploads\/2025\/10\/Vianoce-s-KST-Dobsina-724x1024.jpg 724w, https:\/\/vraji.sk\/wp-content\/uploads\/2025\/10\/Vianoce-s-KST-Dobsina-212x300.jpg 212w, https:\/\/vraji.sk\/wp-content\/uploads\/2025\/10\/Vianoce-s-KST-Dobsina-768x1086.jpg 768w, https:\/\/vraji.sk\/wp-content\/uploads\/2025\/10\/Vianoce-s-KST-Dobsina-1086x1536.jpg 1086w, https:\/\/vraji.sk\/wp-content\/uploads\/2025\/10\/Vianoce-s-KST-Dobsina.jpg 1414w\" sizes=\"auto, (max-width: 724px) 100vw, 724px\" \/><\/a><\/figure>\n<\/div>\n\n\n<div style=\"height:40px\" aria-hidden=\"true\" class=\"wp-block-spacer\"><\/div>\n\n\n\n<h3 class=\"wp-block-heading\">V\u00fdtvarn\u00e1 s\u00fa\u0165a\u017e &#8222;Viano\u010dn\u00fd pozdrav \/ PF 2026&#8221;<\/h3>\n\n\n\n<p><strong>M\u00fazeum Spi\u0161a v spolupr\u00e1ci s Klubom spolo\u010dnosti M. R. \u0160tef\u00e1nika <\/strong>vyhlasuje v\u00fdtvarn\u00fa s\u00fa\u0165a\u017e pre z\u00e1kladn\u00e9 \u0161koly a ZU\u0160 s n\u00e1zvom Vytvor Viano\u010dn\u00fd pozdrav, alebo PF in\u0161pirovan\u00fd kult\u00farnym dedi\u010dstvom &#8211; historick\u00fdmi pamiatkami na Spi\u0161i, alebo zbierkov\u00fdmi predmetmi v expoz\u00edci\u00e1ch M\u00fazea Spi\u0161a. S\u00fa\u0165a\u017e nadv\u00e4zuje na trad\u00edciu tvorby pozdravov v predviano\u010dnom obdob\u00ed.&nbsp;<strong>Sl\u00e1vnostn\u00e9 otvorenie v\u00fdstavy v\u00fdtvarn\u00fdch pr\u00e1c za \u00fa\u010dasti ocenen\u00fdch \u017eiakov sa uskuto\u010dn\u00ed v piatok 12. decembra 2025 o 10,30 hod. vo v\u00fdstavnom priestore M\u00fazea Spi\u0161a v Spi\u0161skej Novej Vsi.<\/strong><\/p>\n\n\n<div class=\"wp-block-image\">\n<figure class=\"aligncenter size-large is-resized\"><a href=\"https:\/\/vraji.sk\/wp-content\/uploads\/2025\/10\/Vytvor-vianocny-pozdrav-Muzeum-Spisa-scaled.jpg\"><img loading=\"lazy\" decoding=\"async\" width=\"724\" height=\"1024\" src=\"https:\/\/vraji.sk\/wp-content\/uploads\/2025\/10\/Vytvor-vianocny-pozdrav-Muzeum-Spisa-724x1024.jpg\" alt=\"\" class=\"wp-image-21138\" style=\"width:350px\" srcset=\"https:\/\/vraji.sk\/wp-content\/uploads\/2025\/10\/Vytvor-vianocny-pozdrav-Muzeum-Spisa-724x1024.jpg 724w, https:\/\/vraji.sk\/wp-content\/uploads\/2025\/10\/Vytvor-vianocny-pozdrav-Muzeum-Spisa-212x300.jpg 212w, https:\/\/vraji.sk\/wp-content\/uploads\/2025\/10\/Vytvor-vianocny-pozdrav-Muzeum-Spisa-768x1086.jpg 768w, https:\/\/vraji.sk\/wp-content\/uploads\/2025\/10\/Vytvor-vianocny-pozdrav-Muzeum-Spisa-1086x1536.jpg 1086w, https:\/\/vraji.sk\/wp-content\/uploads\/2025\/10\/Vytvor-vianocny-pozdrav-Muzeum-Spisa-1448x2048.jpg 1448w, https:\/\/vraji.sk\/wp-content\/uploads\/2025\/10\/Vytvor-vianocny-pozdrav-Muzeum-Spisa-scaled.jpg 1810w\" sizes=\"auto, (max-width: 724px) 100vw, 724px\" \/><\/a><\/figure>\n<\/div>\n\n\n<div style=\"height:40px\" aria-hidden=\"true\" class=\"wp-block-spacer\"><\/div>\n\n\n\n<h3 class=\"wp-block-heading\">Viano\u010dn\u00e9 ozdoby od DSS Domovina<\/h3>\n\n\n\n<p>Zak\u00fapte si viano\u010dn\u00e9 ozdoby dekor\u00e1cie z chr\u00e1nenej dielne Domovina a podporte jej hendikepovan\u00fdch klientov v zaraden\u00ed sa do pracovn\u00e9ho \u017eivota a spolo\u010dnosti. \u010ci u\u017e h\u013ead\u00e1te keramick\u00e9 a textiln\u00e9 ozdoby na strom\u010dek, ikebany, girlandy, alebo vence, u nich ich zaru\u010dene n\u00e1jdete. O tom, ak\u00e9 kr\u00e1sne a hodnotn\u00e9 v\u00fdrobky tvoria, sa m\u00f4\u017eete presved\u010di\u0165 <strong><a href=\"https:\/\/www.facebook.com\/permalink.php?story_fbid=pfbid02etCX56hBBEy8Kccfro4VhdjKUJoyHzbUsTBmqcdnyzK4qFTq1bAsmZD1W9W4uqL6l&amp;id=100064785783993\" target=\"_blank\" rel=\"noreferrer noopener\">na Facebook str\u00e1nke DSS Domovina n.o. TU<\/a><\/strong>. <\/p>\n\n\n<div class=\"wp-block-image\">\n<figure class=\"aligncenter size-large is-resized\"><a href=\"https:\/\/vraji.sk\/wp-content\/uploads\/2025\/10\/Hand-made-vianocne-darceky-od-Domoviny.jpg\" target=\"_blank\" rel=\" noreferrer noopener\"><img loading=\"lazy\" decoding=\"async\" width=\"1024\" height=\"1024\" src=\"https:\/\/vraji.sk\/wp-content\/uploads\/2025\/10\/Hand-made-vianocne-darceky-od-Domoviny-1024x1024.jpg\" alt=\"\" class=\"wp-image-21136\" style=\"width:350px\" srcset=\"https:\/\/vraji.sk\/wp-content\/uploads\/2025\/10\/Hand-made-vianocne-darceky-od-Domoviny-1024x1024.jpg 1024w, https:\/\/vraji.sk\/wp-content\/uploads\/2025\/10\/Hand-made-vianocne-darceky-od-Domoviny-300x300.jpg 300w, https:\/\/vraji.sk\/wp-content\/uploads\/2025\/10\/Hand-made-vianocne-darceky-od-Domoviny-150x150.jpg 150w, https:\/\/vraji.sk\/wp-content\/uploads\/2025\/10\/Hand-made-vianocne-darceky-od-Domoviny-768x768.jpg 768w, https:\/\/vraji.sk\/wp-content\/uploads\/2025\/10\/Hand-made-vianocne-darceky-od-Domoviny.jpg 1440w\" sizes=\"auto, (max-width: 1024px) 100vw, 1024px\" \/><\/a><\/figure>\n<\/div>\n\n\n<div style=\"height:40px\" aria-hidden=\"true\" class=\"wp-block-spacer\"><\/div>\n\n\n\n<h2 class=\"wp-block-heading\">Viano\u010dn\u00fd voucher od La Residence<\/h2>\n\n\n\n<p>Darujte bl\u00edzkym na Vianoce z\u00e1\u017eitky, oddych a spomienky, ktor\u00e9 zostan\u00fa. Napr\u00edklad v podobe voucheru na pobyt snov v ubytovac\u00edch zariadeniach <strong><a href=\"https:\/\/www.laresidence.sk\/\" target=\"_blank\" rel=\"noreferrer noopener\">La Residence<\/a><\/strong> v Slovenskom raji. Voucher si m\u00f4\u017eete nakonfigurova\u0165 pod\u013ea svojich predst\u00e1v, od sumy 150\u20ac. Vhodn\u00e9 pre romantick\u00fd pobyt, relax s rodinou, wellnes &amp; adventure alebo ako dar\u010dek pre priate\u013eov a kolegov. Viac inform\u00e1ci\u00ed m\u00f4\u017eete n\u00e1js\u0165 na webovej str\u00e1nke <strong><a href=\"http:\/\/www.laresidence.sk\" target=\"_blank\" rel=\"noreferrer noopener\">www.laresidence.sk<\/a><\/strong>. Pre objedn\u00e1vky nev\u00e1hajte zavola\u0165 na telef\u00f3nne \u010d\u00edslo +421905486162 alebo nap\u00edsa\u0165 mail na info@laresidence.sk. <\/p>\n\n\n<div class=\"wp-block-image\">\n<figure class=\"aligncenter size-large is-resized\"><a href=\"https:\/\/vraji.sk\/wp-content\/uploads\/2025\/10\/Vianocny-voucher-La-Residence.jpg\" target=\"_blank\" rel=\" noreferrer noopener\"><img loading=\"lazy\" decoding=\"async\" width=\"743\" height=\"1024\" src=\"https:\/\/vraji.sk\/wp-content\/uploads\/2025\/10\/Vianocny-voucher-La-Residence-743x1024.jpg\" alt=\"\" class=\"wp-image-21140\" style=\"width:350px\" srcset=\"https:\/\/vraji.sk\/wp-content\/uploads\/2025\/10\/Vianocny-voucher-La-Residence-743x1024.jpg 743w, https:\/\/vraji.sk\/wp-content\/uploads\/2025\/10\/Vianocny-voucher-La-Residence-218x300.jpg 218w, https:\/\/vraji.sk\/wp-content\/uploads\/2025\/10\/Vianocny-voucher-La-Residence-768x1058.jpg 768w, https:\/\/vraji.sk\/wp-content\/uploads\/2025\/10\/Vianocny-voucher-La-Residence.jpg 799w\" sizes=\"auto, (max-width: 743px) 100vw, 743px\" \/><\/a><\/figure>\n<\/div>\n\n\n<div style=\"height:40px\" aria-hidden=\"true\" class=\"wp-block-spacer\"><\/div>\n\n\n\n<h2 class=\"wp-block-heading\">Viano\u010dn\u00fd voucher do Snow Park \u013dadov\u00e1<\/h2>\n\n\n\n<p>H\u013ead\u00e1te &#8222;dar\u010dek pod strom\u010dek na posledn\u00fa chv\u00ed\u013eu&#8221; pre va\u0161ich \u0161portovo naladen\u00fdch bl\u00edzkych? Darujte im skvel\u00fd z\u00e1\u017eitok na be\u017ek\u00e1ch v Slovenskom raji, teraz za perfektn\u00fa cenu. Za viano\u010dn\u00fd voucher na zapo\u017ei\u010danie setu pre be\u017eeck\u00e9 ly\u017eovanie v Are\u00e1li be\u017eeck\u00e9ho ly\u017eovania Dob\u0161insk\u00e1 \u013dadov\u00e1 Jasky\u0148a teraz zaplat\u00edte namiesto 38\u20ac iba 20\u20ac! Viac inform\u00e1ci\u00ed <strong><a href=\"https:\/\/www.facebook.com\/snowparkladova\/posts\/pfbid036Wo566iwiR2sPmhtfQr4YvjWAS6ph41cXCcB9RYgQnGwo5f1ZTN2nNr7eMGurv6Rl\" target=\"_blank\" rel=\"noreferrer noopener\">na Facebook str\u00e1nke Are\u00e1lu be\u017eeck\u00e9ho ly\u017eovania TU<\/a><\/strong>. Odpor\u00fa\u010dame! <\/p>\n\n\n<div class=\"wp-block-image\">\n<figure class=\"aligncenter size-large is-resized\"><img loading=\"lazy\" decoding=\"async\" width=\"683\" height=\"1024\" src=\"https:\/\/vraji.sk\/wp-content\/uploads\/2025\/10\/Vianocna-poukazka-Snow-Park-Ladova-683x1024.jpg\" alt=\"\" class=\"wp-image-21142\" style=\"width:350px\" srcset=\"https:\/\/vraji.sk\/wp-content\/uploads\/2025\/10\/Vianocna-poukazka-Snow-Park-Ladova-683x1024.jpg 683w, https:\/\/vraji.sk\/wp-content\/uploads\/2025\/10\/Vianocna-poukazka-Snow-Park-Ladova-200x300.jpg 200w, https:\/\/vraji.sk\/wp-content\/uploads\/2025\/10\/Vianocna-poukazka-Snow-Park-Ladova-768x1152.jpg 768w, https:\/\/vraji.sk\/wp-content\/uploads\/2025\/10\/Vianocna-poukazka-Snow-Park-Ladova.jpg 1024w\" sizes=\"auto, (max-width: 683px) 100vw, 683px\" \/><\/figure>\n<\/div>\n\n\n<div style=\"height:40px\" aria-hidden=\"true\" class=\"wp-block-spacer\"><\/div>\n\n\n\n<h3 class=\"wp-block-heading\">Dar\u010dekov\u00e9 pouk\u00e1\u017eky do Hotela Metropol &#8211; ide\u00e1lny viano\u010dn\u00fd dar\u010dek<\/h3>\n\n\n\n<p>Ak st\u00e1le h\u013ead\u00e1te ide\u00e1lny Viano\u010dn\u00fd dar\u010dek pre va\u0161ich bl\u00edzkych, nechajte sa in\u0161pirova\u0165 dar\u010dekov\u00fdmi pouk\u00e1\u017ekami od Hotela Metropol**** v Spi\u0161skej Novej Vsi. Pouk\u00e1\u017eky m\u00f4\u017eete vyu\u017ei\u0165 na komfortn\u00e9 ubytovanie, relaxa\u010dn\u00fd wellness alebo v\u00fdborn\u00fa gastron\u00f3miu v hotelovej re\u0161taur\u00e1cii. Viac inform\u00e1ci\u00ed n\u00e1jdete <strong><a href=\"https:\/\/www.hotelmetropol.sk\/\">na webe Hotela Metropol<\/a><\/strong>, alebo <strong><a href=\"https:\/\/www.facebook.com\/hotelmetropolsnv\/posts\/pfbid02kA1pmctaM5D3w6XrEjBA5QQsf5LsE8LyuwDtDbUUiYYRdfpefD5v47TpPM1qCR3sl?rdid=vEhbytgOQRWYEdVP#\" target=\"_blank\" rel=\"noreferrer noopener\">na ich Facebook str\u00e1nke TU<\/a><\/strong>. <\/p>\n\n\n<div class=\"wp-block-image\">\n<figure class=\"aligncenter size-large is-resized\"><a href=\"https:\/\/vraji.sk\/wp-content\/uploads\/2025\/10\/Darcekovy-poukaz-Hotel-Metropol.jpg\" target=\"_blank\" rel=\" noreferrer noopener\"><img loading=\"lazy\" decoding=\"async\" width=\"769\" height=\"1024\" src=\"https:\/\/vraji.sk\/wp-content\/uploads\/2025\/10\/Darcekovy-poukaz-Hotel-Metropol-769x1024.jpg\" alt=\"\" class=\"wp-image-21144\" style=\"width:350px\" srcset=\"https:\/\/vraji.sk\/wp-content\/uploads\/2025\/10\/Darcekovy-poukaz-Hotel-Metropol-769x1024.jpg 769w, https:\/\/vraji.sk\/wp-content\/uploads\/2025\/10\/Darcekovy-poukaz-Hotel-Metropol-225x300.jpg 225w, https:\/\/vraji.sk\/wp-content\/uploads\/2025\/10\/Darcekovy-poukaz-Hotel-Metropol-768x1023.jpg 768w, https:\/\/vraji.sk\/wp-content\/uploads\/2025\/10\/Darcekovy-poukaz-Hotel-Metropol-1153x1536.jpg 1153w, https:\/\/vraji.sk\/wp-content\/uploads\/2025\/10\/Darcekovy-poukaz-Hotel-Metropol.jpg 1440w\" sizes=\"auto, (max-width: 769px) 100vw, 769px\" \/><\/a><\/figure>\n<\/div>\n\n\n<div style=\"height:40px\" aria-hidden=\"true\" class=\"wp-block-spacer\"><\/div>\n\n\n\n<h3 class=\"wp-block-heading\">Ve\u010dern\u00fd v\u00fdstup na vyhliadkov\u00fa ve\u017eu Green Point <\/h3>\n\n\n\n<p><strong>Sobota 10. janu\u00e1ra 2026, 14:30 hod., zraz v Novom humne pri M\u00fazeu obuvi v Kluknave<\/strong><\/p>\n\n\n\n<p>Oddiel KST Kluknava a Obec Kluknava v\u00e1s v sobotu 10. 1. popoludn\u00ed srde\u010dne poz\u00fdvaj\u00fa na podujatie Trojkr\u00e1\u013eov\u00e1 hviezdna stopa na vyhliadkov\u00fa ve\u017eu Green Point nad obcou. Vydajte sa na zimn\u00fa sveteln\u00fa cestu za hviezdou nad Spi\u0161om. A nezabudnite si zobra\u0165 lamp\u00e1\u0161ik, svie\u010dku v poh\u00e1ri alebo \u010delovku. <strong><a href=\"https:\/\/www.kluknava.sk\/aktualne\/aktuality\/trojkralova-hviezdna-stopa-3039sk.html\" target=\"_blank\" rel=\"noreferrer noopener\">Viac inform\u00e1ci\u00ed na webe Obce Kluknava TU. <\/a><\/strong><\/p>\n\n\n<div class=\"wp-block-image\">\n<figure class=\"aligncenter size-large is-resized\"><a href=\"https:\/\/vraji.sk\/wp-content\/uploads\/2025\/10\/Kluknava.jpg\" target=\"_blank\" rel=\" noreferrer noopener\"><img loading=\"lazy\" decoding=\"async\" width=\"697\" height=\"1024\" src=\"https:\/\/vraji.sk\/wp-content\/uploads\/2025\/10\/Kluknava-697x1024.jpg\" alt=\"\" class=\"wp-image-21150\" style=\"width:350px\" srcset=\"https:\/\/vraji.sk\/wp-content\/uploads\/2025\/10\/Kluknava-697x1024.jpg 697w, https:\/\/vraji.sk\/wp-content\/uploads\/2025\/10\/Kluknava-204x300.jpg 204w, https:\/\/vraji.sk\/wp-content\/uploads\/2025\/10\/Kluknava-768x1128.jpg 768w, https:\/\/vraji.sk\/wp-content\/uploads\/2025\/10\/Kluknava.jpg 895w\" sizes=\"auto, (max-width: 697px) 100vw, 697px\" \/><\/a><\/figure>\n<\/div>","protected":false},"excerpt":{"rendered":"<p>Viano\u010dn\u00e9 sviatky s\u00fa ka\u017edoro\u010dne \u010dasom mil\u00fdch stretnut\u00ed rodiny a priate\u013eov z bl\u00edzka i z \u010fal<\/p>\n","protected":false},"author":52,"featured_media":20799,"comment_status":"closed","ping_status":"open","sticky":false,"template":"","format":"standard","meta":{"_acf_changed":false,"footnotes":""},"categories":[1],"tags":[],"class_list":["post-20659","post","type-post","status-publish","format-standard","has-post-thumbnail","hentry","category-uncategorized-sk"],"acf":[],"yoast_head":"<!-- This site is optimized with the Yoast SEO plugin v27.4 - https:\/\/yoast.com\/product\/yoast-seo-wordpress\/ -->\n<title>Vianoce 2025 v Raji a na Spi\u0161i - OOCR<\/title>\n<meta name=\"description\" content=\"U\u017eite si nezabudnute\u013en\u00e9 viano\u010dn\u00e9 sviatky s bl\u00edzkymi v regi\u00f3ne Slovensk\u00fd raj a ju\u017en\u00fd Spi\u0161. Tipy na tie NAJ viano\u010dn\u00e9 podujatia v \u010dl\u00e1nku ni\u017e\u0161ie.\" \/>\n<meta name=\"robots\" content=\"index, follow, max-snippet:-1, max-image-preview:large, max-video-preview:-1\" \/>\n<link rel=\"canonical\" href=\"https:\/\/vraji.sk\/hu\/vianoce-2025-v-raji-a-na-spisi\/\" \/>\n<meta property=\"og:locale\" content=\"hu_HU\" \/>\n<meta property=\"og:type\" content=\"article\" \/>\n<meta property=\"og:title\" content=\"Vianoce 2025 v Raji a na Spi\u0161i - OOCR\" \/>\n<meta property=\"og:description\" content=\"U\u017eite si nezabudnute\u013en\u00e9 viano\u010dn\u00e9 sviatky s bl\u00edzkymi v regi\u00f3ne Slovensk\u00fd raj a ju\u017en\u00fd Spi\u0161. Tipy na tie NAJ viano\u010dn\u00e9 podujatia v \u010dl\u00e1nku ni\u017e\u0161ie.\" \/>\n<meta property=\"og:url\" content=\"https:\/\/vraji.sk\/hu\/vianoce-2025-v-raji-a-na-spisi\/\" \/>\n<meta property=\"og:site_name\" content=\"OOCR\" \/>\n<meta property=\"article:published_time\" content=\"2025-10-02T20:04:29+00:00\" \/>\n<meta property=\"article:modified_time\" content=\"2025-12-23T18:08:03+00:00\" \/>\n<meta property=\"og:image\" content=\"https:\/\/vraji.sk\/wp-content\/uploads\/2025\/10\/Vianoce-titulka-1.jpg\" \/>\n\t<meta property=\"og:image:width\" content=\"1023\" \/>\n\t<meta property=\"og:image:height\" content=\"584\" \/>\n\t<meta property=\"og:image:type\" content=\"image\/jpeg\" \/>\n<meta name=\"author\" content=\"OOCR\" \/>\n<meta name=\"twitter:card\" content=\"summary_large_image\" \/>\n<meta name=\"twitter:label1\" content=\"Szerz\u0151:\" \/>\n\t<meta name=\"twitter:data1\" content=\"OOCR\" \/>\n\t<meta name=\"twitter:label2\" content=\"Becs\u00fclt olvas\u00e1si id\u0151\" \/>\n\t<meta name=\"twitter:data2\" content=\"9 perc\" \/>\n<script type=\"application\/ld+json\" class=\"yoast-schema-graph\">{\"@context\":\"https:\\\/\\\/schema.org\",\"@graph\":[{\"@type\":\"Article\",\"@id\":\"https:\\\/\\\/vraji.sk\\\/hu\\\/vianoce-2025-v-raji-a-na-spisi\\\/#article\",\"isPartOf\":{\"@id\":\"https:\\\/\\\/vraji.sk\\\/hu\\\/vianoce-2025-v-raji-a-na-spisi\\\/\"},\"author\":{\"name\":\"OOCR\",\"@id\":\"https:\\\/\\\/vraji.sk\\\/hu\\\/#\\\/schema\\\/person\\\/6ba5da72601ea4018533f90f796d4530\"},\"headline\":\"Vianoce 2025 v Raji a na Spi\u0161i\",\"datePublished\":\"2025-10-02T20:04:29+00:00\",\"dateModified\":\"2025-12-23T18:08:03+00:00\",\"mainEntityOfPage\":{\"@id\":\"https:\\\/\\\/vraji.sk\\\/hu\\\/vianoce-2025-v-raji-a-na-spisi\\\/\"},\"wordCount\":1185,\"publisher\":{\"@id\":\"https:\\\/\\\/vraji.sk\\\/hu\\\/#organization\"},\"image\":{\"@id\":\"https:\\\/\\\/vraji.sk\\\/hu\\\/vianoce-2025-v-raji-a-na-spisi\\\/#primaryimage\"},\"thumbnailUrl\":\"https:\\\/\\\/vraji.sk\\\/wp-content\\\/uploads\\\/2025\\\/10\\\/Vianoce-titulka-1.jpg\",\"articleSection\":[\"Uncategorized @sk\"],\"inLanguage\":\"hu\"},{\"@type\":\"WebPage\",\"@id\":\"https:\\\/\\\/vraji.sk\\\/hu\\\/vianoce-2025-v-raji-a-na-spisi\\\/\",\"url\":\"https:\\\/\\\/vraji.sk\\\/hu\\\/vianoce-2025-v-raji-a-na-spisi\\\/\",\"name\":\"Vianoce 2025 v Raji a na Spi\u0161i - OOCR\",\"isPartOf\":{\"@id\":\"https:\\\/\\\/vraji.sk\\\/hu\\\/#website\"},\"primaryImageOfPage\":{\"@id\":\"https:\\\/\\\/vraji.sk\\\/hu\\\/vianoce-2025-v-raji-a-na-spisi\\\/#primaryimage\"},\"image\":{\"@id\":\"https:\\\/\\\/vraji.sk\\\/hu\\\/vianoce-2025-v-raji-a-na-spisi\\\/#primaryimage\"},\"thumbnailUrl\":\"https:\\\/\\\/vraji.sk\\\/wp-content\\\/uploads\\\/2025\\\/10\\\/Vianoce-titulka-1.jpg\",\"datePublished\":\"2025-10-02T20:04:29+00:00\",\"dateModified\":\"2025-12-23T18:08:03+00:00\",\"description\":\"U\u017eite si nezabudnute\u013en\u00e9 viano\u010dn\u00e9 sviatky s bl\u00edzkymi v regi\u00f3ne Slovensk\u00fd raj a ju\u017en\u00fd Spi\u0161. Tipy na tie NAJ viano\u010dn\u00e9 podujatia v \u010dl\u00e1nku ni\u017e\u0161ie.\",\"breadcrumb\":{\"@id\":\"https:\\\/\\\/vraji.sk\\\/hu\\\/vianoce-2025-v-raji-a-na-spisi\\\/#breadcrumb\"},\"inLanguage\":\"hu\",\"potentialAction\":[{\"@type\":\"ReadAction\",\"target\":[\"https:\\\/\\\/vraji.sk\\\/hu\\\/vianoce-2025-v-raji-a-na-spisi\\\/\"]}]},{\"@type\":\"ImageObject\",\"inLanguage\":\"hu\",\"@id\":\"https:\\\/\\\/vraji.sk\\\/hu\\\/vianoce-2025-v-raji-a-na-spisi\\\/#primaryimage\",\"url\":\"https:\\\/\\\/vraji.sk\\\/wp-content\\\/uploads\\\/2025\\\/10\\\/Vianoce-titulka-1.jpg\",\"contentUrl\":\"https:\\\/\\\/vraji.sk\\\/wp-content\\\/uploads\\\/2025\\\/10\\\/Vianoce-titulka-1.jpg\",\"width\":1023,\"height\":584},{\"@type\":\"BreadcrumbList\",\"@id\":\"https:\\\/\\\/vraji.sk\\\/hu\\\/vianoce-2025-v-raji-a-na-spisi\\\/#breadcrumb\",\"itemListElement\":[{\"@type\":\"ListItem\",\"position\":1,\"name\":\"Home\",\"item\":\"https:\\\/\\\/vraji.sk\\\/hu\\\/honlap\\\/\"},{\"@type\":\"ListItem\",\"position\":2,\"name\":\"Vianoce 2025 v Raji a na Spi\u0161i\"}]},{\"@type\":\"WebSite\",\"@id\":\"https:\\\/\\\/vraji.sk\\\/hu\\\/#website\",\"url\":\"https:\\\/\\\/vraji.sk\\\/hu\\\/\",\"name\":\"OOCR\",\"description\":\"Regi\u00f3n Slovensk\u00fd raj a Spi\u0161 | Z\u00e1\u017eitky, turistika, hist\u00f3ria | vRaji.sk\",\"publisher\":{\"@id\":\"https:\\\/\\\/vraji.sk\\\/hu\\\/#organization\"},\"potentialAction\":[{\"@type\":\"SearchAction\",\"target\":{\"@type\":\"EntryPoint\",\"urlTemplate\":\"https:\\\/\\\/vraji.sk\\\/hu\\\/?s={search_term_string}\"},\"query-input\":{\"@type\":\"PropertyValueSpecification\",\"valueRequired\":true,\"valueName\":\"search_term_string\"}}],\"inLanguage\":\"hu\"},{\"@type\":\"Organization\",\"@id\":\"https:\\\/\\\/vraji.sk\\\/hu\\\/#organization\",\"name\":\"OOCR\",\"url\":\"https:\\\/\\\/vraji.sk\\\/hu\\\/\",\"logo\":{\"@type\":\"ImageObject\",\"inLanguage\":\"hu\",\"@id\":\"https:\\\/\\\/vraji.sk\\\/hu\\\/#\\\/schema\\\/logo\\\/image\\\/\",\"url\":\"https:\\\/\\\/vraji.sk\\\/wp-content\\\/uploads\\\/2021\\\/11\\\/biele-logo-1.svg\",\"contentUrl\":\"https:\\\/\\\/vraji.sk\\\/wp-content\\\/uploads\\\/2021\\\/11\\\/biele-logo-1.svg\",\"caption\":\"OOCR\"},\"image\":{\"@id\":\"https:\\\/\\\/vraji.sk\\\/hu\\\/#\\\/schema\\\/logo\\\/image\\\/\"}},{\"@type\":\"Person\",\"@id\":\"https:\\\/\\\/vraji.sk\\\/hu\\\/#\\\/schema\\\/person\\\/6ba5da72601ea4018533f90f796d4530\",\"name\":\"OOCR\",\"image\":{\"@type\":\"ImageObject\",\"inLanguage\":\"hu\",\"@id\":\"https:\\\/\\\/secure.gravatar.com\\\/avatar\\\/254aa66d580269ab31c41bb5eb446b00d03ea31eab4a58840a0e31f2890e31c4?s=96&d=mm&r=g\",\"url\":\"https:\\\/\\\/secure.gravatar.com\\\/avatar\\\/254aa66d580269ab31c41bb5eb446b00d03ea31eab4a58840a0e31f2890e31c4?s=96&d=mm&r=g\",\"contentUrl\":\"https:\\\/\\\/secure.gravatar.com\\\/avatar\\\/254aa66d580269ab31c41bb5eb446b00d03ea31eab4a58840a0e31f2890e31c4?s=96&d=mm&r=g\",\"caption\":\"OOCR\"},\"url\":\"https:\\\/\\\/vraji.sk\\\/hu\\\/author\\\/oocr-info\\\/\"}]}<\/script>\n<!-- \/ Yoast SEO plugin. -->","yoast_head_json":{"title":"Vianoce 2025 v Raji a na Spi\u0161i - OOCR","description":"U\u017eite si nezabudnute\u013en\u00e9 viano\u010dn\u00e9 sviatky s bl\u00edzkymi v regi\u00f3ne Slovensk\u00fd raj a ju\u017en\u00fd Spi\u0161. Tipy na tie NAJ viano\u010dn\u00e9 podujatia v \u010dl\u00e1nku ni\u017e\u0161ie.","robots":{"index":"index","follow":"follow","max-snippet":"max-snippet:-1","max-image-preview":"max-image-preview:large","max-video-preview":"max-video-preview:-1"},"canonical":"https:\/\/vraji.sk\/hu\/vianoce-2025-v-raji-a-na-spisi\/","og_locale":"hu_HU","og_type":"article","og_title":"Vianoce 2025 v Raji a na Spi\u0161i - OOCR","og_description":"U\u017eite si nezabudnute\u013en\u00e9 viano\u010dn\u00e9 sviatky s bl\u00edzkymi v regi\u00f3ne Slovensk\u00fd raj a ju\u017en\u00fd Spi\u0161. Tipy na tie NAJ viano\u010dn\u00e9 podujatia v \u010dl\u00e1nku ni\u017e\u0161ie.","og_url":"https:\/\/vraji.sk\/hu\/vianoce-2025-v-raji-a-na-spisi\/","og_site_name":"OOCR","article_published_time":"2025-10-02T20:04:29+00:00","article_modified_time":"2025-12-23T18:08:03+00:00","og_image":[{"width":1023,"height":584,"url":"https:\/\/vraji.sk\/wp-content\/uploads\/2025\/10\/Vianoce-titulka-1.jpg","type":"image\/jpeg"}],"author":"OOCR","twitter_card":"summary_large_image","twitter_misc":{"Szerz\u0151:":"OOCR","Becs\u00fclt olvas\u00e1si id\u0151":"9 perc"},"schema":{"@context":"https:\/\/schema.org","@graph":[{"@type":"Article","@id":"https:\/\/vraji.sk\/hu\/vianoce-2025-v-raji-a-na-spisi\/#article","isPartOf":{"@id":"https:\/\/vraji.sk\/hu\/vianoce-2025-v-raji-a-na-spisi\/"},"author":{"name":"OOCR","@id":"https:\/\/vraji.sk\/hu\/#\/schema\/person\/6ba5da72601ea4018533f90f796d4530"},"headline":"Vianoce 2025 v Raji a na Spi\u0161i","datePublished":"2025-10-02T20:04:29+00:00","dateModified":"2025-12-23T18:08:03+00:00","mainEntityOfPage":{"@id":"https:\/\/vraji.sk\/hu\/vianoce-2025-v-raji-a-na-spisi\/"},"wordCount":1185,"publisher":{"@id":"https:\/\/vraji.sk\/hu\/#organization"},"image":{"@id":"https:\/\/vraji.sk\/hu\/vianoce-2025-v-raji-a-na-spisi\/#primaryimage"},"thumbnailUrl":"https:\/\/vraji.sk\/wp-content\/uploads\/2025\/10\/Vianoce-titulka-1.jpg","articleSection":["Uncategorized @sk"],"inLanguage":"hu"},{"@type":"WebPage","@id":"https:\/\/vraji.sk\/hu\/vianoce-2025-v-raji-a-na-spisi\/","url":"https:\/\/vraji.sk\/hu\/vianoce-2025-v-raji-a-na-spisi\/","name":"Vianoce 2025 v Raji a na Spi\u0161i - OOCR","isPartOf":{"@id":"https:\/\/vraji.sk\/hu\/#website"},"primaryImageOfPage":{"@id":"https:\/\/vraji.sk\/hu\/vianoce-2025-v-raji-a-na-spisi\/#primaryimage"},"image":{"@id":"https:\/\/vraji.sk\/hu\/vianoce-2025-v-raji-a-na-spisi\/#primaryimage"},"thumbnailUrl":"https:\/\/vraji.sk\/wp-content\/uploads\/2025\/10\/Vianoce-titulka-1.jpg","datePublished":"2025-10-02T20:04:29+00:00","dateModified":"2025-12-23T18:08:03+00:00","description":"U\u017eite si nezabudnute\u013en\u00e9 viano\u010dn\u00e9 sviatky s bl\u00edzkymi v regi\u00f3ne Slovensk\u00fd raj a ju\u017en\u00fd Spi\u0161. Tipy na tie NAJ viano\u010dn\u00e9 podujatia v \u010dl\u00e1nku ni\u017e\u0161ie.","breadcrumb":{"@id":"https:\/\/vraji.sk\/hu\/vianoce-2025-v-raji-a-na-spisi\/#breadcrumb"},"inLanguage":"hu","potentialAction":[{"@type":"ReadAction","target":["https:\/\/vraji.sk\/hu\/vianoce-2025-v-raji-a-na-spisi\/"]}]},{"@type":"ImageObject","inLanguage":"hu","@id":"https:\/\/vraji.sk\/hu\/vianoce-2025-v-raji-a-na-spisi\/#primaryimage","url":"https:\/\/vraji.sk\/wp-content\/uploads\/2025\/10\/Vianoce-titulka-1.jpg","contentUrl":"https:\/\/vraji.sk\/wp-content\/uploads\/2025\/10\/Vianoce-titulka-1.jpg","width":1023,"height":584},{"@type":"BreadcrumbList","@id":"https:\/\/vraji.sk\/hu\/vianoce-2025-v-raji-a-na-spisi\/#breadcrumb","itemListElement":[{"@type":"ListItem","position":1,"name":"Home","item":"https:\/\/vraji.sk\/hu\/honlap\/"},{"@type":"ListItem","position":2,"name":"Vianoce 2025 v Raji a na Spi\u0161i"}]},{"@type":"WebSite","@id":"https:\/\/vraji.sk\/hu\/#website","url":"https:\/\/vraji.sk\/hu\/","name":"OOCR","description":"Regi\u00f3n Slovensk\u00fd raj a Spi\u0161 | Z\u00e1\u017eitky, turistika, hist\u00f3ria | vRaji.sk","publisher":{"@id":"https:\/\/vraji.sk\/hu\/#organization"},"potentialAction":[{"@type":"SearchAction","target":{"@type":"EntryPoint","urlTemplate":"https:\/\/vraji.sk\/hu\/?s={search_term_string}"},"query-input":{"@type":"PropertyValueSpecification","valueRequired":true,"valueName":"search_term_string"}}],"inLanguage":"hu"},{"@type":"Organization","@id":"https:\/\/vraji.sk\/hu\/#organization","name":"OOCR","url":"https:\/\/vraji.sk\/hu\/","logo":{"@type":"ImageObject","inLanguage":"hu","@id":"https:\/\/vraji.sk\/hu\/#\/schema\/logo\/image\/","url":"https:\/\/vraji.sk\/wp-content\/uploads\/2021\/11\/biele-logo-1.svg","contentUrl":"https:\/\/vraji.sk\/wp-content\/uploads\/2021\/11\/biele-logo-1.svg","caption":"OOCR"},"image":{"@id":"https:\/\/vraji.sk\/hu\/#\/schema\/logo\/image\/"}},{"@type":"Person","@id":"https:\/\/vraji.sk\/hu\/#\/schema\/person\/6ba5da72601ea4018533f90f796d4530","name":"OOCR","image":{"@type":"ImageObject","inLanguage":"hu","@id":"https:\/\/secure.gravatar.com\/avatar\/254aa66d580269ab31c41bb5eb446b00d03ea31eab4a58840a0e31f2890e31c4?s=96&d=mm&r=g","url":"https:\/\/secure.gravatar.com\/avatar\/254aa66d580269ab31c41bb5eb446b00d03ea31eab4a58840a0e31f2890e31c4?s=96&d=mm&r=g","contentUrl":"https:\/\/secure.gravatar.com\/avatar\/254aa66d580269ab31c41bb5eb446b00d03ea31eab4a58840a0e31f2890e31c4?s=96&d=mm&r=g","caption":"OOCR"},"url":"https:\/\/vraji.sk\/hu\/author\/oocr-info\/"}]}},"_links":{"self":[{"href":"https:\/\/vraji.sk\/hu\/wp-json\/wp\/v2\/posts\/20659","targetHints":{"allow":["GET"]}}],"collection":[{"href":"https:\/\/vraji.sk\/hu\/wp-json\/wp\/v2\/posts"}],"about":[{"href":"https:\/\/vraji.sk\/hu\/wp-json\/wp\/v2\/types\/post"}],"author":[{"embeddable":true,"href":"https:\/\/vraji.sk\/hu\/wp-json\/wp\/v2\/users\/52"}],"replies":[{"embeddable":true,"href":"https:\/\/vraji.sk\/hu\/wp-json\/wp\/v2\/comments?post=20659"}],"version-history":[{"count":36,"href":"https:\/\/vraji.sk\/hu\/wp-json\/wp\/v2\/posts\/20659\/revisions"}],"predecessor-version":[{"id":21180,"href":"https:\/\/vraji.sk\/hu\/wp-json\/wp\/v2\/posts\/20659\/revisions\/21180"}],"wp:featuredmedia":[{"embeddable":true,"href":"https:\/\/vraji.sk\/hu\/wp-json\/wp\/v2\/media\/20799"}],"wp:attachment":[{"href":"https:\/\/vraji.sk\/hu\/wp-json\/wp\/v2\/media?parent=20659"}],"wp:term":[{"taxonomy":"category","embeddable":true,"href":"https:\/\/vraji.sk\/hu\/wp-json\/wp\/v2\/categories?post=20659"},{"taxonomy":"post_tag","embeddable":true,"href":"https:\/\/vraji.sk\/hu\/wp-json\/wp\/v2\/tags?post=20659"}],"curies":[{"name":"wp","href":"https:\/\/api.w.org\/{rel}","templated":true}]}}