{"id":10286,"date":"2023-05-31T12:07:00","date_gmt":"2023-05-31T12:07:00","guid":{"rendered":"https:\/\/vraji.sk\/?p=10286"},"modified":"2024-02-14T11:16:46","modified_gmt":"2024-02-14T11:16:46","slug":"kulturne-leto-2022-v-spisskej-novej-vsi","status":"publish","type":"post","link":"https:\/\/vraji.sk\/pl\/kulturne-leto-2022-v-spisskej-novej-vsi\/","title":{"rendered":"Kult\u00farne leto 2023 v Spi\u0161skej Novej Vsi"},"content":{"rendered":"\n<figure class=\"wp-block-image size-large is-resized\"><a href=\"https:\/\/vraji.sk\/wp-content\/uploads\/2023\/06\/SNV_kulturne_leto_ICKO_1_page-0001.jpg\"><img loading=\"lazy\" decoding=\"async\" src=\"https:\/\/vraji.sk\/wp-content\/uploads\/2023\/06\/SNV_kulturne_leto_ICKO_1_page-0001-1024x728.jpg\" alt=\"\" class=\"wp-image-12274\" width=\"256\" height=\"182\" srcset=\"https:\/\/vraji.sk\/wp-content\/uploads\/2023\/06\/SNV_kulturne_leto_ICKO_1_page-0001-1024x728.jpg 1024w, https:\/\/vraji.sk\/wp-content\/uploads\/2023\/06\/SNV_kulturne_leto_ICKO_1_page-0001-300x213.jpg 300w, https:\/\/vraji.sk\/wp-content\/uploads\/2023\/06\/SNV_kulturne_leto_ICKO_1_page-0001-768x546.jpg 768w, https:\/\/vraji.sk\/wp-content\/uploads\/2023\/06\/SNV_kulturne_leto_ICKO_1_page-0001-1536x1092.jpg 1536w, https:\/\/vraji.sk\/wp-content\/uploads\/2023\/06\/SNV_kulturne_leto_ICKO_1_page-0001-2048x1456.jpg 2048w\" sizes=\"auto, (max-width: 256px) 100vw, 256px\" \/><\/a><\/figure>\n\n\n\n<p>Vyberte si z bohatej ponuky Kult\u00farneho leta v Spi\u0161skej Novej Vsi a pr\u00ed\u010fte sa zabavi\u0165, odd\u00fdchnu\u0165, pochutna\u0165 na dobrom jedle \u010di len tak stretn\u00fa\u0165 priate\u013eov.<\/p>\n\n\n\n<p><strong>SPI\u0160 ROCK FEST \/&nbsp;17. 6. * Madaras park<\/strong><\/p>\n\n\n\n<p><strong>SPI\u0160SK\u00dd TRH \/&nbsp;13. &#8211; 16.7. 2023<\/strong> <strong>* n\u00e1mestie<\/strong><\/p>\n\n\n\n<p><strong>\u017dIV\u00c9 SOCHY 2023 \/&nbsp;28. \u2013 29. 7<\/strong>. <strong>* Park, Radni\u010dn\u00e9 n\u00e1mestie<\/strong><\/p>\n\n\n\n<p><strong>LEP\u0160EJ\u0160\u00cd DE\u0147<\/strong><br><strong>5. 8. * 15.00 &#8211; 21.00 * Park, Radni\u010dn\u00e9 n\u00e1mestie<\/strong><br>OZ Mlad\u00ed \u013eudia a \u017eivot a Klub mlad\u00fdch poz\u00fdvaj\u00fa na oslavu D\u0148a ml\u00e1de\u017ee.<br>Predstavia sa tane\u010dn\u00edci, hudobn\u00edci a spev\u00e1ci a kapela S\u00e1m sebou, www.mladiludiaazivot.sk, <br>FB: Mlad\u00ed \u013eudia a \u017eivot, Klub mlad\u00fdch SNV<\/p>\n\n\n\n<p><strong>JAWA\/\u010cZ SPI\u0160 ZRAZ \/ 5. 8. 10.00 &#8211; 11:30<\/strong><\/p>\n\n\n\n<p><strong>DNI MESTA A TRH \u013dUDOV\u00ddCH REMESIEL \/&nbsp;25. \u2013 26. 8. * Radni\u010dn\u00e9 n\u00e1mestie<\/strong><\/p>\n\n\n\n<p><strong>KOTL\u00cdKOV\u00dd FESTIVAL \/&nbsp;27. 8. * Fer\u010dekovce, detsk\u00e9 ihrisko na Inoveckej ul.<\/strong><\/p>\n\n\n\n<p><strong>GRAFFITI VILLA NOVA&nbsp;\/ 1. \u2013 3. 9. * S\u00eddl. gen. Svobodu \u2013 Tar\u010da (zadn\u00e1 stena gar\u00e1\u017e\u00ed)<\/strong><\/p>\n\n\n\n<p><strong>KONCERTY Z VE\u017dE \/&nbsp;19.15 <strong>*<\/strong><\/strong> <strong>R\u00edmskokatol\u00edcky farsk\u00fd kostol Nanebovzatia Panny M\u00e1rie<\/strong><\/p>\n\n\n\n<p><strong>30. 6.<\/strong> * MICHAELA REGECOV\u00c1 &#8211; gitara <br><strong>7. 7.<\/strong> * MARIANA KACVINSK\u00c1 &#8211; husle<br><strong>21. 7.<\/strong> * SLAVOM\u00cdR RAKYTA &#8211; saxof\u00f3n<br><strong>4. 8<\/strong>. * TIMOTEJ ZAVACK\u00dd &#8211; gitara<br><strong>11. 8.<\/strong> * MARTIN SLIVA &#8211; husle<br><strong>18. 8.&nbsp;<\/strong>* MARTIN LOUMA &#8211; klav\u00edr a TOM\u00c1\u0160 RAJ\u0147\u00c1K &#8211; husle <\/p>\n\n\n\n<p><strong>KOMORN\u00c9 VE\u010cERY \/&nbsp;18.00 * Slovensk\u00fd kostol, Levo\u010dsk\u00e1 ul.<\/strong><br><strong>10. 6. * LE NUOVE MUSICHE &#8211; Selva Morale e Spirituale <\/strong><\/p>\n\n\n\n<p><strong>RANDE S LEPORELOM \/&nbsp;10.00 * park pri Evanjelickom kostole, Radni\u010dn\u00e9 n\u00e1m.<\/strong><br><strong>22. 6. * 20. 7. <strong>*<\/strong><\/strong> <strong>7.9. * \u010c\u00cdTANIE ROZPR\u00c1VKOV\u00ddCH PR\u00cdBEHOV<\/strong> spojen\u00e9 s tvorivou diel\u0148ou pre deti<\/p>\n\n\n\n<p><strong>AMFO 8. 6. &#8211; 11. 7. *<\/strong> <strong>V\u00fdstavn\u00e1 miestnos\u0165 a foyer<\/strong>, <strong>Osveta SKCaK, Zimn\u00e1 47<\/strong><br>Krajsk\u00e9 kolo 51. ro\u010dn\u00edka celo\u0161t\u00e1tnej postupovej s\u00fa\u0165a\u017ee a v\u00fdstavy neprofesion\u00e1lnej fotografickej tvorby Ko\u0161ick\u00e9ho kraja<\/p>\n\n\n\n<p><strong>OSVETU\u0160KY &#8211; DETSK\u00dd LETN\u00dd T\u00c1BOR * 10. 7. &#8211; 14. 7. * 31. 7. &#8211; 4. 8. Osveta SKCaK, Zimn\u00e1 47<\/strong> Tvoriv\u00e9 dielne, \u013eudov\u00e9 hry, graffiti, literat\u00fara, turistika a pr\u00edroda, umenie, \u0161port<\/p>\n\n\n\n<p><strong>NEMCI NA SPI\u0160I \/ 17.00<\/strong> <strong>*<\/strong> <strong>M\u00fazeum Spi\u0161a, Letn\u00e1 50<\/strong><br><strong>14. 7., 8. 9.<br>25. 8. <\/strong><\/p>\n\n\n\n<p><strong>LETN\u00c9 KINO PRED REDUTOU | 21.15 | Radni\u010dn\u00e9 n\u00e1mestie 4<\/strong><br><strong>1. 7., sobota, 21.15 | PO \u010cOM MU\u017dI T\u00da\u017dIA 2<\/strong><br>\u010cR, kom\u00e9dia, 95 min., \u010desk\u00e1 verzia, MP 12<br>Irena Kop\u00e1\u010dov\u00e1 sa \u017eiv\u00ed ako vz\u0165ahov\u00fd poradca, ale pritom sama m\u00e1 partnera, ktor\u00fd ju&nbsp;podv\u00e1dza. Irenu jej prax profesion\u00e1lne deformuje a nevera jej priate\u013ea ju posiln\u00ed v&nbsp;presved\u010den\u00ed, \u017ee mu\u017ei s\u00fa primit\u00edvne bytosti, ktor\u00e9 len smrdia, pij\u00fa pivo a prdia. Jedn\u00e9ho d\u0148a&nbsp;sa jej averzia vo\u010di mu\u017eom vystup\u0148uje a ona po dvoch f\u013ea\u0161iach v\u00edna vyhl\u00e1si, \u017ee chce by\u0165 mu\u017e,&nbsp;aby sa tie\u017e mohla spr\u00e1va\u0165 ako tupec a ma\u0165 v\u0161etko na svete jednoduch\u0161ie. Druh\u00e9ho r\u00e1na sa&nbsp;Irena prebud\u00ed s hlavou ako zvon a s hr\u00f4zou v o\u010diach zist\u00ed, \u017ee sa jej no\u010dn\u00e9 prianie vyplnilo\u2026..<\/p>\n\n\n\n<p><strong>8. 7., sobota, 21.15 | INVALID<\/strong><br>SR, \u010dierna kom\u00e9dia, 98 min., MP 15<br>Divok\u00e9 90. roky. \u0160u\u0161tiakov\u00e9 s\u00fapravy, ve\u013ek\u00e9 magnetof\u00f3ny, videopo\u017ei\u010dovne na ka\u017edom kroku,&nbsp;nov\u00e9 spolo\u010densk\u00e9 pomery, z\u00e1plava r\u00f4znych podvodn\u00ed\u010dkov, za\u010d\u00ednaj\u00faci organizovan\u00fd zlo\u010din a s&nbsp;n\u00edm spojen\u00e9 n\u00e1silie a korupcia. V tomto \u010dase a prostred\u00ed anonymn\u00e9ho slovensk\u00e9ho&nbsp;malomesta sa odohr\u00e1va pr\u00edbeh Laca Hundera \u2013 \u00fadr\u017eb\u00e1ra v m\u00fazeu, ktor\u00fd je hrd\u00fd na svoju pr\u00e1cu, ale kv\u00f4li svojej cholerickej povahe sa ocitne v nespr\u00e1vnom \u010dase na nespr\u00e1vnom&nbsp;mieste..<br><br><strong>19. 7., streda, 21.15<\/strong> <strong>|<\/strong> <strong>B\u00c1BOVKY<\/strong><br>\u010cR, kom\u00e9dia, 97 min., MP12<br><br><strong>22. 7., sobota, 21.15 | SL\u00da\u017dKA<\/strong><br>SR\/\u010cR, historick\u00e1 dr\u00e1ma, 110 min., MP 15<br>Nov\u00fd film re\u017eis\u00e9rky Mariany \u010cengel Sol\u010danskej in\u0161pirovan\u00fd rovnomenn\u00fdm rom\u00e1nom Hany&nbsp;Lasicovej<br><br><strong>26. 7., streda, 21.15 | \u010cO SME KOMU V\u0160ETCI UROBILI?<\/strong><br>FRA, kom\u00e9dia. 98 min., MP 12 <br><br><strong>5. 8., sobota, 21.15 | \u017dELANIE K NARODENIN\u00c1M<\/strong><br>\u010cR, kom\u00e9dia, 93 min., \u010desk\u00e1 verzia, MP 12<br>Kom\u00e9dia o tom, ako sa rodinn\u00e1 oslava m\u00f4\u017ee zvrtn\u00fa\u0165 na divok\u00fa jazdu, pri ktorej si nikto&nbsp;nem\u00f4\u017ee by\u0165 ist\u00fd v\u00f4bec ni\u010d\u00edm\u2026<br><br><strong>9. 8., streda, 21.15 | DENN\u00cdK MODERN\u00c9HO FOTRA<\/strong><br>\u010cR, 101 min., MP 12<br><br><strong>12. 8., sobota, 21.15 | OSTROV<\/strong><br>\u010cR, 100 min., dobrodru\u017en\u00e1 romantick\u00e1 kom\u00e9dia, \u010desk\u00e1 verzia&nbsp;Ji\u0159\u00ed Langmajer, Jana Plodkov\u00e1 a opusten\u00fd ostrov v tropickom raji. To s\u00fa akt\u00e9ri dobrodru\u017enej&nbsp;romantickej kom\u00e9die, v ktorej dvaja \u013eudia, ktor\u00ed u\u017e nechc\u00fa by\u0165 spolu, zistia, \u017ee h\u00e1dky a spory<br>s\u00fa zbyto\u010dn\u00e9. Najm\u00e4 v divo\u010dine.<br><br><strong>16. 8., streda, 21.15 | POVEDZ TO PSOM<\/strong><br>\u010cR, kom\u00e9dia, 95 min., MP 12 <br><br><strong>19. 8., sobota, 21.15 | ZA V\u0160ETK\u00ddM H\u013dADAJ \u017dENU<\/strong><br>\u010cR, kom\u00e9dia, 95 min., \u010desk\u00e1 verzia, MP 12<br>L\u00e1ske na veku, ani mieste nez\u00e1le\u017e\u00ed. Nikdy nevieme, kedy a kde n\u00e1s stretne. M\u00f4\u017eeme sa&nbsp;zamilova\u0165 v \u0161k\u00f4lke, na d\u00f4chodku, na ulici, v parku. Kedyko\u013evek a kdeko\u013evek\u2026<\/p>\n\n\n\n<p><strong>NEDE\u013dN\u00c9 ROZPR\u00c1VKOV\u00c9 PREDSTAVENIA<\/strong><br><strong>2. 7. * DIVADELN\u00dd SVET:<\/strong> <strong>EDO A EKO DREWOVCI <\/strong><br>15.00 P\u00f3dium pred Redutou,<br>16.30 S\u00eddl. Mier, pred DK Mier<\/p>\n\n\n\n<p><strong>9. 7. * <strong>DIVADELN\u00dd SVET:<\/strong><\/strong> <strong>O NEDOBROTE<\/strong><br>15.00 P\u00f3dium pred Redutou<br>16.30 S\u00eddl. Z\u00e1pad, priestor pred CV\u010c<\/p>\n\n\n\n<p><strong>23. 7. * <strong>B\u00c1BKOV\u00c9 DIVADLO<\/strong><\/strong> <strong>BABADLO: AKO SOVA L\u00cd\u0160KE B\u00c1JKY \u010c\u00cdTALA<\/strong><br>15.00 P\u00f3dium pred Redutou<br>16.30 Novovesk\u00e1 Huta, Pohostinstvo Po\u013eovn\u00edk<\/p>\n\n\n\n<p><strong>6. 8. * DIVADELN\u00dd SVET: LABKOV\u00c1 PATROLA<\/strong><br>15.00 P\u00f3dium pred Redutou<br>16.30 S\u00eddl. Mier, pred DK Mier<\/p>\n\n\n\n<p><strong>13. 8. * DIVADLO <strong>NA PREDMEST\u00cd<\/strong>:<\/strong> <strong>DANKA A JANKA<\/strong><br>15.00 P\u00f3dium pred Redutou<br>16.30 S\u00eddl. Mier, pred DK Mier<\/p>\n\n\n\n<p><strong>20. 8. * DIVADLO <strong>NA HOJDA\u010cKE<\/strong>: KOLOBEH VODY<\/strong><br>15.00 P\u00f3dium pred Redutou<br>16.30 S\u00eddl. Z\u00e1pad, pred CV\u010c<\/p>\n\n\n\n<p><strong>27. 8. * <strong>B\u00c1BKOV\u00c9 DIVADLO SPOD SPI\u0160SK\u00c9HO HRADU: O KA<\/strong>TAR\u00cdNKE<\/strong><br>16.00 Fer\u010dekovce, detsk\u00e9 ihrisko na Inoveckej ul.<\/p>\n\n\n\n<p><strong>10. 9. * DIVADELN\u00dd SVET: \u0160A\u0160KOVIA PEP\u00c9 A KIKO NA POTULK\u00c1CH<\/strong><br>15.00 Novovesk\u00e1 Huta, Pohostinstvo Po\u013eovn\u00edk<br><br><strong>ANGLI\u010c\u00c1KY NA\u0160ICH OTCOV A DEDOV<\/strong> <strong>* M\u00fazeum Spi\u0161a, Letn\u00e1 50<\/strong><br><strong>10. 7. &#8211; 30. 9.<\/strong> V\u00fdstava zo s\u00fakromnej zbierky Petra KRi\u0161ovsk\u00e9ho, vstupn\u00e9: 3 \u20ac<br><strong>15. 7. 14.00<\/strong> Komentovan\u00e1 prehliadka s TOP zberate\u013eom, vstupn\u00e9: 2 \u20ac<\/p>\n\n\n\n<p><strong>GALERIJN\u00dd SKAUTING \/ 9.00 &#8211; 16.00 <strong>* <\/strong>Gal\u00e9ria umelcov Spi\u0161a, Zimn\u00e1 46 <\/strong><br><strong>10. 7. &#8211; 14. 7.<\/strong> a<strong> 31. 7. &#8211; 4. 8. <\/strong>denn\u00e9 kreat\u00edvne t\u00e1bory, poplatok: 120 \u20ac<\/p>\n\n\n\n<p><strong>PR\u00c1ZDNINY V GAL\u00c9RII \/ 9. 00 &#8211; 11.00 a 13.00 &#8211; 15.00<\/strong> <strong><strong>* <\/strong>Gal\u00e9ria umelcov Spi\u0161a, Zimn\u00e1 46<\/strong><br><strong>3.7. &#8211; 25. 8. <\/strong>Tvoriv\u00e9 dielne pre rodiny s de\u0165mi, vstupn\u00e9: 5 \u20ac<\/p>\n\n\n\n<p><strong>DLH\u00dd DE\u0147 S UMEN\u00cdM \/ 10.00 &#8211; 19.00 <strong>* <\/strong>Gal\u00e9ria umelcov Spi\u0161a, Zimn\u00e1 46<\/strong><br>Do ve\u010dera spr\u00edstupnen\u00e9 interi\u00e9rov\u00e9 a exteri\u00e9rov\u00e9 v\u00fdstavy, vstupn\u00e9 \u0161tandardn\u00e9<\/p>\n\n\n\n<p><strong>X-ART &#8211; KONCERT V GAL\u00c9RII<\/strong> <strong><strong>* <\/strong>Gal\u00e9ria umelcov Spi\u0161a, Zimn\u00e1 46<\/strong> <br><strong>12. 7. <\/strong>19.00 &#8211; 20.00 <strong>Zbyn\u011bk Prokop<\/strong><br><strong>23. 8.<\/strong> 19.00 &#8211; 20.00 <strong>Peter Zwiebel &#8211; VIOLA S\u00d3LO!<\/strong><br>vstupn\u00e9: 6 \u20ac<\/p>\n\n\n\n<p><strong>VERNIS\u00c1\u017dE 3v1 \/ 26. 7. 15.00 &#8211; 20.00 <strong>* <\/strong>Gal\u00e9ria umelcov Spi\u0161a, Zimn\u00e1 46<\/strong><br>Sl\u00e1vnostn\u00e9 otvorenie nov\u00fdch v\u00fdstav: K\u013eukat\u00fdmi cestami, Zmiz hmyz!, Limity surrealizmu, vstup vo\u013en\u00fd<\/p>\n\n\n\n<p><strong>OPEN STUDIO &#8211; \u0160PERK Z PLASTU \/ 11. 8. 16.00 &#8211; 19. 00<\/strong> <strong><strong>* <\/strong>Gal\u00e9ria umelcov Spi\u0161a, Zimn\u00e1 46<\/strong><br>Tvorba netradi\u010dn\u00e9ho \u0161perku z plastov\u00fdch flia\u0161 a kor\u00e1likov, vstupn\u00e9: 5 \u20ac<\/p>\n\n\n\n<p><strong>UMENIE V PARKU<\/strong> <strong>\/ do 15. 9. * park pred Evanjelick\u00fdm kostolom<\/strong><br>V\u00fdstava v\u00fdtvarn\u00fdch diel a fotografi\u00ed realizovan\u00e1 OZ \u017divot v meste SNV a SKCaK, <strong>vernis\u00e1\u017e 21. 7. o 17.00<\/strong><\/p>\n\n\n\n<p><strong>KONCERT 13N\u00c1S\u0164 CIEST \/ 10. 9 . 17.30 * Novovesk\u00e1 Huta, Pohostinstvo Po\u013eovn\u00edk<\/strong><br>Koncert v r\u00e1mci podujatia Beh Novoveskou Hutou<\/p>\n\n\n\n<p><strong>OKRESN\u00dd LITER\u00c1RNY PODNIK \/ * v\u00fdstavn\u00e1 plocha pri Radnici<\/strong><br>organizuje SKCaK<\/p>\n","protected":false},"excerpt":{"rendered":"<p>Vyberte si z bohatej ponuky Kult\u00farneho leta v Spi\u0161skej Novej Vsi a pr\u00ed\u010fte sa zabavi\u0165, odd\u00fdchnu<\/p>\n","protected":false},"author":50,"featured_media":12296,"comment_status":"open","ping_status":"open","sticky":false,"template":"","format":"standard","meta":{"_acf_changed":false,"footnotes":""},"categories":[1],"tags":[],"class_list":["post-10286","post","type-post","status-publish","format-standard","has-post-thumbnail","hentry","category-uncategorized-sk"],"acf":[],"yoast_head":"<!-- This site is optimized with the Yoast SEO plugin v27.4 - https:\/\/yoast.com\/product\/yoast-seo-wordpress\/ -->\n<title>Kult\u00farne leto 2023 v Spi\u0161skej Novej Vsi - OOCR<\/title>\n<meta name=\"description\" content=\"Objavte podujatia z regi\u00f3nu Slovensk\u00fd raj &amp; Spi\u0161. Aktu\u00e1lne inform\u00e1cie o podujatiach v regi\u00f3ne. Viac objav\u00edte na str\u00e1nke.Vyberte si z bohatej ponuky Kult\u00farneho leta v Spi\u0161skej Novej Vsi a pr\u00ed\u010fte sa zabavi\u0165, odd\u00fdchnu\u0165, pochutna\u0165 na dobrom jedle \u010di len tak stretn\u00fa\u0165 priate\u013eov.\" \/>\n<meta name=\"robots\" content=\"index, follow, max-snippet:-1, max-image-preview:large, max-video-preview:-1\" \/>\n<link rel=\"canonical\" href=\"https:\/\/vraji.sk\/pl\/kulturne-leto-2022-v-spisskej-novej-vsi\/\" \/>\n<meta property=\"og:locale\" content=\"pl_PL\" \/>\n<meta property=\"og:type\" content=\"article\" \/>\n<meta property=\"og:title\" content=\"Kult\u00farne leto 2023 v Spi\u0161skej Novej Vsi - OOCR\" \/>\n<meta property=\"og:description\" content=\"Objavte podujatia z regi\u00f3nu Slovensk\u00fd raj &amp; Spi\u0161. Aktu\u00e1lne inform\u00e1cie o podujatiach v regi\u00f3ne. Viac objav\u00edte na str\u00e1nke.Vyberte si z bohatej ponuky Kult\u00farneho leta v Spi\u0161skej Novej Vsi a pr\u00ed\u010fte sa zabavi\u0165, odd\u00fdchnu\u0165, pochutna\u0165 na dobrom jedle \u010di len tak stretn\u00fa\u0165 priate\u013eov.\" \/>\n<meta property=\"og:url\" content=\"https:\/\/vraji.sk\/pl\/kulturne-leto-2022-v-spisskej-novej-vsi\/\" \/>\n<meta property=\"og:site_name\" content=\"OOCR\" \/>\n<meta property=\"article:published_time\" content=\"2023-05-31T12:07:00+00:00\" \/>\n<meta property=\"article:modified_time\" content=\"2024-02-14T11:16:46+00:00\" \/>\n<meta property=\"og:image\" content=\"https:\/\/vraji.sk\/wp-content\/uploads\/2022\/07\/ilustracny.jpg\" \/>\n\t<meta property=\"og:image:width\" content=\"780\" \/>\n\t<meta property=\"og:image:height\" content=\"629\" \/>\n\t<meta property=\"og:image:type\" content=\"image\/jpeg\" \/>\n<meta name=\"author\" content=\"oocr-obsah\" \/>\n<meta name=\"twitter:card\" content=\"summary_large_image\" \/>\n<meta name=\"twitter:label1\" content=\"Napisane przez\" \/>\n\t<meta name=\"twitter:data1\" content=\"oocr-obsah\" \/>\n\t<meta name=\"twitter:label2\" content=\"Szacowany czas czytania\" \/>\n\t<meta name=\"twitter:data2\" content=\"7 minut\" \/>\n<script type=\"application\/ld+json\" class=\"yoast-schema-graph\">{\"@context\":\"https:\\\/\\\/schema.org\",\"@graph\":[{\"@type\":\"Article\",\"@id\":\"https:\\\/\\\/vraji.sk\\\/pl\\\/kulturne-leto-2022-v-spisskej-novej-vsi\\\/#article\",\"isPartOf\":{\"@id\":\"https:\\\/\\\/vraji.sk\\\/pl\\\/kulturne-leto-2022-v-spisskej-novej-vsi\\\/\"},\"author\":{\"name\":\"oocr-obsah\",\"@id\":\"https:\\\/\\\/vraji.sk\\\/pl\\\/#\\\/schema\\\/person\\\/01641cf41f9d52638cb29a73818cf39c\"},\"headline\":\"Kult\u00farne leto 2023 v Spi\u0161skej Novej Vsi\",\"datePublished\":\"2023-05-31T12:07:00+00:00\",\"dateModified\":\"2024-02-14T11:16:46+00:00\",\"mainEntityOfPage\":{\"@id\":\"https:\\\/\\\/vraji.sk\\\/pl\\\/kulturne-leto-2022-v-spisskej-novej-vsi\\\/\"},\"wordCount\":1134,\"commentCount\":0,\"publisher\":{\"@id\":\"https:\\\/\\\/vraji.sk\\\/pl\\\/#organization\"},\"image\":{\"@id\":\"https:\\\/\\\/vraji.sk\\\/pl\\\/kulturne-leto-2022-v-spisskej-novej-vsi\\\/#primaryimage\"},\"thumbnailUrl\":\"https:\\\/\\\/vraji.sk\\\/wp-content\\\/uploads\\\/2022\\\/07\\\/ilustracny.jpg\",\"articleSection\":[\"Uncategorized @sk\"],\"inLanguage\":\"pl-PL\",\"potentialAction\":[{\"@type\":\"CommentAction\",\"name\":\"Comment\",\"target\":[\"https:\\\/\\\/vraji.sk\\\/pl\\\/kulturne-leto-2022-v-spisskej-novej-vsi\\\/#respond\"]}]},{\"@type\":\"WebPage\",\"@id\":\"https:\\\/\\\/vraji.sk\\\/pl\\\/kulturne-leto-2022-v-spisskej-novej-vsi\\\/\",\"url\":\"https:\\\/\\\/vraji.sk\\\/pl\\\/kulturne-leto-2022-v-spisskej-novej-vsi\\\/\",\"name\":\"Kult\u00farne leto 2023 v Spi\u0161skej Novej Vsi - OOCR\",\"isPartOf\":{\"@id\":\"https:\\\/\\\/vraji.sk\\\/pl\\\/#website\"},\"primaryImageOfPage\":{\"@id\":\"https:\\\/\\\/vraji.sk\\\/pl\\\/kulturne-leto-2022-v-spisskej-novej-vsi\\\/#primaryimage\"},\"image\":{\"@id\":\"https:\\\/\\\/vraji.sk\\\/pl\\\/kulturne-leto-2022-v-spisskej-novej-vsi\\\/#primaryimage\"},\"thumbnailUrl\":\"https:\\\/\\\/vraji.sk\\\/wp-content\\\/uploads\\\/2022\\\/07\\\/ilustracny.jpg\",\"datePublished\":\"2023-05-31T12:07:00+00:00\",\"dateModified\":\"2024-02-14T11:16:46+00:00\",\"description\":\"Objavte podujatia z regi\u00f3nu Slovensk\u00fd raj & Spi\u0161. Aktu\u00e1lne inform\u00e1cie o podujatiach v regi\u00f3ne. Viac objav\u00edte na str\u00e1nke.Vyberte si z bohatej ponuky Kult\u00farneho leta v Spi\u0161skej Novej Vsi a pr\u00ed\u010fte sa zabavi\u0165, odd\u00fdchnu\u0165, pochutna\u0165 na dobrom jedle \u010di len tak stretn\u00fa\u0165 priate\u013eov.\",\"breadcrumb\":{\"@id\":\"https:\\\/\\\/vraji.sk\\\/pl\\\/kulturne-leto-2022-v-spisskej-novej-vsi\\\/#breadcrumb\"},\"inLanguage\":\"pl-PL\",\"potentialAction\":[{\"@type\":\"ReadAction\",\"target\":[\"https:\\\/\\\/vraji.sk\\\/pl\\\/kulturne-leto-2022-v-spisskej-novej-vsi\\\/\"]}]},{\"@type\":\"ImageObject\",\"inLanguage\":\"pl-PL\",\"@id\":\"https:\\\/\\\/vraji.sk\\\/pl\\\/kulturne-leto-2022-v-spisskej-novej-vsi\\\/#primaryimage\",\"url\":\"https:\\\/\\\/vraji.sk\\\/wp-content\\\/uploads\\\/2022\\\/07\\\/ilustracny.jpg\",\"contentUrl\":\"https:\\\/\\\/vraji.sk\\\/wp-content\\\/uploads\\\/2022\\\/07\\\/ilustracny.jpg\",\"width\":780,\"height\":629},{\"@type\":\"BreadcrumbList\",\"@id\":\"https:\\\/\\\/vraji.sk\\\/pl\\\/kulturne-leto-2022-v-spisskej-novej-vsi\\\/#breadcrumb\",\"itemListElement\":[{\"@type\":\"ListItem\",\"position\":1,\"name\":\"Home\",\"item\":\"https:\\\/\\\/vraji.sk\\\/pl\\\/strona-glowna\\\/\"},{\"@type\":\"ListItem\",\"position\":2,\"name\":\"Kult\u00farne leto 2023 v Spi\u0161skej Novej Vsi\"}]},{\"@type\":\"WebSite\",\"@id\":\"https:\\\/\\\/vraji.sk\\\/pl\\\/#website\",\"url\":\"https:\\\/\\\/vraji.sk\\\/pl\\\/\",\"name\":\"OOCR\",\"description\":\"Regi\u00f3n Slovensk\u00fd raj a Spi\u0161 | Z\u00e1\u017eitky, turistika, hist\u00f3ria | vRaji.sk\",\"publisher\":{\"@id\":\"https:\\\/\\\/vraji.sk\\\/pl\\\/#organization\"},\"potentialAction\":[{\"@type\":\"SearchAction\",\"target\":{\"@type\":\"EntryPoint\",\"urlTemplate\":\"https:\\\/\\\/vraji.sk\\\/pl\\\/?s={search_term_string}\"},\"query-input\":{\"@type\":\"PropertyValueSpecification\",\"valueRequired\":true,\"valueName\":\"search_term_string\"}}],\"inLanguage\":\"pl-PL\"},{\"@type\":\"Organization\",\"@id\":\"https:\\\/\\\/vraji.sk\\\/pl\\\/#organization\",\"name\":\"OOCR\",\"url\":\"https:\\\/\\\/vraji.sk\\\/pl\\\/\",\"logo\":{\"@type\":\"ImageObject\",\"inLanguage\":\"pl-PL\",\"@id\":\"https:\\\/\\\/vraji.sk\\\/pl\\\/#\\\/schema\\\/logo\\\/image\\\/\",\"url\":\"https:\\\/\\\/vraji.sk\\\/wp-content\\\/uploads\\\/2021\\\/11\\\/biele-logo-1.svg\",\"contentUrl\":\"https:\\\/\\\/vraji.sk\\\/wp-content\\\/uploads\\\/2021\\\/11\\\/biele-logo-1.svg\",\"caption\":\"OOCR\"},\"image\":{\"@id\":\"https:\\\/\\\/vraji.sk\\\/pl\\\/#\\\/schema\\\/logo\\\/image\\\/\"}},{\"@type\":\"Person\",\"@id\":\"https:\\\/\\\/vraji.sk\\\/pl\\\/#\\\/schema\\\/person\\\/01641cf41f9d52638cb29a73818cf39c\",\"name\":\"oocr-obsah\",\"image\":{\"@type\":\"ImageObject\",\"inLanguage\":\"pl-PL\",\"@id\":\"https:\\\/\\\/secure.gravatar.com\\\/avatar\\\/bc547f4d1cfe56f35ef07eb29186b1e943f6b533e816d5758667f08b34617b3b?s=96&d=mm&r=g\",\"url\":\"https:\\\/\\\/secure.gravatar.com\\\/avatar\\\/bc547f4d1cfe56f35ef07eb29186b1e943f6b533e816d5758667f08b34617b3b?s=96&d=mm&r=g\",\"contentUrl\":\"https:\\\/\\\/secure.gravatar.com\\\/avatar\\\/bc547f4d1cfe56f35ef07eb29186b1e943f6b533e816d5758667f08b34617b3b?s=96&d=mm&r=g\",\"caption\":\"oocr-obsah\"},\"description\":\"alexpark.sk\",\"url\":\"https:\\\/\\\/vraji.sk\\\/pl\\\/author\\\/oocr-obsah\\\/\"}]}<\/script>\n<!-- \/ Yoast SEO plugin. -->","yoast_head_json":{"title":"Kult\u00farne leto 2023 v Spi\u0161skej Novej Vsi - OOCR","description":"Objavte podujatia z regi\u00f3nu Slovensk\u00fd raj & Spi\u0161. Aktu\u00e1lne inform\u00e1cie o podujatiach v regi\u00f3ne. Viac objav\u00edte na str\u00e1nke.Vyberte si z bohatej ponuky Kult\u00farneho leta v Spi\u0161skej Novej Vsi a pr\u00ed\u010fte sa zabavi\u0165, odd\u00fdchnu\u0165, pochutna\u0165 na dobrom jedle \u010di len tak stretn\u00fa\u0165 priate\u013eov.","robots":{"index":"index","follow":"follow","max-snippet":"max-snippet:-1","max-image-preview":"max-image-preview:large","max-video-preview":"max-video-preview:-1"},"canonical":"https:\/\/vraji.sk\/pl\/kulturne-leto-2022-v-spisskej-novej-vsi\/","og_locale":"pl_PL","og_type":"article","og_title":"Kult\u00farne leto 2023 v Spi\u0161skej Novej Vsi - OOCR","og_description":"Objavte podujatia z regi\u00f3nu Slovensk\u00fd raj & Spi\u0161. Aktu\u00e1lne inform\u00e1cie o podujatiach v regi\u00f3ne. Viac objav\u00edte na str\u00e1nke.Vyberte si z bohatej ponuky Kult\u00farneho leta v Spi\u0161skej Novej Vsi a pr\u00ed\u010fte sa zabavi\u0165, odd\u00fdchnu\u0165, pochutna\u0165 na dobrom jedle \u010di len tak stretn\u00fa\u0165 priate\u013eov.","og_url":"https:\/\/vraji.sk\/pl\/kulturne-leto-2022-v-spisskej-novej-vsi\/","og_site_name":"OOCR","article_published_time":"2023-05-31T12:07:00+00:00","article_modified_time":"2024-02-14T11:16:46+00:00","og_image":[{"width":780,"height":629,"url":"https:\/\/vraji.sk\/wp-content\/uploads\/2022\/07\/ilustracny.jpg","type":"image\/jpeg"}],"author":"oocr-obsah","twitter_card":"summary_large_image","twitter_misc":{"Napisane przez":"oocr-obsah","Szacowany czas czytania":"7 minut"},"schema":{"@context":"https:\/\/schema.org","@graph":[{"@type":"Article","@id":"https:\/\/vraji.sk\/pl\/kulturne-leto-2022-v-spisskej-novej-vsi\/#article","isPartOf":{"@id":"https:\/\/vraji.sk\/pl\/kulturne-leto-2022-v-spisskej-novej-vsi\/"},"author":{"name":"oocr-obsah","@id":"https:\/\/vraji.sk\/pl\/#\/schema\/person\/01641cf41f9d52638cb29a73818cf39c"},"headline":"Kult\u00farne leto 2023 v Spi\u0161skej Novej Vsi","datePublished":"2023-05-31T12:07:00+00:00","dateModified":"2024-02-14T11:16:46+00:00","mainEntityOfPage":{"@id":"https:\/\/vraji.sk\/pl\/kulturne-leto-2022-v-spisskej-novej-vsi\/"},"wordCount":1134,"commentCount":0,"publisher":{"@id":"https:\/\/vraji.sk\/pl\/#organization"},"image":{"@id":"https:\/\/vraji.sk\/pl\/kulturne-leto-2022-v-spisskej-novej-vsi\/#primaryimage"},"thumbnailUrl":"https:\/\/vraji.sk\/wp-content\/uploads\/2022\/07\/ilustracny.jpg","articleSection":["Uncategorized @sk"],"inLanguage":"pl-PL","potentialAction":[{"@type":"CommentAction","name":"Comment","target":["https:\/\/vraji.sk\/pl\/kulturne-leto-2022-v-spisskej-novej-vsi\/#respond"]}]},{"@type":"WebPage","@id":"https:\/\/vraji.sk\/pl\/kulturne-leto-2022-v-spisskej-novej-vsi\/","url":"https:\/\/vraji.sk\/pl\/kulturne-leto-2022-v-spisskej-novej-vsi\/","name":"Kult\u00farne leto 2023 v Spi\u0161skej Novej Vsi - OOCR","isPartOf":{"@id":"https:\/\/vraji.sk\/pl\/#website"},"primaryImageOfPage":{"@id":"https:\/\/vraji.sk\/pl\/kulturne-leto-2022-v-spisskej-novej-vsi\/#primaryimage"},"image":{"@id":"https:\/\/vraji.sk\/pl\/kulturne-leto-2022-v-spisskej-novej-vsi\/#primaryimage"},"thumbnailUrl":"https:\/\/vraji.sk\/wp-content\/uploads\/2022\/07\/ilustracny.jpg","datePublished":"2023-05-31T12:07:00+00:00","dateModified":"2024-02-14T11:16:46+00:00","description":"Objavte podujatia z regi\u00f3nu Slovensk\u00fd raj & Spi\u0161. Aktu\u00e1lne inform\u00e1cie o podujatiach v regi\u00f3ne. Viac objav\u00edte na str\u00e1nke.Vyberte si z bohatej ponuky Kult\u00farneho leta v Spi\u0161skej Novej Vsi a pr\u00ed\u010fte sa zabavi\u0165, odd\u00fdchnu\u0165, pochutna\u0165 na dobrom jedle \u010di len tak stretn\u00fa\u0165 priate\u013eov.","breadcrumb":{"@id":"https:\/\/vraji.sk\/pl\/kulturne-leto-2022-v-spisskej-novej-vsi\/#breadcrumb"},"inLanguage":"pl-PL","potentialAction":[{"@type":"ReadAction","target":["https:\/\/vraji.sk\/pl\/kulturne-leto-2022-v-spisskej-novej-vsi\/"]}]},{"@type":"ImageObject","inLanguage":"pl-PL","@id":"https:\/\/vraji.sk\/pl\/kulturne-leto-2022-v-spisskej-novej-vsi\/#primaryimage","url":"https:\/\/vraji.sk\/wp-content\/uploads\/2022\/07\/ilustracny.jpg","contentUrl":"https:\/\/vraji.sk\/wp-content\/uploads\/2022\/07\/ilustracny.jpg","width":780,"height":629},{"@type":"BreadcrumbList","@id":"https:\/\/vraji.sk\/pl\/kulturne-leto-2022-v-spisskej-novej-vsi\/#breadcrumb","itemListElement":[{"@type":"ListItem","position":1,"name":"Home","item":"https:\/\/vraji.sk\/pl\/strona-glowna\/"},{"@type":"ListItem","position":2,"name":"Kult\u00farne leto 2023 v Spi\u0161skej Novej Vsi"}]},{"@type":"WebSite","@id":"https:\/\/vraji.sk\/pl\/#website","url":"https:\/\/vraji.sk\/pl\/","name":"OOCR","description":"Regi\u00f3n Slovensk\u00fd raj a Spi\u0161 | Z\u00e1\u017eitky, turistika, hist\u00f3ria | vRaji.sk","publisher":{"@id":"https:\/\/vraji.sk\/pl\/#organization"},"potentialAction":[{"@type":"SearchAction","target":{"@type":"EntryPoint","urlTemplate":"https:\/\/vraji.sk\/pl\/?s={search_term_string}"},"query-input":{"@type":"PropertyValueSpecification","valueRequired":true,"valueName":"search_term_string"}}],"inLanguage":"pl-PL"},{"@type":"Organization","@id":"https:\/\/vraji.sk\/pl\/#organization","name":"OOCR","url":"https:\/\/vraji.sk\/pl\/","logo":{"@type":"ImageObject","inLanguage":"pl-PL","@id":"https:\/\/vraji.sk\/pl\/#\/schema\/logo\/image\/","url":"https:\/\/vraji.sk\/wp-content\/uploads\/2021\/11\/biele-logo-1.svg","contentUrl":"https:\/\/vraji.sk\/wp-content\/uploads\/2021\/11\/biele-logo-1.svg","caption":"OOCR"},"image":{"@id":"https:\/\/vraji.sk\/pl\/#\/schema\/logo\/image\/"}},{"@type":"Person","@id":"https:\/\/vraji.sk\/pl\/#\/schema\/person\/01641cf41f9d52638cb29a73818cf39c","name":"oocr-obsah","image":{"@type":"ImageObject","inLanguage":"pl-PL","@id":"https:\/\/secure.gravatar.com\/avatar\/bc547f4d1cfe56f35ef07eb29186b1e943f6b533e816d5758667f08b34617b3b?s=96&d=mm&r=g","url":"https:\/\/secure.gravatar.com\/avatar\/bc547f4d1cfe56f35ef07eb29186b1e943f6b533e816d5758667f08b34617b3b?s=96&d=mm&r=g","contentUrl":"https:\/\/secure.gravatar.com\/avatar\/bc547f4d1cfe56f35ef07eb29186b1e943f6b533e816d5758667f08b34617b3b?s=96&d=mm&r=g","caption":"oocr-obsah"},"description":"alexpark.sk","url":"https:\/\/vraji.sk\/pl\/author\/oocr-obsah\/"}]}},"_links":{"self":[{"href":"https:\/\/vraji.sk\/pl\/wp-json\/wp\/v2\/posts\/10286","targetHints":{"allow":["GET"]}}],"collection":[{"href":"https:\/\/vraji.sk\/pl\/wp-json\/wp\/v2\/posts"}],"about":[{"href":"https:\/\/vraji.sk\/pl\/wp-json\/wp\/v2\/types\/post"}],"author":[{"embeddable":true,"href":"https:\/\/vraji.sk\/pl\/wp-json\/wp\/v2\/users\/50"}],"replies":[{"embeddable":true,"href":"https:\/\/vraji.sk\/pl\/wp-json\/wp\/v2\/comments?post=10286"}],"version-history":[{"count":18,"href":"https:\/\/vraji.sk\/pl\/wp-json\/wp\/v2\/posts\/10286\/revisions"}],"predecessor-version":[{"id":12298,"href":"https:\/\/vraji.sk\/pl\/wp-json\/wp\/v2\/posts\/10286\/revisions\/12298"}],"wp:featuredmedia":[{"embeddable":true,"href":"https:\/\/vraji.sk\/pl\/wp-json\/wp\/v2\/media\/12296"}],"wp:attachment":[{"href":"https:\/\/vraji.sk\/pl\/wp-json\/wp\/v2\/media?parent=10286"}],"wp:term":[{"taxonomy":"category","embeddable":true,"href":"https:\/\/vraji.sk\/pl\/wp-json\/wp\/v2\/categories?post=10286"},{"taxonomy":"post_tag","embeddable":true,"href":"https:\/\/vraji.sk\/pl\/wp-json\/wp\/v2\/tags?post=10286"}],"curies":[{"name":"wp","href":"https:\/\/api.w.org\/{rel}","templated":true}]}}