{"id":11651,"date":"2023-10-05T13:36:26","date_gmt":"2023-10-05T13:36:26","guid":{"rendered":"https:\/\/vraji.sk\/?p=11651"},"modified":"2023-11-09T09:31:13","modified_gmt":"2023-11-09T09:31:13","slug":"vrcharska-koruna-spis-2023","status":"publish","type":"post","link":"https:\/\/vraji.sk\/pl\/vrcharska-koruna-spis-2023\/","title":{"rendered":"Vrch\u00e1rska koruna Spi\u0161 2023"},"content":{"rendered":"\n<div class=\"wp-block-columns is-layout-flex wp-container-core-columns-is-layout-9d6595d7 wp-block-columns-is-layout-flex\">\n<div class=\"wp-block-column is-layout-flow wp-block-column-is-layout-flow\" style=\"flex-basis:33.33%\">\n<figure class=\"wp-block-image size-full\"><img loading=\"lazy\" decoding=\"async\" width=\"447\" height=\"916\" src=\"https:\/\/vraji.sk\/wp-content\/uploads\/2023\/03\/Zavacky.jpg\" alt=\"\" class=\"wp-image-11652\" srcset=\"https:\/\/vraji.sk\/wp-content\/uploads\/2023\/03\/Zavacky.jpg 447w, https:\/\/vraji.sk\/wp-content\/uploads\/2023\/03\/Zavacky-146x300.jpg 146w\" sizes=\"auto, (max-width: 447px) 100vw, 447px\" \/><\/figure>\n<\/div>\n\n\n\n<div class=\"wp-block-column is-layout-flow wp-block-column-is-layout-flow\" style=\"flex-basis:66.66%\">\n<p><em><strong>Zdolajte na bicykli 20 zauj\u00edmav\u00fdch z\u00e1kut\u00ed Cykloregi\u00f3nu Spi\u0161 \u2013 ju\u017en\u00e1 \u010das\u0165 a&nbsp;sta\u0148te sa hrd\u00fdm\/ou pokorite\u013eom\/pokorite\u013ekou Vrch\u00e1rskej koruny Spi\u0161 2023! Okrem dobr\u00e9ho pocitu a&nbsp;mno\u017estva z\u00e1\u017eitkov na v\u00e1s \u010dak\u00e1 aj s\u00fa\u0165a\u017e o&nbsp;hodnotn\u00e9 vecn\u00e9 ceny. Viac info v&nbsp;\u010dl\u00e1nku ni\u017e\u0161ie.<\/strong><\/em><\/p>\n\n\n\n<p>Mil\u00ed priatelia cyklisti a&nbsp;cyklistky!&nbsp;<\/p>\n\n\n\n<p>Sp\u00fa\u0161\u0165ame pre v\u00e1s 4. ro\u010dn\u00edk horskej cyklistickej v\u00fdzvy&nbsp;<strong>Vrch\u00e1rska koruna Spi\u0161<\/strong>. Prid\u00e1vame sa tak k&nbsp;\u010fal\u0161\u00edm 25 regi\u00f3nom v&nbsp;\u010cech\u00e1ch a&nbsp;na Slovensku, kde t\u00e1to v\u00fdzva prebieha. V\u00fdzva pozost\u00e1va z&nbsp;20 ob\u013e\u00faben\u00fdch cyklistick\u00fdch lokal\u00edt a&nbsp;vrcholov zauj\u00edmav\u00fdch \u010di u\u017e v\u00fdh\u013eadmi, okolitou pr\u00edrodou, kult\u00farnymi pamiatkami alebo charakterom samotnej cesty k&nbsp;nim. Zdolajte ich v\u0161etky a&nbsp;ovl\u00e1dnite cel\u00fa Vrch\u00e1rsku korunu Spi\u0161.&nbsp;<\/p>\n<\/div>\n<\/div>\n\n\n\n<div class=\"row\">\n    <div class=\"col\">\n        <hr class=\"mt-45 mb-45\">\n    <\/div>\n<\/div>\n\n\n<div class=\"wp-block-buttons is-content-justification-center is-layout-flex wp-container-core-buttons-is-layout-16018d1d wp-block-buttons-is-layout-flex\">\n<div class=\"wp-block-button\"><a class=\"wp-block-button__link has-red-background-color has-background wp-element-button\" href=\"https:\/\/vraji.sk\/ucastnici\/vrcharska-koruna-2023\/\"><strong>Fotogal\u00e9rie \u00fa\u010dastn\u00edkov Vrch\u00e1rskej koruny Spi\u0161 2023<\/strong><\/a><\/div>\n<\/div>\n\n\n\n<div class=\"row\">\n    <div class=\"col\">\n        <hr class=\"mt-45 mb-45\">\n    <\/div>\n<\/div>\n\n\n<h2 class=\"wp-block-heading\">Pravidl\u00e1 v\u00fdzvy<\/h2>\n\n\n\n<p>V\u00fdzva je ur\u010den\u00e1 pre v\u0161etk\u00fdch milovn\u00edkov horskej cyklistiky bez rozdielu veku, pohlavia alebo v\u00fdkonnosti. Zapojenie sa do Vrch\u00e1rskej koruny Spi\u0161 2023 je pre v\u0161etk\u00fdch bezplatn\u00e9, to znamen\u00e1 \u017ee nemus\u00edte hradi\u0165 \u017eiadne \u0161tartovn\u00e9. Z\u00e1rove\u0148 nie je potrebn\u00e9 sa nikam vopred registrova\u0165. \u010cestn\u00fd titul pokorite\u013ea\/pokorite\u013eky Vrch\u00e1rskej koruny Spi\u0161 2023 z\u00edska ka\u017ed\u00fd, kto od 24. marca do 30. novembra 2023 na klasickom horskom alebo crossovom bicykli (nie e-biku s elektrick\u00fdm pohonom) zdol\u00e1 stanoven\u00fdch 20 cyklisticky atrakt\u00edvnych lokal\u00edt v na\u0161om regi\u00f3ne. Ako d\u00f4kaz o zdolan\u00ed jednotliv\u00fdch lokal\u00edt sl\u00fa\u017eia va\u0161e selfie fotografie z ur\u010den\u00fdch miest, ktor\u00e9 n\u00e1m m\u00f4\u017eete zasla\u0165 na mailov\u00fa adresu  Oblastnej organiz\u00e1cie cestovn\u00e9ho ruchu Slovensk\u00fd raj &amp; Spi\u0161, info@raj-spis.sk. Na ka\u017edej fotografii by malo by\u0165 vidno Va\u0161u tv\u00e1r, bicykel a orienta\u010dn\u00fd objekt v ter\u00e9ne, ktor\u00fd je tie\u017e ku ka\u017edej lokalite uveden\u00fd. Do v\u00fdzvy sa zap\u00e1ja ka\u017ed\u00fd cyklista\/cyklistka jednotlivo (nie skupinky). <\/p>\n\n\n\n<p>Ten, kto \u00faspe\u0161ne zdol\u00e1 v\u0161etk\u00fdch 20 lokal\u00edt a za\u0161le n\u00e1m z nich svoje fotografie vr\u00e1tane svojej po\u0161tovej adresy, od n\u00e1s po ukon\u010den\u00ed v\u00fdzvy z\u00edska diplom \u010destn\u00e9ho absolventa Vrch\u00e1rskej koruny Spi\u0161 2023 spolu s mal\u00fdm vecn\u00fdm dar\u010dekom. Z\u00e1rove\u0148 v\u0161etk\u00fdch \u00faspe\u0161n\u00fdch absolventov a absolventky v\u00fdzvy zarad\u00edme do \u017erebovania o hodnotn\u00fd cyklistick\u00fd dar\u010dekov\u00fd bal\u00ed\u010dek. Viac inform\u00e1ci\u00ed o celom projekte sa m\u00f4\u017eete do\u010d\u00edta\u0165 na ofici\u00e1lnej webovej str\u00e1nke Vrch\u00e1rskej koruny,&nbsp;<a href=\"http:\/\/www.vk-bike.eu\/\">www.vk-bike.eu<\/a><\/p>\n\n\n\n<p>*Va\u0161e fotografie, ktor\u00e9 n\u00e1m v r\u00e1mci v\u00fdzvy Vrch\u00e1rska koruna Spi\u0161 2023 za\u0161lete, pod\u013ea pravidiel v\u00fdzvy zverejn\u00edme v pr\u00edslu\u0161nej fotogal\u00e9rii na na\u0161ej webovej str\u00e1nke&nbsp;<a href=\"http:\/\/www.vraji.sk\/\">www.vraji.sk<\/a>. Svojim zapojen\u00edm sa do v\u00fdzvy vyjadrujete s\u00fahlas so zverejnen\u00edm fotografi\u00ed. Nebudeme ich vyu\u017e\u00edva\u0165 \u017eiadnym in\u00fdm sp\u00f4sobom a na \u017eiadne in\u00e9 \u00fa\u010dely, ani poskytova\u0165 tret\u00edm stran\u00e1m.<\/p>\n\n\n\n<p><\/p>\n\n\n\n<h3 class=\"wp-block-heading\">Detsk\u00e1 Vrch\u00e1rska koruna Spi\u0161<\/h3>\n\n\n\n<p>Taktie\u017e sp\u00fa\u0161\u0165ame 2. ro\u010dn\u00edk detskej kateg\u00f3rie pre deti do 15 rokov. Ich \u00falohou je zdola\u0165 na bicykli \u013eubovo\u013en\u00fdch 7 lokal\u00edt v\u00fdzvy z celkov\u00e9ho po\u010dtu 20. Po zaslan\u00ed fotografi\u00ed z vybran\u00fdch 7 lokal\u00edt na na\u0161u mailov\u00fa adresu info@raj-spis.sk od n\u00e1s rovnako z\u00edskaj\u00fa \u010destn\u00fd diplom a vecn\u00fa odmenu.<\/p>\n\n\n\n<p><\/p>\n\n\n\n<h3 class=\"wp-block-heading\">S\u00fa\u0165a\u017e o najkraj\u0161iu fotografiu z Vrch\u00e1rskej koruny Spi\u0161 2023<\/h3>\n\n\n\n<p>Popri \u00fa\u010dasti na Vrch\u00e1rskej korune Spi\u0161 2023 v\u00e1s poz\u00fdvame zapoji\u0165 sa aj do s\u00fa\u0165a\u017ee o najkraj\u0161iu fotografiu z va\u0161ich cyklistick\u00fdch potuliek (nie je podmienkou). Ak n\u00e1m popri svojich selfie fotografi\u00e1ch z 20 lokal\u00edt v\u00fdzvy za\u0161lete aj jednu va\u0161u \u201eTOP\u201c fotku z regi\u00f3nu, ktor\u00e1 by vystihovala motto: \u201eVitajte v Cykloregi\u00f3ne Spi\u0161 \u2013 ju\u017en\u00e1 \u010das\u0165!\u201c, budete zaraden\u00ed do zlosovania o \u010fal\u0161\u00ed atrakt\u00edvny bal\u00ed\u010dek dar\u010dekov\u00fdch predmetov od OOCR Slovensk\u00fd raj &amp; Spi\u0161.<\/p>\n\n\n\n<p>*Zapojen\u00edm sa do s\u00fa\u0165a\u017ee o najkraj\u0161iu fotografiu z Vrch\u00e1rskej koruny Spi\u0161 autor fotografie ude\u013euje OOCR Slovensk\u00fd raj &amp; Spi\u0161 pr\u00e1vo v bud\u00facnosti pou\u017e\u00edva\u0165 t\u00fato s\u00fa\u0165a\u017en\u00fa fotografiu pre marketingov\u00e9 \u00fa\u010dely a propag\u00e1ciu destin\u00e1cie.<\/p>\n\n\n\n<p>Prajeme v\u00e1m ve\u013ea \u00faspe\u0161n\u00fdch kilometrov v sedle v\u00e1\u0161ho bicykla a mno\u017estvo kr\u00e1snych z\u00e1\u017eitkov na potulk\u00e1ch na\u0161im regi\u00f3nom!<\/p>\n\n\n\n<h2 class=\"wp-block-heading\">Zoznam lokal\u00edt Vrch\u00e1rskej koruny Spi\u0161 2023<\/h2>\n\n\n\n<ul class=\"wp-block-list\">\n<li>1. Geravy; GPS: 48.8803372N, 20.3963097E &#8211; foto-r\u00e1zcestn\u00edk<\/li>\n\n\n\n<li>2. Pod Such\u00fdm vrchom; GPS: 48.896098N, 20.380781E &#8211; foto-r\u00e1zcestn\u00edk<\/li>\n\n\n\n<li>3. Nad Podleskom; GPS: 48.956744N, 20389873E &#8211; foto-r\u00e1zcestn\u00edk<\/li>\n\n\n\n<li>4. Blatn\u00e1; GPS: 48.9164811N, 20.7712153E &#8211; foto-r\u00e1zcestn\u00edk<\/li>\n\n\n\n<li>5. Rovn\u00e1 l\u00faka; GPS: 48.861277N, 20.668308E &#8211; foto-r\u00e1zcestn\u00edk<\/li>\n\n\n\n<li>6. Bukovec; GPS: 48.8471058N, 20.7219972E &#8211; foto-kr\u00ed\u017e na samostatne stojacej borovici<\/li>\n\n\n\n<li>7. Pod kolami; GPS: 48.976975N, 20.556168E &#8211; foto-cyklor\u00e1zcestn\u00edk+MK Maringotka caffe<\/li>\n\n\n\n<li>8. Okr\u00fahly les; GPS: 48.966334N, 20.554411E &#8211; foto-r\u00e1zcestn\u00edk<\/li>\n\n\n\n<li>9. H\u00e1jenka; GPS: 48.968861N, 20.619983E &#8211; foto-cyklor\u00e1zcestn\u00edk<\/li>\n\n\n\n<li>10. rozh\u013ead\u0148a Schulerloch; GPS: 48.9139221N, 20.555315E &#8211; foto-pri rozh\u013eadni<\/li>\n\n\n\n<li>11. Pod Flaj\u0161erom; GPS: 48.899461N, 20.459517E &#8211; foto-cyklor\u00e1zcestn\u00edk<\/li>\n\n\n\n<li>12. Hliniky; GPS: 48.863449N, 20.535498E &#8211; foto-cyklor\u00e1zcestn\u00edk<\/li>\n\n\n\n<li>13. Rakovec, r\u00e1zc.; GPS: 48.836441N, 20.432628E &#8211; foto-cyklor\u00e1zcestn\u00edk<\/li>\n\n\n\n<li>14. Sykavka; GPS: 48.8458389N, 20.4673247E &#8211; foto-r\u00e1zcestn\u00edk<\/li>\n\n\n\n<li>15. Sekera; GPS: 48.832744N, 20.367971E &#8211; foto-cyklor\u00e1zcestn\u00edk<\/li>\n\n\n\n<li>16. Mur\u00e1niky; GPS: 48.832943N, 20.344490E &#8211; foto-cyklor\u00e1zcestn\u00edk<\/li>\n\n\n\n<li>17. Pod Hanisovou I; GPS: 48.854334N, 20.305660E &#8211; foto-pred oddychov\u00fdm miestom<\/li>\n\n\n\n<li>18. Dankov\u00e1; GPS: 48.847460N, 20.283735E &#8211; foto-r\u00e1zcestn\u00edk<\/li>\n\n\n\n<li>19. Koj\u0161ovsk\u00e1 ho\u013ea; GPS: 48.782182N, 20.987918E &#8211; foto-r\u00e1zcestn\u00edk na vrchole Koj\u0161ovskej hole<\/li>\n\n\n\n<li>20. Golgota; GPS: 48.7751178N, 20.9861339E &#8211; foto-r\u00e1zcestn\u00edk \/ vrchn\u00e1 stanica ly\u017e. vleku<\/li>\n<\/ul>\n\n\n\n<p><strong> <\/strong><\/p>\n\n\n\n<p><strong>Mapa lokal\u00edt Vrch\u00e1rskej koruny Spi\u0161 2023<\/strong><\/p>\n\n\n<div class=\"wp-block-image is-style-default\">\n<figure class=\"aligncenter size-large\"><img loading=\"lazy\" decoding=\"async\" width=\"1024\" height=\"494\" src=\"https:\/\/vraji.sk\/wp-content\/uploads\/2023\/03\/VK_map_fin1-1-1024x494.jpg\" alt=\"\" class=\"wp-image-11664\" srcset=\"https:\/\/vraji.sk\/wp-content\/uploads\/2023\/03\/VK_map_fin1-1-1024x494.jpg 1024w, https:\/\/vraji.sk\/wp-content\/uploads\/2023\/03\/VK_map_fin1-1-300x145.jpg 300w, https:\/\/vraji.sk\/wp-content\/uploads\/2023\/03\/VK_map_fin1-1-768x370.jpg 768w, https:\/\/vraji.sk\/wp-content\/uploads\/2023\/03\/VK_map_fin1-1-1536x741.jpg 1536w, https:\/\/vraji.sk\/wp-content\/uploads\/2023\/03\/VK_map_fin1-1.jpg 1883w\" sizes=\"auto, (max-width: 1024px) 100vw, 1024px\" \/><\/figure>\n<\/div>\n\n\n<div class=\"wp-block-columns is-layout-flex wp-container-core-columns-is-layout-9d6595d7 wp-block-columns-is-layout-flex\">\n<div class=\"wp-block-column is-layout-flow wp-block-column-is-layout-flow\">\n<figure class=\"wp-block-image size-large\"><a href=\"https:\/\/www.mindop.sk\/\" target=\"_blank\" rel=\"noreferrer noopener\"><img loading=\"lazy\" decoding=\"async\" width=\"1024\" height=\"471\" src=\"https:\/\/vraji.sk\/wp-content\/uploads\/2023\/04\/Frame-4-1024x471.png\" alt=\"\" class=\"wp-image-11844\" srcset=\"https:\/\/vraji.sk\/wp-content\/uploads\/2023\/04\/Frame-4-1024x471.png 1024w, https:\/\/vraji.sk\/wp-content\/uploads\/2023\/04\/Frame-4-300x138.png 300w, https:\/\/vraji.sk\/wp-content\/uploads\/2023\/04\/Frame-4-768x353.png 768w, https:\/\/vraji.sk\/wp-content\/uploads\/2023\/04\/Frame-4-1536x707.png 1536w, https:\/\/vraji.sk\/wp-content\/uploads\/2023\/04\/Frame-4.png 2000w\" sizes=\"auto, (max-width: 1024px) 100vw, 1024px\" \/><\/a><\/figure>\n<\/div>\n\n\n\n<div class=\"wp-block-column is-layout-flow wp-block-column-is-layout-flow\">\n<figure class=\"wp-block-image size-large\"><a href=\"https:\/\/slovakia.travel\/\" target=\"_blank\" rel=\"noreferrer noopener\"><img loading=\"lazy\" decoding=\"async\" width=\"1024\" height=\"590\" src=\"https:\/\/vraji.sk\/wp-content\/uploads\/2023\/04\/logo-01-TRAVEL-full-3line-SK-www-RGB_2k-6-1024x590.png\" alt=\"\" class=\"wp-image-11781\" srcset=\"https:\/\/vraji.sk\/wp-content\/uploads\/2023\/04\/logo-01-TRAVEL-full-3line-SK-www-RGB_2k-6-1024x590.png 1024w, https:\/\/vraji.sk\/wp-content\/uploads\/2023\/04\/logo-01-TRAVEL-full-3line-SK-www-RGB_2k-6-300x173.png 300w, https:\/\/vraji.sk\/wp-content\/uploads\/2023\/04\/logo-01-TRAVEL-full-3line-SK-www-RGB_2k-6-768x442.png 768w, https:\/\/vraji.sk\/wp-content\/uploads\/2023\/04\/logo-01-TRAVEL-full-3line-SK-www-RGB_2k-6-1536x885.png 1536w, https:\/\/vraji.sk\/wp-content\/uploads\/2023\/04\/logo-01-TRAVEL-full-3line-SK-www-RGB_2k-6.png 2000w\" sizes=\"auto, (max-width: 1024px) 100vw, 1024px\" \/><\/a><\/figure>\n<\/div>\n<\/div>\n","protected":false},"excerpt":{"rendered":"<p>Zdolajte na bicykli 20 zauj\u00edmav\u00fdch z\u00e1kut\u00ed Cykloregi\u00f3nu Spi\u0161 \u2013 ju\u017en\u00e1 \u010das\u0165 a&nbsp;sta\u0148te <\/p>\n","protected":false},"author":50,"featured_media":11671,"comment_status":"open","ping_status":"open","sticky":false,"template":"","format":"standard","meta":{"_acf_changed":false,"footnotes":""},"categories":[1],"tags":[],"class_list":["post-11651","post","type-post","status-publish","format-standard","has-post-thumbnail","hentry","category-uncategorized-sk"],"acf":[],"yoast_head":"<!-- This site is optimized with the Yoast SEO plugin v27.4 - https:\/\/yoast.com\/product\/yoast-seo-wordpress\/ -->\n<title>Vrch\u00e1rska koruna Spi\u0161 2023 - OOCR<\/title>\n<meta name=\"robots\" content=\"index, follow, max-snippet:-1, max-image-preview:large, max-video-preview:-1\" \/>\n<link rel=\"canonical\" href=\"https:\/\/vraji.sk\/pl\/vrcharska-koruna-spis-2023\/\" \/>\n<meta property=\"og:locale\" content=\"pl_PL\" \/>\n<meta property=\"og:type\" content=\"article\" \/>\n<meta property=\"og:title\" content=\"Vrch\u00e1rska koruna Spi\u0161 2023 - OOCR\" \/>\n<meta property=\"og:description\" content=\"Zdolajte na bicykli 20 zauj\u00edmav\u00fdch z\u00e1kut\u00ed Cykloregi\u00f3nu Spi\u0161 \u2013 ju\u017en\u00e1 \u010das\u0165 a&nbsp;sta\u0148te\" \/>\n<meta property=\"og:url\" content=\"https:\/\/vraji.sk\/pl\/vrcharska-koruna-spis-2023\/\" \/>\n<meta property=\"og:site_name\" content=\"OOCR\" \/>\n<meta property=\"article:published_time\" content=\"2023-10-05T13:36:26+00:00\" \/>\n<meta property=\"article:modified_time\" content=\"2023-11-09T09:31:13+00:00\" \/>\n<meta property=\"og:image\" content=\"https:\/\/vraji.sk\/wp-content\/uploads\/2023\/03\/mensie.jpg\" \/>\n\t<meta property=\"og:image:width\" content=\"426\" \/>\n\t<meta property=\"og:image:height\" content=\"404\" \/>\n\t<meta property=\"og:image:type\" content=\"image\/jpeg\" \/>\n<meta name=\"author\" content=\"oocr-obsah\" \/>\n<meta name=\"twitter:card\" content=\"summary_large_image\" \/>\n<meta name=\"twitter:label1\" content=\"Napisane przez\" \/>\n\t<meta name=\"twitter:data1\" content=\"oocr-obsah\" \/>\n\t<meta name=\"twitter:label2\" content=\"Szacowany czas czytania\" \/>\n\t<meta name=\"twitter:data2\" content=\"5 minut\" \/>\n<script type=\"application\/ld+json\" class=\"yoast-schema-graph\">{\"@context\":\"https:\\\/\\\/schema.org\",\"@graph\":[{\"@type\":\"Article\",\"@id\":\"https:\\\/\\\/vraji.sk\\\/pl\\\/vrcharska-koruna-spis-2023\\\/#article\",\"isPartOf\":{\"@id\":\"https:\\\/\\\/vraji.sk\\\/pl\\\/vrcharska-koruna-spis-2023\\\/\"},\"author\":{\"name\":\"oocr-obsah\",\"@id\":\"https:\\\/\\\/vraji.sk\\\/pl\\\/#\\\/schema\\\/person\\\/01641cf41f9d52638cb29a73818cf39c\"},\"headline\":\"Vrch\u00e1rska koruna Spi\u0161 2023\",\"datePublished\":\"2023-10-05T13:36:26+00:00\",\"dateModified\":\"2023-11-09T09:31:13+00:00\",\"mainEntityOfPage\":{\"@id\":\"https:\\\/\\\/vraji.sk\\\/pl\\\/vrcharska-koruna-spis-2023\\\/\"},\"wordCount\":971,\"commentCount\":0,\"publisher\":{\"@id\":\"https:\\\/\\\/vraji.sk\\\/pl\\\/#organization\"},\"image\":{\"@id\":\"https:\\\/\\\/vraji.sk\\\/pl\\\/vrcharska-koruna-spis-2023\\\/#primaryimage\"},\"thumbnailUrl\":\"https:\\\/\\\/vraji.sk\\\/wp-content\\\/uploads\\\/2023\\\/03\\\/mensie.jpg\",\"articleSection\":[\"Uncategorized @sk\"],\"inLanguage\":\"pl-PL\",\"potentialAction\":[{\"@type\":\"CommentAction\",\"name\":\"Comment\",\"target\":[\"https:\\\/\\\/vraji.sk\\\/pl\\\/vrcharska-koruna-spis-2023\\\/#respond\"]}]},{\"@type\":\"WebPage\",\"@id\":\"https:\\\/\\\/vraji.sk\\\/pl\\\/vrcharska-koruna-spis-2023\\\/\",\"url\":\"https:\\\/\\\/vraji.sk\\\/pl\\\/vrcharska-koruna-spis-2023\\\/\",\"name\":\"Vrch\u00e1rska koruna Spi\u0161 2023 - OOCR\",\"isPartOf\":{\"@id\":\"https:\\\/\\\/vraji.sk\\\/pl\\\/#website\"},\"primaryImageOfPage\":{\"@id\":\"https:\\\/\\\/vraji.sk\\\/pl\\\/vrcharska-koruna-spis-2023\\\/#primaryimage\"},\"image\":{\"@id\":\"https:\\\/\\\/vraji.sk\\\/pl\\\/vrcharska-koruna-spis-2023\\\/#primaryimage\"},\"thumbnailUrl\":\"https:\\\/\\\/vraji.sk\\\/wp-content\\\/uploads\\\/2023\\\/03\\\/mensie.jpg\",\"datePublished\":\"2023-10-05T13:36:26+00:00\",\"dateModified\":\"2023-11-09T09:31:13+00:00\",\"breadcrumb\":{\"@id\":\"https:\\\/\\\/vraji.sk\\\/pl\\\/vrcharska-koruna-spis-2023\\\/#breadcrumb\"},\"inLanguage\":\"pl-PL\",\"potentialAction\":[{\"@type\":\"ReadAction\",\"target\":[\"https:\\\/\\\/vraji.sk\\\/pl\\\/vrcharska-koruna-spis-2023\\\/\"]}]},{\"@type\":\"ImageObject\",\"inLanguage\":\"pl-PL\",\"@id\":\"https:\\\/\\\/vraji.sk\\\/pl\\\/vrcharska-koruna-spis-2023\\\/#primaryimage\",\"url\":\"https:\\\/\\\/vraji.sk\\\/wp-content\\\/uploads\\\/2023\\\/03\\\/mensie.jpg\",\"contentUrl\":\"https:\\\/\\\/vraji.sk\\\/wp-content\\\/uploads\\\/2023\\\/03\\\/mensie.jpg\",\"width\":426,\"height\":404},{\"@type\":\"BreadcrumbList\",\"@id\":\"https:\\\/\\\/vraji.sk\\\/pl\\\/vrcharska-koruna-spis-2023\\\/#breadcrumb\",\"itemListElement\":[{\"@type\":\"ListItem\",\"position\":1,\"name\":\"Home\",\"item\":\"https:\\\/\\\/vraji.sk\\\/pl\\\/strona-glowna\\\/\"},{\"@type\":\"ListItem\",\"position\":2,\"name\":\"Vrch\u00e1rska koruna Spi\u0161 2023\"}]},{\"@type\":\"WebSite\",\"@id\":\"https:\\\/\\\/vraji.sk\\\/pl\\\/#website\",\"url\":\"https:\\\/\\\/vraji.sk\\\/pl\\\/\",\"name\":\"OOCR\",\"description\":\"Regi\u00f3n Slovensk\u00fd raj a Spi\u0161 | Z\u00e1\u017eitky, turistika, hist\u00f3ria | vRaji.sk\",\"publisher\":{\"@id\":\"https:\\\/\\\/vraji.sk\\\/pl\\\/#organization\"},\"potentialAction\":[{\"@type\":\"SearchAction\",\"target\":{\"@type\":\"EntryPoint\",\"urlTemplate\":\"https:\\\/\\\/vraji.sk\\\/pl\\\/?s={search_term_string}\"},\"query-input\":{\"@type\":\"PropertyValueSpecification\",\"valueRequired\":true,\"valueName\":\"search_term_string\"}}],\"inLanguage\":\"pl-PL\"},{\"@type\":\"Organization\",\"@id\":\"https:\\\/\\\/vraji.sk\\\/pl\\\/#organization\",\"name\":\"OOCR\",\"url\":\"https:\\\/\\\/vraji.sk\\\/pl\\\/\",\"logo\":{\"@type\":\"ImageObject\",\"inLanguage\":\"pl-PL\",\"@id\":\"https:\\\/\\\/vraji.sk\\\/pl\\\/#\\\/schema\\\/logo\\\/image\\\/\",\"url\":\"https:\\\/\\\/vraji.sk\\\/wp-content\\\/uploads\\\/2021\\\/11\\\/biele-logo-1.svg\",\"contentUrl\":\"https:\\\/\\\/vraji.sk\\\/wp-content\\\/uploads\\\/2021\\\/11\\\/biele-logo-1.svg\",\"caption\":\"OOCR\"},\"image\":{\"@id\":\"https:\\\/\\\/vraji.sk\\\/pl\\\/#\\\/schema\\\/logo\\\/image\\\/\"}},{\"@type\":\"Person\",\"@id\":\"https:\\\/\\\/vraji.sk\\\/pl\\\/#\\\/schema\\\/person\\\/01641cf41f9d52638cb29a73818cf39c\",\"name\":\"oocr-obsah\",\"image\":{\"@type\":\"ImageObject\",\"inLanguage\":\"pl-PL\",\"@id\":\"https:\\\/\\\/secure.gravatar.com\\\/avatar\\\/bc547f4d1cfe56f35ef07eb29186b1e943f6b533e816d5758667f08b34617b3b?s=96&d=mm&r=g\",\"url\":\"https:\\\/\\\/secure.gravatar.com\\\/avatar\\\/bc547f4d1cfe56f35ef07eb29186b1e943f6b533e816d5758667f08b34617b3b?s=96&d=mm&r=g\",\"contentUrl\":\"https:\\\/\\\/secure.gravatar.com\\\/avatar\\\/bc547f4d1cfe56f35ef07eb29186b1e943f6b533e816d5758667f08b34617b3b?s=96&d=mm&r=g\",\"caption\":\"oocr-obsah\"},\"description\":\"alexpark.sk\",\"url\":\"https:\\\/\\\/vraji.sk\\\/pl\\\/author\\\/oocr-obsah\\\/\"}]}<\/script>\n<!-- \/ Yoast SEO plugin. -->","yoast_head_json":{"title":"Vrch\u00e1rska koruna Spi\u0161 2023 - OOCR","robots":{"index":"index","follow":"follow","max-snippet":"max-snippet:-1","max-image-preview":"max-image-preview:large","max-video-preview":"max-video-preview:-1"},"canonical":"https:\/\/vraji.sk\/pl\/vrcharska-koruna-spis-2023\/","og_locale":"pl_PL","og_type":"article","og_title":"Vrch\u00e1rska koruna Spi\u0161 2023 - OOCR","og_description":"Zdolajte na bicykli 20 zauj\u00edmav\u00fdch z\u00e1kut\u00ed Cykloregi\u00f3nu Spi\u0161 \u2013 ju\u017en\u00e1 \u010das\u0165 a&nbsp;sta\u0148te","og_url":"https:\/\/vraji.sk\/pl\/vrcharska-koruna-spis-2023\/","og_site_name":"OOCR","article_published_time":"2023-10-05T13:36:26+00:00","article_modified_time":"2023-11-09T09:31:13+00:00","og_image":[{"width":426,"height":404,"url":"https:\/\/vraji.sk\/wp-content\/uploads\/2023\/03\/mensie.jpg","type":"image\/jpeg"}],"author":"oocr-obsah","twitter_card":"summary_large_image","twitter_misc":{"Napisane przez":"oocr-obsah","Szacowany czas czytania":"5 minut"},"schema":{"@context":"https:\/\/schema.org","@graph":[{"@type":"Article","@id":"https:\/\/vraji.sk\/pl\/vrcharska-koruna-spis-2023\/#article","isPartOf":{"@id":"https:\/\/vraji.sk\/pl\/vrcharska-koruna-spis-2023\/"},"author":{"name":"oocr-obsah","@id":"https:\/\/vraji.sk\/pl\/#\/schema\/person\/01641cf41f9d52638cb29a73818cf39c"},"headline":"Vrch\u00e1rska koruna Spi\u0161 2023","datePublished":"2023-10-05T13:36:26+00:00","dateModified":"2023-11-09T09:31:13+00:00","mainEntityOfPage":{"@id":"https:\/\/vraji.sk\/pl\/vrcharska-koruna-spis-2023\/"},"wordCount":971,"commentCount":0,"publisher":{"@id":"https:\/\/vraji.sk\/pl\/#organization"},"image":{"@id":"https:\/\/vraji.sk\/pl\/vrcharska-koruna-spis-2023\/#primaryimage"},"thumbnailUrl":"https:\/\/vraji.sk\/wp-content\/uploads\/2023\/03\/mensie.jpg","articleSection":["Uncategorized @sk"],"inLanguage":"pl-PL","potentialAction":[{"@type":"CommentAction","name":"Comment","target":["https:\/\/vraji.sk\/pl\/vrcharska-koruna-spis-2023\/#respond"]}]},{"@type":"WebPage","@id":"https:\/\/vraji.sk\/pl\/vrcharska-koruna-spis-2023\/","url":"https:\/\/vraji.sk\/pl\/vrcharska-koruna-spis-2023\/","name":"Vrch\u00e1rska koruna Spi\u0161 2023 - OOCR","isPartOf":{"@id":"https:\/\/vraji.sk\/pl\/#website"},"primaryImageOfPage":{"@id":"https:\/\/vraji.sk\/pl\/vrcharska-koruna-spis-2023\/#primaryimage"},"image":{"@id":"https:\/\/vraji.sk\/pl\/vrcharska-koruna-spis-2023\/#primaryimage"},"thumbnailUrl":"https:\/\/vraji.sk\/wp-content\/uploads\/2023\/03\/mensie.jpg","datePublished":"2023-10-05T13:36:26+00:00","dateModified":"2023-11-09T09:31:13+00:00","breadcrumb":{"@id":"https:\/\/vraji.sk\/pl\/vrcharska-koruna-spis-2023\/#breadcrumb"},"inLanguage":"pl-PL","potentialAction":[{"@type":"ReadAction","target":["https:\/\/vraji.sk\/pl\/vrcharska-koruna-spis-2023\/"]}]},{"@type":"ImageObject","inLanguage":"pl-PL","@id":"https:\/\/vraji.sk\/pl\/vrcharska-koruna-spis-2023\/#primaryimage","url":"https:\/\/vraji.sk\/wp-content\/uploads\/2023\/03\/mensie.jpg","contentUrl":"https:\/\/vraji.sk\/wp-content\/uploads\/2023\/03\/mensie.jpg","width":426,"height":404},{"@type":"BreadcrumbList","@id":"https:\/\/vraji.sk\/pl\/vrcharska-koruna-spis-2023\/#breadcrumb","itemListElement":[{"@type":"ListItem","position":1,"name":"Home","item":"https:\/\/vraji.sk\/pl\/strona-glowna\/"},{"@type":"ListItem","position":2,"name":"Vrch\u00e1rska koruna Spi\u0161 2023"}]},{"@type":"WebSite","@id":"https:\/\/vraji.sk\/pl\/#website","url":"https:\/\/vraji.sk\/pl\/","name":"OOCR","description":"Regi\u00f3n Slovensk\u00fd raj a Spi\u0161 | Z\u00e1\u017eitky, turistika, hist\u00f3ria | vRaji.sk","publisher":{"@id":"https:\/\/vraji.sk\/pl\/#organization"},"potentialAction":[{"@type":"SearchAction","target":{"@type":"EntryPoint","urlTemplate":"https:\/\/vraji.sk\/pl\/?s={search_term_string}"},"query-input":{"@type":"PropertyValueSpecification","valueRequired":true,"valueName":"search_term_string"}}],"inLanguage":"pl-PL"},{"@type":"Organization","@id":"https:\/\/vraji.sk\/pl\/#organization","name":"OOCR","url":"https:\/\/vraji.sk\/pl\/","logo":{"@type":"ImageObject","inLanguage":"pl-PL","@id":"https:\/\/vraji.sk\/pl\/#\/schema\/logo\/image\/","url":"https:\/\/vraji.sk\/wp-content\/uploads\/2021\/11\/biele-logo-1.svg","contentUrl":"https:\/\/vraji.sk\/wp-content\/uploads\/2021\/11\/biele-logo-1.svg","caption":"OOCR"},"image":{"@id":"https:\/\/vraji.sk\/pl\/#\/schema\/logo\/image\/"}},{"@type":"Person","@id":"https:\/\/vraji.sk\/pl\/#\/schema\/person\/01641cf41f9d52638cb29a73818cf39c","name":"oocr-obsah","image":{"@type":"ImageObject","inLanguage":"pl-PL","@id":"https:\/\/secure.gravatar.com\/avatar\/bc547f4d1cfe56f35ef07eb29186b1e943f6b533e816d5758667f08b34617b3b?s=96&d=mm&r=g","url":"https:\/\/secure.gravatar.com\/avatar\/bc547f4d1cfe56f35ef07eb29186b1e943f6b533e816d5758667f08b34617b3b?s=96&d=mm&r=g","contentUrl":"https:\/\/secure.gravatar.com\/avatar\/bc547f4d1cfe56f35ef07eb29186b1e943f6b533e816d5758667f08b34617b3b?s=96&d=mm&r=g","caption":"oocr-obsah"},"description":"alexpark.sk","url":"https:\/\/vraji.sk\/pl\/author\/oocr-obsah\/"}]}},"_links":{"self":[{"href":"https:\/\/vraji.sk\/pl\/wp-json\/wp\/v2\/posts\/11651","targetHints":{"allow":["GET"]}}],"collection":[{"href":"https:\/\/vraji.sk\/pl\/wp-json\/wp\/v2\/posts"}],"about":[{"href":"https:\/\/vraji.sk\/pl\/wp-json\/wp\/v2\/types\/post"}],"author":[{"embeddable":true,"href":"https:\/\/vraji.sk\/pl\/wp-json\/wp\/v2\/users\/50"}],"replies":[{"embeddable":true,"href":"https:\/\/vraji.sk\/pl\/wp-json\/wp\/v2\/comments?post=11651"}],"version-history":[{"count":21,"href":"https:\/\/vraji.sk\/pl\/wp-json\/wp\/v2\/posts\/11651\/revisions"}],"predecessor-version":[{"id":12302,"href":"https:\/\/vraji.sk\/pl\/wp-json\/wp\/v2\/posts\/11651\/revisions\/12302"}],"wp:featuredmedia":[{"embeddable":true,"href":"https:\/\/vraji.sk\/pl\/wp-json\/wp\/v2\/media\/11671"}],"wp:attachment":[{"href":"https:\/\/vraji.sk\/pl\/wp-json\/wp\/v2\/media?parent=11651"}],"wp:term":[{"taxonomy":"category","embeddable":true,"href":"https:\/\/vraji.sk\/pl\/wp-json\/wp\/v2\/categories?post=11651"},{"taxonomy":"post_tag","embeddable":true,"href":"https:\/\/vraji.sk\/pl\/wp-json\/wp\/v2\/tags?post=11651"}],"curies":[{"name":"wp","href":"https:\/\/api.w.org\/{rel}","templated":true}]}}