{"id":15095,"date":"2024-03-13T09:00:36","date_gmt":"2024-03-13T09:00:36","guid":{"rendered":"https:\/\/vraji.sk\/?p=15095"},"modified":"2024-03-13T09:04:00","modified_gmt":"2024-03-13T09:04:00","slug":"lyziarska-vyzva-oocr-slovensky-raj-spis-2024-predlzena","status":"publish","type":"post","link":"https:\/\/vraji.sk\/pl\/lyziarska-vyzva-oocr-slovensky-raj-spis-2024-predlzena\/","title":{"rendered":"Ly\u017eiarska v\u00fdzva OOCR Slovensk\u00fd raj &#038; Spi\u0161 2024 PRED\u0139\u017dEN\u00c1"},"content":{"rendered":"\n<div class=\"row\">\n    <div class=\"col\">\n        <hr class=\"\">\n    <\/div>\n<\/div>\n\n\n<p>Mil\u00ed priaznivci zimn\u00fdch \u0161portov. Ver\u00edme, \u017ee ste zachytili inform\u00e1ciu o na\u0161ej <strong>Ly\u017eiarskej v\u00fdzve OOCR Slovensk\u00fd raj &amp; Spi\u0161<\/strong> ur\u010denej pre be\u017eeck\u00fdch ly\u017eiarov. Vyhl\u00e1sili sme ju v novembri minul\u00e9ho roku pre aktu\u00e1lnu ly\u017eiarsku sez\u00f3nu 2023\/2024. Najm\u00e4 v druhej polovici zimy v\u0161ak premenliv\u00e9 po\u010dasie a zhor\u0161en\u00e9 podmienky v ter\u00e9ne (popadan\u00e9 stromy) v\u00e4\u010d\u0161ine z v\u00e1s neumo\u017e\u0148ovalo absolvova\u0165 v\u0161etk\u00fdch 7 vrcholov spolu so \u0161peci\u00e1lnou prechodovou trasou. V\u00fdzvu preto <strong>predl\u017eujeme a\u017e do konca roku 2024<\/strong>, teda do 31. decembra 2024. <\/p>\n\n\n\n<p>Ver\u00edme, \u017ee za\u010diatok bud\u00facej zimy prinesie priazniv\u00e9 podmienky, ktor\u00e9 umo\u017enia dokon\u010di\u0165 v\u00fdzvu v\u0161etk\u00fdm v\u00e1m, ktor\u00ed ste ju v uplynul\u00fdch mesiacoch za\u010dali zdol\u00e1va\u0165, aj t\u00fdm, ktor\u00ed e\u0161te len za\u010dnete. <strong>V\u0161etky potrebn\u00e9 inform\u00e1cie o v\u00fdzve m\u00f4\u017eete n\u00e1js\u0165 <a href=\"https:\/\/vraji.sk\/pl\/lyziarska-vyzva-oocr-slovensky-raj-spis-2024\/\">v tomto \u010dl\u00e1nku (link). <\/a><\/strong>Te\u0161\u00edme sa na va\u0161u \u00fa\u010das\u0165 a fotografie z vrcholov! <\/p>\n\n\n\n<div class=\"row\">\n    <div class=\"col\">\n        <hr class=\"\">\n    <\/div>\n<\/div>\n\n<div class=\"wp-block-image\">\n<figure class=\"aligncenter size-full\"><img loading=\"lazy\" decoding=\"async\" width=\"1024\" height=\"681\" src=\"https:\/\/vraji.sk\/wp-content\/uploads\/2024\/03\/a_w1_1_IMGP9921-1024x681-1.jpg\" alt=\"\" class=\"wp-image-15098\" srcset=\"https:\/\/vraji.sk\/wp-content\/uploads\/2024\/03\/a_w1_1_IMGP9921-1024x681-1.jpg 1024w, https:\/\/vraji.sk\/wp-content\/uploads\/2024\/03\/a_w1_1_IMGP9921-1024x681-1-300x200.jpg 300w, https:\/\/vraji.sk\/wp-content\/uploads\/2024\/03\/a_w1_1_IMGP9921-1024x681-1-768x511.jpg 768w\" sizes=\"auto, (max-width: 1024px) 100vw, 1024px\" \/><\/figure>\n<\/div>","protected":false},"excerpt":{"rendered":"<p>Mil\u00ed priaznivci zimn\u00fdch \u0161portov. Ver\u00edme, \u017ee ste zachytili inform\u00e1ciu o na\u0161ej Ly\u017eiarskej v\u00fdz<\/p>\n","protected":false},"author":52,"featured_media":15100,"comment_status":"open","ping_status":"open","sticky":false,"template":"","format":"standard","meta":{"_acf_changed":false,"footnotes":""},"categories":[1],"tags":[],"class_list":["post-15095","post","type-post","status-publish","format-standard","has-post-thumbnail","hentry","category-uncategorized-sk"],"acf":[],"yoast_head":"<!-- This site is optimized with the Yoast SEO plugin v27.4 - https:\/\/yoast.com\/product\/yoast-seo-wordpress\/ -->\n<title>Ly\u017eiarska v\u00fdzva OOCR Slovensk\u00fd raj &amp; Spi\u0161 2024 PRED\u0139\u017dEN\u00c1 - OOCR<\/title>\n<meta name=\"description\" content=\"Priatelia, zapojte sa do Ly\u017eiarskej v\u00fdzvy OOCR Slovensk\u00fd raj &amp; Spi\u0161 aj po\u010das bud\u00facej zimy. Jej trvanie predl\u017eujeme do 31.12.2024.\" \/>\n<meta name=\"robots\" content=\"index, follow, max-snippet:-1, max-image-preview:large, max-video-preview:-1\" \/>\n<link rel=\"canonical\" href=\"https:\/\/vraji.sk\/pl\/lyziarska-vyzva-oocr-slovensky-raj-spis-2024-predlzena\/\" \/>\n<meta property=\"og:locale\" content=\"pl_PL\" \/>\n<meta property=\"og:type\" content=\"article\" \/>\n<meta property=\"og:title\" content=\"Ly\u017eiarska v\u00fdzva OOCR Slovensk\u00fd raj &amp; Spi\u0161 2024 PRED\u0139\u017dEN\u00c1 - OOCR\" \/>\n<meta property=\"og:description\" content=\"Priatelia, zapojte sa do Ly\u017eiarskej v\u00fdzvy OOCR Slovensk\u00fd raj &amp; Spi\u0161 aj po\u010das bud\u00facej zimy. Jej trvanie predl\u017eujeme do 31.12.2024.\" \/>\n<meta property=\"og:url\" content=\"https:\/\/vraji.sk\/pl\/lyziarska-vyzva-oocr-slovensky-raj-spis-2024-predlzena\/\" \/>\n<meta property=\"og:site_name\" content=\"OOCR\" \/>\n<meta property=\"article:published_time\" content=\"2024-03-13T09:00:36+00:00\" \/>\n<meta property=\"article:modified_time\" content=\"2024-03-13T09:04:00+00:00\" \/>\n<meta property=\"og:image\" content=\"https:\/\/vraji.sk\/wp-content\/uploads\/2024\/03\/IMGP8432g.jpg\" \/>\n\t<meta property=\"og:image:width\" content=\"1400\" \/>\n\t<meta property=\"og:image:height\" content=\"869\" \/>\n\t<meta property=\"og:image:type\" content=\"image\/jpeg\" \/>\n<meta name=\"author\" content=\"OOCR\" \/>\n<meta name=\"twitter:card\" content=\"summary_large_image\" \/>\n<meta name=\"twitter:label1\" content=\"Napisane przez\" \/>\n\t<meta name=\"twitter:data1\" content=\"OOCR\" \/>\n\t<meta name=\"twitter:label2\" content=\"Szacowany czas czytania\" \/>\n\t<meta name=\"twitter:data2\" content=\"1 minuta\" \/>\n<script type=\"application\/ld+json\" class=\"yoast-schema-graph\">{\"@context\":\"https:\\\/\\\/schema.org\",\"@graph\":[{\"@type\":\"Article\",\"@id\":\"https:\\\/\\\/vraji.sk\\\/pl\\\/lyziarska-vyzva-oocr-slovensky-raj-spis-2024-predlzena\\\/#article\",\"isPartOf\":{\"@id\":\"https:\\\/\\\/vraji.sk\\\/pl\\\/lyziarska-vyzva-oocr-slovensky-raj-spis-2024-predlzena\\\/\"},\"author\":{\"name\":\"OOCR\",\"@id\":\"https:\\\/\\\/vraji.sk\\\/pl\\\/#\\\/schema\\\/person\\\/6ba5da72601ea4018533f90f796d4530\"},\"headline\":\"Ly\u017eiarska v\u00fdzva OOCR Slovensk\u00fd raj &#038; Spi\u0161 2024 PRED\u0139\u017dEN\u00c1\",\"datePublished\":\"2024-03-13T09:00:36+00:00\",\"dateModified\":\"2024-03-13T09:04:00+00:00\",\"mainEntityOfPage\":{\"@id\":\"https:\\\/\\\/vraji.sk\\\/pl\\\/lyziarska-vyzva-oocr-slovensky-raj-spis-2024-predlzena\\\/\"},\"wordCount\":178,\"commentCount\":0,\"publisher\":{\"@id\":\"https:\\\/\\\/vraji.sk\\\/pl\\\/#organization\"},\"image\":{\"@id\":\"https:\\\/\\\/vraji.sk\\\/pl\\\/lyziarska-vyzva-oocr-slovensky-raj-spis-2024-predlzena\\\/#primaryimage\"},\"thumbnailUrl\":\"https:\\\/\\\/vraji.sk\\\/wp-content\\\/uploads\\\/2024\\\/03\\\/IMGP8432g.jpg\",\"articleSection\":[\"Uncategorized @sk\"],\"inLanguage\":\"pl-PL\",\"potentialAction\":[{\"@type\":\"CommentAction\",\"name\":\"Comment\",\"target\":[\"https:\\\/\\\/vraji.sk\\\/pl\\\/lyziarska-vyzva-oocr-slovensky-raj-spis-2024-predlzena\\\/#respond\"]}]},{\"@type\":\"WebPage\",\"@id\":\"https:\\\/\\\/vraji.sk\\\/pl\\\/lyziarska-vyzva-oocr-slovensky-raj-spis-2024-predlzena\\\/\",\"url\":\"https:\\\/\\\/vraji.sk\\\/pl\\\/lyziarska-vyzva-oocr-slovensky-raj-spis-2024-predlzena\\\/\",\"name\":\"Ly\u017eiarska v\u00fdzva OOCR Slovensk\u00fd raj & Spi\u0161 2024 PRED\u0139\u017dEN\u00c1 - OOCR\",\"isPartOf\":{\"@id\":\"https:\\\/\\\/vraji.sk\\\/pl\\\/#website\"},\"primaryImageOfPage\":{\"@id\":\"https:\\\/\\\/vraji.sk\\\/pl\\\/lyziarska-vyzva-oocr-slovensky-raj-spis-2024-predlzena\\\/#primaryimage\"},\"image\":{\"@id\":\"https:\\\/\\\/vraji.sk\\\/pl\\\/lyziarska-vyzva-oocr-slovensky-raj-spis-2024-predlzena\\\/#primaryimage\"},\"thumbnailUrl\":\"https:\\\/\\\/vraji.sk\\\/wp-content\\\/uploads\\\/2024\\\/03\\\/IMGP8432g.jpg\",\"datePublished\":\"2024-03-13T09:00:36+00:00\",\"dateModified\":\"2024-03-13T09:04:00+00:00\",\"description\":\"Priatelia, zapojte sa do Ly\u017eiarskej v\u00fdzvy OOCR Slovensk\u00fd raj & Spi\u0161 aj po\u010das bud\u00facej zimy. Jej trvanie predl\u017eujeme do 31.12.2024.\",\"breadcrumb\":{\"@id\":\"https:\\\/\\\/vraji.sk\\\/pl\\\/lyziarska-vyzva-oocr-slovensky-raj-spis-2024-predlzena\\\/#breadcrumb\"},\"inLanguage\":\"pl-PL\",\"potentialAction\":[{\"@type\":\"ReadAction\",\"target\":[\"https:\\\/\\\/vraji.sk\\\/pl\\\/lyziarska-vyzva-oocr-slovensky-raj-spis-2024-predlzena\\\/\"]}]},{\"@type\":\"ImageObject\",\"inLanguage\":\"pl-PL\",\"@id\":\"https:\\\/\\\/vraji.sk\\\/pl\\\/lyziarska-vyzva-oocr-slovensky-raj-spis-2024-predlzena\\\/#primaryimage\",\"url\":\"https:\\\/\\\/vraji.sk\\\/wp-content\\\/uploads\\\/2024\\\/03\\\/IMGP8432g.jpg\",\"contentUrl\":\"https:\\\/\\\/vraji.sk\\\/wp-content\\\/uploads\\\/2024\\\/03\\\/IMGP8432g.jpg\",\"width\":1400,\"height\":869},{\"@type\":\"BreadcrumbList\",\"@id\":\"https:\\\/\\\/vraji.sk\\\/pl\\\/lyziarska-vyzva-oocr-slovensky-raj-spis-2024-predlzena\\\/#breadcrumb\",\"itemListElement\":[{\"@type\":\"ListItem\",\"position\":1,\"name\":\"Home\",\"item\":\"https:\\\/\\\/vraji.sk\\\/pl\\\/strona-glowna\\\/\"},{\"@type\":\"ListItem\",\"position\":2,\"name\":\"Ly\u017eiarska v\u00fdzva OOCR Slovensk\u00fd raj &#038; Spi\u0161 2024 PRED\u0139\u017dEN\u00c1\"}]},{\"@type\":\"WebSite\",\"@id\":\"https:\\\/\\\/vraji.sk\\\/pl\\\/#website\",\"url\":\"https:\\\/\\\/vraji.sk\\\/pl\\\/\",\"name\":\"OOCR\",\"description\":\"Regi\u00f3n Slovensk\u00fd raj a Spi\u0161 | Z\u00e1\u017eitky, turistika, hist\u00f3ria | vRaji.sk\",\"publisher\":{\"@id\":\"https:\\\/\\\/vraji.sk\\\/pl\\\/#organization\"},\"potentialAction\":[{\"@type\":\"SearchAction\",\"target\":{\"@type\":\"EntryPoint\",\"urlTemplate\":\"https:\\\/\\\/vraji.sk\\\/pl\\\/?s={search_term_string}\"},\"query-input\":{\"@type\":\"PropertyValueSpecification\",\"valueRequired\":true,\"valueName\":\"search_term_string\"}}],\"inLanguage\":\"pl-PL\"},{\"@type\":\"Organization\",\"@id\":\"https:\\\/\\\/vraji.sk\\\/pl\\\/#organization\",\"name\":\"OOCR\",\"url\":\"https:\\\/\\\/vraji.sk\\\/pl\\\/\",\"logo\":{\"@type\":\"ImageObject\",\"inLanguage\":\"pl-PL\",\"@id\":\"https:\\\/\\\/vraji.sk\\\/pl\\\/#\\\/schema\\\/logo\\\/image\\\/\",\"url\":\"https:\\\/\\\/vraji.sk\\\/wp-content\\\/uploads\\\/2021\\\/11\\\/biele-logo-1.svg\",\"contentUrl\":\"https:\\\/\\\/vraji.sk\\\/wp-content\\\/uploads\\\/2021\\\/11\\\/biele-logo-1.svg\",\"caption\":\"OOCR\"},\"image\":{\"@id\":\"https:\\\/\\\/vraji.sk\\\/pl\\\/#\\\/schema\\\/logo\\\/image\\\/\"}},{\"@type\":\"Person\",\"@id\":\"https:\\\/\\\/vraji.sk\\\/pl\\\/#\\\/schema\\\/person\\\/6ba5da72601ea4018533f90f796d4530\",\"name\":\"OOCR\",\"image\":{\"@type\":\"ImageObject\",\"inLanguage\":\"pl-PL\",\"@id\":\"https:\\\/\\\/secure.gravatar.com\\\/avatar\\\/254aa66d580269ab31c41bb5eb446b00d03ea31eab4a58840a0e31f2890e31c4?s=96&d=mm&r=g\",\"url\":\"https:\\\/\\\/secure.gravatar.com\\\/avatar\\\/254aa66d580269ab31c41bb5eb446b00d03ea31eab4a58840a0e31f2890e31c4?s=96&d=mm&r=g\",\"contentUrl\":\"https:\\\/\\\/secure.gravatar.com\\\/avatar\\\/254aa66d580269ab31c41bb5eb446b00d03ea31eab4a58840a0e31f2890e31c4?s=96&d=mm&r=g\",\"caption\":\"OOCR\"},\"url\":\"https:\\\/\\\/vraji.sk\\\/pl\\\/author\\\/oocr-info\\\/\"}]}<\/script>\n<!-- \/ Yoast SEO plugin. -->","yoast_head_json":{"title":"Ly\u017eiarska v\u00fdzva OOCR Slovensk\u00fd raj & Spi\u0161 2024 PRED\u0139\u017dEN\u00c1 - OOCR","description":"Priatelia, zapojte sa do Ly\u017eiarskej v\u00fdzvy OOCR Slovensk\u00fd raj & Spi\u0161 aj po\u010das bud\u00facej zimy. Jej trvanie predl\u017eujeme do 31.12.2024.","robots":{"index":"index","follow":"follow","max-snippet":"max-snippet:-1","max-image-preview":"max-image-preview:large","max-video-preview":"max-video-preview:-1"},"canonical":"https:\/\/vraji.sk\/pl\/lyziarska-vyzva-oocr-slovensky-raj-spis-2024-predlzena\/","og_locale":"pl_PL","og_type":"article","og_title":"Ly\u017eiarska v\u00fdzva OOCR Slovensk\u00fd raj & Spi\u0161 2024 PRED\u0139\u017dEN\u00c1 - OOCR","og_description":"Priatelia, zapojte sa do Ly\u017eiarskej v\u00fdzvy OOCR Slovensk\u00fd raj & Spi\u0161 aj po\u010das bud\u00facej zimy. Jej trvanie predl\u017eujeme do 31.12.2024.","og_url":"https:\/\/vraji.sk\/pl\/lyziarska-vyzva-oocr-slovensky-raj-spis-2024-predlzena\/","og_site_name":"OOCR","article_published_time":"2024-03-13T09:00:36+00:00","article_modified_time":"2024-03-13T09:04:00+00:00","og_image":[{"width":1400,"height":869,"url":"https:\/\/vraji.sk\/wp-content\/uploads\/2024\/03\/IMGP8432g.jpg","type":"image\/jpeg"}],"author":"OOCR","twitter_card":"summary_large_image","twitter_misc":{"Napisane przez":"OOCR","Szacowany czas czytania":"1 minuta"},"schema":{"@context":"https:\/\/schema.org","@graph":[{"@type":"Article","@id":"https:\/\/vraji.sk\/pl\/lyziarska-vyzva-oocr-slovensky-raj-spis-2024-predlzena\/#article","isPartOf":{"@id":"https:\/\/vraji.sk\/pl\/lyziarska-vyzva-oocr-slovensky-raj-spis-2024-predlzena\/"},"author":{"name":"OOCR","@id":"https:\/\/vraji.sk\/pl\/#\/schema\/person\/6ba5da72601ea4018533f90f796d4530"},"headline":"Ly\u017eiarska v\u00fdzva OOCR Slovensk\u00fd raj &#038; Spi\u0161 2024 PRED\u0139\u017dEN\u00c1","datePublished":"2024-03-13T09:00:36+00:00","dateModified":"2024-03-13T09:04:00+00:00","mainEntityOfPage":{"@id":"https:\/\/vraji.sk\/pl\/lyziarska-vyzva-oocr-slovensky-raj-spis-2024-predlzena\/"},"wordCount":178,"commentCount":0,"publisher":{"@id":"https:\/\/vraji.sk\/pl\/#organization"},"image":{"@id":"https:\/\/vraji.sk\/pl\/lyziarska-vyzva-oocr-slovensky-raj-spis-2024-predlzena\/#primaryimage"},"thumbnailUrl":"https:\/\/vraji.sk\/wp-content\/uploads\/2024\/03\/IMGP8432g.jpg","articleSection":["Uncategorized @sk"],"inLanguage":"pl-PL","potentialAction":[{"@type":"CommentAction","name":"Comment","target":["https:\/\/vraji.sk\/pl\/lyziarska-vyzva-oocr-slovensky-raj-spis-2024-predlzena\/#respond"]}]},{"@type":"WebPage","@id":"https:\/\/vraji.sk\/pl\/lyziarska-vyzva-oocr-slovensky-raj-spis-2024-predlzena\/","url":"https:\/\/vraji.sk\/pl\/lyziarska-vyzva-oocr-slovensky-raj-spis-2024-predlzena\/","name":"Ly\u017eiarska v\u00fdzva OOCR Slovensk\u00fd raj & Spi\u0161 2024 PRED\u0139\u017dEN\u00c1 - OOCR","isPartOf":{"@id":"https:\/\/vraji.sk\/pl\/#website"},"primaryImageOfPage":{"@id":"https:\/\/vraji.sk\/pl\/lyziarska-vyzva-oocr-slovensky-raj-spis-2024-predlzena\/#primaryimage"},"image":{"@id":"https:\/\/vraji.sk\/pl\/lyziarska-vyzva-oocr-slovensky-raj-spis-2024-predlzena\/#primaryimage"},"thumbnailUrl":"https:\/\/vraji.sk\/wp-content\/uploads\/2024\/03\/IMGP8432g.jpg","datePublished":"2024-03-13T09:00:36+00:00","dateModified":"2024-03-13T09:04:00+00:00","description":"Priatelia, zapojte sa do Ly\u017eiarskej v\u00fdzvy OOCR Slovensk\u00fd raj & Spi\u0161 aj po\u010das bud\u00facej zimy. Jej trvanie predl\u017eujeme do 31.12.2024.","breadcrumb":{"@id":"https:\/\/vraji.sk\/pl\/lyziarska-vyzva-oocr-slovensky-raj-spis-2024-predlzena\/#breadcrumb"},"inLanguage":"pl-PL","potentialAction":[{"@type":"ReadAction","target":["https:\/\/vraji.sk\/pl\/lyziarska-vyzva-oocr-slovensky-raj-spis-2024-predlzena\/"]}]},{"@type":"ImageObject","inLanguage":"pl-PL","@id":"https:\/\/vraji.sk\/pl\/lyziarska-vyzva-oocr-slovensky-raj-spis-2024-predlzena\/#primaryimage","url":"https:\/\/vraji.sk\/wp-content\/uploads\/2024\/03\/IMGP8432g.jpg","contentUrl":"https:\/\/vraji.sk\/wp-content\/uploads\/2024\/03\/IMGP8432g.jpg","width":1400,"height":869},{"@type":"BreadcrumbList","@id":"https:\/\/vraji.sk\/pl\/lyziarska-vyzva-oocr-slovensky-raj-spis-2024-predlzena\/#breadcrumb","itemListElement":[{"@type":"ListItem","position":1,"name":"Home","item":"https:\/\/vraji.sk\/pl\/strona-glowna\/"},{"@type":"ListItem","position":2,"name":"Ly\u017eiarska v\u00fdzva OOCR Slovensk\u00fd raj &#038; Spi\u0161 2024 PRED\u0139\u017dEN\u00c1"}]},{"@type":"WebSite","@id":"https:\/\/vraji.sk\/pl\/#website","url":"https:\/\/vraji.sk\/pl\/","name":"OOCR","description":"Regi\u00f3n Slovensk\u00fd raj a Spi\u0161 | Z\u00e1\u017eitky, turistika, hist\u00f3ria | vRaji.sk","publisher":{"@id":"https:\/\/vraji.sk\/pl\/#organization"},"potentialAction":[{"@type":"SearchAction","target":{"@type":"EntryPoint","urlTemplate":"https:\/\/vraji.sk\/pl\/?s={search_term_string}"},"query-input":{"@type":"PropertyValueSpecification","valueRequired":true,"valueName":"search_term_string"}}],"inLanguage":"pl-PL"},{"@type":"Organization","@id":"https:\/\/vraji.sk\/pl\/#organization","name":"OOCR","url":"https:\/\/vraji.sk\/pl\/","logo":{"@type":"ImageObject","inLanguage":"pl-PL","@id":"https:\/\/vraji.sk\/pl\/#\/schema\/logo\/image\/","url":"https:\/\/vraji.sk\/wp-content\/uploads\/2021\/11\/biele-logo-1.svg","contentUrl":"https:\/\/vraji.sk\/wp-content\/uploads\/2021\/11\/biele-logo-1.svg","caption":"OOCR"},"image":{"@id":"https:\/\/vraji.sk\/pl\/#\/schema\/logo\/image\/"}},{"@type":"Person","@id":"https:\/\/vraji.sk\/pl\/#\/schema\/person\/6ba5da72601ea4018533f90f796d4530","name":"OOCR","image":{"@type":"ImageObject","inLanguage":"pl-PL","@id":"https:\/\/secure.gravatar.com\/avatar\/254aa66d580269ab31c41bb5eb446b00d03ea31eab4a58840a0e31f2890e31c4?s=96&d=mm&r=g","url":"https:\/\/secure.gravatar.com\/avatar\/254aa66d580269ab31c41bb5eb446b00d03ea31eab4a58840a0e31f2890e31c4?s=96&d=mm&r=g","contentUrl":"https:\/\/secure.gravatar.com\/avatar\/254aa66d580269ab31c41bb5eb446b00d03ea31eab4a58840a0e31f2890e31c4?s=96&d=mm&r=g","caption":"OOCR"},"url":"https:\/\/vraji.sk\/pl\/author\/oocr-info\/"}]}},"_links":{"self":[{"href":"https:\/\/vraji.sk\/pl\/wp-json\/wp\/v2\/posts\/15095","targetHints":{"allow":["GET"]}}],"collection":[{"href":"https:\/\/vraji.sk\/pl\/wp-json\/wp\/v2\/posts"}],"about":[{"href":"https:\/\/vraji.sk\/pl\/wp-json\/wp\/v2\/types\/post"}],"author":[{"embeddable":true,"href":"https:\/\/vraji.sk\/pl\/wp-json\/wp\/v2\/users\/52"}],"replies":[{"embeddable":true,"href":"https:\/\/vraji.sk\/pl\/wp-json\/wp\/v2\/comments?post=15095"}],"version-history":[{"count":6,"href":"https:\/\/vraji.sk\/pl\/wp-json\/wp\/v2\/posts\/15095\/revisions"}],"predecessor-version":[{"id":15107,"href":"https:\/\/vraji.sk\/pl\/wp-json\/wp\/v2\/posts\/15095\/revisions\/15107"}],"wp:featuredmedia":[{"embeddable":true,"href":"https:\/\/vraji.sk\/pl\/wp-json\/wp\/v2\/media\/15100"}],"wp:attachment":[{"href":"https:\/\/vraji.sk\/pl\/wp-json\/wp\/v2\/media?parent=15095"}],"wp:term":[{"taxonomy":"category","embeddable":true,"href":"https:\/\/vraji.sk\/pl\/wp-json\/wp\/v2\/categories?post=15095"},{"taxonomy":"post_tag","embeddable":true,"href":"https:\/\/vraji.sk\/pl\/wp-json\/wp\/v2\/tags?post=15095"}],"curies":[{"name":"wp","href":"https:\/\/api.w.org\/{rel}","templated":true}]}}