{"id":15464,"date":"2024-04-24T15:36:31","date_gmt":"2024-04-24T15:36:31","guid":{"rendered":"https:\/\/vraji.sk\/?p=15464"},"modified":"2024-05-15T19:08:02","modified_gmt":"2024-05-15T19:08:02","slug":"zasportujte-si-v-raji-a-na-spisi","status":"publish","type":"post","link":"https:\/\/vraji.sk\/pl\/zasportujte-si-v-raji-a-na-spisi\/","title":{"rendered":"Za\u0161portujte si v Raji a na Spi\u0161i"},"content":{"rendered":"\n<p><\/p>\n\n\n\n<p><strong><em>Patr\u00edte k v\u00fdkonnostn\u00fdm \u0161portovcom, alebo sa len ob\u010das radi prebehnete pre zdravie?<\/em><\/strong> <strong><em> Nech je tak \u010di onak, jarn\u00e9 obdobie v Slovenskom raji a na Spi\u0161i \u0161portu praje. Pre in\u0161pir\u00e1ciu v\u00e1m d\u00e1vame do pozornosti nieko\u013eko atrakt\u00edvnych \u0161portov\u00fdch podujat\u00ed v na\u0161om regi\u00f3ne, na ktor\u00fdch m\u00f4\u017eete stretn\u00fa\u0165 \u013eud\u00ed podobnej &#8222;krvnej skupiny&#8221; a spravi\u0165 nie\u010do pre svoje zdravie a kond\u00edciu. Srde\u010dne poz\u00fdvame!<\/em><\/strong>!<\/p>\n\n\n\n<div class=\"row\">\n    <div class=\"col\">\n        <hr class=\"mt-45 mb-45\">\n    <\/div>\n<\/div>\n\n\n<p><\/p>\n\n\n\n<h2 class=\"wp-block-heading\">Beh v Raji 2024<\/h2>\n\n\n\n<p>V piatok a sobotu <strong>24. a 25. m\u00e1ja<\/strong> sa uskuto\u010dnia ka\u017edoro\u010dne ob\u013e\u00faben\u00e9 be\u017eeck\u00e9 preteky <strong>Beh v Raji<\/strong>. Piatkov\u00fd program bude patri\u0165 novinke &#8211; 1km v\u00fdbehu do kopca k Dob\u0161inskej \u013eadovej jaskyni. <strong>\u0160tart hlavn\u00fdch cestn\u00fdch pretekov<\/strong> sa uskuto\u010dn\u00ed v sobotu <strong>25. m\u00e1ja o 11:00<\/strong> pri Turistickom informa\u010dnom centre Dob\u0161insk\u00e1 \u013dadov\u00e1 Jasky\u0148a. Pripraven\u00e9 s\u00fa pre v\u00e1s <strong>trate s d\u013a\u017ekou 5 a 10 km<\/strong>, plus 5 km nordic walking. <\/p>\n\n\n\n<p><strong>Registrova\u0165 sa m\u00f4\u017eete na webovej str\u00e1nke preteku,<\/strong> <strong><a href=\"http:\/\/www.behvraji.sk\">www.behvraji.sk<\/a><\/strong>. Viac inform\u00e1ci\u00ed n\u00e1jdete aj na <strong><a href=\"https:\/\/www.facebook.com\/dobsinska.desiatka\">Facebook str\u00e1nke organiz\u00e1torov z \u0160K Dob\u0161in\u00e1<\/a><\/strong>. Partnermi podujatia s\u00fa OOCR Slovensk\u00fd raj &amp; Spi\u0161, Obec Straten\u00e1 a Krajsk\u00e1 organiz\u00e1cia cestovn\u00e9ho ruchu Ko\u0161ice Regi\u00f3n Turizmus. Podujatie je spolufinancovan\u00e9 Ko\u0161ick\u00fdm samospr\u00e1vnym krajom z grantovej v\u00fdzvy <strong><a href=\"https:\/\/www.facebook.com\/kosiceregionTI\">Terra Incognita<\/a><\/strong>. <\/p>\n\n\n\n<iframe loading=\"lazy\" src=\"https:\/\/www.facebook.com\/plugins\/post.php?href=https%3A%2F%2Fwww.facebook.com%2Fdobsinska.desiatka%2Fposts%2Fpfbid04Lkitvsjvj4Xubb66F1XYdzewVs59AgamJfcUbkfPE1mgvY75CzsXCcfSANPm9Wtl&#038;show_text=true&#038;width=500\" width=\"500\" height=\"678\" style=\"border:none;overflow:hidden\" scrolling=\"no\" frameborder=\"0\" allowfullscreen=\"true\" allow=\"autoplay; clipboard-write; encrypted-media; picture-in-picture; web-share\"><\/iframe>\n\n\n\n<div class=\"row\">\n    <div class=\"col\">\n        <hr class=\"mt-45 mb-45\">\n    <\/div>\n<\/div>\n\n\n<p><\/p>\n\n\n\n<h2 class=\"wp-block-heading\">Beh Hodkovsk\u00fdm parkom<\/h2>\n\n\n\n<p>V n\u00e1dhernom prostred\u00ed z\u00e1hrad historick\u00e9ho ka\u0161tie\u013ea v \u017dehre, \u010das\u0165 Hodkovce, sa <strong>v sobotu 29. j\u00fana<\/strong> uskuto\u010dn\u00ed u\u017e <strong>4. ro\u010dn\u00edk behu pre zdravie<\/strong> Beh hodkovsk\u00fdm parkom. Pre \u0161portovcov z radov \u0161irokej verejnosti s\u00fa pripraven\u00e9 <strong>trate s d\u013a\u017ekou 4 a 8 km<\/strong>. Premi\u00e9ru bude ma\u0165 pretek <strong>nordic walking na 4 km. <\/strong><\/p>\n\n\n\n<p>Registr\u00e1cia prebieha <strong><a href=\"https:\/\/pretekaj.sk\/hodkovskypark2024?fbclid=IwZXh0bgNhZW0CMTAAAR1z658IDpCFj8QmPE9o77ihDBvWp9hFneMZz80x595YByTinJolnsnBGoo_aem_Acl4fKdwSBHngX4m8gOU4E120MpIH1NDdTR0mwGEn1HfH5nvLUiruDpMZiox-sv8LG9ThAmaIeYARl8XSahiI_LF\">na webovej str\u00e1nke Pretekaj.sk. <\/a><\/strong>Viac inform\u00e1ci\u00ed n\u00e1jdete aj <strong><a href=\"https:\/\/www.facebook.com\/profile.php?id=100064785783993\">na Facebook str\u00e1nke hlavn\u00e9ho organiz\u00e1tora, Domova soci\u00e1lnych slu\u017eieb Domovina, n.o. <\/a><\/strong>Pr\u00ed\u010fte si za\u0161portova\u0165 a z\u00e1rove\u0148 podpori\u0165 dobr\u00fa vec. <\/p>\n\n\n\n<iframe loading=\"lazy\" src=\"https:\/\/www.facebook.com\/plugins\/post.php?href=https%3A%2F%2Fwww.facebook.com%2Fpermalink.php%3Fstory_fbid%3Dpfbid0msAZKbgh6yPFZtngo8gK6h9568oHjc2tEeQy15G7GTV9GCoDcj6P2s5SoFW8SvkQl%26id%3D100064785783993&#038;show_text=true&#038;width=500\" width=\"500\" height=\"585\" style=\"border:none;overflow:hidden\" scrolling=\"no\" frameborder=\"0\" allowfullscreen=\"true\" allow=\"autoplay; clipboard-write; encrypted-media; picture-in-picture; web-share\"><\/iframe>\n\n\n\n<div class=\"row\">\n    <div class=\"col\">\n        <hr class=\"mt-45 mb-45\">\n    <\/div>\n<\/div>\n\n\n<p><\/p>\n\n\n\n<h2 class=\"wp-block-heading\">Hut\u0148ansk\u00e1 \u0161elma 2024<\/h2>\n\n\n\n<p>V sobotu <strong>25. m\u00e1ja<\/strong> <strong>v Novoveskej Hute<\/strong> pr\u00eddu na svoje v\u0161etci milovn\u00edci \u0161portu, pr\u00edrody a z\u00e1bavy na \u010fal\u0161om ro\u010dn\u00edku ob\u013e\u00faben\u00e9ho prek\u00e1\u017ekov\u00e9ho behu lesom <strong>Hut\u0148ansk\u00e1 \u0160elma. <\/strong>\u0160tart aj cie\u013e pretekov bude u\u017e tradi\u010dne pri Remeselnom \u0161enku za Holubnicou. <strong>Pretek pln\u00fd dobrodru\u017en\u00fdch \u00faloh a n\u00e1strah<\/strong> sa svojim charakterom podob\u00e1 na popul\u00e1rne preteky &#8222;spartan&#8221;. Jeho tra\u0165 tak over\u00ed nielen va\u0161u fyzick\u00fa kond\u00edciu, ale aj \u0161ikovnos\u0165, rozvahu a zmysel pre humor. Ka\u017ed\u00fd \u00fa\u010dastn\u00edk v cieli z\u00edska medailu Hut\u0148ansk\u00e1 \u0161elma. <strong>Podujatie bude spojen\u00e9 s ob\u010derstven\u00edm a \u017eiv\u00fdm hudobn\u00fdm programom<\/strong>.<\/p>\n\n\n\n<p>Viac inform\u00e1ci\u00ed o podujat\u00ed m\u00f4\u017eete n\u00e1js\u0165 <strong><a href=\"https:\/\/www.facebook.com\/events\/1101007231165903\">na Facebook udalosti TU. <\/a><\/strong><\/p>\n\n\n\n<iframe loading=\"lazy\" src=\"https:\/\/www.facebook.com\/plugins\/post.php?href=https%3A%2F%2Fwww.facebook.com%2Fphoto.php%3Ffbid%3D907683398034544%26set%3Dgm.1101007341165892%26type%3D3&#038;show_text=true&#038;width=500\" width=\"500\" height=\"229\" style=\"border:none;overflow:hidden\" scrolling=\"no\" frameborder=\"0\" allowfullscreen=\"true\" allow=\"autoplay; clipboard-write; encrypted-media; picture-in-picture; web-share\"><\/iframe>\n\n\n\n<div class=\"row\">\n    <div class=\"col\">\n        <hr class=\"mt-45 mb-45\">\n    <\/div>\n<\/div>\n\n\n<div style=\"height:40px\" aria-hidden=\"true\" class=\"wp-block-spacer\"><\/div>\n\n\n\n<h2 class=\"wp-block-heading\">Ve\u010dern\u00fd beh mestom <\/h2>\n\n\n\n<p>Mesto Spi\u0161sk\u00e1 Nov\u00e1 Ves v spolupr\u00e1ci s Centrom vo\u013en\u00e9ho \u010dasu Adam v\u00e1s poz\u00fdvaj\u00fa na <strong>XXXII. ro\u010dn\u00edk Ve\u010dern\u00e9ho behu mestom Spi\u0161sk\u00e1 Nov\u00e1 Ves<\/strong>. Uskuto\u010dn\u00ed sa <strong>31. m\u00e1ja 2024 od 14:00 hod.<\/strong> na Radni\u010dnom n\u00e1mest\u00ed v Spi\u0161skej Novej Vsi. Ve\u010dern\u00fd beh mestom <strong>je s\u00fa\u010das\u0165ou Be\u017eeckej ligy okresu Spi\u0161sk\u00e1 Nov\u00e1 Ves. <\/strong><\/p>\n\n\n\n<p>Bli\u017e\u0161ie propoz\u00edcie, inform\u00e1cie a prihl\u00e1\u0161ky n\u00e1jdete <strong><a href=\"https:\/\/www.cvcadam.sk\/a\/akcia-vecernybeh2024-733\/?fbclid=IwZXh0bgNhZW0CMTAAAR1__NWjlIQH2dCZueVNC748iQIacL0KHv0A06fIqO1zwlZ6Z2l0KlrnUuY_aem_AQAmZrajIpocOYxZSbP4lfyPoEDLL-TE7TLWZ9mWhcn52zEe_KgOUYba7WU5iOoMgq0_Y9d69UyUk3AqVWKG0Bwt\">na webovej str\u00e1nke CV\u010c ADAM TU. <\/a><\/strong>V\u0161etky aktuality o podujat\u00ed m\u00f4\u017eete sledova\u0165 aj <strong><a href=\"https:\/\/www.facebook.com\/events\/1018091206571507\">na Facebook udalosti TU. <\/a><\/strong><\/p>\n\n\n<div class=\"wp-block-image\">\n<figure class=\"aligncenter size-full\"><img loading=\"lazy\" decoding=\"async\" width=\"847\" height=\"400\" src=\"https:\/\/vraji.sk\/wp-content\/uploads\/2024\/05\/Vecerny-beh-mestom-SNV.jpg\" alt=\"\" class=\"wp-image-15665\" srcset=\"https:\/\/vraji.sk\/wp-content\/uploads\/2024\/05\/Vecerny-beh-mestom-SNV.jpg 847w, https:\/\/vraji.sk\/wp-content\/uploads\/2024\/05\/Vecerny-beh-mestom-SNV-300x142.jpg 300w, https:\/\/vraji.sk\/wp-content\/uploads\/2024\/05\/Vecerny-beh-mestom-SNV-768x363.jpg 768w\" sizes=\"auto, (max-width: 847px) 100vw, 847px\" \/><\/figure>\n<\/div>\n\n\n<blockquote class=\"instagram-media\" data-instgrm-captioned data-instgrm-permalink=\"https:\/\/www.instagram.com\/p\/C69FhjcIMpN\/?utm_source=ig_embed&amp;utm_campaign=loading\" data-instgrm-version=\"14\" style=\" background:#FFF; border:0; border-radius:3px; box-shadow:0 0 1px 0 rgba(0,0,0,0.5),0 1px 10px 0 rgba(0,0,0,0.15); margin: 1px; max-width:540px; min-width:326px; padding:0; width:99.375%; width:-webkit-calc(100% - 2px); width:calc(100% - 2px);\"><div style=\"padding:16px;\"> <a href=\"https:\/\/www.instagram.com\/p\/C69FhjcIMpN\/?utm_source=ig_embed&amp;utm_campaign=loading\" style=\" background:#FFFFFF; line-height:0; padding:0 0; text-align:center; text-decoration:none; width:100%;\" target=\"_blank\"> <div style=\" display: flex; flex-direction: row; align-items: center;\"> <div style=\"background-color: #F4F4F4; border-radius: 50%; flex-grow: 0; height: 40px; margin-right: 14px; width: 40px;\"><\/div> <div style=\"display: flex; flex-direction: column; flex-grow: 1; justify-content: center;\"> <div style=\" background-color: #F4F4F4; border-radius: 4px; flex-grow: 0; height: 14px; margin-bottom: 6px; width: 100px;\"><\/div> <div style=\" background-color: #F4F4F4; border-radius: 4px; flex-grow: 0; height: 14px; width: 60px;\"><\/div><\/div><\/div><div style=\"padding: 19% 0;\"><\/div> <div style=\"display:block; height:50px; margin:0 auto 12px; width:50px;\"><svg width=\"50px\" height=\"50px\" viewBox=\"0 0 60 60\" version=\"1.1\" xmlns=\"https:\/\/www.w3.org\/2000\/svg\" xmlns:xlink=\"https:\/\/www.w3.org\/1999\/xlink\"><g stroke=\"none\" stroke-width=\"1\" fill=\"none\" fill-rule=\"evenodd\"><g transform=\"translate(-511.000000, -20.000000)\" fill=\"#000000\"><g><path d=\"M556.869,30.41 C554.814,30.41 553.148,32.076 553.148,34.131 C553.148,36.186 554.814,37.852 556.869,37.852 C558.924,37.852 560.59,36.186 560.59,34.131 C560.59,32.076 558.924,30.41 556.869,30.41 M541,60.657 C535.114,60.657 530.342,55.887 530.342,50 C530.342,44.114 535.114,39.342 541,39.342 C546.887,39.342 551.658,44.114 551.658,50 C551.658,55.887 546.887,60.657 541,60.657 M541,33.886 C532.1,33.886 524.886,41.1 524.886,50 C524.886,58.899 532.1,66.113 541,66.113 C549.9,66.113 557.115,58.899 557.115,50 C557.115,41.1 549.9,33.886 541,33.886 M565.378,62.101 C565.244,65.022 564.756,66.606 564.346,67.663 C563.803,69.06 563.154,70.057 562.106,71.106 C561.058,72.155 560.06,72.803 558.662,73.347 C557.607,73.757 556.021,74.244 553.102,74.378 C549.944,74.521 548.997,74.552 541,74.552 C533.003,74.552 532.056,74.521 528.898,74.378 C525.979,74.244 524.393,73.757 523.338,73.347 C521.94,72.803 520.942,72.155 519.894,71.106 C518.846,70.057 518.197,69.06 517.654,67.663 C517.244,66.606 516.755,65.022 516.623,62.101 C516.479,58.943 516.448,57.996 516.448,50 C516.448,42.003 516.479,41.056 516.623,37.899 C516.755,34.978 517.244,33.391 517.654,32.338 C518.197,30.938 518.846,29.942 519.894,28.894 C520.942,27.846 521.94,27.196 523.338,26.654 C524.393,26.244 525.979,25.756 528.898,25.623 C532.057,25.479 533.004,25.448 541,25.448 C548.997,25.448 549.943,25.479 553.102,25.623 C556.021,25.756 557.607,26.244 558.662,26.654 C560.06,27.196 561.058,27.846 562.106,28.894 C563.154,29.942 563.803,30.938 564.346,32.338 C564.756,33.391 565.244,34.978 565.378,37.899 C565.522,41.056 565.552,42.003 565.552,50 C565.552,57.996 565.522,58.943 565.378,62.101 M570.82,37.631 C570.674,34.438 570.167,32.258 569.425,30.349 C568.659,28.377 567.633,26.702 565.965,25.035 C564.297,23.368 562.623,22.342 560.652,21.575 C558.743,20.834 556.562,20.326 553.369,20.18 C550.169,20.033 549.148,20 541,20 C532.853,20 531.831,20.033 528.631,20.18 C525.438,20.326 523.257,20.834 521.349,21.575 C519.376,22.342 517.703,23.368 516.035,25.035 C514.368,26.702 513.342,28.377 512.574,30.349 C511.834,32.258 511.326,34.438 511.181,37.631 C511.035,40.831 511,41.851 511,50 C511,58.147 511.035,59.17 511.181,62.369 C511.326,65.562 511.834,67.743 512.574,69.651 C513.342,71.625 514.368,73.296 516.035,74.965 C517.703,76.634 519.376,77.658 521.349,78.425 C523.257,79.167 525.438,79.673 528.631,79.82 C531.831,79.965 532.853,80.001 541,80.001 C549.148,80.001 550.169,79.965 553.369,79.82 C556.562,79.673 558.743,79.167 560.652,78.425 C562.623,77.658 564.297,76.634 565.965,74.965 C567.633,73.296 568.659,71.625 569.425,69.651 C570.167,67.743 570.674,65.562 570.82,62.369 C570.966,59.17 571,58.147 571,50 C571,41.851 570.966,40.831 570.82,37.631\"><\/path><\/g><\/g><\/g><\/svg><\/div><div style=\"padding-top: 8px;\"> <div style=\" color:#3897f0; font-family:Arial,sans-serif; font-size:14px; font-style:normal; font-weight:550; line-height:18px;\">Zobrazi\u0165 tento pr\u00edspevok na Instagrame<\/div><\/div><div style=\"padding: 12.5% 0;\"><\/div> <div style=\"display: flex; flex-direction: row; margin-bottom: 14px; align-items: center;\"><div> <div style=\"background-color: #F4F4F4; border-radius: 50%; height: 12.5px; width: 12.5px; transform: translateX(0px) translateY(7px);\"><\/div> <div style=\"background-color: #F4F4F4; height: 12.5px; transform: rotate(-45deg) translateX(3px) translateY(1px); width: 12.5px; flex-grow: 0; margin-right: 14px; margin-left: 2px;\"><\/div> <div style=\"background-color: #F4F4F4; border-radius: 50%; height: 12.5px; width: 12.5px; transform: translateX(9px) translateY(-18px);\"><\/div><\/div><div style=\"margin-left: 8px;\"> <div style=\" background-color: #F4F4F4; border-radius: 50%; flex-grow: 0; height: 20px; width: 20px;\"><\/div> <div style=\" width: 0; height: 0; border-top: 2px solid transparent; border-left: 6px solid #f4f4f4; border-bottom: 2px solid transparent; transform: translateX(16px) translateY(-4px) rotate(30deg)\"><\/div><\/div><div style=\"margin-left: auto;\"> <div style=\" width: 0px; border-top: 8px solid #F4F4F4; border-right: 8px solid transparent; transform: translateY(16px);\"><\/div> <div style=\" background-color: #F4F4F4; flex-grow: 0; height: 12px; width: 16px; transform: translateY(-4px);\"><\/div> <div style=\" width: 0; height: 0; border-top: 8px solid #F4F4F4; border-left: 8px solid transparent; transform: translateY(-4px) translateX(8px);\"><\/div><\/div><\/div> <div style=\"display: flex; flex-direction: column; flex-grow: 1; justify-content: center; margin-bottom: 24px;\"> <div style=\" background-color: #F4F4F4; border-radius: 4px; flex-grow: 0; height: 14px; margin-bottom: 6px; width: 224px;\"><\/div> <div style=\" background-color: #F4F4F4; border-radius: 4px; flex-grow: 0; height: 14px; width: 144px;\"><\/div><\/div><\/a><p style=\" color:#c9c8cd; font-family:Arial,sans-serif; font-size:14px; line-height:17px; margin-bottom:0; margin-top:8px; overflow:hidden; padding:8px 0 7px; text-align:center; text-overflow:ellipsis; white-space:nowrap;\"><a href=\"https:\/\/www.instagram.com\/p\/C69FhjcIMpN\/?utm_source=ig_embed&amp;utm_campaign=loading\" style=\" color:#c9c8cd; font-family:Arial,sans-serif; font-size:14px; font-style:normal; font-weight:normal; line-height:17px; text-decoration:none;\" target=\"_blank\">Pr\u00edspevok, ktor\u00fd zdie\u013ea Spi\u0161sk\u00e1 Nov\u00e1 Ves official (@spisska_nova_ves_official)<\/a><\/p><\/div><\/blockquote> <script async src=\"\/\/www.instagram.com\/embed.js\"><\/script>\n\n\n\n<div class=\"row\">\n    <div class=\"col\">\n        <hr class=\"\">\n    <\/div>\n<\/div>\n\n\n<div style=\"height:40px\" aria-hidden=\"true\" class=\"wp-block-spacer\"><\/div>\n\n\n\n<h2 class=\"wp-block-heading\">1000-ro\u010dn\u00fd beh<\/h2>\n\n\n\n<p>U\u017e <strong>v sobotu 27. apr\u00edla <\/strong>sa uskuto\u010dn\u00ed <strong>4. ro\u010dn\u00edk <\/strong>dobro\u010dinn\u00e9ho be\u017eeck\u00e9ho preteku <strong>1000-ro\u010dn\u00fd beh<\/strong>. \u0160tart a cie\u013e pretekov sa nach\u00e1dza <strong>pri tenisov\u00fdch kurtoch na ulici J\u00e1na J\u00e1nskeho<\/strong> v Spi\u0161skej Novej Vsi. <strong>Detsk\u00e9 kateg\u00f3rie od\u0161tartuj\u00fa<\/strong> <strong>o 9:00 hod<\/strong>, hlavn\u00e1 kateg\u00f3ria pre dospel\u00fdch, ktor\u00ed bud\u00fa zdol\u00e1va\u0165 tra\u0165 s d\u013a\u017ekou cca <strong>10 km, o 11:00 hod<\/strong>. Tra\u0165 povedie preva\u017ene po po\u013en\u00fdch a lesn\u00fdch cest\u00e1ch. Umiestnenie v preteku sa zar\u00e1tava do bodovania Be\u017eeckej ligy okresu Spi\u0161sk\u00e1 Nov\u00e1 Ves. <\/p>\n\n\n\n<p>Viac inform\u00e1ci\u00ed n\u00e1jdete <strong><a href=\"https:\/\/www.blosnv.sk\/1000rocnybeh\/\">na webovej str\u00e1nke preteku<\/a><\/strong> a na str\u00e1nke <strong><a href=\"http:\/\/www.beh.sk\">www.beh.sk<\/a><\/strong>. Online prihlasovanie na pretek prebieha <strong><a href=\"https:\/\/docs.google.com\/forms\/d\/e\/1FAIpQLSduA3tPNAuhx6F03-Ewm4SJ-UG7dDVmdbOhUTRWMY0AnSaG3w\/viewform\">TU<\/a><\/strong>. Aktuality o podujat\u00ed m\u00f4\u017eete sledova\u0165 aj <strong><a href=\"https:\/\/www.facebook.com\/events\/388360557282786\/\">na Facebook udalosti TU<\/a><\/strong>. Preteky spoluorganizuje Mesto Spi\u0161sk\u00e1 Nov\u00e1 Ves a Centrum vo\u013en\u00e9ho \u010dasu &#8211; CV\u010c Adam. <\/p>\n\n\n\n<iframe loading=\"lazy\" src=\"https:\/\/www.facebook.com\/plugins\/post.php?href=https%3A%2F%2Fwww.facebook.com%2Fpermalink.php%3Fstory_fbid%3Dpfbid0tzrTPJcymKPjDvwBFqGHsMDejr5bfH8Bzuv6fz6Ltn8FJo4RBqRixHEWu8AgYB84l%26id%3D100063807291252&#038;show_text=true&#038;width=500\" width=\"500\" height=\"589\" style=\"border:none;overflow:hidden\" scrolling=\"no\" frameborder=\"0\" allowfullscreen=\"true\" allow=\"autoplay; clipboard-write; encrypted-media; picture-in-picture; web-share\"><\/iframe>\n\n\n\n<div class=\"row\">\n    <div class=\"col\">\n        <hr class=\"mt-45 mb-45\">\n    <\/div>\n<\/div>\n\n\n<p><\/p>\n\n\n\n<h2 class=\"wp-block-heading\">Beh k ilia\u0161ovskej kapli\u010dke<\/h2>\n\n\n\n<p><strong>V sobotu 8. j\u00fana<\/strong> sa m\u00f4\u017eete te\u0161i\u0165 aj na ob\u013e\u00faben\u00e9 be\u017eeck\u00e9 podujatie <strong>Beh k ilia\u0161ovskej kapli\u010dke<\/strong>. Podujatie je ka\u017edoro\u010dne spojen\u00e9 s vesel\u00fdm kult\u00farnym programom a ob\u010derstven\u00edm. Pre viac inform\u00e1ci\u00ed nev\u00e1hajte sledova\u0165 <strong><a href=\"https:\/\/www.facebook.com\/profile.php?id=100062954664879\">Facebook str\u00e1nku preteku TU<\/a><\/strong>. Priebe\u017ene tam bud\u00fa prib\u00fada\u0165 v\u0161etky aktuality a d\u00f4le\u017eit\u00e9 pokyny pre \u0161tartuj\u00facich. Te\u0161\u00edme sa na va\u0161u \u00fa\u010das\u0165! <\/p>\n\n\n\n<iframe loading=\"lazy\" src=\"https:\/\/www.facebook.com\/plugins\/post.php?href=https%3A%2F%2Fwww.facebook.com%2Fphoto%2F%3Ffbid%3D728593212582494%26set%3Da.398258845615934&#038;show_text=true&#038;width=500\" width=\"500\" height=\"385\" style=\"border:none;overflow:hidden\" scrolling=\"no\" frameborder=\"0\" allowfullscreen=\"true\" allow=\"autoplay; clipboard-write; encrypted-media; picture-in-picture; web-share\"><\/iframe>\n\n\n\n<div class=\"row\">\n    <div class=\"col\">\n        <hr class=\"mt-45 mb-45\">\n    <\/div>\n<\/div>\n\n\n<p><\/p>\n\n\n\n<h2 class=\"wp-block-heading\">Beh okolo \u0160ulerlochu<\/h2>\n\n\n\n<p><strong>V sobotu 4. m\u00e1ja<\/strong> sa v Multifunk\u010dnom are\u00e1li Schulerloch pri Spi\u0161skej Novej Vsi uskuto\u010dn\u00ed<strong> 3. ro\u010dn\u00edk podujatia Beh okolo \u0160ulerlochu<\/strong>. Pripraven\u00e9 bud\u00fa <strong>trate r\u00f4znych d\u013a\u017eok<\/strong> (100 m &#8211; 10 km) pre jednotliv\u00e9 vekov\u00e9 kateg\u00f3rie det\u00ed, mu\u017eov a \u017eien, a tie\u017e novinka v podobe <strong>kateg\u00f3rie Nordic walking<\/strong> s 5 km tra\u0165ou. <\/p>\n\n\n\n<p>Viac info <strong><a href=\"https:\/\/www.facebook.com\/profile.php?id=100057058226700\">na Facebook str\u00e1nke Multifunk\u010dn\u00e9ho are\u00e1lu Schulerloch. <\/a><\/strong><\/p>\n\n\n\n<iframe loading=\"lazy\" src=\"https:\/\/www.facebook.com\/plugins\/post.php?href=https%3A%2F%2Fwww.facebook.com%2Fpermalink.php%3Fstory_fbid%3Dpfbid0LXXTnmVjiCgF4BQerLPDXWAX6qTtjtft8DvpzxsJiWt7EHHUUhZaPFJU3EixND73l%26id%3D100057058226700&#038;show_text=true&#038;width=500&#038;is_preview=true\" width=\"500\" height=\"628\" style=\"border:none;overflow:hidden\" scrolling=\"no\" frameborder=\"0\" allowfullscreen=\"true\" allow=\"autoplay; clipboard-write; encrypted-media; picture-in-picture; web-share\"><\/iframe>\n\n\n\n<div class=\"row\">\n    <div class=\"col\">\n        <hr class=\"mt-45 mb-45\">\n    <\/div>\n<\/div>\n\n\n<div style=\"height:40px\" aria-hidden=\"true\" class=\"wp-block-spacer\"><\/div>\n\n\n\n<h2 class=\"wp-block-heading\">Behaj lesmi Slovensk\u00fd raj <\/h2>\n\n\n\n<p><strong>V sobotu 8. 6. <\/strong>v\u00e1s poz\u00fdvame na \u010cingov &#8211; \u010eurkovec na \u0161tart ob\u013e\u00faben\u00e9ho preteku <strong>Behaj lesmi Slovensk\u00fd raj<\/strong>, ktor\u00fd je s\u00fa\u010das\u0165ou s\u00e9rie siedmich be\u017eeck\u00fdch pretekov po celom Slovensku. Prihl\u00e1si\u0165 sa m\u00f4\u017eete na <strong>tri r\u00f4zne trate<\/strong>: Lesnicka 10, 22 km a JOJ \u0160PORT RUN (4km). Pre deti bud\u00fa prichystan\u00e9 Detsk\u00e9 preteky DR MAX. <\/p>\n\n\n\n<p><strong>Viac inform\u00e1ci\u00ed <\/strong>n\u00e1jdete <strong><a href=\"https:\/\/behajlesmi.sk\/propozice\/slovensky-raj?gad_source=1&amp;gclid=CjwKCAjwupGyBhBBEiwA0UcqaDE4VnqeEANCzEiWZE0rDo4EMnoMo-KPsHuc__pY-pJzxzIiGmE6FxoC1_8QAvD_BwE\">na ofici\u00e1lnej webovej str\u00e1nke preteku TU<\/a><\/strong>, alebo <strong><a href=\"https:\/\/www.facebook.com\/events\/1001063684307306\">na Facebook udalosti TU. <\/a><\/strong><\/p>\n\n\n<div class=\"wp-block-image\">\n<figure class=\"aligncenter size-large\"><img loading=\"lazy\" decoding=\"async\" width=\"1024\" height=\"536\" src=\"https:\/\/vraji.sk\/wp-content\/uploads\/2024\/05\/Behaj-lesmi-Slovensky-raj-1024x536.jpg\" alt=\"\" class=\"wp-image-15659\" srcset=\"https:\/\/vraji.sk\/wp-content\/uploads\/2024\/05\/Behaj-lesmi-Slovensky-raj-1024x536.jpg 1024w, https:\/\/vraji.sk\/wp-content\/uploads\/2024\/05\/Behaj-lesmi-Slovensky-raj-300x157.jpg 300w, https:\/\/vraji.sk\/wp-content\/uploads\/2024\/05\/Behaj-lesmi-Slovensky-raj-768x402.jpg 768w, https:\/\/vraji.sk\/wp-content\/uploads\/2024\/05\/Behaj-lesmi-Slovensky-raj.jpg 1200w\" sizes=\"auto, (max-width: 1024px) 100vw, 1024px\" \/><\/figure>\n<\/div>\n\n\n<div class=\"row\">\n    <div class=\"col\">\n        <hr class=\"mt-45 mb-45\">\n    <\/div>\n<\/div>\n\n\n<div style=\"height:40px\" aria-hidden=\"true\" class=\"wp-block-spacer\"><\/div>\n\n\n\n<h2 class=\"wp-block-heading\">Spi\u0161sk\u00fdch 333 EXTREME 2024<\/h2>\n\n\n\n<p><strong>Extr\u00e9mny horsk\u00fd cyklomarat\u00f3n<\/strong> Spi\u0161sk\u00fdch 333 EXTREME je kultov\u00fdm podujat\u00edm pre milovn\u00edkov intenz\u00edvnych z\u00e1\u017eitkov na dvoch koles\u00e1ch, ktor\u00ed sa nev\u00e1haj\u00fa popasova\u0165 s n\u00e1strahami cykloturistick\u00fdch tr\u00e1s Spi\u0161a aj na hranici svojich mo\u017enost\u00ed. V aktu\u00e1lnom roku 2024 sa uskuto\u010dn\u00ed u\u017e jeho <strong>12. ro\u010dn\u00edk<\/strong>, konkr\u00e9tne v term\u00edne <strong>26. a 27. j\u00fala 2024. <\/strong>Okrem hlavnej trate s d\u013a\u017ekou 333 kilometrov, ktor\u00fa je potrebn\u00e9 zdola\u0165 v \u010dasovom limite 33 hod\u00edn, sa m\u00f4\u017eete prihl\u00e1si\u0165 aj na niektor\u00fa z krat\u0161\u00edch trat\u00ed. <\/p>\n\n\n\n<p>Propoz\u00edcie, online registr\u00e1cia a v\u0161etky bli\u017e\u0161ie inform\u00e1cie pribudn\u00fa u\u017e v najbli\u017e\u0161\u00edch d\u0148och <strong><a href=\"https:\/\/www.333extreme.sk\/\">na ofici\u00e1lnej webovej str\u00e1nke preteku TU. <\/a><\/strong>Rovnako nev\u00e1hajte sledova\u0165 str\u00e1nku <strong><a href=\"https:\/\/www.facebook.com\/profile.php?id=100057411671688\">Spi\u0161sk\u00fdch 333 EXTREME na Facebooku. <\/a><\/strong><\/p>\n\n\n\n<iframe loading=\"lazy\" src=\"https:\/\/www.facebook.com\/plugins\/post.php?href=https%3A%2F%2Fwww.facebook.com%2Fpermalink.php%3Fstory_fbid%3D1153762752301865%26id%3D100057411671688%26substory_index%3D1153762752301865&#038;show_text=true&#038;width=500&#038;is_preview=true\" width=\"500\" height=\"340\" style=\"border:none;overflow:hidden\" scrolling=\"no\" frameborder=\"0\" allowfullscreen=\"true\" allow=\"autoplay; clipboard-write; encrypted-media; picture-in-picture; web-share\"><\/iframe>\n\n\n\n<div class=\"row\">\n    <div class=\"col\">\n        <hr class=\"mt-45 mb-45\">\n    <\/div>\n<\/div>\n\n\n<p><\/p>\n\n\n\n<h2 class=\"wp-block-heading\">\u0160koda Bike Open Tour Slovensk\u00fd raj 2024<\/h2>\n\n\n\n<p>Priaznivci horskej cyklistiky, pozna\u010dte si do kalend\u00e1ra d\u00e1tum <strong>8. j\u00fana 2024<\/strong>. V tomto term\u00edne na Podlesku v Slovenskom raji od\u0161tartuje <strong>ka\u017edoro\u010dn\u00fd horsk\u00fd cyklomarat\u00f3n<\/strong>. Preteka\u0165 sa bude <strong>na kr\u00e1tkej, strednej, dlhej a rodinnej trati<\/strong>, ktor\u00e9 s\u00fa &#8222;\u0161it\u00e9&#8221; na mieru pre r\u00f4zne v\u00fdkonnosti jazdcov, od hobby a\u017e po profesion\u00e1lov, vr\u00e1tane rod\u00edn s de\u0165mi. <\/p>\n\n\n\n<p>V\u0161etky bli\u017e\u0161ie inform\u00e1cie m\u00f4\u017eete n\u00e1js\u0165 na webe <strong><a href=\"https:\/\/www.maratonslovenskyraj.sk\/\">www.maratonslovenskyraj.sk<\/a><\/strong> a na Facebook str\u00e1nke <strong><a href=\"https:\/\/www.facebook.com\/maratonslovenskyraj\">Slovensk\u00fd raj &#8211; MTB marat\u00f3n.<\/a> <\/strong>Online prihlasovanie na cyklomarat\u00f3n prebieha <strong><a href=\"https:\/\/registrace.sportsoft.cz\/registration.aspx?e=3063\">TU. <\/a><\/strong>Nev\u00e1hajte a pr\u00ed\u010fte si zajazdi\u0165 v kr\u00e1snom prostred\u00ed Slovensk\u00e9ho raja.<\/p>\n\n\n\n<iframe loading=\"lazy\" src=\"https:\/\/www.facebook.com\/plugins\/post.php?href=https%3A%2F%2Fwww.facebook.com%2Fmaratonslovenskyraj%2Fposts%2Fpfbid02bRvSMC3YeMg7mpyhgqHAqVW7h4U94UzPJFaC6sGKQEhLJFwXN3xtQEt56C9dnncpl&#038;show_text=true&#038;width=500\" width=\"500\" height=\"640\" style=\"border:none;overflow:hidden\" scrolling=\"no\" frameborder=\"0\" allowfullscreen=\"true\" allow=\"autoplay; clipboard-write; encrypted-media; picture-in-picture; web-share\"><\/iframe>\n\n\n\n<div class=\"row\">\n    <div class=\"col\">\n        <hr class=\"mt-45 mb-45\">\n    <\/div>\n<\/div>","protected":false},"excerpt":{"rendered":"<p>Patr\u00edte k v\u00fdkonnostn\u00fdm \u0161portovcom, alebo sa len ob\u010das radi prebehnete pre zdravie? Nech je tak <\/p>\n","protected":false},"author":52,"featured_media":15493,"comment_status":"open","ping_status":"open","sticky":false,"template":"","format":"standard","meta":{"_acf_changed":false,"footnotes":""},"categories":[1],"tags":[],"class_list":["post-15464","post","type-post","status-publish","format-standard","has-post-thumbnail","hentry","category-uncategorized-sk"],"acf":[],"yoast_head":"<!-- This site is optimized with the Yoast SEO plugin v27.4 - https:\/\/yoast.com\/product\/yoast-seo-wordpress\/ -->\n<title>Za\u0161portujte si v Raji a na Spi\u0161i - OOCR<\/title>\n<meta name=\"description\" content=\"Patr\u00edte k priaznivcom akt\u00edvneho \u017eivotn\u00e9ho \u0161t\u00fdlu? Prijmite pozvanie na ob\u013e\u00faben\u00e9 jarn\u00e9 \u0161portov\u00e9 podujatia v na\u0161om regi\u00f3ne!\" \/>\n<meta name=\"robots\" content=\"index, follow, max-snippet:-1, max-image-preview:large, max-video-preview:-1\" \/>\n<link rel=\"canonical\" href=\"https:\/\/vraji.sk\/pl\/zasportujte-si-v-raji-a-na-spisi\/\" \/>\n<meta property=\"og:locale\" content=\"pl_PL\" \/>\n<meta property=\"og:type\" content=\"article\" \/>\n<meta property=\"og:title\" content=\"Za\u0161portujte si v Raji a na Spi\u0161i - OOCR\" \/>\n<meta property=\"og:description\" content=\"Patr\u00edte k priaznivcom akt\u00edvneho \u017eivotn\u00e9ho \u0161t\u00fdlu? Prijmite pozvanie na ob\u013e\u00faben\u00e9 jarn\u00e9 \u0161portov\u00e9 podujatia v na\u0161om regi\u00f3ne!\" \/>\n<meta property=\"og:url\" content=\"https:\/\/vraji.sk\/pl\/zasportujte-si-v-raji-a-na-spisi\/\" \/>\n<meta property=\"og:site_name\" content=\"OOCR\" \/>\n<meta property=\"article:published_time\" content=\"2024-04-24T15:36:31+00:00\" \/>\n<meta property=\"article:modified_time\" content=\"2024-05-15T19:08:02+00:00\" \/>\n<meta property=\"og:image\" content=\"https:\/\/vraji.sk\/wp-content\/uploads\/2024\/04\/foto-beh-thumbnail.jpg\" \/>\n\t<meta property=\"og:image:width\" content=\"1920\" \/>\n\t<meta property=\"og:image:height\" content=\"959\" \/>\n\t<meta property=\"og:image:type\" content=\"image\/jpeg\" \/>\n<meta name=\"author\" content=\"OOCR\" \/>\n<meta name=\"twitter:card\" content=\"summary_large_image\" \/>\n<meta name=\"twitter:label1\" content=\"Napisane przez\" \/>\n\t<meta name=\"twitter:data1\" content=\"OOCR\" \/>\n\t<meta name=\"twitter:label2\" content=\"Szacowany czas czytania\" \/>\n\t<meta name=\"twitter:data2\" content=\"6 minut\" \/>\n<script type=\"application\/ld+json\" class=\"yoast-schema-graph\">{\"@context\":\"https:\\\/\\\/schema.org\",\"@graph\":[{\"@type\":\"Article\",\"@id\":\"https:\\\/\\\/vraji.sk\\\/pl\\\/zasportujte-si-v-raji-a-na-spisi\\\/#article\",\"isPartOf\":{\"@id\":\"https:\\\/\\\/vraji.sk\\\/pl\\\/zasportujte-si-v-raji-a-na-spisi\\\/\"},\"author\":{\"name\":\"OOCR\",\"@id\":\"https:\\\/\\\/vraji.sk\\\/pl\\\/#\\\/schema\\\/person\\\/6ba5da72601ea4018533f90f796d4530\"},\"headline\":\"Za\u0161portujte si v Raji a na Spi\u0161i\",\"datePublished\":\"2024-04-24T15:36:31+00:00\",\"dateModified\":\"2024-05-15T19:08:02+00:00\",\"mainEntityOfPage\":{\"@id\":\"https:\\\/\\\/vraji.sk\\\/pl\\\/zasportujte-si-v-raji-a-na-spisi\\\/\"},\"wordCount\":1221,\"commentCount\":0,\"publisher\":{\"@id\":\"https:\\\/\\\/vraji.sk\\\/pl\\\/#organization\"},\"image\":{\"@id\":\"https:\\\/\\\/vraji.sk\\\/pl\\\/zasportujte-si-v-raji-a-na-spisi\\\/#primaryimage\"},\"thumbnailUrl\":\"https:\\\/\\\/vraji.sk\\\/wp-content\\\/uploads\\\/2024\\\/04\\\/foto-beh-thumbnail.jpg\",\"articleSection\":[\"Uncategorized @sk\"],\"inLanguage\":\"pl-PL\",\"potentialAction\":[{\"@type\":\"CommentAction\",\"name\":\"Comment\",\"target\":[\"https:\\\/\\\/vraji.sk\\\/pl\\\/zasportujte-si-v-raji-a-na-spisi\\\/#respond\"]}]},{\"@type\":\"WebPage\",\"@id\":\"https:\\\/\\\/vraji.sk\\\/pl\\\/zasportujte-si-v-raji-a-na-spisi\\\/\",\"url\":\"https:\\\/\\\/vraji.sk\\\/pl\\\/zasportujte-si-v-raji-a-na-spisi\\\/\",\"name\":\"Za\u0161portujte si v Raji a na Spi\u0161i - OOCR\",\"isPartOf\":{\"@id\":\"https:\\\/\\\/vraji.sk\\\/pl\\\/#website\"},\"primaryImageOfPage\":{\"@id\":\"https:\\\/\\\/vraji.sk\\\/pl\\\/zasportujte-si-v-raji-a-na-spisi\\\/#primaryimage\"},\"image\":{\"@id\":\"https:\\\/\\\/vraji.sk\\\/pl\\\/zasportujte-si-v-raji-a-na-spisi\\\/#primaryimage\"},\"thumbnailUrl\":\"https:\\\/\\\/vraji.sk\\\/wp-content\\\/uploads\\\/2024\\\/04\\\/foto-beh-thumbnail.jpg\",\"datePublished\":\"2024-04-24T15:36:31+00:00\",\"dateModified\":\"2024-05-15T19:08:02+00:00\",\"description\":\"Patr\u00edte k priaznivcom akt\u00edvneho \u017eivotn\u00e9ho \u0161t\u00fdlu? Prijmite pozvanie na ob\u013e\u00faben\u00e9 jarn\u00e9 \u0161portov\u00e9 podujatia v na\u0161om regi\u00f3ne!\",\"breadcrumb\":{\"@id\":\"https:\\\/\\\/vraji.sk\\\/pl\\\/zasportujte-si-v-raji-a-na-spisi\\\/#breadcrumb\"},\"inLanguage\":\"pl-PL\",\"potentialAction\":[{\"@type\":\"ReadAction\",\"target\":[\"https:\\\/\\\/vraji.sk\\\/pl\\\/zasportujte-si-v-raji-a-na-spisi\\\/\"]}]},{\"@type\":\"ImageObject\",\"inLanguage\":\"pl-PL\",\"@id\":\"https:\\\/\\\/vraji.sk\\\/pl\\\/zasportujte-si-v-raji-a-na-spisi\\\/#primaryimage\",\"url\":\"https:\\\/\\\/vraji.sk\\\/wp-content\\\/uploads\\\/2024\\\/04\\\/foto-beh-thumbnail.jpg\",\"contentUrl\":\"https:\\\/\\\/vraji.sk\\\/wp-content\\\/uploads\\\/2024\\\/04\\\/foto-beh-thumbnail.jpg\",\"width\":1920,\"height\":959},{\"@type\":\"BreadcrumbList\",\"@id\":\"https:\\\/\\\/vraji.sk\\\/pl\\\/zasportujte-si-v-raji-a-na-spisi\\\/#breadcrumb\",\"itemListElement\":[{\"@type\":\"ListItem\",\"position\":1,\"name\":\"Home\",\"item\":\"https:\\\/\\\/vraji.sk\\\/pl\\\/strona-glowna\\\/\"},{\"@type\":\"ListItem\",\"position\":2,\"name\":\"Za\u0161portujte si v Raji a na Spi\u0161i\"}]},{\"@type\":\"WebSite\",\"@id\":\"https:\\\/\\\/vraji.sk\\\/pl\\\/#website\",\"url\":\"https:\\\/\\\/vraji.sk\\\/pl\\\/\",\"name\":\"OOCR\",\"description\":\"Regi\u00f3n Slovensk\u00fd raj a Spi\u0161 | Z\u00e1\u017eitky, turistika, hist\u00f3ria | vRaji.sk\",\"publisher\":{\"@id\":\"https:\\\/\\\/vraji.sk\\\/pl\\\/#organization\"},\"potentialAction\":[{\"@type\":\"SearchAction\",\"target\":{\"@type\":\"EntryPoint\",\"urlTemplate\":\"https:\\\/\\\/vraji.sk\\\/pl\\\/?s={search_term_string}\"},\"query-input\":{\"@type\":\"PropertyValueSpecification\",\"valueRequired\":true,\"valueName\":\"search_term_string\"}}],\"inLanguage\":\"pl-PL\"},{\"@type\":\"Organization\",\"@id\":\"https:\\\/\\\/vraji.sk\\\/pl\\\/#organization\",\"name\":\"OOCR\",\"url\":\"https:\\\/\\\/vraji.sk\\\/pl\\\/\",\"logo\":{\"@type\":\"ImageObject\",\"inLanguage\":\"pl-PL\",\"@id\":\"https:\\\/\\\/vraji.sk\\\/pl\\\/#\\\/schema\\\/logo\\\/image\\\/\",\"url\":\"https:\\\/\\\/vraji.sk\\\/wp-content\\\/uploads\\\/2021\\\/11\\\/biele-logo-1.svg\",\"contentUrl\":\"https:\\\/\\\/vraji.sk\\\/wp-content\\\/uploads\\\/2021\\\/11\\\/biele-logo-1.svg\",\"caption\":\"OOCR\"},\"image\":{\"@id\":\"https:\\\/\\\/vraji.sk\\\/pl\\\/#\\\/schema\\\/logo\\\/image\\\/\"}},{\"@type\":\"Person\",\"@id\":\"https:\\\/\\\/vraji.sk\\\/pl\\\/#\\\/schema\\\/person\\\/6ba5da72601ea4018533f90f796d4530\",\"name\":\"OOCR\",\"image\":{\"@type\":\"ImageObject\",\"inLanguage\":\"pl-PL\",\"@id\":\"https:\\\/\\\/secure.gravatar.com\\\/avatar\\\/254aa66d580269ab31c41bb5eb446b00d03ea31eab4a58840a0e31f2890e31c4?s=96&d=mm&r=g\",\"url\":\"https:\\\/\\\/secure.gravatar.com\\\/avatar\\\/254aa66d580269ab31c41bb5eb446b00d03ea31eab4a58840a0e31f2890e31c4?s=96&d=mm&r=g\",\"contentUrl\":\"https:\\\/\\\/secure.gravatar.com\\\/avatar\\\/254aa66d580269ab31c41bb5eb446b00d03ea31eab4a58840a0e31f2890e31c4?s=96&d=mm&r=g\",\"caption\":\"OOCR\"},\"url\":\"https:\\\/\\\/vraji.sk\\\/pl\\\/author\\\/oocr-info\\\/\"}]}<\/script>\n<!-- \/ Yoast SEO plugin. -->","yoast_head_json":{"title":"Za\u0161portujte si v Raji a na Spi\u0161i - OOCR","description":"Patr\u00edte k priaznivcom akt\u00edvneho \u017eivotn\u00e9ho \u0161t\u00fdlu? Prijmite pozvanie na ob\u013e\u00faben\u00e9 jarn\u00e9 \u0161portov\u00e9 podujatia v na\u0161om regi\u00f3ne!","robots":{"index":"index","follow":"follow","max-snippet":"max-snippet:-1","max-image-preview":"max-image-preview:large","max-video-preview":"max-video-preview:-1"},"canonical":"https:\/\/vraji.sk\/pl\/zasportujte-si-v-raji-a-na-spisi\/","og_locale":"pl_PL","og_type":"article","og_title":"Za\u0161portujte si v Raji a na Spi\u0161i - OOCR","og_description":"Patr\u00edte k priaznivcom akt\u00edvneho \u017eivotn\u00e9ho \u0161t\u00fdlu? Prijmite pozvanie na ob\u013e\u00faben\u00e9 jarn\u00e9 \u0161portov\u00e9 podujatia v na\u0161om regi\u00f3ne!","og_url":"https:\/\/vraji.sk\/pl\/zasportujte-si-v-raji-a-na-spisi\/","og_site_name":"OOCR","article_published_time":"2024-04-24T15:36:31+00:00","article_modified_time":"2024-05-15T19:08:02+00:00","og_image":[{"width":1920,"height":959,"url":"https:\/\/vraji.sk\/wp-content\/uploads\/2024\/04\/foto-beh-thumbnail.jpg","type":"image\/jpeg"}],"author":"OOCR","twitter_card":"summary_large_image","twitter_misc":{"Napisane przez":"OOCR","Szacowany czas czytania":"6 minut"},"schema":{"@context":"https:\/\/schema.org","@graph":[{"@type":"Article","@id":"https:\/\/vraji.sk\/pl\/zasportujte-si-v-raji-a-na-spisi\/#article","isPartOf":{"@id":"https:\/\/vraji.sk\/pl\/zasportujte-si-v-raji-a-na-spisi\/"},"author":{"name":"OOCR","@id":"https:\/\/vraji.sk\/pl\/#\/schema\/person\/6ba5da72601ea4018533f90f796d4530"},"headline":"Za\u0161portujte si v Raji a na Spi\u0161i","datePublished":"2024-04-24T15:36:31+00:00","dateModified":"2024-05-15T19:08:02+00:00","mainEntityOfPage":{"@id":"https:\/\/vraji.sk\/pl\/zasportujte-si-v-raji-a-na-spisi\/"},"wordCount":1221,"commentCount":0,"publisher":{"@id":"https:\/\/vraji.sk\/pl\/#organization"},"image":{"@id":"https:\/\/vraji.sk\/pl\/zasportujte-si-v-raji-a-na-spisi\/#primaryimage"},"thumbnailUrl":"https:\/\/vraji.sk\/wp-content\/uploads\/2024\/04\/foto-beh-thumbnail.jpg","articleSection":["Uncategorized @sk"],"inLanguage":"pl-PL","potentialAction":[{"@type":"CommentAction","name":"Comment","target":["https:\/\/vraji.sk\/pl\/zasportujte-si-v-raji-a-na-spisi\/#respond"]}]},{"@type":"WebPage","@id":"https:\/\/vraji.sk\/pl\/zasportujte-si-v-raji-a-na-spisi\/","url":"https:\/\/vraji.sk\/pl\/zasportujte-si-v-raji-a-na-spisi\/","name":"Za\u0161portujte si v Raji a na Spi\u0161i - OOCR","isPartOf":{"@id":"https:\/\/vraji.sk\/pl\/#website"},"primaryImageOfPage":{"@id":"https:\/\/vraji.sk\/pl\/zasportujte-si-v-raji-a-na-spisi\/#primaryimage"},"image":{"@id":"https:\/\/vraji.sk\/pl\/zasportujte-si-v-raji-a-na-spisi\/#primaryimage"},"thumbnailUrl":"https:\/\/vraji.sk\/wp-content\/uploads\/2024\/04\/foto-beh-thumbnail.jpg","datePublished":"2024-04-24T15:36:31+00:00","dateModified":"2024-05-15T19:08:02+00:00","description":"Patr\u00edte k priaznivcom akt\u00edvneho \u017eivotn\u00e9ho \u0161t\u00fdlu? Prijmite pozvanie na ob\u013e\u00faben\u00e9 jarn\u00e9 \u0161portov\u00e9 podujatia v na\u0161om regi\u00f3ne!","breadcrumb":{"@id":"https:\/\/vraji.sk\/pl\/zasportujte-si-v-raji-a-na-spisi\/#breadcrumb"},"inLanguage":"pl-PL","potentialAction":[{"@type":"ReadAction","target":["https:\/\/vraji.sk\/pl\/zasportujte-si-v-raji-a-na-spisi\/"]}]},{"@type":"ImageObject","inLanguage":"pl-PL","@id":"https:\/\/vraji.sk\/pl\/zasportujte-si-v-raji-a-na-spisi\/#primaryimage","url":"https:\/\/vraji.sk\/wp-content\/uploads\/2024\/04\/foto-beh-thumbnail.jpg","contentUrl":"https:\/\/vraji.sk\/wp-content\/uploads\/2024\/04\/foto-beh-thumbnail.jpg","width":1920,"height":959},{"@type":"BreadcrumbList","@id":"https:\/\/vraji.sk\/pl\/zasportujte-si-v-raji-a-na-spisi\/#breadcrumb","itemListElement":[{"@type":"ListItem","position":1,"name":"Home","item":"https:\/\/vraji.sk\/pl\/strona-glowna\/"},{"@type":"ListItem","position":2,"name":"Za\u0161portujte si v Raji a na Spi\u0161i"}]},{"@type":"WebSite","@id":"https:\/\/vraji.sk\/pl\/#website","url":"https:\/\/vraji.sk\/pl\/","name":"OOCR","description":"Regi\u00f3n Slovensk\u00fd raj a Spi\u0161 | Z\u00e1\u017eitky, turistika, hist\u00f3ria | vRaji.sk","publisher":{"@id":"https:\/\/vraji.sk\/pl\/#organization"},"potentialAction":[{"@type":"SearchAction","target":{"@type":"EntryPoint","urlTemplate":"https:\/\/vraji.sk\/pl\/?s={search_term_string}"},"query-input":{"@type":"PropertyValueSpecification","valueRequired":true,"valueName":"search_term_string"}}],"inLanguage":"pl-PL"},{"@type":"Organization","@id":"https:\/\/vraji.sk\/pl\/#organization","name":"OOCR","url":"https:\/\/vraji.sk\/pl\/","logo":{"@type":"ImageObject","inLanguage":"pl-PL","@id":"https:\/\/vraji.sk\/pl\/#\/schema\/logo\/image\/","url":"https:\/\/vraji.sk\/wp-content\/uploads\/2021\/11\/biele-logo-1.svg","contentUrl":"https:\/\/vraji.sk\/wp-content\/uploads\/2021\/11\/biele-logo-1.svg","caption":"OOCR"},"image":{"@id":"https:\/\/vraji.sk\/pl\/#\/schema\/logo\/image\/"}},{"@type":"Person","@id":"https:\/\/vraji.sk\/pl\/#\/schema\/person\/6ba5da72601ea4018533f90f796d4530","name":"OOCR","image":{"@type":"ImageObject","inLanguage":"pl-PL","@id":"https:\/\/secure.gravatar.com\/avatar\/254aa66d580269ab31c41bb5eb446b00d03ea31eab4a58840a0e31f2890e31c4?s=96&d=mm&r=g","url":"https:\/\/secure.gravatar.com\/avatar\/254aa66d580269ab31c41bb5eb446b00d03ea31eab4a58840a0e31f2890e31c4?s=96&d=mm&r=g","contentUrl":"https:\/\/secure.gravatar.com\/avatar\/254aa66d580269ab31c41bb5eb446b00d03ea31eab4a58840a0e31f2890e31c4?s=96&d=mm&r=g","caption":"OOCR"},"url":"https:\/\/vraji.sk\/pl\/author\/oocr-info\/"}]}},"_links":{"self":[{"href":"https:\/\/vraji.sk\/pl\/wp-json\/wp\/v2\/posts\/15464","targetHints":{"allow":["GET"]}}],"collection":[{"href":"https:\/\/vraji.sk\/pl\/wp-json\/wp\/v2\/posts"}],"about":[{"href":"https:\/\/vraji.sk\/pl\/wp-json\/wp\/v2\/types\/post"}],"author":[{"embeddable":true,"href":"https:\/\/vraji.sk\/pl\/wp-json\/wp\/v2\/users\/52"}],"replies":[{"embeddable":true,"href":"https:\/\/vraji.sk\/pl\/wp-json\/wp\/v2\/comments?post=15464"}],"version-history":[{"count":10,"href":"https:\/\/vraji.sk\/pl\/wp-json\/wp\/v2\/posts\/15464\/revisions"}],"predecessor-version":[{"id":15667,"href":"https:\/\/vraji.sk\/pl\/wp-json\/wp\/v2\/posts\/15464\/revisions\/15667"}],"wp:featuredmedia":[{"embeddable":true,"href":"https:\/\/vraji.sk\/pl\/wp-json\/wp\/v2\/media\/15493"}],"wp:attachment":[{"href":"https:\/\/vraji.sk\/pl\/wp-json\/wp\/v2\/media?parent=15464"}],"wp:term":[{"taxonomy":"category","embeddable":true,"href":"https:\/\/vraji.sk\/pl\/wp-json\/wp\/v2\/categories?post=15464"},{"taxonomy":"post_tag","embeddable":true,"href":"https:\/\/vraji.sk\/pl\/wp-json\/wp\/v2\/tags?post=15464"}],"curies":[{"name":"wp","href":"https:\/\/api.w.org\/{rel}","templated":true}]}}