{"id":21192,"date":"2026-01-09T12:21:06","date_gmt":"2026-01-09T12:21:06","guid":{"rendered":"https:\/\/vraji.sk\/?p=21192"},"modified":"2026-01-27T23:56:37","modified_gmt":"2026-01-27T23:56:37","slug":"zimne-radovanky-v-raji-2026","status":"publish","type":"post","link":"https:\/\/vraji.sk\/pl\/zimne-radovanky-v-raji-2026\/","title":{"rendered":"Zimn\u00e9 radov\u00e1nky v Raji a na Spi\u0161i 2026"},"content":{"rendered":"\n<p><strong><em>Priatelia, l\u00e1ka v\u00e1s to v najbli\u017e\u0161\u00edch t\u00fd\u017ed\u0148och za zimn\u00fdmi radov\u00e1nkami v pr\u00edrode? \u00davod roka 2026 n\u00e1s v v Slovenskom raji a na ju\u017enom Spi\u0161i obdaroval prav\u00fdm zimn\u00fdm po\u010das\u00edm a skvelou snehovou a \u013eadovou n\u00e1dielkou. Spravte si cestu k n\u00e1m aj vy a vychutnajte si spolu s bl\u00edzkymi dokonal\u00e9 podmienky na zimn\u00e9 \u0161porty mimo ve\u013ek\u00fdch, ru\u0161n\u00fdch stred\u00edsk, v kontakte s pr\u00edrodou. Tipy na tie NAJ zimn\u00e9 z\u00e1\u017eitky v\u00e1m prin\u00e1\u0161ame v tomto \u010dl\u00e1nku. Ver\u00edme, \u017ee v\u00e1s in\u0161piruj\u00fa. Srde\u010dne poz\u00fdvame! <\/em><\/strong><\/p>\n\n\n\n<p>*\u010cl\u00e1nok budeme priebe\u017ene dop\u013a\u0148a\u0165 a aktualizova\u0165. <\/p>\n\n\n\n<div style=\"height:40px\" aria-hidden=\"true\" class=\"wp-block-spacer\"><\/div>\n\n\n\n<h2 class=\"wp-block-heading\">Ly\u017eova\u010dka<\/h2>\n\n\n\n<h3 class=\"wp-block-heading\">Snow Point Dedinky &#8211; Biele Vody<\/h3>\n\n\n\n<p><strong><a href=\"https:\/\/www.facebook.com\/profile.php?id=61582589341908\" target=\"_blank\" rel=\"noreferrer noopener\">Viac inform\u00e1ci\u00ed na Facebook str\u00e1nke Snow Point Dedinky-Biele Vody TU<\/a><\/strong><\/p>\n\n\n\n<p>Snow Point Dedinky &#8211; Biele Vody je ide\u00e1lnym miestom pre priaznivcov ly\u017eova\u010dky v Slovenskom raji ktor\u00e9 <strong>sp\u00e1ja dve stredisk\u00e1 v obciach Mlynky &#8211; Biele Vody a Dedinky<\/strong>. Vhodn\u00e9 je pre za\u010diato\u010dn\u00edkov, mierne pokro\u010dil\u00fdch ly\u017eiarov i pre rodiny s de\u0165mi. Okrem \u0161tandardnej ly\u017eova\u010dky od pondelka do nedele pon\u00faka vo vybran\u00fdch d\u0148och aj ve\u010dern\u00e9 ly\u017eovanie a \u010fal\u0161ie<strong> \u0161peci\u00e1lne aktivity &#8211; ve\u010dern\u00e9 verejn\u00e9 s\u00e1nkova\u010dky, jazdy na ratraku<\/strong> a podobne. Sledujte ich soci\u00e1lne siete a neujd\u00fa v\u00e1m ani s\u00fa\u0165a\u017ee o skipasy gr\u00e1tis. Pr\u00ed\u010fte si u\u017ei\u0165 rodinn\u00fa atmosf\u00e9ru a pohodu tohto strediska. <\/p>\n\n\n<div class=\"wp-block-image\">\n<figure class=\"aligncenter size-large is-resized\"><a href=\"https:\/\/www.facebook.com\/profile.php?id=61582589341908\" target=\"_blank\" rel=\" noreferrer noopener\"><img loading=\"lazy\" decoding=\"async\" width=\"819\" height=\"1024\" src=\"https:\/\/vraji.sk\/wp-content\/uploads\/2026\/01\/Snow-Point-Dedinky-promo-plagat-819x1024.jpg\" alt=\"\" class=\"wp-image-21193\" style=\"width:350px\" srcset=\"https:\/\/vraji.sk\/wp-content\/uploads\/2026\/01\/Snow-Point-Dedinky-promo-plagat-819x1024.jpg 819w, https:\/\/vraji.sk\/wp-content\/uploads\/2026\/01\/Snow-Point-Dedinky-promo-plagat-240x300.jpg 240w, https:\/\/vraji.sk\/wp-content\/uploads\/2026\/01\/Snow-Point-Dedinky-promo-plagat-768x960.jpg 768w, https:\/\/vraji.sk\/wp-content\/uploads\/2026\/01\/Snow-Point-Dedinky-promo-plagat.jpg 1080w\" sizes=\"auto, (max-width: 819px) 100vw, 819px\" \/><\/a><\/figure>\n<\/div>\n\n\n<div style=\"height:40px\" aria-hidden=\"true\" class=\"wp-block-spacer\"><\/div>\n\n\n\n<h3 class=\"wp-block-heading\">SKI GUGEL &#8211; Mlynky<\/h3>\n\n\n\n<p>Viac inform\u00e1ci\u00ed <strong><a href=\"https:\/\/skimlynky.eu\/\" target=\"_blank\" rel=\"noreferrer noopener\">na webovej str\u00e1nke strediska TU<\/a><\/strong>, alebo <strong><a href=\"https:\/\/www.facebook.com\/SKIMLYNKYGugel\" target=\"_blank\" rel=\"noreferrer noopener\">na Facebook str\u00e1nke SKI MLYNKY Gugel TU<\/a><\/strong>. <\/p>\n\n\n\n<p>Vychutnajte si ly\u017eova\u010dku na <strong>5,5 km upravovan\u00fdch zjazdoviek, rodinn\u00fa atmosf\u00e9ru a skvel\u00e9 slu\u017eby <\/strong>vr\u00e1tane ly\u017eiarskej \u0161koly v stredisku<strong> SKI GUGEL<\/strong> na juhu Slovensk\u00e9ho raja. Okrem \u0161tyroch \u0161tandardn\u00fdch zjazdoviek tu v pr\u00edpade priazniv\u00fdch snehov\u00fdch podmienok n\u00e1jdete aj \u0161peci\u00e1lnu freeride z\u00f3nu. Popri ly\u017eova\u010dke sa m\u00f4\u017eete ob\u010derstvi\u0165 v <strong>Bistre Slalom<\/strong> a ly\u017eiarske vybavenie v\u00e1m v pr\u00edpade potreby zapo\u017ei\u010daj\u00fa a zoservisuj\u00fa v <strong>Po\u017ei\u010dovni a servise pod Guglom<\/strong>. V okol\u00ed n\u00e1jdete aj bohat\u00e9 mo\u017enosti ubytovania r\u00f4zneho typu. <\/p>\n\n\n<div class=\"wp-block-image\">\n<figure class=\"aligncenter size-large is-resized\"><a href=\"https:\/\/www.facebook.com\/SKIMLYNKYGugel\" target=\"_blank\" rel=\" noreferrer noopener\"><img loading=\"lazy\" decoding=\"async\" width=\"768\" height=\"1024\" src=\"https:\/\/vraji.sk\/wp-content\/uploads\/2026\/01\/Ski-Gugel-Mlynky-768x1024.jpg\" alt=\"\" class=\"wp-image-21199\" style=\"width:350px\" srcset=\"https:\/\/vraji.sk\/wp-content\/uploads\/2026\/01\/Ski-Gugel-Mlynky-768x1024.jpg 768w, https:\/\/vraji.sk\/wp-content\/uploads\/2026\/01\/Ski-Gugel-Mlynky-225x300.jpg 225w, https:\/\/vraji.sk\/wp-content\/uploads\/2026\/01\/Ski-Gugel-Mlynky-1152x1536.jpg 1152w, https:\/\/vraji.sk\/wp-content\/uploads\/2026\/01\/Ski-Gugel-Mlynky.jpg 1440w\" sizes=\"auto, (max-width: 768px) 100vw, 768px\" \/><\/a><\/figure>\n<\/div>\n\n\n<div style=\"height:40px\" aria-hidden=\"true\" class=\"wp-block-spacer\"><\/div>\n\n\n\n<h3 class=\"wp-block-heading\">Ly\u017eiarske stredisko Por\u00e1\u010dska Dolina<\/h3>\n\n\n\n<p>Viac inform\u00e1ci\u00ed <strong><a href=\"https:\/\/www.poracpark.sk\/lyziarske-stredisko\/\" target=\"_blank\" rel=\"noreferrer noopener\">na webovej str\u00e1nke strediska TU<\/a><\/strong> a na<a href=\"https:\/\/www.facebook.com\/poracpark.sk\"> <\/a><strong><a href=\"https:\/\/www.facebook.com\/poracpark.sk\" target=\"_blank\" rel=\"noreferrer noopener\">Facebook str\u00e1nke Horsk\u00fd Hotel Por\u00e1\u010d Park TU<\/a><\/strong><\/p>\n\n\n\n<p>Por\u00e1\u010dska dolina sa v uplynul\u00fdch rokoch st\u00e1va ob\u013e\u00faben\u00fdm miestom \u0161portov\u00fdch nad\u0161encov, ktor\u00ed ob\u013eubuj\u00fa ni\u010d\u00edm neru\u0161en\u00fd pohyb v pr\u00edrode po\u010das v\u0161etk\u00fdch ro\u010dn\u00fdch obdob\u00ed. Rekrea\u010dn\u00e9 stredisko a horsk\u00fd hotel <strong>Por\u00e1\u010d Park<\/strong> tu prev\u00e1dzkuje <strong>mno\u017estvo \u0161portov\u00edsk<\/strong>, vr\u00e1tane Ly\u017eiarskeho strediska Por\u00e1\u010dska dolina. Pon\u00faka dve zjazdovky strednej n\u00e1ro\u010dnosti a detsk\u00fd vlek s mal\u00fdm detsk\u00fdm svahom pre prv\u00e9 sk\u00fasenosti detsk\u00fdch n\u00e1v\u0161tevn\u00edkov s ly\u017eovan\u00edm. V okol\u00ed nech\u00fdbaj\u00fa ani zna\u010den\u00e9 <strong>trasy pre be\u017eeck\u00e9 ly\u017eovanie<\/strong>. Po ly\u017eova\u010dke ur\u010dite v\u00fdborne padne chutn\u00fd o<strong>bed \/ ve\u010dera v re\u0161taur\u00e1cii Por\u00e1\u010d Parku, alebo wellness <\/strong>v ich komfortnom wellness centre so saunami a baz\u00e9nom. <\/p>\n\n\n<div class=\"wp-block-image\">\n<figure class=\"aligncenter size-large is-resized\"><a href=\"https:\/\/www.poracpark.sk\/lyziarske-stredisko\/\" target=\"_blank\" rel=\" noreferrer noopener\"><img loading=\"lazy\" decoding=\"async\" width=\"768\" height=\"1024\" src=\"https:\/\/vraji.sk\/wp-content\/uploads\/2026\/01\/Porac-Park-768x1024.jpg\" alt=\"\" class=\"wp-image-21195\" style=\"width:350px\" srcset=\"https:\/\/vraji.sk\/wp-content\/uploads\/2026\/01\/Porac-Park-768x1024.jpg 768w, https:\/\/vraji.sk\/wp-content\/uploads\/2026\/01\/Porac-Park-225x300.jpg 225w, https:\/\/vraji.sk\/wp-content\/uploads\/2026\/01\/Porac-Park-1152x1536.jpg 1152w, https:\/\/vraji.sk\/wp-content\/uploads\/2026\/01\/Porac-Park.jpg 1333w\" sizes=\"auto, (max-width: 768px) 100vw, 768px\" \/><\/a><\/figure>\n<\/div>\n\n\n<div style=\"height:40px\" aria-hidden=\"true\" class=\"wp-block-spacer\"><\/div>\n\n\n\n<h3 class=\"wp-block-heading\">Ski Brodok &#8211; Por\u00e1\u010d<\/h3>\n\n\n\n<p>Viac inform\u00e1ci\u00ed <strong><a href=\"http:\/\/www.brodok.sk\/\">na webovej str\u00e1nke strediska TU <\/a><\/strong>alebo <strong><a href=\"https:\/\/www.facebook.com\/profile.php?id=100048855998290\">na Facebook str\u00e1nke Ski Brodok TU<\/a><\/strong><\/p>\n\n\n\n<p>Ne\u010faleko obce Por\u00e1\u010d sa nach\u00e1dza aj pr\u00edjemn\u00e9 region\u00e1lne ly\u017eiarske stredisko Ski Brodok. N\u00e1jdete tu <strong>\u013eahku, stredne n\u00e1ro\u010dn\u00fa i n\u00e1ro\u010dn\u00fa zjazdovku<\/strong> a nech\u00fdba ani mal\u00fd vlek pre deti. Po\u010das v\u00edkendov aktu\u00e1lne pon\u00fakaj\u00fa<strong> mo\u017enos\u0165 v\u00fduky s in\u0161truktorom ly\u017eovania<\/strong>. Pr\u00ed\u010fte si u\u017ei\u0165 skvel\u00fa ly\u017eova\u010dku s v\u00fdh\u013eadmi na Por\u00e1\u010dsku dolinu, pohorie Galmus a Volovsk\u00e9 vrchy. Pokia\u013e by v\u00e1m ch\u00fdbala in\u0161pir\u00e1cia pre n\u00e1v\u0161tevu tohto strediska, pozrite si <strong><a href=\"https:\/\/youtu.be\/QtxsHpDUGgY?si=V-83lhSlznVJSYXd\" target=\"_blank\" rel=\"noreferrer noopener\">nov\u00fd video vlog youtubera Radovana Uhl\u00e1ra zo Ski Brodok a zo strediska Por\u00e1\u010dska dolina TU.<\/a><\/strong><\/p>\n\n\n<div class=\"wp-block-image\">\n<figure class=\"aligncenter size-full is-resized\"><a href=\"https:\/\/www.facebook.com\/p\/Ski-Brodok-100048855998290\/?locale=sk_SK\" target=\"_blank\" rel=\" noreferrer noopener\"><img loading=\"lazy\" decoding=\"async\" width=\"960\" height=\"540\" src=\"https:\/\/vraji.sk\/wp-content\/uploads\/2026\/01\/Porac-Brodok.jpg\" alt=\"\" class=\"wp-image-21197\" style=\"width:350px\" srcset=\"https:\/\/vraji.sk\/wp-content\/uploads\/2026\/01\/Porac-Brodok.jpg 960w, https:\/\/vraji.sk\/wp-content\/uploads\/2026\/01\/Porac-Brodok-300x169.jpg 300w, https:\/\/vraji.sk\/wp-content\/uploads\/2026\/01\/Porac-Brodok-768x432.jpg 768w\" sizes=\"auto, (max-width: 960px) 100vw, 960px\" \/><\/a><\/figure>\n<\/div>\n\n\n<div style=\"height:40px\" aria-hidden=\"true\" class=\"wp-block-spacer\"><\/div>\n\n\n\n<h3 class=\"wp-block-heading\">Ski centrum Mraznica Hnil\u010d\u00edk<\/h3>\n\n\n\n<p><strong><a href=\"https:\/\/www.facebook.com\/skicentrummraznica.hnilcik\" target=\"_blank\" rel=\"noreferrer noopener\">Viac inform\u00e1ci\u00ed na facebook str\u00e1nke strediska TU<\/a><\/strong><\/p>\n\n\n\n<p>Od utorka 13. janu\u00e1ra 2026 je otvoren\u00e9 aj <strong>ly\u017eiarske stredisko Ski Centrum Mraznica v obci Hnil\u010d\u00edk<\/strong> &#8211; <strong>denne okrem pondelkov od 9:00 do 15:30 hod<\/strong>. V prev\u00e1dzke je cel\u00e9 stredisko <strong>vr\u00e1tane celej ve\u013ekej zjazdovky s d\u013a\u017ekou 1650 metrov<\/strong>. V ponuke slu\u017eieb strediska nech\u00fdba <strong>Koliba &#8211; \u010dajov\u0148a s mo\u017enos\u0165ou ob\u010derstvenia, po\u017ei\u010dov\u0148a ly\u017e\u00ed a snowboardov, ly\u017eiarska \u0161k\u00f4lka, kryt\u00e1 \u013eadov\u00e1 plocha \u010di mo\u017enosti ubytovania<\/strong> v bl\u00edzkom okol\u00ed. <\/p>\n\n\n<div class=\"wp-block-image\">\n<figure class=\"aligncenter size-large is-resized\"><a href=\"https:\/\/www.facebook.com\/skicentrummraznica.hnilcik\" target=\"_blank\" rel=\" noreferrer noopener\"><img loading=\"lazy\" decoding=\"async\" width=\"1024\" height=\"469\" src=\"https:\/\/vraji.sk\/wp-content\/uploads\/2026\/01\/Ski-Centrum-Mraznica-1024x469.jpg\" alt=\"\" class=\"wp-image-21260\" style=\"width:350px\" srcset=\"https:\/\/vraji.sk\/wp-content\/uploads\/2026\/01\/Ski-Centrum-Mraznica-1024x469.jpg 1024w, https:\/\/vraji.sk\/wp-content\/uploads\/2026\/01\/Ski-Centrum-Mraznica-300x138.jpg 300w, https:\/\/vraji.sk\/wp-content\/uploads\/2026\/01\/Ski-Centrum-Mraznica-768x352.jpg 768w, https:\/\/vraji.sk\/wp-content\/uploads\/2026\/01\/Ski-Centrum-Mraznica.jpg 1200w\" sizes=\"auto, (max-width: 1024px) 100vw, 1024px\" \/><\/a><\/figure>\n<\/div>\n\n\n<div style=\"height:40px\" aria-hidden=\"true\" class=\"wp-block-spacer\"><\/div>\n\n\n\n<h2 class=\"wp-block-heading\">Be\u017eky<\/h2>\n\n\n\n<h3 class=\"wp-block-heading\">Are\u00e1l be\u017eeck\u00e9ho ly\u017eovania Snow Park \u013dadov\u00e1<\/h3>\n\n\n\n<p><strong><a href=\"https:\/\/www.facebook.com\/snowparkladova\/?locale=sk_SK\">Viac inform\u00e1ci\u00ed na Facebook str\u00e1nke Are\u00e1l be\u017eeck\u00e9ho ly\u017eovania Dob\u0161insk\u00e1 \u013dadov\u00e1 Jasky\u0148a TU<\/a><\/strong><\/p>\n\n\n\n<p><strong>Na juhu Slovensk\u00e9ho raja <\/strong>v bl\u00edzkosti svetozn\u00e1mej Dob\u0161inskej \u013eadovej jaskyne prev\u00e1dzkuj\u00fa nad\u0161enci pre nad\u0161encov skvel\u00fd <strong>are\u00e1l be\u017eeck\u00e9ho ly\u017eovania Snow Park \u013dadov\u00e1<\/strong>. Okrem <strong>zna\u010den\u00fdch,<\/strong> <strong>strojovo upravovan\u00fdch trat\u00ed<\/strong> v d\u013a\u017eke viac ako 5 kilometrov tu n\u00e1jdete aj <strong>z\u00e1zemie pre be\u017ek\u00e1rov, \u00fatul\u0148u na prezle\u010denie, toalety a po\u017ei\u010dov\u0148u be\u017ek\u00e1rskeho vybavenia<\/strong>. V\u010faka svojej polohe a pomerne vysokej nadmorskej v\u00fd\u0161ke tu panuj\u00fa <strong>v\u00fdborn\u00e9 snehov\u00e9 podmienky ove\u013ea dlh\u0161ie, ako v in\u00fdch, ni\u017e\u0161ie polo\u017een\u00fdch are\u00e1loch<\/strong>. Okrem samotn\u00e9ho are\u00e1lu sa staraj\u00fa aj o be\u017ek\u00e1rsku tra\u0165 z r\u00e1zcestia Krivian na sedlo Kopanec v srdci Slovensk\u00e9ho raja. Pr\u00ed\u010fte si u\u017ei\u0165 skuto\u010dne exkluz\u00edvne be\u017ekovanie.<\/p>\n\n\n<div class=\"wp-block-image\">\n<figure class=\"aligncenter size-large is-resized\"><img loading=\"lazy\" decoding=\"async\" width=\"768\" height=\"1024\" src=\"https:\/\/vraji.sk\/wp-content\/uploads\/2026\/01\/Dobsinska-Ladova-Jaskyna-768x1024.jpg\" alt=\"\" class=\"wp-image-21201\" style=\"width:350px\" srcset=\"https:\/\/vraji.sk\/wp-content\/uploads\/2026\/01\/Dobsinska-Ladova-Jaskyna-768x1024.jpg 768w, https:\/\/vraji.sk\/wp-content\/uploads\/2026\/01\/Dobsinska-Ladova-Jaskyna-225x300.jpg 225w, https:\/\/vraji.sk\/wp-content\/uploads\/2026\/01\/Dobsinska-Ladova-Jaskyna-1152x1536.jpg 1152w, https:\/\/vraji.sk\/wp-content\/uploads\/2026\/01\/Dobsinska-Ladova-Jaskyna.jpg 1500w\" sizes=\"auto, (max-width: 768px) 100vw, 768px\" \/><\/figure>\n<\/div>\n\n\n<div style=\"height:43px\" aria-hidden=\"true\" class=\"wp-block-spacer\"><\/div>\n\n\n\n<h3 class=\"wp-block-heading\">Z Gemera na Spi\u0161 na be\u017ek\u00e1ch<\/h3>\n\n\n\n<p><strong><a href=\"https:\/\/www.facebook.com\/snowparkladova\/posts\/pfbid0Rf9ho4fKrq7WupudVhMFDhwfXT3ic3LqxSqPG3Ezhfiv42g8i7shkdraq1cif2gel\" target=\"_blank\" rel=\"noreferrer noopener\">Viac inform\u00e1ci\u00ed na Facebook str\u00e1nke Are\u00e1lu be\u017eeck\u00e9ho ly\u017eovania Dob\u0161insk\u00e1 \u013dadov\u00e1 Jasky\u0148a TU<\/a><\/strong><\/p>\n\n\n\n<p>Ak patr\u00edte k skaln\u00fdm priaznivcom be\u017eeck\u00e9ho ly\u017eovania, ur\u010dite ste u\u017e zachytili inform\u00e1ciu o vz\u00e1cnom <strong>prepojen\u00ed horn\u00e9ho Gemera a Spi\u0161a be\u017ek\u00e1rskou stopou cez sedlo Kopanec v Slovenskom raji<\/strong>. Nenechajte si ujs\u0165 t\u00fato pr\u00edle\u017eitos\u0165 previez\u0165 sa srdcom n\u00e1rodn\u00e9ho parku <strong>od r\u00e1zcestia Blajzloch a\u017e po r\u00e1zcestie Krivian pri Stratenej<\/strong>. V\u010faka za spr\u00edstupnenie trate patr\u00ed p\u00e1nom Labudovi, Mati\u0161\u010d\u00edkovi, zamestnancom Autocampingu Podlesok a obce Hrabu\u0161ice a starostovi obce Hrabu\u0161ice M. Kacvinsk\u00e9mu<\/p>\n\n\n<div class=\"wp-block-image\">\n<figure class=\"aligncenter size-large is-resized\"><a href=\"https:\/\/www.facebook.com\/snowparkladova\/posts\/pfbid0Rf9ho4fKrq7WupudVhMFDhwfXT3ic3LqxSqPG3Ezhfiv42g8i7shkdraq1cif2gel\" target=\"_blank\" rel=\" noreferrer noopener\"><img loading=\"lazy\" decoding=\"async\" width=\"683\" height=\"1024\" src=\"https:\/\/vraji.sk\/wp-content\/uploads\/2026\/01\/Bezkovanie-Kopanec-683x1024.jpg\" alt=\"\" class=\"wp-image-21254\" style=\"width:350px\" srcset=\"https:\/\/vraji.sk\/wp-content\/uploads\/2026\/01\/Bezkovanie-Kopanec-683x1024.jpg 683w, https:\/\/vraji.sk\/wp-content\/uploads\/2026\/01\/Bezkovanie-Kopanec-200x300.jpg 200w, https:\/\/vraji.sk\/wp-content\/uploads\/2026\/01\/Bezkovanie-Kopanec-768x1152.jpg 768w, https:\/\/vraji.sk\/wp-content\/uploads\/2026\/01\/Bezkovanie-Kopanec.jpg 1024w\" sizes=\"auto, (max-width: 683px) 100vw, 683px\" \/><\/a><\/figure>\n<\/div>\n\n\n<div style=\"height:40px\" aria-hidden=\"true\" class=\"wp-block-spacer\"><\/div>\n\n\n\n<h3 class=\"wp-block-heading\">Lesn\u00fd \u0161portov\u00fd are\u00e1l Grajn\u00e1r<\/h3>\n\n\n\n<p><strong><a href=\"https:\/\/www.facebook.com\/lesymestasnv\/posts\/pfbid0d2LhnxQNTji8YwC3pr3onRBeoo2a9oUc34pX98ie5caq7TPju3aRdAYZp5tWEVzcl\" target=\"_blank\" rel=\"noreferrer noopener\">Viac inform\u00e1ci\u00ed na Facebook str\u00e1nke Lesy Mesta Spi\u0161sk\u00e1 Nov\u00e1 Ves TU<\/a><\/strong> a <strong><a href=\"http:\/\/www.grajnar.sk\/sk\" target=\"_blank\" rel=\"noreferrer noopener\">na webovej str\u00e1nke \u0161portov\u00e9ho are\u00e1lu TU.<\/a><\/strong> <\/p>\n\n\n\n<p>V okol\u00ed Sedla Grajn\u00e1r sp\u00e1jaj\u00faceho Horn\u00e1dsku Kotlinu a Hnileck\u00fa dolinu (Spi\u0161sk\u00e1 Nov\u00e1 Ves &#8211; Mlynky) sa nach\u00e1dza <strong>vyh\u013ead\u00e1van\u00fd are\u00e1l be\u017eeck\u00e9ho ly\u017eovania s piatimi zna\u010den\u00fdmi be\u017ek\u00e1rskymi okruhmi <\/strong>s celkovou d\u013a\u017ekou viac ako 20 km. Aktu\u00e1lne tu n\u00e1jdete tri strojovo upraven\u00e9 okruhy a dva neupraven\u00e9 okruhy. V\u0161etky okruhy s\u00fa prejazdn\u00e9 jednosmerne, pod\u013ea pokynov na informa\u010dn\u00fdch tabuliach. <\/p>\n\n\n\n<p>V sedle Grajn\u00e1r m\u00f4\u017eete <strong>zaparkova\u0165 na odhrnut\u00fdch parkovisk\u00e1ch<\/strong> <strong>a ob\u010derstvi\u0165 sa<\/strong> v pojazdnom <strong><a href=\"https:\/\/www.facebook.com\/bufet.grajnar\" target=\"_blank\" rel=\"noreferrer noopener\">Bufete Grajn\u00e1r<\/a><\/strong>. K dispoz\u00edcii s\u00fa tu pr\u00edstre\u0161ky pre oddych a chemick\u00e9 toalety. O are\u00e1l sa staraj\u00fa <strong>Lesy Mesta Spi\u0161sk\u00e1 Nov\u00e1 Ves v spolupr\u00e1ci s Mestom Spi\u0161sk\u00e1 Nov\u00e1 Ves a OOCR Slovensk\u00fd raj &amp; Spi\u0161<\/strong>. <\/p>\n\n\n<div class=\"wp-block-image\">\n<figure class=\"aligncenter size-full is-resized\"><img loading=\"lazy\" decoding=\"async\" width=\"564\" height=\"564\" src=\"https:\/\/vraji.sk\/wp-content\/uploads\/2026\/01\/Bezkovanie-Grajnar.jpg\" alt=\"\" class=\"wp-image-21242\" style=\"width:350px\" srcset=\"https:\/\/vraji.sk\/wp-content\/uploads\/2026\/01\/Bezkovanie-Grajnar.jpg 564w, https:\/\/vraji.sk\/wp-content\/uploads\/2026\/01\/Bezkovanie-Grajnar-300x300.jpg 300w, https:\/\/vraji.sk\/wp-content\/uploads\/2026\/01\/Bezkovanie-Grajnar-150x150.jpg 150w\" sizes=\"auto, (max-width: 564px) 100vw, 564px\" \/><\/figure>\n<\/div>\n\n\n<div style=\"height:40px\" aria-hidden=\"true\" class=\"wp-block-spacer\"><\/div>\n\n\n\n<h3 class=\"wp-block-heading\">Multifunk\u010dn\u00fd are\u00e1l Schulerloch<\/h3>\n\n\n\n<p>Viac inform\u00e1ci\u00ed <strong><a href=\"https:\/\/www.facebook.com\/profile.php?id=100057058226700\" target=\"_blank\" rel=\"noreferrer noopener\">na Facebook str\u00e1nke Multifunk\u010dn\u00fd are\u00e1l Schulerloch TU<\/a><\/strong>, alebo <strong><a href=\"https:\/\/mas.snv.sk\/web\/\" target=\"_blank\" rel=\"noreferrer noopener\">na webovej str\u00e1nke TU<\/a><\/strong><\/p>\n\n\n\n<p><strong>Upravovan\u00e9 trasy pre be\u017eeck\u00e9 ly\u017eovanie<\/strong> m\u00f4\u017eete n\u00e1js\u0165 aj v tesnej bl\u00edzkosti mesta Spi\u0161sk\u00e1 Nov\u00e1 Ves. V pr\u00edmestskej rekrea\u010dnej oblasti Schulerloch sa o nich star\u00e1 kolekt\u00edv z <strong>o.z. MAS Schulerloch<\/strong>.<\/p>\n\n\n<div class=\"wp-block-image\">\n<figure class=\"aligncenter size-large is-resized\"><img loading=\"lazy\" decoding=\"async\" width=\"1024\" height=\"768\" src=\"https:\/\/vraji.sk\/wp-content\/uploads\/2026\/01\/Bezkovanie-Sulerloch-1-1024x768.jpg\" alt=\"\" class=\"wp-image-21207\" style=\"width:350px\" srcset=\"https:\/\/vraji.sk\/wp-content\/uploads\/2026\/01\/Bezkovanie-Sulerloch-1-1024x768.jpg 1024w, https:\/\/vraji.sk\/wp-content\/uploads\/2026\/01\/Bezkovanie-Sulerloch-1-300x225.jpg 300w, https:\/\/vraji.sk\/wp-content\/uploads\/2026\/01\/Bezkovanie-Sulerloch-1-768x576.jpg 768w, https:\/\/vraji.sk\/wp-content\/uploads\/2026\/01\/Bezkovanie-Sulerloch-1-1536x1152.jpg 1536w, https:\/\/vraji.sk\/wp-content\/uploads\/2026\/01\/Bezkovanie-Sulerloch-1.jpg 1900w\" sizes=\"auto, (max-width: 1024px) 100vw, 1024px\" \/><\/figure>\n<\/div>\n\n\n<div style=\"height:40px\" aria-hidden=\"true\" class=\"wp-block-spacer\"><\/div>\n\n\n\n<h3 class=\"wp-block-heading\">Letisko Spi\u0161sk\u00e1 Nov\u00e1 Ves<\/h3>\n\n\n\n<p><strong><a href=\"https:\/\/www.facebook.com\/tic.snv\/posts\/pfbid0245APF3eEZSHHKRskQAVUGdRy5E3WJ18GTYU3koFWp6HmwGNUwXAP1recJduztoUGl\">Viac inform\u00e1ci\u00ed na Facebook str\u00e1nke Turistick\u00e9ho informa\u010dn\u00e9ho centra Spi\u0161sk\u00e1 Nov\u00e1 Ves TU<\/a><\/strong><\/p>\n\n\n\n<p><strong>Mesto Spi\u0161sk\u00e1 Nov\u00e1 Ves v spolupr\u00e1ci s Lesmi Mesta Spi\u0161sk\u00e1 Nov\u00e1 Ves<\/strong> pri priazniv\u00fdch snehov\u00fdch podmienkach zabezpe\u010duje<strong> strojovo upravovan\u00e9 trate pre be\u017eeck\u00e9 ly\u017eovanie na \u0161portovom letisku v Spi\u0161skej Novej Vsi<\/strong>. Aktu\u00e1lne je upraven\u00fd <strong>okruh v d\u013a\u017eke 7,5 km<\/strong> pre klasick\u00fd \u0161t\u00fdl i skate.<\/p>\n\n\n<div class=\"wp-block-image\">\n<figure class=\"aligncenter size-large is-resized\"><a href=\"https:\/\/www.facebook.com\/tic.snv\/posts\/pfbid0245APF3eEZSHHKRskQAVUGdRy5E3WJ18GTYU3koFWp6HmwGNUwXAP1recJduztoUGl\" target=\"_blank\" rel=\" noreferrer noopener\"><img loading=\"lazy\" decoding=\"async\" width=\"576\" height=\"1024\" src=\"https:\/\/vraji.sk\/wp-content\/uploads\/2026\/01\/Letisko-SNV-576x1024.jpg\" alt=\"\" class=\"wp-image-21209\" style=\"width:350px\" srcset=\"https:\/\/vraji.sk\/wp-content\/uploads\/2026\/01\/Letisko-SNV-576x1024.jpg 576w, https:\/\/vraji.sk\/wp-content\/uploads\/2026\/01\/Letisko-SNV-169x300.jpg 169w, https:\/\/vraji.sk\/wp-content\/uploads\/2026\/01\/Letisko-SNV-768x1365.jpg 768w, https:\/\/vraji.sk\/wp-content\/uploads\/2026\/01\/Letisko-SNV-864x1536.jpg 864w, https:\/\/vraji.sk\/wp-content\/uploads\/2026\/01\/Letisko-SNV.jpg 900w\" sizes=\"auto, (max-width: 576px) 100vw, 576px\" \/><\/a><\/figure>\n<\/div>\n\n\n<div style=\"height:40px\" aria-hidden=\"true\" class=\"wp-block-spacer\"><\/div>\n\n\n\n<h3 class=\"wp-block-heading\">Be\u017ek\u00e1rske trate v Marku\u0161ovciach<\/h3>\n\n\n\n<p><strong><a href=\"https:\/\/www.facebook.com\/markusovce.sk\/posts\/pfbid02VwiQCXNpSAVtEMoiv9L6qmvYEdHmAfjDZgr5Y33DmLAXF5YcwyZ3fSTZqXywuBy3l\" target=\"_blank\" rel=\"noreferrer noopener\">Viac inform\u00e1ci\u00ed na Facebook str\u00e1nke Obce Marku\u0161ovce TU<\/a><\/strong><\/p>\n\n\n\n<p><strong>Obec Marku\u0161ovce v spolupr\u00e1ci s PRE-MARK a DHZ Marku\u0161ovce<\/strong> upravila <strong>3 be\u017ek\u00e1rske trate (bez strojovo vytvorenej stopy)<\/strong>. Trate n\u00e1jdete: <img loading=\"lazy\" decoding=\"async\" height=\"16\" width=\"16\" src=\"https:\/\/static.xx.fbcdn.net\/images\/emoji.php\/v9\/t7a\/1\/16\/31_20e3.png\" alt=\"1\ufe0f\u20e3\"> za \u017eelezni\u010dn\u00fdm podjazdom nad hokejov\u00fdm ihriskom \u2013 smer Mi\u0161kova Tur\u0148a \/ Pucisk\u00e1 \/ Korytno \/ vodojemy; <img loading=\"lazy\" decoding=\"async\" height=\"16\" width=\"16\" src=\"https:\/\/static.xx.fbcdn.net\/images\/emoji.php\/v9\/t99\/1\/16\/32_20e3.png\" alt=\"2\ufe0f\u20e3\"> pri obecnom \u00farade \u2013 plocha medzi parkoviskom a \u010cOV; <img loading=\"lazy\" decoding=\"async\" height=\"16\" width=\"16\" src=\"https:\/\/static.xx.fbcdn.net\/images\/emoji.php\/v9\/tb8\/1\/16\/33_20e3.png\" alt=\"3\ufe0f\u20e3\"> v \u0160portovom are\u00e1li \u2013 futbalov\u00e9 ihrisko (v \u010dasoch verejn\u00e9ho kor\u010du\u013eovania). <\/p>\n\n\n<div class=\"wp-block-image\">\n<figure class=\"aligncenter size-large is-resized\"><a href=\"https:\/\/www.facebook.com\/markusovce.sk\/posts\/pfbid02VwiQCXNpSAVtEMoiv9L6qmvYEdHmAfjDZgr5Y33DmLAXF5YcwyZ3fSTZqXywuBy3l\" target=\"_blank\" rel=\" noreferrer noopener\"><img loading=\"lazy\" decoding=\"async\" width=\"1024\" height=\"683\" src=\"https:\/\/vraji.sk\/wp-content\/uploads\/2026\/01\/Bezkarske-trate-Markusovce-1024x683.jpg\" alt=\"\" class=\"wp-image-21322\" style=\"width:350px\" srcset=\"https:\/\/vraji.sk\/wp-content\/uploads\/2026\/01\/Bezkarske-trate-Markusovce-1024x683.jpg 1024w, https:\/\/vraji.sk\/wp-content\/uploads\/2026\/01\/Bezkarske-trate-Markusovce-300x200.jpg 300w, https:\/\/vraji.sk\/wp-content\/uploads\/2026\/01\/Bezkarske-trate-Markusovce-768x512.jpg 768w, https:\/\/vraji.sk\/wp-content\/uploads\/2026\/01\/Bezkarske-trate-Markusovce.jpg 1536w\" sizes=\"auto, (max-width: 1024px) 100vw, 1024px\" \/><\/a><\/figure>\n<\/div>\n\n\n<div style=\"height:40px\" aria-hidden=\"true\" class=\"wp-block-spacer\"><\/div>\n\n\n\n<h3 class=\"wp-block-heading\">Be\u017ek\u00e1rska tra\u0165 v are\u00e1li Autocampingu Podlesok<\/h3>\n\n\n\n<p><strong><a href=\"https:\/\/www.facebook.com\/reel\/2890997411095655\" target=\"_blank\" rel=\"noreferrer noopener\">Viac inform\u00e1ci\u00ed na Facebook str\u00e1nke Obce Hrabu\u0161ice TU<\/a><\/strong><\/p>\n\n\n\n<p>\u0160portov\u00e9 vy\u017eitie na be\u017ek\u00e1ch si aktu\u00e1lne m\u00f4\u017eete u\u017ei\u0165 <strong>po\u010das d\u0148a i ve\u010der na strojovo upravenej stope v are\u00e1li Autocampingu Podlesok<\/strong> pri Hrabu\u0161iciach. <strong>Cel\u00fd are\u00e1l je osvetlen\u00fd<\/strong>, be\u017ek\u00e1rsky okruh m\u00e1 d\u013a\u017eku <strong>cca 900 metrov<\/strong>. Sta\u010d\u00ed prejs\u0165 okolo rampy a recepcie Autocampingu, obu\u0165 si be\u017eky a vyrazi\u0165. <\/p>\n\n\n<div class=\"wp-block-image\">\n<figure class=\"aligncenter size-full is-resized\"><a href=\"https:\/\/www.facebook.com\/reel\/2890997411095655\" target=\"_blank\" rel=\" noreferrer noopener\"><img loading=\"lazy\" decoding=\"async\" width=\"556\" height=\"700\" src=\"https:\/\/vraji.sk\/wp-content\/uploads\/2026\/01\/Bezkovanie-Autocamping-Podlesok.jpg\" alt=\"\" class=\"wp-image-21256\" style=\"width:350px\" srcset=\"https:\/\/vraji.sk\/wp-content\/uploads\/2026\/01\/Bezkovanie-Autocamping-Podlesok.jpg 556w, https:\/\/vraji.sk\/wp-content\/uploads\/2026\/01\/Bezkovanie-Autocamping-Podlesok-238x300.jpg 238w\" sizes=\"auto, (max-width: 556px) 100vw, 556px\" \/><\/a><\/figure>\n<\/div>\n\n\n<div style=\"height:40px\" aria-hidden=\"true\" class=\"wp-block-spacer\"><\/div>\n\n\n\n<h2 class=\"wp-block-heading\">Kor\u010du\u013eovanie<\/h2>\n\n\n\n<p>V Slovenskom raji a na ju\u017enom Spi\u0161i si priaznivci kor\u010du\u013eovania pr\u00eddu na svoje na \u013eadov\u00fdch ploch\u00e1ch vo viacer\u00fdch obciach, mest\u00e1ch a rekrea\u010dn\u00fdch stredisk\u00e1ch: <\/p>\n\n\n\n<h3 class=\"wp-block-heading\">Zimn\u00fd \u0161tadi\u00f3n a kryt\u00e1 tr\u00e9ningov\u00e1 \u013eadov\u00e1 plocha, Spi\u0161sk\u00e1 Nov\u00e1 Ves<\/h3>\n\n\n\n<p><strong><a href=\"https:\/\/navstevnik.spisskanovaves.eu\/co-zazit\/sport\/korculovanie\/\">Viac inform\u00e1ci\u00ed na webovej str\u00e1nke Mest<\/a><a href=\"https:\/\/navstevnik.spisskanovaves.eu\/co-zazit\/sport\/korculovanie\/\" target=\"_blank\" rel=\"noreferrer noopener\">a<\/a><a href=\"https:\/\/navstevnik.spisskanovaves.eu\/co-zazit\/sport\/korculovanie\/\"> Spi\u0161sk\u00e1 Nov\u00e1 Ves TU<\/a><\/strong><\/p>\n\n\n<div class=\"wp-block-image\">\n<figure class=\"aligncenter size-large is-resized\"><img loading=\"lazy\" decoding=\"async\" width=\"1024\" height=\"664\" src=\"https:\/\/vraji.sk\/wp-content\/uploads\/2026\/01\/VEKO-Spisska-Nova-Ves-1024x664.jpg\" alt=\"\" class=\"wp-image-21214\" style=\"width:350px\" srcset=\"https:\/\/vraji.sk\/wp-content\/uploads\/2026\/01\/VEKO-Spisska-Nova-Ves-1024x664.jpg 1024w, https:\/\/vraji.sk\/wp-content\/uploads\/2026\/01\/VEKO-Spisska-Nova-Ves-300x195.jpg 300w, https:\/\/vraji.sk\/wp-content\/uploads\/2026\/01\/VEKO-Spisska-Nova-Ves-768x498.jpg 768w, https:\/\/vraji.sk\/wp-content\/uploads\/2026\/01\/VEKO-Spisska-Nova-Ves.jpg 1200w\" sizes=\"auto, (max-width: 1024px) 100vw, 1024px\" \/><\/figure>\n<\/div>\n\n\n<h3 class=\"wp-block-heading\">\u013dadov\u00e1 plocha pred Redutou v Spi\u0161skej Novej Vsi<\/h3>\n\n\n\n<p><strong><a href=\"https:\/\/www.facebook.com\/mestosnv\/posts\/pfbid0are8VPd5RjroQyLBwbXiyBqMXKRduWpzWGuPfmMrWw94M2KCVYa8GAJsRhW5uyokl\" target=\"_blank\" rel=\"noreferrer noopener\">Viac inform\u00e1ci\u00ed na Facebooku Mesta Spi\u0161sk\u00e1 Nov\u00e1 Ves TU<\/a><\/strong><\/p>\n\n\n<div class=\"wp-block-image\">\n<figure class=\"aligncenter size-large is-resized\"><a href=\"https:\/\/www.facebook.com\/mestosnv\/posts\/pfbid0are8VPd5RjroQyLBwbXiyBqMXKRduWpzWGuPfmMrWw94M2KCVYa8GAJsRhW5uyokl\" target=\"_blank\" rel=\" noreferrer noopener\"><img loading=\"lazy\" decoding=\"async\" width=\"1024\" height=\"698\" src=\"https:\/\/vraji.sk\/wp-content\/uploads\/2026\/01\/Ladova-plocha-pred-Redutou-SNV-1024x698.jpg\" alt=\"\" class=\"wp-image-21248\" style=\"width:350px\" srcset=\"https:\/\/vraji.sk\/wp-content\/uploads\/2026\/01\/Ladova-plocha-pred-Redutou-SNV-1024x698.jpg 1024w, https:\/\/vraji.sk\/wp-content\/uploads\/2026\/01\/Ladova-plocha-pred-Redutou-SNV-300x204.jpg 300w, https:\/\/vraji.sk\/wp-content\/uploads\/2026\/01\/Ladova-plocha-pred-Redutou-SNV-768x524.jpg 768w, https:\/\/vraji.sk\/wp-content\/uploads\/2026\/01\/Ladova-plocha-pred-Redutou-SNV-1536x1047.jpg 1536w, https:\/\/vraji.sk\/wp-content\/uploads\/2026\/01\/Ladova-plocha-pred-Redutou-SNV.jpg 2048w\" sizes=\"auto, (max-width: 1024px) 100vw, 1024px\" \/><\/a><\/figure>\n<\/div>\n\n\n<h3 class=\"wp-block-heading\">\u013dadov\u00e1 plocha na S\u00eddlisku Z\u00e1pad v Spi\u0161skej Novej Vsi<\/h3>\n\n\n\n<p><strong><a href=\"https:\/\/www.facebook.com\/100063071299170\/videos\/1601580081019875\/\" target=\"_blank\" rel=\"noreferrer noopener\">Viac inform\u00e1ci\u00ed na Facebook str\u00e1nke O\u010di Spi\u0161skej Novej Vsi TU<\/a><\/strong><\/p>\n\n\n<div class=\"wp-block-image\">\n<figure class=\"aligncenter size-large is-resized\"><a href=\"https:\/\/www.facebook.com\/100063071299170\/videos\/1601580081019875\/\" target=\"_blank\" rel=\" noreferrer noopener\"><img loading=\"lazy\" decoding=\"async\" width=\"1024\" height=\"771\" src=\"https:\/\/vraji.sk\/wp-content\/uploads\/2026\/01\/Priprava-ladu-na-korculovanie-Sidlisko-Zapad-1024x771.jpg\" alt=\"\" class=\"wp-image-21250\" style=\"width:350px\" srcset=\"https:\/\/vraji.sk\/wp-content\/uploads\/2026\/01\/Priprava-ladu-na-korculovanie-Sidlisko-Zapad-1024x771.jpg 1024w, https:\/\/vraji.sk\/wp-content\/uploads\/2026\/01\/Priprava-ladu-na-korculovanie-Sidlisko-Zapad-300x226.jpg 300w, https:\/\/vraji.sk\/wp-content\/uploads\/2026\/01\/Priprava-ladu-na-korculovanie-Sidlisko-Zapad-768x578.jpg 768w, https:\/\/vraji.sk\/wp-content\/uploads\/2026\/01\/Priprava-ladu-na-korculovanie-Sidlisko-Zapad-1536x1157.jpg 1536w, https:\/\/vraji.sk\/wp-content\/uploads\/2026\/01\/Priprava-ladu-na-korculovanie-Sidlisko-Zapad.jpg 2048w\" sizes=\"auto, (max-width: 1024px) 100vw, 1024px\" \/><\/a><\/figure>\n<\/div>\n\n\n<h3 class=\"wp-block-heading\">Zimn\u00fd \u0161tadi\u00f3n Petra Bindasa, Gelnica<\/h3>\n\n\n\n<p>Viac inform\u00e1ci\u00ed <strong><a href=\"https:\/\/www.kosiceregion.com\/en\/poi\/zimny-stadion-gelnica\/\">na webe Ko\u0161ice Regi\u00f3n TU<\/a><\/strong>, alebo <strong><a href=\"https:\/\/www.facebook.com\/mestogelnica\/posts\/pfbid0NWmTuCR6SmAPfP6zfrAnpTLCuGA144zLStANmPd5NVYg1Psj6zNUwgjT6DgPMn2el\" target=\"_blank\" rel=\"noreferrer noopener\">na Facebook str\u00e1nke Mesta Gelnica TU<\/a><\/strong><\/p>\n\n\n<div class=\"wp-block-image\">\n<figure class=\"aligncenter size-full is-resized\"><a href=\"https:\/\/www.kosiceregion.com\/en\/poi\/zimny-stadion-gelnica\/\" target=\"_blank\" rel=\" noreferrer noopener\"><img loading=\"lazy\" decoding=\"async\" width=\"960\" height=\"640\" src=\"https:\/\/vraji.sk\/wp-content\/uploads\/2026\/01\/Zimny-stadion-Gelnica.jpg\" alt=\"\" class=\"wp-image-21216\" style=\"width:350px\" srcset=\"https:\/\/vraji.sk\/wp-content\/uploads\/2026\/01\/Zimny-stadion-Gelnica.jpg 960w, https:\/\/vraji.sk\/wp-content\/uploads\/2026\/01\/Zimny-stadion-Gelnica-300x200.jpg 300w, https:\/\/vraji.sk\/wp-content\/uploads\/2026\/01\/Zimny-stadion-Gelnica-768x512.jpg 768w\" sizes=\"auto, (max-width: 960px) 100vw, 960px\" \/><\/a><\/figure>\n<\/div>\n\n\n<h3 class=\"wp-block-heading\">Z\u00e1\u017eitkov\u00fd are\u00e1l Obri v Raji, Hnil\u010d\u00edk<\/h3>\n\n\n\n<p>Viac inform\u00e1ci\u00ed <strong><a href=\"https:\/\/obrivraji.com\/\" target=\"_blank\" rel=\"noreferrer noopener\">na webovej str\u00e1nke Obri v Raji TU<\/a><\/strong>, alebo <strong><a href=\"https:\/\/www.facebook.com\/obrivraji\" target=\"_blank\" rel=\"noreferrer noopener\">na Facebook str\u00e1nke Obri v Raji &#8211; Z\u00e1\u017eitkov\u00fd Lom Na Spi\u0161i TU<\/a><\/strong><\/p>\n\n\n<div class=\"wp-block-image\">\n<figure class=\"aligncenter size-large is-resized\"><a href=\"https:\/\/www.facebook.com\/obrivraji\" target=\"_blank\" rel=\" noreferrer noopener\"><img loading=\"lazy\" decoding=\"async\" width=\"1024\" height=\"576\" src=\"https:\/\/vraji.sk\/wp-content\/uploads\/2026\/01\/Obri-v-Raji-1024x576.jpg\" alt=\"\" class=\"wp-image-21218\" style=\"width:350px\" srcset=\"https:\/\/vraji.sk\/wp-content\/uploads\/2026\/01\/Obri-v-Raji-1024x576.jpg 1024w, https:\/\/vraji.sk\/wp-content\/uploads\/2026\/01\/Obri-v-Raji-300x169.jpg 300w, https:\/\/vraji.sk\/wp-content\/uploads\/2026\/01\/Obri-v-Raji-768x432.jpg 768w, https:\/\/vraji.sk\/wp-content\/uploads\/2026\/01\/Obri-v-Raji-1536x864.jpg 1536w, https:\/\/vraji.sk\/wp-content\/uploads\/2026\/01\/Obri-v-Raji.jpg 2016w\" sizes=\"auto, (max-width: 1024px) 100vw, 1024px\" \/><\/a><\/figure>\n<\/div>\n\n\n<h3 class=\"wp-block-heading\">\u013dadov\u00e1 plocha v obci Kluknava &#8211; pri ka\u0161tieli<\/h3>\n\n\n\n<p><strong><a href=\"https:\/\/www.facebook.com\/kluknava\" target=\"_blank\" rel=\"noreferrer noopener\">Viac inform\u00e1ci\u00ed na Facebook str\u00e1nke Obce Kluknava TU<\/a><\/strong><\/p>\n\n\n<div class=\"wp-block-image\">\n<figure class=\"aligncenter size-full is-resized\"><a href=\"https:\/\/www.facebook.com\/kluknava\" target=\"_blank\" rel=\" noreferrer noopener\"><img loading=\"lazy\" decoding=\"async\" width=\"540\" height=\"540\" src=\"https:\/\/vraji.sk\/wp-content\/uploads\/2026\/01\/Korculovanie-Kluknava.jpg\" alt=\"\" class=\"wp-image-21220\" style=\"width:350px\" srcset=\"https:\/\/vraji.sk\/wp-content\/uploads\/2026\/01\/Korculovanie-Kluknava.jpg 540w, https:\/\/vraji.sk\/wp-content\/uploads\/2026\/01\/Korculovanie-Kluknava-300x300.jpg 300w, https:\/\/vraji.sk\/wp-content\/uploads\/2026\/01\/Korculovanie-Kluknava-150x150.jpg 150w\" sizes=\"auto, (max-width: 540px) 100vw, 540px\" \/><\/a><\/figure>\n<\/div>\n\n\n<h3 class=\"wp-block-heading\">\u013dadov\u00e1 plocha v \u0160portovom are\u00e1li Marku\u0161ovce<\/h3>\n\n\n\n<p><strong><a href=\"https:\/\/www.facebook.com\/markusovce.sk\/posts\/pfbid02LwMzFAUn3JQbJYuet179pfN2FZx22bgchXD1KbeSet1m7aktmh3GHeo8oaPVwnTWl\" target=\"_blank\" rel=\"noreferrer noopener\">Viac inform\u00e1ci\u00ed na Facebook str\u00e1nke Obce Marku\u0161ovce TU<\/a><\/strong><\/p>\n\n\n<div class=\"wp-block-image\">\n<figure class=\"aligncenter size-large is-resized\"><a href=\"https:\/\/www.facebook.com\/markusovce.sk\/posts\/pfbid02LwMzFAUn3JQbJYuet179pfN2FZx22bgchXD1KbeSet1m7aktmh3GHeo8oaPVwnTWl\" target=\"_blank\" rel=\" noreferrer noopener\"><img loading=\"lazy\" decoding=\"async\" width=\"1024\" height=\"689\" src=\"https:\/\/vraji.sk\/wp-content\/uploads\/2026\/01\/Verejne-korculovanie-Markusovce-1024x689.jpg\" alt=\"\" class=\"wp-image-21324\" style=\"width:350px\" srcset=\"https:\/\/vraji.sk\/wp-content\/uploads\/2026\/01\/Verejne-korculovanie-Markusovce-1024x689.jpg 1024w, https:\/\/vraji.sk\/wp-content\/uploads\/2026\/01\/Verejne-korculovanie-Markusovce-300x202.jpg 300w, https:\/\/vraji.sk\/wp-content\/uploads\/2026\/01\/Verejne-korculovanie-Markusovce-768x516.jpg 768w, https:\/\/vraji.sk\/wp-content\/uploads\/2026\/01\/Verejne-korculovanie-Markusovce.jpg 1459w\" sizes=\"auto, (max-width: 1024px) 100vw, 1024px\" \/><\/a><\/figure>\n<\/div>\n\n\n<h3 class=\"wp-block-heading\">\u013dadov\u00e1 plocha Hnil\u010d\u00edk &#8211; Mraznica<\/h3>\n\n\n\n<p><strong><a href=\"https:\/\/www.facebook.com\/permalink.php?story_fbid=pfbid02jeRyeWua6ydsGYmJA8waeg17idXzW1ccfaS2m2EcW8izEFQuzWyYzQmhmadyD8til&amp;id=100092420174726\" target=\"_blank\" rel=\"noreferrer noopener\">Viac inform\u00e1ci\u00ed na Facebook str\u00e1nke DHZ Hnil\u010d\u00edk TU<\/a><\/strong><\/p>\n\n\n<div class=\"wp-block-image\">\n<figure class=\"aligncenter size-large is-resized\"><a href=\"https:\/\/www.facebook.com\/permalink.php?story_fbid=pfbid02jeRyeWua6ydsGYmJA8waeg17idXzW1ccfaS2m2EcW8izEFQuzWyYzQmhmadyD8til&amp;id=100092420174726\" target=\"_blank\" rel=\" noreferrer noopener\"><img loading=\"lazy\" decoding=\"async\" width=\"683\" height=\"1024\" src=\"https:\/\/vraji.sk\/wp-content\/uploads\/2026\/01\/Korculovanie-Hnilcik-683x1024.jpg\" alt=\"\" class=\"wp-image-21222\" style=\"width:350px\" srcset=\"https:\/\/vraji.sk\/wp-content\/uploads\/2026\/01\/Korculovanie-Hnilcik-683x1024.jpg 683w, https:\/\/vraji.sk\/wp-content\/uploads\/2026\/01\/Korculovanie-Hnilcik-200x300.jpg 200w, https:\/\/vraji.sk\/wp-content\/uploads\/2026\/01\/Korculovanie-Hnilcik-768x1152.jpg 768w, https:\/\/vraji.sk\/wp-content\/uploads\/2026\/01\/Korculovanie-Hnilcik.jpg 1024w\" sizes=\"auto, (max-width: 683px) 100vw, 683px\" \/><\/a><\/figure>\n<\/div>\n\n\n<h3 class=\"wp-block-heading\">\u013dadov\u00e1 plocha v \u0160portovom are\u00e1li Smi\u017eany<\/h3>\n\n\n\n<p><strong><a href=\"https:\/\/www.facebook.com\/smizany.obec\/posts\/pfbid0qVe27E1j3sPGBvoDtscV86j1U6ZaSZedUk682yyrMzqcmrVTY5TUkHAmHCFtRBmPl\">Viac inform\u00e1ci\u00ed na Facebook <\/a><a href=\"https:\/\/www.facebook.com\/smizany.obec\/posts\/pfbid0qVe27E1j3sPGBvoDtscV86j1U6ZaSZedUk682yyrMzqcmrVTY5TUkHAmHCFtRBmPl\" target=\"_blank\" rel=\"noreferrer noopener\">st<\/a><a href=\"https:\/\/www.facebook.com\/smizany.obec\/posts\/pfbid0qVe27E1j3sPGBvoDtscV86j1U6ZaSZedUk682yyrMzqcmrVTY5TUkHAmHCFtRBmPl\">r\u00e1nke Obce Smi\u017eany TU<\/a><\/strong><\/p>\n\n\n<div class=\"wp-block-image\">\n<figure class=\"aligncenter size-large is-resized\"><a href=\"https:\/\/www.facebook.com\/smizany.obec\/posts\/pfbid0qVe27E1j3sPGBvoDtscV86j1U6ZaSZedUk682yyrMzqcmrVTY5TUkHAmHCFtRBmPl\" target=\"_blank\" rel=\" noreferrer noopener\"><img loading=\"lazy\" decoding=\"async\" width=\"1024\" height=\"768\" src=\"https:\/\/vraji.sk\/wp-content\/uploads\/2026\/01\/Korculovanie-Smizany-1-1024x768.jpg\" alt=\"\" class=\"wp-image-21226\" style=\"width:350px\" srcset=\"https:\/\/vraji.sk\/wp-content\/uploads\/2026\/01\/Korculovanie-Smizany-1-1024x768.jpg 1024w, https:\/\/vraji.sk\/wp-content\/uploads\/2026\/01\/Korculovanie-Smizany-1-300x225.jpg 300w, https:\/\/vraji.sk\/wp-content\/uploads\/2026\/01\/Korculovanie-Smizany-1-768x576.jpg 768w, https:\/\/vraji.sk\/wp-content\/uploads\/2026\/01\/Korculovanie-Smizany-1.jpg 1440w\" sizes=\"auto, (max-width: 1024px) 100vw, 1024px\" \/><\/a><\/figure>\n<\/div>\n\n\n<h3 class=\"wp-block-heading\">\u013dadov\u00e1 plocha v obci Matejovce nad Horn\u00e1dom<\/h3>\n\n\n\n<p><strong><a href=\"https:\/\/matejovcenadhornadom.sk\/aktuality\/sport\/ladova-plocha-a-jej-prevadzkovy-poriadok\/\" target=\"_blank\" rel=\"noreferrer noopener\">Viac inform\u00e1ci\u00ed a prev\u00e1dzkov\u00fd poriadok \u013eadovej ploche na webovej str\u00e1nke Obce Matejovce nad Horn\u00e1dom TU<\/a><\/strong><\/p>\n\n\n<div class=\"wp-block-image\">\n<figure class=\"aligncenter size-full is-resized\"><a href=\"https:\/\/matejovcenadhornadom.sk\/aktuality\/sport\/ladova-plocha-a-jej-prevadzkovy-poriadok\/\" target=\"_blank\" rel=\" noreferrer noopener\"><img loading=\"lazy\" decoding=\"async\" width=\"940\" height=\"788\" src=\"https:\/\/vraji.sk\/wp-content\/uploads\/2026\/01\/Matejovce-korculovanie-cez-tyzden.png\" alt=\"\" class=\"wp-image-21228\" style=\"width:350px\" srcset=\"https:\/\/vraji.sk\/wp-content\/uploads\/2026\/01\/Matejovce-korculovanie-cez-tyzden.png 940w, https:\/\/vraji.sk\/wp-content\/uploads\/2026\/01\/Matejovce-korculovanie-cez-tyzden-300x251.png 300w, https:\/\/vraji.sk\/wp-content\/uploads\/2026\/01\/Matejovce-korculovanie-cez-tyzden-768x644.png 768w\" sizes=\"auto, (max-width: 940px) 100vw, 940px\" \/><\/a><\/figure>\n<\/div>\n\n<div class=\"wp-block-image\">\n<figure class=\"aligncenter size-full is-resized\"><a href=\"https:\/\/matejovcenadhornadom.sk\/aktuality\/sport\/ladova-plocha-a-jej-prevadzkovy-poriadok\/\" target=\"_blank\" rel=\" noreferrer noopener\"><img loading=\"lazy\" decoding=\"async\" width=\"940\" height=\"788\" src=\"https:\/\/vraji.sk\/wp-content\/uploads\/2026\/01\/Matejovce-korculovanie-cez-vikend.png\" alt=\"\" class=\"wp-image-21230\" style=\"width:350px\" srcset=\"https:\/\/vraji.sk\/wp-content\/uploads\/2026\/01\/Matejovce-korculovanie-cez-vikend.png 940w, https:\/\/vraji.sk\/wp-content\/uploads\/2026\/01\/Matejovce-korculovanie-cez-vikend-300x251.png 300w, https:\/\/vraji.sk\/wp-content\/uploads\/2026\/01\/Matejovce-korculovanie-cez-vikend-768x644.png 768w\" sizes=\"auto, (max-width: 940px) 100vw, 940px\" \/><\/a><\/figure>\n<\/div>\n\n\n<h3 class=\"wp-block-heading\">\u013dadov\u00e1 plocha v Spi\u0161sk\u00fdch Tom\u00e1\u0161ovciach, na Farskom dvore<\/h3>\n\n\n\n<p><strong><a href=\"https:\/\/farnostspissketomasovce.sk\/aktualita\/korculovanie\" target=\"_blank\" rel=\"noreferrer noopener\">Viac inform\u00e1ci\u00ed na webovej str\u00e1nke Farnosti Spi\u0161sk\u00e9 Tom\u00e1\u0161ovce TU<\/a><\/strong><\/p>\n\n\n<div class=\"wp-block-image\">\n<figure class=\"aligncenter size-large is-resized\"><a href=\"https:\/\/farnostspissketomasovce.sk\/aktualita\/korculovanie\" target=\"_blank\" rel=\" noreferrer noopener\"><img loading=\"lazy\" decoding=\"async\" width=\"1024\" height=\"768\" src=\"https:\/\/vraji.sk\/wp-content\/uploads\/2026\/01\/Korculovanie-Spisske-Tomasovce-1024x768.jpeg\" alt=\"\" class=\"wp-image-21232\" style=\"width:350px\" srcset=\"https:\/\/vraji.sk\/wp-content\/uploads\/2026\/01\/Korculovanie-Spisske-Tomasovce-1024x768.jpeg 1024w, https:\/\/vraji.sk\/wp-content\/uploads\/2026\/01\/Korculovanie-Spisske-Tomasovce-300x225.jpeg 300w, https:\/\/vraji.sk\/wp-content\/uploads\/2026\/01\/Korculovanie-Spisske-Tomasovce-768x576.jpeg 768w, https:\/\/vraji.sk\/wp-content\/uploads\/2026\/01\/Korculovanie-Spisske-Tomasovce.jpeg 1440w\" sizes=\"auto, (max-width: 1024px) 100vw, 1024px\" \/><\/a><\/figure>\n<\/div>\n\n\n<div style=\"height:40px\" aria-hidden=\"true\" class=\"wp-block-spacer\"><\/div>\n\n\n\n<h2 class=\"wp-block-heading\">S\u00e1nkovanie<\/h2>\n\n\n\n<h3 class=\"wp-block-heading\">S\u00e1nkarsk\u00e1 dr\u00e1ha Grajn\u00e1r<\/h3>\n\n\n\n<p>Pre rodinky s de\u0165mi a priaznivcov s\u00e1nkovania je <strong>v sedle Grajn\u00e1r otvoren\u00e1 s\u00e1nkarsk\u00e1 dr\u00e1ha<\/strong>. O jej prev\u00e1dzke a aktu\u00e1lnych podmienkach pravidelne informuje <strong><a href=\"https:\/\/www.facebook.com\/bufet.grajnar\" target=\"_blank\" rel=\"noreferrer noopener\">Facebook str\u00e1nka Bufet Grajn\u00e1r TU<\/a><\/strong>.<\/p>\n\n\n<div class=\"wp-block-image\">\n<figure class=\"aligncenter size-large is-resized\"><a href=\"https:\/\/www.facebook.com\/bufet.grajnar\" target=\"_blank\" rel=\" noreferrer noopener\"><img loading=\"lazy\" decoding=\"async\" width=\"576\" height=\"1024\" src=\"https:\/\/vraji.sk\/wp-content\/uploads\/2026\/01\/Sankarska-draha-Grajnar-jpg-576x1024.jpg\" alt=\"\" class=\"wp-image-21258\" style=\"width:350px\" srcset=\"https:\/\/vraji.sk\/wp-content\/uploads\/2026\/01\/Sankarska-draha-Grajnar-jpg-576x1024.jpg 576w, https:\/\/vraji.sk\/wp-content\/uploads\/2026\/01\/Sankarska-draha-Grajnar-jpg-169x300.jpg 169w, https:\/\/vraji.sk\/wp-content\/uploads\/2026\/01\/Sankarska-draha-Grajnar-jpg.jpg 750w\" sizes=\"auto, (max-width: 576px) 100vw, 576px\" \/><\/a><\/figure>\n<\/div>\n\n\n<div style=\"height:40px\" aria-hidden=\"true\" class=\"wp-block-spacer\"><\/div>\n\n\n\n<h2 class=\"wp-block-heading\">Podujatia<\/h2>\n\n\n\n<h3 class=\"wp-block-heading\">3. Medzin\u00e1rodn\u00e9 preteky ps\u00edch z\u00e1prahov &#8211; Ve\u013ek\u00e1 cena \u013dadovej<\/h3>\n\n\n\n<p><strong>Piatok 30. janu\u00e1ra &#8211; nede\u013ea 1. febru\u00e1ra 2026, Are\u00e1l be\u017eeck\u00e9ho ly\u017eovania Dob\u0161insk\u00e1 \u013dadov\u00e1 Jasky\u0148a<\/strong><\/p>\n\n\n\n<p><strong><em><a href=\"https:\/\/fb.me\/e\/7nfwULFnK\" target=\"_blank\" rel=\"noreferrer noopener\">Viac inform\u00e1ci\u00ed na Facebook udalosti TU<\/a><\/em><\/strong><\/p>\n\n\n\n<p>Pr\u00ed\u010fte za\u017ei\u0165 <strong>nezabudnute\u013en\u00fa atmosf\u00e9ru a \u0161pi\u010dkov\u00e9 atletick\u00e9 v\u00fdkony v srdci zimy<\/strong> do Dob\u0161inskej \u013dadovej Jaskyne na <strong>Majstrovstv\u00e1 Slovenska a Po\u013eska v ps\u00edch z\u00e1prahoch &#8211; Ve\u013ek\u00fa cenu \u013dadovej<\/strong>. Podujatie sa za priazniv\u00fdch snehov\u00fdch podmienok uskuto\u010dn\u00ed <strong>od piatku 30.1. do nedele 1.2.2026 v Snow Parku \u013dadov\u00e1<\/strong> (Are\u00e1l be\u017eeck\u00e9ho ly\u017eovania Dob\u0161insk\u00e1 \u013dadov\u00e1 Jasky\u0148a). <\/p>\n\n\n\n<p><strong>Preteky s\u00fa rozdelen\u00e9 do&nbsp;troch&nbsp;nap\u00ednav\u00fdch et\u00e1p:<\/strong><\/p>\n\n\n\n<p>30. janu\u00e1r 2026 \u2013 No\u010dn\u00e1 sc\u00e9na (\u0161tart pod hviezdami)<br>31. janu\u00e1r 2026 \u2013 Denn\u00e1 etapa<br>1. febru\u00e1r 2026 \u2013 Denn\u00e1 etapa a Ice Trophy Climax: Hromadn\u00e9 \u0161tarty pre skijoring a 4-ps\u00ed t\u00edmy, nasledovan\u00e9 preteky pre ve\u013ek\u00e9 t\u00edmy.<\/p>\n\n\n\n<p><strong>Kateg\u00f3rie pretekov<\/strong> &#8211; ve\u013ek\u00fd t\u00edm: 5 \u2013 8 psov, mal\u00fd t\u00edm: 3 \u2013 4 psy, 2-ps\u00ed t\u00edm: 2 psy, skijoring: 1 pes.<\/p>\n\n\n<div class=\"wp-block-image\">\n<figure class=\"aligncenter size-full is-resized\"><a href=\"https:\/\/fb.me\/e\/7nfwULFnK\" target=\"_blank\" rel=\" noreferrer noopener\"><img loading=\"lazy\" decoding=\"async\" width=\"701\" height=\"992\" src=\"https:\/\/vraji.sk\/wp-content\/uploads\/2026\/01\/Majstrovstva-psich-zaprahov-DLJ.jpg\" alt=\"\" class=\"wp-image-21306\" style=\"width:350px\" srcset=\"https:\/\/vraji.sk\/wp-content\/uploads\/2026\/01\/Majstrovstva-psich-zaprahov-DLJ.jpg 701w, https:\/\/vraji.sk\/wp-content\/uploads\/2026\/01\/Majstrovstva-psich-zaprahov-DLJ-212x300.jpg 212w\" sizes=\"auto, (max-width: 701px) 100vw, 701px\" \/><\/a><\/figure>\n<\/div>\n\n\n<div style=\"height:40px\" aria-hidden=\"true\" class=\"wp-block-spacer\"><\/div>\n\n\n\n<h3 class=\"wp-block-heading\">Karneval na \u013eade v Spi\u0161skej Novej Vsi<\/h3>\n\n\n\n<p><strong>Streda 11. febru\u00e1ra 2026, 14:00 &#8211; 16:00 hod., Zimn\u00fd \u0161tadi\u00f3n v Spi\u0161skej Novej Vsi<\/strong><\/p>\n\n\n\n<p><strong><em><a href=\"https:\/\/www.facebook.com\/cvcadam\/posts\/1197287712619591:1197287712619591\" target=\"_blank\" rel=\"noreferrer noopener\">Viac inform\u00e1ci\u00ed na Facebook str\u00e1nke CV\u010c Adam SNV TU<\/a><\/em><\/strong><\/p>\n\n\n\n<p><strong>Centrum vo\u013en\u00e9ho \u010dasu ADAM v Spi\u0161skej Novej Vsi<\/strong> poz\u00fdva v\u0161etky deti (a rodi\u010dov s de\u0165mi) na \u010fal\u0161\u00ed ro\u010dn\u00edk <strong>Karnevalu na \u013eade<\/strong>, ktor\u00fd sa uskuto\u010dn\u00ed v stredu <strong>11. 2. od 14:00 hod. na Zimnom \u0161tadi\u00f3ne v Spi\u0161skej Novej Vsi<\/strong>. Karneval bude spojen\u00fd so <strong>s\u00fa\u0165a\u017eou o najkreat\u00edvnej\u0161iu masku<\/strong>. Oce\u0148ova\u0165 sa bud\u00fa hlavne vlastnoru\u010dne vyroben\u00e9 masky, n\u00e1paditos\u0165 a fant\u00e1zia. Pr\u00edroda ocen\u00ed, ak vyu\u017eijete recyklovate\u013en\u00fd materi\u00e1l.<\/p>\n\n\n<div class=\"wp-block-image\">\n<figure class=\"aligncenter size-full is-resized\"><a href=\"https:\/\/www.facebook.com\/story.php?story_fbid=1331787528983232&amp;id=100064559929382&amp;mibextid=wwXIfr&amp;rdid=W5wtMg2hXKOlFQlK#\" target=\"_blank\" rel=\" noreferrer noopener\"><img loading=\"lazy\" decoding=\"async\" width=\"1448\" height=\"2048\" src=\"https:\/\/vraji.sk\/wp-content\/uploads\/2026\/01\/Karneval-na-lade-CVC-SNV.jpg\" alt=\"\" class=\"wp-image-21404\" style=\"width:350px\" srcset=\"https:\/\/vraji.sk\/wp-content\/uploads\/2026\/01\/Karneval-na-lade-CVC-SNV.jpg 1448w, https:\/\/vraji.sk\/wp-content\/uploads\/2026\/01\/Karneval-na-lade-CVC-SNV-212x300.jpg 212w, https:\/\/vraji.sk\/wp-content\/uploads\/2026\/01\/Karneval-na-lade-CVC-SNV-724x1024.jpg 724w, https:\/\/vraji.sk\/wp-content\/uploads\/2026\/01\/Karneval-na-lade-CVC-SNV-768x1086.jpg 768w, https:\/\/vraji.sk\/wp-content\/uploads\/2026\/01\/Karneval-na-lade-CVC-SNV-1086x1536.jpg 1086w\" sizes=\"auto, (max-width: 1448px) 100vw, 1448px\" \/><\/a><\/figure>\n<\/div>","protected":false},"excerpt":{"rendered":"<p>Priatelia, l\u00e1ka v\u00e1s to v najbli\u017e\u0161\u00edch t\u00fd\u017ed\u0148och za zimn\u00fdmi radov\u00e1nkami v pr\u00edrode? \u00davod rok<\/p>\n","protected":false},"author":52,"featured_media":18060,"comment_status":"closed","ping_status":"open","sticky":false,"template":"","format":"standard","meta":{"_acf_changed":false,"footnotes":""},"categories":[1],"tags":[97,103],"class_list":["post-21192","post","type-post","status-publish","format-standard","has-post-thumbnail","hentry","category-uncategorized-sk","tag-slovensky-raj","tag-zima"],"acf":[],"yoast_head":"<!-- This site is optimized with the Yoast SEO plugin v27.4 - https:\/\/yoast.com\/product\/yoast-seo-wordpress\/ -->\n<title>Zimn\u00e9 radov\u00e1nky v Raji a na Spi\u0161i 2026 - OOCR<\/title>\n<meta name=\"description\" content=\"U\u017eite si skvel\u00e9 zimn\u00e9 \u0161portov\u00e9 vy\u017eitie v pr\u00edrode v Slovenskom raji a na ju\u017enom Spi\u0161i. In\u0161pir\u00e1cie n\u00e1jdete v na\u0161om novom \u010dl\u00e1nku.\" \/>\n<meta name=\"robots\" content=\"index, follow, max-snippet:-1, max-image-preview:large, max-video-preview:-1\" \/>\n<link rel=\"canonical\" href=\"https:\/\/vraji.sk\/pl\/zimne-radovanky-v-raji-2026\/\" \/>\n<meta property=\"og:locale\" content=\"pl_PL\" \/>\n<meta property=\"og:type\" content=\"article\" \/>\n<meta property=\"og:title\" content=\"Zimn\u00e9 radov\u00e1nky v Raji a na Spi\u0161i 2026 - OOCR\" \/>\n<meta property=\"og:description\" content=\"U\u017eite si skvel\u00e9 zimn\u00e9 \u0161portov\u00e9 vy\u017eitie v pr\u00edrode v Slovenskom raji a na ju\u017enom Spi\u0161i. In\u0161pir\u00e1cie n\u00e1jdete v na\u0161om novom \u010dl\u00e1nku.\" \/>\n<meta property=\"og:url\" content=\"https:\/\/vraji.sk\/pl\/zimne-radovanky-v-raji-2026\/\" \/>\n<meta property=\"og:site_name\" content=\"OOCR\" \/>\n<meta property=\"article:published_time\" content=\"2026-01-09T12:21:06+00:00\" \/>\n<meta property=\"article:modified_time\" content=\"2026-01-27T23:56:37+00:00\" \/>\n<meta property=\"og:image\" content=\"https:\/\/vraji.sk\/wp-content\/uploads\/2024\/01\/Bezky-zmensene-2-autor-Peter-Oleksak.jpg\" \/>\n\t<meta property=\"og:image:width\" content=\"1374\" \/>\n\t<meta property=\"og:image:height\" content=\"780\" \/>\n\t<meta property=\"og:image:type\" content=\"image\/jpeg\" \/>\n<meta name=\"author\" content=\"OOCR\" \/>\n<meta name=\"twitter:card\" content=\"summary_large_image\" \/>\n<meta name=\"twitter:label1\" content=\"Napisane przez\" \/>\n\t<meta name=\"twitter:data1\" content=\"OOCR\" \/>\n\t<meta name=\"twitter:label2\" content=\"Szacowany czas czytania\" \/>\n\t<meta name=\"twitter:data2\" content=\"15 minut\" \/>\n<script type=\"application\/ld+json\" class=\"yoast-schema-graph\">{\"@context\":\"https:\\\/\\\/schema.org\",\"@graph\":[{\"@type\":\"Article\",\"@id\":\"https:\\\/\\\/vraji.sk\\\/pl\\\/zimne-radovanky-v-raji-2026\\\/#article\",\"isPartOf\":{\"@id\":\"https:\\\/\\\/vraji.sk\\\/pl\\\/zimne-radovanky-v-raji-2026\\\/\"},\"author\":{\"name\":\"OOCR\",\"@id\":\"https:\\\/\\\/vraji.sk\\\/pl\\\/#\\\/schema\\\/person\\\/6ba5da72601ea4018533f90f796d4530\"},\"headline\":\"Zimn\u00e9 radov\u00e1nky v Raji a na Spi\u0161i 2026\",\"datePublished\":\"2026-01-09T12:21:06+00:00\",\"dateModified\":\"2026-01-27T23:56:37+00:00\",\"mainEntityOfPage\":{\"@id\":\"https:\\\/\\\/vraji.sk\\\/pl\\\/zimne-radovanky-v-raji-2026\\\/\"},\"wordCount\":2161,\"publisher\":{\"@id\":\"https:\\\/\\\/vraji.sk\\\/pl\\\/#organization\"},\"image\":{\"@id\":\"https:\\\/\\\/vraji.sk\\\/pl\\\/zimne-radovanky-v-raji-2026\\\/#primaryimage\"},\"thumbnailUrl\":\"https:\\\/\\\/vraji.sk\\\/wp-content\\\/uploads\\\/2024\\\/01\\\/Bezky-zmensene-2-autor-Peter-Oleksak.jpg\",\"keywords\":[\"Slovensk\u00fd raj\",\"zima\"],\"articleSection\":[\"Uncategorized @sk\"],\"inLanguage\":\"pl-PL\"},{\"@type\":\"WebPage\",\"@id\":\"https:\\\/\\\/vraji.sk\\\/pl\\\/zimne-radovanky-v-raji-2026\\\/\",\"url\":\"https:\\\/\\\/vraji.sk\\\/pl\\\/zimne-radovanky-v-raji-2026\\\/\",\"name\":\"Zimn\u00e9 radov\u00e1nky v Raji a na Spi\u0161i 2026 - OOCR\",\"isPartOf\":{\"@id\":\"https:\\\/\\\/vraji.sk\\\/pl\\\/#website\"},\"primaryImageOfPage\":{\"@id\":\"https:\\\/\\\/vraji.sk\\\/pl\\\/zimne-radovanky-v-raji-2026\\\/#primaryimage\"},\"image\":{\"@id\":\"https:\\\/\\\/vraji.sk\\\/pl\\\/zimne-radovanky-v-raji-2026\\\/#primaryimage\"},\"thumbnailUrl\":\"https:\\\/\\\/vraji.sk\\\/wp-content\\\/uploads\\\/2024\\\/01\\\/Bezky-zmensene-2-autor-Peter-Oleksak.jpg\",\"datePublished\":\"2026-01-09T12:21:06+00:00\",\"dateModified\":\"2026-01-27T23:56:37+00:00\",\"description\":\"U\u017eite si skvel\u00e9 zimn\u00e9 \u0161portov\u00e9 vy\u017eitie v pr\u00edrode v Slovenskom raji a na ju\u017enom Spi\u0161i. In\u0161pir\u00e1cie n\u00e1jdete v na\u0161om novom \u010dl\u00e1nku.\",\"breadcrumb\":{\"@id\":\"https:\\\/\\\/vraji.sk\\\/pl\\\/zimne-radovanky-v-raji-2026\\\/#breadcrumb\"},\"inLanguage\":\"pl-PL\",\"potentialAction\":[{\"@type\":\"ReadAction\",\"target\":[\"https:\\\/\\\/vraji.sk\\\/pl\\\/zimne-radovanky-v-raji-2026\\\/\"]}]},{\"@type\":\"ImageObject\",\"inLanguage\":\"pl-PL\",\"@id\":\"https:\\\/\\\/vraji.sk\\\/pl\\\/zimne-radovanky-v-raji-2026\\\/#primaryimage\",\"url\":\"https:\\\/\\\/vraji.sk\\\/wp-content\\\/uploads\\\/2024\\\/01\\\/Bezky-zmensene-2-autor-Peter-Oleksak.jpg\",\"contentUrl\":\"https:\\\/\\\/vraji.sk\\\/wp-content\\\/uploads\\\/2024\\\/01\\\/Bezky-zmensene-2-autor-Peter-Oleksak.jpg\",\"width\":1374,\"height\":780},{\"@type\":\"BreadcrumbList\",\"@id\":\"https:\\\/\\\/vraji.sk\\\/pl\\\/zimne-radovanky-v-raji-2026\\\/#breadcrumb\",\"itemListElement\":[{\"@type\":\"ListItem\",\"position\":1,\"name\":\"Home\",\"item\":\"https:\\\/\\\/vraji.sk\\\/pl\\\/strona-glowna\\\/\"},{\"@type\":\"ListItem\",\"position\":2,\"name\":\"Zimn\u00e9 radov\u00e1nky v Raji a na Spi\u0161i 2026\"}]},{\"@type\":\"WebSite\",\"@id\":\"https:\\\/\\\/vraji.sk\\\/pl\\\/#website\",\"url\":\"https:\\\/\\\/vraji.sk\\\/pl\\\/\",\"name\":\"OOCR\",\"description\":\"Regi\u00f3n Slovensk\u00fd raj a Spi\u0161 | Z\u00e1\u017eitky, turistika, hist\u00f3ria | vRaji.sk\",\"publisher\":{\"@id\":\"https:\\\/\\\/vraji.sk\\\/pl\\\/#organization\"},\"potentialAction\":[{\"@type\":\"SearchAction\",\"target\":{\"@type\":\"EntryPoint\",\"urlTemplate\":\"https:\\\/\\\/vraji.sk\\\/pl\\\/?s={search_term_string}\"},\"query-input\":{\"@type\":\"PropertyValueSpecification\",\"valueRequired\":true,\"valueName\":\"search_term_string\"}}],\"inLanguage\":\"pl-PL\"},{\"@type\":\"Organization\",\"@id\":\"https:\\\/\\\/vraji.sk\\\/pl\\\/#organization\",\"name\":\"OOCR\",\"url\":\"https:\\\/\\\/vraji.sk\\\/pl\\\/\",\"logo\":{\"@type\":\"ImageObject\",\"inLanguage\":\"pl-PL\",\"@id\":\"https:\\\/\\\/vraji.sk\\\/pl\\\/#\\\/schema\\\/logo\\\/image\\\/\",\"url\":\"https:\\\/\\\/vraji.sk\\\/wp-content\\\/uploads\\\/2021\\\/11\\\/biele-logo-1.svg\",\"contentUrl\":\"https:\\\/\\\/vraji.sk\\\/wp-content\\\/uploads\\\/2021\\\/11\\\/biele-logo-1.svg\",\"caption\":\"OOCR\"},\"image\":{\"@id\":\"https:\\\/\\\/vraji.sk\\\/pl\\\/#\\\/schema\\\/logo\\\/image\\\/\"}},{\"@type\":\"Person\",\"@id\":\"https:\\\/\\\/vraji.sk\\\/pl\\\/#\\\/schema\\\/person\\\/6ba5da72601ea4018533f90f796d4530\",\"name\":\"OOCR\",\"image\":{\"@type\":\"ImageObject\",\"inLanguage\":\"pl-PL\",\"@id\":\"https:\\\/\\\/secure.gravatar.com\\\/avatar\\\/254aa66d580269ab31c41bb5eb446b00d03ea31eab4a58840a0e31f2890e31c4?s=96&d=mm&r=g\",\"url\":\"https:\\\/\\\/secure.gravatar.com\\\/avatar\\\/254aa66d580269ab31c41bb5eb446b00d03ea31eab4a58840a0e31f2890e31c4?s=96&d=mm&r=g\",\"contentUrl\":\"https:\\\/\\\/secure.gravatar.com\\\/avatar\\\/254aa66d580269ab31c41bb5eb446b00d03ea31eab4a58840a0e31f2890e31c4?s=96&d=mm&r=g\",\"caption\":\"OOCR\"},\"url\":\"https:\\\/\\\/vraji.sk\\\/pl\\\/author\\\/oocr-info\\\/\"}]}<\/script>\n<!-- \/ Yoast SEO plugin. -->","yoast_head_json":{"title":"Zimn\u00e9 radov\u00e1nky v Raji a na Spi\u0161i 2026 - OOCR","description":"U\u017eite si skvel\u00e9 zimn\u00e9 \u0161portov\u00e9 vy\u017eitie v pr\u00edrode v Slovenskom raji a na ju\u017enom Spi\u0161i. In\u0161pir\u00e1cie n\u00e1jdete v na\u0161om novom \u010dl\u00e1nku.","robots":{"index":"index","follow":"follow","max-snippet":"max-snippet:-1","max-image-preview":"max-image-preview:large","max-video-preview":"max-video-preview:-1"},"canonical":"https:\/\/vraji.sk\/pl\/zimne-radovanky-v-raji-2026\/","og_locale":"pl_PL","og_type":"article","og_title":"Zimn\u00e9 radov\u00e1nky v Raji a na Spi\u0161i 2026 - OOCR","og_description":"U\u017eite si skvel\u00e9 zimn\u00e9 \u0161portov\u00e9 vy\u017eitie v pr\u00edrode v Slovenskom raji a na ju\u017enom Spi\u0161i. In\u0161pir\u00e1cie n\u00e1jdete v na\u0161om novom \u010dl\u00e1nku.","og_url":"https:\/\/vraji.sk\/pl\/zimne-radovanky-v-raji-2026\/","og_site_name":"OOCR","article_published_time":"2026-01-09T12:21:06+00:00","article_modified_time":"2026-01-27T23:56:37+00:00","og_image":[{"width":1374,"height":780,"url":"https:\/\/vraji.sk\/wp-content\/uploads\/2024\/01\/Bezky-zmensene-2-autor-Peter-Oleksak.jpg","type":"image\/jpeg"}],"author":"OOCR","twitter_card":"summary_large_image","twitter_misc":{"Napisane przez":"OOCR","Szacowany czas czytania":"15 minut"},"schema":{"@context":"https:\/\/schema.org","@graph":[{"@type":"Article","@id":"https:\/\/vraji.sk\/pl\/zimne-radovanky-v-raji-2026\/#article","isPartOf":{"@id":"https:\/\/vraji.sk\/pl\/zimne-radovanky-v-raji-2026\/"},"author":{"name":"OOCR","@id":"https:\/\/vraji.sk\/pl\/#\/schema\/person\/6ba5da72601ea4018533f90f796d4530"},"headline":"Zimn\u00e9 radov\u00e1nky v Raji a na Spi\u0161i 2026","datePublished":"2026-01-09T12:21:06+00:00","dateModified":"2026-01-27T23:56:37+00:00","mainEntityOfPage":{"@id":"https:\/\/vraji.sk\/pl\/zimne-radovanky-v-raji-2026\/"},"wordCount":2161,"publisher":{"@id":"https:\/\/vraji.sk\/pl\/#organization"},"image":{"@id":"https:\/\/vraji.sk\/pl\/zimne-radovanky-v-raji-2026\/#primaryimage"},"thumbnailUrl":"https:\/\/vraji.sk\/wp-content\/uploads\/2024\/01\/Bezky-zmensene-2-autor-Peter-Oleksak.jpg","keywords":["Slovensk\u00fd raj","zima"],"articleSection":["Uncategorized @sk"],"inLanguage":"pl-PL"},{"@type":"WebPage","@id":"https:\/\/vraji.sk\/pl\/zimne-radovanky-v-raji-2026\/","url":"https:\/\/vraji.sk\/pl\/zimne-radovanky-v-raji-2026\/","name":"Zimn\u00e9 radov\u00e1nky v Raji a na Spi\u0161i 2026 - OOCR","isPartOf":{"@id":"https:\/\/vraji.sk\/pl\/#website"},"primaryImageOfPage":{"@id":"https:\/\/vraji.sk\/pl\/zimne-radovanky-v-raji-2026\/#primaryimage"},"image":{"@id":"https:\/\/vraji.sk\/pl\/zimne-radovanky-v-raji-2026\/#primaryimage"},"thumbnailUrl":"https:\/\/vraji.sk\/wp-content\/uploads\/2024\/01\/Bezky-zmensene-2-autor-Peter-Oleksak.jpg","datePublished":"2026-01-09T12:21:06+00:00","dateModified":"2026-01-27T23:56:37+00:00","description":"U\u017eite si skvel\u00e9 zimn\u00e9 \u0161portov\u00e9 vy\u017eitie v pr\u00edrode v Slovenskom raji a na ju\u017enom Spi\u0161i. In\u0161pir\u00e1cie n\u00e1jdete v na\u0161om novom \u010dl\u00e1nku.","breadcrumb":{"@id":"https:\/\/vraji.sk\/pl\/zimne-radovanky-v-raji-2026\/#breadcrumb"},"inLanguage":"pl-PL","potentialAction":[{"@type":"ReadAction","target":["https:\/\/vraji.sk\/pl\/zimne-radovanky-v-raji-2026\/"]}]},{"@type":"ImageObject","inLanguage":"pl-PL","@id":"https:\/\/vraji.sk\/pl\/zimne-radovanky-v-raji-2026\/#primaryimage","url":"https:\/\/vraji.sk\/wp-content\/uploads\/2024\/01\/Bezky-zmensene-2-autor-Peter-Oleksak.jpg","contentUrl":"https:\/\/vraji.sk\/wp-content\/uploads\/2024\/01\/Bezky-zmensene-2-autor-Peter-Oleksak.jpg","width":1374,"height":780},{"@type":"BreadcrumbList","@id":"https:\/\/vraji.sk\/pl\/zimne-radovanky-v-raji-2026\/#breadcrumb","itemListElement":[{"@type":"ListItem","position":1,"name":"Home","item":"https:\/\/vraji.sk\/pl\/strona-glowna\/"},{"@type":"ListItem","position":2,"name":"Zimn\u00e9 radov\u00e1nky v Raji a na Spi\u0161i 2026"}]},{"@type":"WebSite","@id":"https:\/\/vraji.sk\/pl\/#website","url":"https:\/\/vraji.sk\/pl\/","name":"OOCR","description":"Regi\u00f3n Slovensk\u00fd raj a Spi\u0161 | Z\u00e1\u017eitky, turistika, hist\u00f3ria | vRaji.sk","publisher":{"@id":"https:\/\/vraji.sk\/pl\/#organization"},"potentialAction":[{"@type":"SearchAction","target":{"@type":"EntryPoint","urlTemplate":"https:\/\/vraji.sk\/pl\/?s={search_term_string}"},"query-input":{"@type":"PropertyValueSpecification","valueRequired":true,"valueName":"search_term_string"}}],"inLanguage":"pl-PL"},{"@type":"Organization","@id":"https:\/\/vraji.sk\/pl\/#organization","name":"OOCR","url":"https:\/\/vraji.sk\/pl\/","logo":{"@type":"ImageObject","inLanguage":"pl-PL","@id":"https:\/\/vraji.sk\/pl\/#\/schema\/logo\/image\/","url":"https:\/\/vraji.sk\/wp-content\/uploads\/2021\/11\/biele-logo-1.svg","contentUrl":"https:\/\/vraji.sk\/wp-content\/uploads\/2021\/11\/biele-logo-1.svg","caption":"OOCR"},"image":{"@id":"https:\/\/vraji.sk\/pl\/#\/schema\/logo\/image\/"}},{"@type":"Person","@id":"https:\/\/vraji.sk\/pl\/#\/schema\/person\/6ba5da72601ea4018533f90f796d4530","name":"OOCR","image":{"@type":"ImageObject","inLanguage":"pl-PL","@id":"https:\/\/secure.gravatar.com\/avatar\/254aa66d580269ab31c41bb5eb446b00d03ea31eab4a58840a0e31f2890e31c4?s=96&d=mm&r=g","url":"https:\/\/secure.gravatar.com\/avatar\/254aa66d580269ab31c41bb5eb446b00d03ea31eab4a58840a0e31f2890e31c4?s=96&d=mm&r=g","contentUrl":"https:\/\/secure.gravatar.com\/avatar\/254aa66d580269ab31c41bb5eb446b00d03ea31eab4a58840a0e31f2890e31c4?s=96&d=mm&r=g","caption":"OOCR"},"url":"https:\/\/vraji.sk\/pl\/author\/oocr-info\/"}]}},"_links":{"self":[{"href":"https:\/\/vraji.sk\/pl\/wp-json\/wp\/v2\/posts\/21192","targetHints":{"allow":["GET"]}}],"collection":[{"href":"https:\/\/vraji.sk\/pl\/wp-json\/wp\/v2\/posts"}],"about":[{"href":"https:\/\/vraji.sk\/pl\/wp-json\/wp\/v2\/types\/post"}],"author":[{"embeddable":true,"href":"https:\/\/vraji.sk\/pl\/wp-json\/wp\/v2\/users\/52"}],"replies":[{"embeddable":true,"href":"https:\/\/vraji.sk\/pl\/wp-json\/wp\/v2\/comments?post=21192"}],"version-history":[{"count":18,"href":"https:\/\/vraji.sk\/pl\/wp-json\/wp\/v2\/posts\/21192\/revisions"}],"predecessor-version":[{"id":21407,"href":"https:\/\/vraji.sk\/pl\/wp-json\/wp\/v2\/posts\/21192\/revisions\/21407"}],"wp:featuredmedia":[{"embeddable":true,"href":"https:\/\/vraji.sk\/pl\/wp-json\/wp\/v2\/media\/18060"}],"wp:attachment":[{"href":"https:\/\/vraji.sk\/pl\/wp-json\/wp\/v2\/media?parent=21192"}],"wp:term":[{"taxonomy":"category","embeddable":true,"href":"https:\/\/vraji.sk\/pl\/wp-json\/wp\/v2\/categories?post=21192"},{"taxonomy":"post_tag","embeddable":true,"href":"https:\/\/vraji.sk\/pl\/wp-json\/wp\/v2\/tags?post=21192"}],"curies":[{"name":"wp","href":"https:\/\/api.w.org\/{rel}","templated":true}]}}