{"id":22897,"date":"2026-03-30T21:48:24","date_gmt":"2026-03-30T21:48:24","guid":{"rendered":"https:\/\/vraji.sk\/?p=22897"},"modified":"2026-03-31T22:32:08","modified_gmt":"2026-03-31T22:32:08","slug":"vrcharska-koruna-spis-2026","status":"publish","type":"post","link":"https:\/\/vraji.sk\/pl\/vrcharska-koruna-spis-2026\/","title":{"rendered":"Vrch\u00e1rska koruna Spi\u0161 2026"},"content":{"rendered":"\n<p><strong><em>Mil\u00ed priatelia horskej cyklistiky, poz\u00fdvame v\u00e1s zapoji\u0165 sa do 7. ro\u010dn\u00edka horskej cyklistickej v\u00fdzvy Vrch\u00e1rska koruna Spi\u0161, ktor\u00e1 v\u00e1s op\u00e4\u0165 prevedie za pokladmi pr\u00edrody a hist\u00f3rie regi\u00f3nu ju\u017en\u00fd Spi\u0161. Pustite sa do zdol\u00e1vania 20 cyklistick\u00fdch cie\u013eov v Cykloregi\u00f3ne Spi\u0161 &#8211; ju\u017en\u00e1 \u010das\u0165 a sta\u0148te sa hrd\u00fdmi pokorite\u013emi v\u00fdzvy! Okrem dobr\u00e9ho pocitu a mno\u017estva z\u00e1\u017eitkov z\u00edskate \u010destn\u00fd diplom pre \u00faspe\u0161n\u00fdch pokorite\u013eov a mal\u00fa vecn\u00fa cenu od OOCR Slovensk\u00fd raj &amp; Spi\u0161.&nbsp;Viac info v \u010dl\u00e1nku ni\u017e\u0161ie:<\/em><\/strong><\/p>\n\n\n\n<p><\/p>\n\n\n\n<p>Vrch\u00e1rska koruna Spi\u0161 patr\u00ed medzi takmer tri desiatky horsk\u00fdch cykloturistick\u00fdch v\u00fdziev &#8211; Vrch\u00e1rskych kor\u00fan na Slovensku a v \u010cech\u00e1ch. Cesta za zdolan\u00edm 20 vrcholov a lokal\u00edt, ktor\u00e9 sme pre v\u00e1s tento rok vyt\u00fd\u010dili, v\u00e1s prevedie miestami atrakt\u00edvnymi \u010di u\u017e v\u00fdh\u013eadmi, okolitou pr\u00edrodou alebo kult\u00farno-historick\u00fdmi pamiatkami. Absolvujte ich v\u0161etky a&nbsp;ovl\u00e1dnite cel\u00fa Vrch\u00e1rsku korunu Spi\u0161! <\/p>\n\n\n\n<div style=\"height:40px\" aria-hidden=\"true\" class=\"wp-block-spacer\"><\/div>\n\n\n\n<div class=\"wp-block-buttons is-layout-flex wp-container-core-buttons-is-layout-132b0da8 wp-block-buttons-is-layout-flex\">\n<div class=\"wp-block-button is-style-fill\"><a class=\"wp-block-button__link wp-element-button\" href=\"https:\/\/vraji.sk\/ucastnici\/vrcharska_koruna_spis_2026\/\" target=\"_blank\" rel=\"noreferrer noopener\"><strong>Fotogal\u00e9rie \u00fa\u010dastn\u00edkov Vrch\u00e1rskej koruny Spi\u0161 2026<\/strong><\/a><\/div>\n<\/div>\n\n\n\n<div style=\"height:40px\" aria-hidden=\"true\" class=\"wp-block-spacer\"><\/div>\n\n\n\n<h2 class=\"wp-block-heading\">Pravidl\u00e1 v\u00fdzvy<\/h2>\n\n\n\n<p>V\u00fdzva je ur\u010den\u00e1 pre v\u0161etk\u00fdch milovn\u00edkov horskej cyklistiky bez rozdielu veku, pohlavia alebo v\u00fdkonnosti. Zapojenie sa do Vrch\u00e1rskej koruny Spi\u0161 2026 je pre v\u0161etk\u00fdch bezplatn\u00e9, to znamen\u00e1 \u017ee nemus\u00edte hradi\u0165 \u017eiadne \u0161tartovn\u00e9. Z\u00e1rove\u0148 nie je potrebn\u00e9 sa nikam vopred registrova\u0165. \u010cestn\u00fd titul pokorite\u013ea\/pokorite\u013eky Vrch\u00e1rskej koruny Spi\u0161 2026 z\u00edska ka\u017ed\u00fd, kto od 1. apr\u00edla do 30. novembra 2026 zdol\u00e1 na klasickom horskom bicykli (nie e-biku s elektrick\u00fdm pohonom) 20 stanoven\u00fdch cyklisticky atrakt\u00edvnych lokal\u00edt na Spi\u0161i. Ako d\u00f4kaz o ich zdolan\u00ed sl\u00fa\u017eia va\u0161e selfie fotografie z jednotliv\u00fdch miest, ktor\u00e9 n\u00e1m m\u00f4\u017eete zasiela\u0165 na mailov\u00fa adresu Oblastnej organiz\u00e1cie cestovn\u00e9ho ruchu Slovensk\u00fd raj &amp; Spi\u0161,&nbsp;<strong>info@raj-spis.sk<\/strong>. Na ka\u017edej fotografii by malo by\u0165 vidno Va\u0161u tv\u00e1r, bicykel a orienta\u010dn\u00fd objekt v ter\u00e9ne, ktor\u00fd je tie\u017e ku ka\u017edej lokalite uveden\u00fd. Do v\u00fdzvy sa zap\u00e1ja ka\u017ed\u00fd cyklista\/cyklistka jednotlivo (nie skupinky).<\/p>\n\n\n\n<p>Ten, kto \u00faspe\u0161ne absolvuje v\u0161etk\u00fdch 20 lokal\u00edt a po\u0161le n\u00e1m z nich svoje fotografie spolu so svojou po\u0161tovou adresou, od n\u00e1s po ukon\u010den\u00ed v\u00fdzvy z\u00edska diplom \u010destn\u00e9ho absolventa Vrch\u00e1rskej koruny Spi\u0161 2025 spolu s mal\u00fdm vecn\u00fdm dar\u010dekom. Viac inform\u00e1ci\u00ed o celom projekte vrch\u00e1rskych kor\u00fan sa m\u00f4\u017eete do\u010d\u00edta\u0165 na ofici\u00e1lnej webovej str\u00e1nke projektu,&nbsp;<strong><a href=\"http:\/\/www.vk-bike.eu\/\" target=\"_blank\" rel=\"noreferrer noopener\">www.vk-bike.eu<\/a><\/strong>.<\/p>\n\n\n\n<p><em>*Va\u0161e fotografie, ktor\u00e9 n\u00e1m v r\u00e1mci v\u00fdzvy Vrch\u00e1rska koruna Spi\u0161 2025 za\u0161lete, pod\u013ea pravidiel v\u00fdzvy zverejn\u00edme v pr\u00edslu\u0161nej fotogal\u00e9rii na na\u0161ej webovej str\u00e1nke&nbsp;<strong><a href=\"http:\/\/www.vraji.sk\/\" target=\"_blank\" rel=\"noreferrer noopener\">www.vraji.sk<\/a>.<\/strong>&nbsp;Svojim zapojen\u00edm sa do v\u00fdzvy vyjadrujete s\u00fahlas so zverejnen\u00edm fotografi\u00ed. Nebudeme ich vyu\u017e\u00edva\u0165 \u017eiadnym in\u00fdm sp\u00f4sobom a na \u017eiadne in\u00e9 \u00fa\u010dely, ani poskytova\u0165 tret\u00edm stran\u00e1m.<\/em><\/p>\n\n\n\n<div style=\"height:40px\" aria-hidden=\"true\" class=\"wp-block-spacer\"><\/div>\n\n\n\n<h2 class=\"wp-block-heading\">Detsk\u00e1 Vrch\u00e1rska koruna Spi\u0161<\/h2>\n\n\n\n<p>Pre deti do 15 rokov u\u017e po \u0161tvrt\u00fd kr\u00e1t sp\u00fa\u0161\u0165ame Detsk\u00fa vrch\u00e1rsku korunu Spi\u0161. \u00dalohou mal\u00fdch cyklistick\u00fdch nad\u0161encov je zdola\u0165 spolu s dospel\u00fdm doprovodom na bicykli \u013eubovo\u013en\u00fdch 7 lokal\u00edt v\u00fdzvy pod\u013ea vlastn\u00e9ho v\u00fdberu. Po zaslan\u00ed fotografi\u00ed z t\u00fdchto lokal\u00edt na na\u0161u mailov\u00fa adresu&nbsp;<strong>info@raj-spis.sk&nbsp;<\/strong>od n\u00e1s rovnako z\u00edskaj\u00fa \u010destn\u00fd diplom a vecn\u00fa odmenu.<\/p>\n\n\n\n<div style=\"height:40px\" aria-hidden=\"true\" class=\"wp-block-spacer\"><\/div>\n\n\n\n<h2 class=\"wp-block-heading\">S\u00fa\u0165a\u017e o najkraj\u0161iu fotografiu z Vrch\u00e1rskej koruny Spi\u0161<\/h2>\n\n\n\n<p>Popri \u00fa\u010dasti na Vrch\u00e1rskej korune Spi\u0161 2026 v\u00e1s poz\u00fdvame zapoji\u0165 sa aj do s\u00fa\u0165a\u017ee o najkraj\u0161iu fotografiu z va\u0161ich cyklistick\u00fdch potuliek (nie je podmienkou). Ak n\u00e1m popri svojich selfie fotografi\u00e1ch z 20 lokal\u00edt v\u00fdzvy po\u0161lete aj jednu va\u0161u \u201eTOP\u201c fotku z regi\u00f3nu, ktor\u00e1 by vystihovala motto:&nbsp;<strong><em>\u201eVitajte v Cykloregi\u00f3ne Spi\u0161 \u2013 ju\u017en\u00e1 \u010das\u0165!\u201c<\/em><\/strong>, budete zaraden\u00ed do zlosovania o \u010fal\u0161iu hodnotn\u00fa vecn\u00fa cenu od OOCR Slovensk\u00fd raj &amp; Spi\u0161.<\/p>\n\n\n\n<p><em>*Zapojen\u00edm sa do s\u00fa\u0165a\u017ee o najkraj\u0161iu fotografiu z Vrch\u00e1rskej koruny Spi\u0161 autor fotografie ude\u013euje OOCR Slovensk\u00fd raj &amp; Spi\u0161 pr\u00e1vo v bud\u00facnosti pou\u017e\u00edva\u0165 t\u00fato s\u00fa\u0165a\u017en\u00fa fotografiu pre marketingov\u00e9 \u00fa\u010dely a propag\u00e1ciu destin\u00e1cie.<\/em><\/p>\n\n\n\n<p><strong>Prajeme v\u00e1m ve\u013ea \u00faspe\u0161n\u00fdch kilometrov v sedle v\u00e1\u0161ho bicykla a mno\u017estvo kr\u00e1snych z\u00e1\u017eitkov na potulk\u00e1ch na\u0161im regi\u00f3nom!<\/strong><\/p>\n\n\n<div class=\"wp-block-image\">\n<figure class=\"aligncenter size-large\"><img loading=\"lazy\" decoding=\"async\" width=\"1024\" height=\"576\" src=\"https:\/\/vraji.sk\/wp-content\/uploads\/2026\/03\/Rastislav-Zemla-2-1024x576.jpg\" alt=\"\" class=\"wp-image-22903\" srcset=\"https:\/\/vraji.sk\/wp-content\/uploads\/2026\/03\/Rastislav-Zemla-2-1024x576.jpg 1024w, https:\/\/vraji.sk\/wp-content\/uploads\/2026\/03\/Rastislav-Zemla-2-300x169.jpg 300w, https:\/\/vraji.sk\/wp-content\/uploads\/2026\/03\/Rastislav-Zemla-2-768x432.jpg 768w, https:\/\/vraji.sk\/wp-content\/uploads\/2026\/03\/Rastislav-Zemla-2-1536x864.jpg 1536w, https:\/\/vraji.sk\/wp-content\/uploads\/2026\/03\/Rastislav-Zemla-2-2048x1152.jpg 2048w\" sizes=\"auto, (max-width: 1024px) 100vw, 1024px\" \/><\/figure>\n<\/div>\n\n\n<div style=\"height:40px\" aria-hidden=\"true\" class=\"wp-block-spacer\"><\/div>\n\n\n\n<h1 class=\"wp-block-heading\">Zoznam lokal\u00edt Vrch\u00e1rskej koruny Spi\u0161 2026:<\/h1>\n\n\n\n<p><strong>1. Koj\u0161ovsk\u00e1 ho\u013ea<\/strong>, nadmorsk\u00e1 v\u00fd\u0161ka 1246 metrov, GPS s\u00faradnice: N 48.782182\u00b0<br>E 20.987918\u00b0, objekt pre dokumenta\u010dn\u00fa fotku: r\u00e1zcestn\u00edk na vrchole Koj\u0161ovskej hole. <\/p>\n\n\n\n<p><strong>2. Golgota<\/strong>, nadmorsk\u00e1 v\u00fd\u0161ka 1040 metrov, GPS s\u00faradnice: N 48.7751178\u00b0<br>E 20.9861339\u00b0, objekt pre dokumenta\u010dn\u00fa fotku: r\u00e1zcestn\u00edk \/ vrchn\u00e1 stanica ly\u017eiarskeho vleku.<\/p>\n\n\n\n<p><strong>3. Rozh\u013ead\u0148a Green Point<\/strong>, nadmorsk\u00e1 v\u00fd\u0161ka 685 metrov, GPS s\u00faradnice: N 48,937547\u00b0<br>E 20,959017\u00b0, objekt pre dokumenta\u010dn\u00fa fotku: pri vstupne na rozh\u013ead\u0148u + foto z\u00e1pisu do KNIHY N\u00c1V\u0160TEV.<\/p>\n\n\n\n<p><strong>4. Pam\u00e4tn\u00e1 tabu\u013ea Miroslav Vilk na Gerav\u00e1ch<\/strong>, nadmorsk\u00e1 v\u00fd\u0161ka 1058 metrov, GPS s\u00faradnice: N 48,883961\u00b0 E 20,404003\u00b0, objekt pre dokumenta\u010dn\u00fa fotku: pam\u00e4tn\u00e1 tabu\u013ea (pri trase).<\/p>\n\n\n\n<p><strong>5. Glac, b\u00fdval\u00e1 hor\u00e1re\u0148<\/strong>, nadmorsk\u00e1 v\u00fd\u0161ka 990 metrov, GPS s\u00faradnice: N 48,910513\u00b0<br>E 20,388701\u00b0, objekt pre dokumenta\u010dn\u00fa fotku: stud\u0148a. <\/p>\n\n\n\n<p><strong>6. Po\u013eovn\u00edcka chata Galmus<\/strong>, nadmorsk\u00e1 v\u00fd\u0161ka 740 metrov, GPS s\u00faradnice: N 48,900423\u00b0<br>E 20,827880\u00b0, objekt pre dokumenta\u010dn\u00fa fotku: infopanel Galmus. <\/p>\n\n\n\n<p><strong>7. Kl\u00e1\u0161torisko &#8211; Kartuzi\u00e1nsky kl\u00e1\u0161tor<\/strong>, nadmorsk\u00e1 v\u00fd\u0161ka 765 metrov, GPS s\u00faradnice: N 48,944349\u00b0<br>E 20,421038\u00b0, objekt pre dokumenta\u010dn\u00fa fotku: infotabu\u013ea pri Kl\u00e1\u0161tore. <\/p>\n\n\n\n<p><strong>8. Bik\u0161ova l\u00faka<\/strong>, nadmorsk\u00e1 v\u00fd\u0161ka 593 metrov, GPS s\u00faradnice: N 48,927725\u00b0<br>E 20,491642\u00b0, objekt pre dokumenta\u010dn\u00fa fotku: turistick\u00fd a cykloturistick\u00fd r\u00e1zcestn\u00edk. <\/p>\n\n\n\n<p><strong>9. G\u00e1pe\u013e (chata, jazierko)<\/strong>, nadmorsk\u00e1 v\u00fd\u0161ka 934 metrov, GPS s\u00faradnice: N 48,849176\u00b0<br>E 20,340474\u00b0, objekt pre dokumenta\u010dn\u00fa fotku: chata.<\/p>\n\n\n\n<p><strong>10. Smi\u017eianska kalv\u00e1ria<\/strong>, nadmorsk\u00e1 v\u00fd\u0161ka 554 metrov, GPS s\u00faradnice: N 48,970034\u00b0<br>E 20,524310\u00b0, objekt pre dokumenta\u010dn\u00fa fotku: tri kr\u00ed\u017ee a bo\u017eie muky. <\/p>\n\n\n\n<p><strong>11. Sauna Kadlubek<\/strong>, nadmorsk\u00e1 v\u00fd\u0161ka 498 metrov, GPS s\u00faradnice: GPS s\u00faradnice: N 48,966692\u00b0<br>E 20,566439\u00b0, objekt pre dokumenta\u010dn\u00fa fotku: sauna v pozad\u00ed. <\/p>\n\n\n\n<p><strong>12. Vojtechova samota &#8211; Chata Lanovka<\/strong>, nadmorsk\u00e1 v\u00fd\u0161ka 816 metrov. GPS s\u00faradnice: N 48,887755\u00b0 E 20,465364\u00b0, objekt pre dokumenta\u010dn\u00fa fotku: jazierko v pozad\u00ed. <\/p>\n\n\n\n<p><strong>13. \u00dapravne a pra\u017eiace pece v Bindte<\/strong>, nadmorsk\u00e1 v\u00fd\u0161ka 600 metrov, GPS s\u00faradnice: N 48,874125\u00b0 E 20,582501\u00b0, objekt pre dokumenta\u010dn\u00fa fotku: infopanel.<\/p>\n\n\n\n<p><strong>14. Bo\u017eie muky &#8211; v\u00fdklenkov\u00e1 kaplnka (Ilia\u0161ovce)<\/strong>, nadmorsk\u00e1 v\u00fd\u0161ka 585 metrov, GPS s\u00faradnice: N 48,994951\u00b0 E 20,509399\u00b0, objekt pre dokumenta\u010dn\u00fa fotku: bo\u017eie muky v pozad\u00ed. <\/p>\n\n\n\n<p><strong>15. Chata Hrby<\/strong>, nadmorsk\u00e1 v\u00fd\u0161ka 888 metrov, GPS s\u00faradnice: N 49.083592\u00b0 E 20.654075\u00b0, objekt pre dokumenta\u010dn\u00fa fotku: chata v pozad\u00ed. <\/p>\n\n\n\n<p><strong>16. Obri v Raji &#8211; z\u00e1\u017eitkov\u00fd lom pri Hnil\u010d\u00edku<\/strong>, nadmorsk\u00e1 v\u00fd\u0161ka 850 metrov, GPS s\u00faradnice: N 48.872590\u00b0 E 20.524208\u00b0, objekt pre dokumenta\u010dn\u00fa fotku: dreven\u00ed obri. <\/p>\n\n\n\n<p><strong>17. Chata Vinn\u00e1<\/strong>, nadmorsk\u00e1 v\u00fd\u0161ka 1188 metrov, GPS s\u00faradnice: N 49.128790\u00b0 E 20.628137\u00b0, objekt pre dokumenta\u010dn\u00fa fotku: chata v pozad\u00ed. <\/p>\n\n\n\n<p><strong>18. Spi\u0161sk\u00fd \u0160tvrtok &#8211; Kaplnka Nanebovzatia Panny M\u00e1rie (kaplnka Z\u00e1po\u013esk\u00fdch)<\/strong>, nadmorsk\u00e1 v\u00fd\u0161ka 565 metrov, GPS s\u00faradnice: N 49.002383\u00b0 E 20.463033\u00b0, objekt pre dokumenta\u010dn\u00fa fotku: kaplnka v pozad\u00ed. <\/p>\n\n\n\n<p><strong>19. M\u00fazeum v are\u00e1li Cs\u00e1kyho ka\u0161tie\u013ea v Bijacovciach<\/strong>, nadmorsk\u00e1 v\u00fd\u0161ka 508 metrov, GPS s\u00faradnice: N49.02101\u00b0 E20.79403\u00b0, objekt pre dokumenta\u010dn\u00fa fotku: n\u00e1dvorie ka\u0161tie\u013ea. <\/p>\n\n\n\n<p><strong>20. Podpro\u010d &#8211; Kostol sv. Cyrila a Metoda<\/strong>, nadmorsk\u00e1 v\u00fd\u0161ka 774 metrov, GPS s\u00faradnice: N49.06318\u00b0 E20.77043\u00b0, objekt pre dokumenta\u010dn\u00fa fotku: kostol. <\/p>\n\n\n\n<div style=\"height:40px\" aria-hidden=\"true\" class=\"wp-block-spacer\"><\/div>\n\n\n\n<h1 class=\"wp-block-heading\"><a href=\"https:\/\/vraji.sk\/wp-content\/uploads\/2026\/03\/VK_Spis_2026_ver_konecna.pdf\" target=\"_blank\" rel=\"noreferrer noopener\">Kompletn\u00e1 tabu\u013eka vrcholov Vrch\u00e1rskej koruny Spi\u0161 2026 na stiahnutie TU<\/a>.<\/h1>\n\n\n\n<p><\/p>\n","protected":false},"excerpt":{"rendered":"<p>Mil\u00ed priatelia horskej cyklistiky, poz\u00fdvame v\u00e1s zapoji\u0165 sa do 7. ro\u010dn\u00edka horskej cyklistickej <\/p>\n","protected":false},"author":52,"featured_media":22898,"comment_status":"closed","ping_status":"open","sticky":false,"template":"","format":"standard","meta":{"_acf_changed":false,"footnotes":""},"categories":[1],"tags":[240],"class_list":["post-22897","post","type-post","status-publish","format-standard","has-post-thumbnail","hentry","category-uncategorized-sk","tag-vrcharska-koruna-spis"],"acf":[],"yoast_head":"<!-- This site is optimized with the Yoast SEO plugin v27.4 - https:\/\/yoast.com\/product\/yoast-seo-wordpress\/ -->\n<title>Vrch\u00e1rska koruna Spi\u0161 2026 - OOCR<\/title>\n<meta name=\"description\" content=\"Nasadnite na bicykel, zdolajte 20 atrakt\u00edvnych vrcholov a lokal\u00edt ju\u017en\u00e9ho Spi\u0161a a sta\u0148te sa hrd\u00fdmi pokorite\u013emi Vrch\u00e1rskej koruny Spi\u0161 2026!\" \/>\n<meta name=\"robots\" content=\"index, follow, max-snippet:-1, max-image-preview:large, max-video-preview:-1\" \/>\n<link rel=\"canonical\" href=\"https:\/\/vraji.sk\/pl\/vrcharska-koruna-spis-2026\/\" \/>\n<meta property=\"og:locale\" content=\"pl_PL\" \/>\n<meta property=\"og:type\" content=\"article\" \/>\n<meta property=\"og:title\" content=\"Vrch\u00e1rska koruna Spi\u0161 2026 - OOCR\" \/>\n<meta property=\"og:description\" content=\"Nasadnite na bicykel, zdolajte 20 atrakt\u00edvnych vrcholov a lokal\u00edt ju\u017en\u00e9ho Spi\u0161a a sta\u0148te sa hrd\u00fdmi pokorite\u013emi Vrch\u00e1rskej koruny Spi\u0161 2026!\" \/>\n<meta property=\"og:url\" content=\"https:\/\/vraji.sk\/pl\/vrcharska-koruna-spis-2026\/\" \/>\n<meta property=\"og:site_name\" content=\"OOCR\" \/>\n<meta property=\"article:published_time\" content=\"2026-03-30T21:48:24+00:00\" \/>\n<meta property=\"article:modified_time\" content=\"2026-03-31T22:32:08+00:00\" \/>\n<meta property=\"og:image\" content=\"https:\/\/vraji.sk\/wp-content\/uploads\/2026\/03\/Top-foto-VKS-2025-scaled.jpg\" \/>\n\t<meta property=\"og:image:width\" content=\"2560\" \/>\n\t<meta property=\"og:image:height\" content=\"1152\" \/>\n\t<meta property=\"og:image:type\" content=\"image\/jpeg\" \/>\n<meta name=\"author\" content=\"OOCR\" \/>\n<meta name=\"twitter:card\" content=\"summary_large_image\" \/>\n<meta name=\"twitter:label1\" content=\"Napisane przez\" \/>\n\t<meta name=\"twitter:data1\" content=\"OOCR\" \/>\n\t<meta name=\"twitter:label2\" content=\"Szacowany czas czytania\" \/>\n\t<meta name=\"twitter:data2\" content=\"6 minut\" \/>\n<script type=\"application\/ld+json\" class=\"yoast-schema-graph\">{\"@context\":\"https:\\\/\\\/schema.org\",\"@graph\":[{\"@type\":\"Article\",\"@id\":\"https:\\\/\\\/vraji.sk\\\/pl\\\/vrcharska-koruna-spis-2026\\\/#article\",\"isPartOf\":{\"@id\":\"https:\\\/\\\/vraji.sk\\\/pl\\\/vrcharska-koruna-spis-2026\\\/\"},\"author\":{\"name\":\"OOCR\",\"@id\":\"https:\\\/\\\/vraji.sk\\\/pl\\\/#\\\/schema\\\/person\\\/6ba5da72601ea4018533f90f796d4530\"},\"headline\":\"Vrch\u00e1rska koruna Spi\u0161 2026\",\"datePublished\":\"2026-03-30T21:48:24+00:00\",\"dateModified\":\"2026-03-31T22:32:08+00:00\",\"mainEntityOfPage\":{\"@id\":\"https:\\\/\\\/vraji.sk\\\/pl\\\/vrcharska-koruna-spis-2026\\\/\"},\"wordCount\":1271,\"publisher\":{\"@id\":\"https:\\\/\\\/vraji.sk\\\/pl\\\/#organization\"},\"image\":{\"@id\":\"https:\\\/\\\/vraji.sk\\\/pl\\\/vrcharska-koruna-spis-2026\\\/#primaryimage\"},\"thumbnailUrl\":\"https:\\\/\\\/vraji.sk\\\/wp-content\\\/uploads\\\/2026\\\/03\\\/Top-foto-VKS-2025-scaled.jpg\",\"keywords\":[\"Vrch\u00e1rska koruna Spi\u0161\"],\"articleSection\":[\"Uncategorized @sk\"],\"inLanguage\":\"pl-PL\"},{\"@type\":\"WebPage\",\"@id\":\"https:\\\/\\\/vraji.sk\\\/pl\\\/vrcharska-koruna-spis-2026\\\/\",\"url\":\"https:\\\/\\\/vraji.sk\\\/pl\\\/vrcharska-koruna-spis-2026\\\/\",\"name\":\"Vrch\u00e1rska koruna Spi\u0161 2026 - OOCR\",\"isPartOf\":{\"@id\":\"https:\\\/\\\/vraji.sk\\\/pl\\\/#website\"},\"primaryImageOfPage\":{\"@id\":\"https:\\\/\\\/vraji.sk\\\/pl\\\/vrcharska-koruna-spis-2026\\\/#primaryimage\"},\"image\":{\"@id\":\"https:\\\/\\\/vraji.sk\\\/pl\\\/vrcharska-koruna-spis-2026\\\/#primaryimage\"},\"thumbnailUrl\":\"https:\\\/\\\/vraji.sk\\\/wp-content\\\/uploads\\\/2026\\\/03\\\/Top-foto-VKS-2025-scaled.jpg\",\"datePublished\":\"2026-03-30T21:48:24+00:00\",\"dateModified\":\"2026-03-31T22:32:08+00:00\",\"description\":\"Nasadnite na bicykel, zdolajte 20 atrakt\u00edvnych vrcholov a lokal\u00edt ju\u017en\u00e9ho Spi\u0161a a sta\u0148te sa hrd\u00fdmi pokorite\u013emi Vrch\u00e1rskej koruny Spi\u0161 2026!\",\"breadcrumb\":{\"@id\":\"https:\\\/\\\/vraji.sk\\\/pl\\\/vrcharska-koruna-spis-2026\\\/#breadcrumb\"},\"inLanguage\":\"pl-PL\",\"potentialAction\":[{\"@type\":\"ReadAction\",\"target\":[\"https:\\\/\\\/vraji.sk\\\/pl\\\/vrcharska-koruna-spis-2026\\\/\"]}]},{\"@type\":\"ImageObject\",\"inLanguage\":\"pl-PL\",\"@id\":\"https:\\\/\\\/vraji.sk\\\/pl\\\/vrcharska-koruna-spis-2026\\\/#primaryimage\",\"url\":\"https:\\\/\\\/vraji.sk\\\/wp-content\\\/uploads\\\/2026\\\/03\\\/Top-foto-VKS-2025-scaled.jpg\",\"contentUrl\":\"https:\\\/\\\/vraji.sk\\\/wp-content\\\/uploads\\\/2026\\\/03\\\/Top-foto-VKS-2025-scaled.jpg\",\"width\":2560,\"height\":1152},{\"@type\":\"BreadcrumbList\",\"@id\":\"https:\\\/\\\/vraji.sk\\\/pl\\\/vrcharska-koruna-spis-2026\\\/#breadcrumb\",\"itemListElement\":[{\"@type\":\"ListItem\",\"position\":1,\"name\":\"Home\",\"item\":\"https:\\\/\\\/vraji.sk\\\/pl\\\/strona-glowna\\\/\"},{\"@type\":\"ListItem\",\"position\":2,\"name\":\"Vrch\u00e1rska koruna Spi\u0161 2026\"}]},{\"@type\":\"WebSite\",\"@id\":\"https:\\\/\\\/vraji.sk\\\/pl\\\/#website\",\"url\":\"https:\\\/\\\/vraji.sk\\\/pl\\\/\",\"name\":\"OOCR\",\"description\":\"Regi\u00f3n Slovensk\u00fd raj a Spi\u0161 | Z\u00e1\u017eitky, turistika, hist\u00f3ria | vRaji.sk\",\"publisher\":{\"@id\":\"https:\\\/\\\/vraji.sk\\\/pl\\\/#organization\"},\"potentialAction\":[{\"@type\":\"SearchAction\",\"target\":{\"@type\":\"EntryPoint\",\"urlTemplate\":\"https:\\\/\\\/vraji.sk\\\/pl\\\/?s={search_term_string}\"},\"query-input\":{\"@type\":\"PropertyValueSpecification\",\"valueRequired\":true,\"valueName\":\"search_term_string\"}}],\"inLanguage\":\"pl-PL\"},{\"@type\":\"Organization\",\"@id\":\"https:\\\/\\\/vraji.sk\\\/pl\\\/#organization\",\"name\":\"OOCR\",\"url\":\"https:\\\/\\\/vraji.sk\\\/pl\\\/\",\"logo\":{\"@type\":\"ImageObject\",\"inLanguage\":\"pl-PL\",\"@id\":\"https:\\\/\\\/vraji.sk\\\/pl\\\/#\\\/schema\\\/logo\\\/image\\\/\",\"url\":\"https:\\\/\\\/vraji.sk\\\/wp-content\\\/uploads\\\/2021\\\/11\\\/biele-logo-1.svg\",\"contentUrl\":\"https:\\\/\\\/vraji.sk\\\/wp-content\\\/uploads\\\/2021\\\/11\\\/biele-logo-1.svg\",\"caption\":\"OOCR\"},\"image\":{\"@id\":\"https:\\\/\\\/vraji.sk\\\/pl\\\/#\\\/schema\\\/logo\\\/image\\\/\"}},{\"@type\":\"Person\",\"@id\":\"https:\\\/\\\/vraji.sk\\\/pl\\\/#\\\/schema\\\/person\\\/6ba5da72601ea4018533f90f796d4530\",\"name\":\"OOCR\",\"image\":{\"@type\":\"ImageObject\",\"inLanguage\":\"pl-PL\",\"@id\":\"https:\\\/\\\/secure.gravatar.com\\\/avatar\\\/254aa66d580269ab31c41bb5eb446b00d03ea31eab4a58840a0e31f2890e31c4?s=96&d=mm&r=g\",\"url\":\"https:\\\/\\\/secure.gravatar.com\\\/avatar\\\/254aa66d580269ab31c41bb5eb446b00d03ea31eab4a58840a0e31f2890e31c4?s=96&d=mm&r=g\",\"contentUrl\":\"https:\\\/\\\/secure.gravatar.com\\\/avatar\\\/254aa66d580269ab31c41bb5eb446b00d03ea31eab4a58840a0e31f2890e31c4?s=96&d=mm&r=g\",\"caption\":\"OOCR\"},\"url\":\"https:\\\/\\\/vraji.sk\\\/pl\\\/author\\\/oocr-info\\\/\"}]}<\/script>\n<!-- \/ Yoast SEO plugin. -->","yoast_head_json":{"title":"Vrch\u00e1rska koruna Spi\u0161 2026 - OOCR","description":"Nasadnite na bicykel, zdolajte 20 atrakt\u00edvnych vrcholov a lokal\u00edt ju\u017en\u00e9ho Spi\u0161a a sta\u0148te sa hrd\u00fdmi pokorite\u013emi Vrch\u00e1rskej koruny Spi\u0161 2026!","robots":{"index":"index","follow":"follow","max-snippet":"max-snippet:-1","max-image-preview":"max-image-preview:large","max-video-preview":"max-video-preview:-1"},"canonical":"https:\/\/vraji.sk\/pl\/vrcharska-koruna-spis-2026\/","og_locale":"pl_PL","og_type":"article","og_title":"Vrch\u00e1rska koruna Spi\u0161 2026 - OOCR","og_description":"Nasadnite na bicykel, zdolajte 20 atrakt\u00edvnych vrcholov a lokal\u00edt ju\u017en\u00e9ho Spi\u0161a a sta\u0148te sa hrd\u00fdmi pokorite\u013emi Vrch\u00e1rskej koruny Spi\u0161 2026!","og_url":"https:\/\/vraji.sk\/pl\/vrcharska-koruna-spis-2026\/","og_site_name":"OOCR","article_published_time":"2026-03-30T21:48:24+00:00","article_modified_time":"2026-03-31T22:32:08+00:00","og_image":[{"width":2560,"height":1152,"url":"https:\/\/vraji.sk\/wp-content\/uploads\/2026\/03\/Top-foto-VKS-2025-scaled.jpg","type":"image\/jpeg"}],"author":"OOCR","twitter_card":"summary_large_image","twitter_misc":{"Napisane przez":"OOCR","Szacowany czas czytania":"6 minut"},"schema":{"@context":"https:\/\/schema.org","@graph":[{"@type":"Article","@id":"https:\/\/vraji.sk\/pl\/vrcharska-koruna-spis-2026\/#article","isPartOf":{"@id":"https:\/\/vraji.sk\/pl\/vrcharska-koruna-spis-2026\/"},"author":{"name":"OOCR","@id":"https:\/\/vraji.sk\/pl\/#\/schema\/person\/6ba5da72601ea4018533f90f796d4530"},"headline":"Vrch\u00e1rska koruna Spi\u0161 2026","datePublished":"2026-03-30T21:48:24+00:00","dateModified":"2026-03-31T22:32:08+00:00","mainEntityOfPage":{"@id":"https:\/\/vraji.sk\/pl\/vrcharska-koruna-spis-2026\/"},"wordCount":1271,"publisher":{"@id":"https:\/\/vraji.sk\/pl\/#organization"},"image":{"@id":"https:\/\/vraji.sk\/pl\/vrcharska-koruna-spis-2026\/#primaryimage"},"thumbnailUrl":"https:\/\/vraji.sk\/wp-content\/uploads\/2026\/03\/Top-foto-VKS-2025-scaled.jpg","keywords":["Vrch\u00e1rska koruna Spi\u0161"],"articleSection":["Uncategorized @sk"],"inLanguage":"pl-PL"},{"@type":"WebPage","@id":"https:\/\/vraji.sk\/pl\/vrcharska-koruna-spis-2026\/","url":"https:\/\/vraji.sk\/pl\/vrcharska-koruna-spis-2026\/","name":"Vrch\u00e1rska koruna Spi\u0161 2026 - OOCR","isPartOf":{"@id":"https:\/\/vraji.sk\/pl\/#website"},"primaryImageOfPage":{"@id":"https:\/\/vraji.sk\/pl\/vrcharska-koruna-spis-2026\/#primaryimage"},"image":{"@id":"https:\/\/vraji.sk\/pl\/vrcharska-koruna-spis-2026\/#primaryimage"},"thumbnailUrl":"https:\/\/vraji.sk\/wp-content\/uploads\/2026\/03\/Top-foto-VKS-2025-scaled.jpg","datePublished":"2026-03-30T21:48:24+00:00","dateModified":"2026-03-31T22:32:08+00:00","description":"Nasadnite na bicykel, zdolajte 20 atrakt\u00edvnych vrcholov a lokal\u00edt ju\u017en\u00e9ho Spi\u0161a a sta\u0148te sa hrd\u00fdmi pokorite\u013emi Vrch\u00e1rskej koruny Spi\u0161 2026!","breadcrumb":{"@id":"https:\/\/vraji.sk\/pl\/vrcharska-koruna-spis-2026\/#breadcrumb"},"inLanguage":"pl-PL","potentialAction":[{"@type":"ReadAction","target":["https:\/\/vraji.sk\/pl\/vrcharska-koruna-spis-2026\/"]}]},{"@type":"ImageObject","inLanguage":"pl-PL","@id":"https:\/\/vraji.sk\/pl\/vrcharska-koruna-spis-2026\/#primaryimage","url":"https:\/\/vraji.sk\/wp-content\/uploads\/2026\/03\/Top-foto-VKS-2025-scaled.jpg","contentUrl":"https:\/\/vraji.sk\/wp-content\/uploads\/2026\/03\/Top-foto-VKS-2025-scaled.jpg","width":2560,"height":1152},{"@type":"BreadcrumbList","@id":"https:\/\/vraji.sk\/pl\/vrcharska-koruna-spis-2026\/#breadcrumb","itemListElement":[{"@type":"ListItem","position":1,"name":"Home","item":"https:\/\/vraji.sk\/pl\/strona-glowna\/"},{"@type":"ListItem","position":2,"name":"Vrch\u00e1rska koruna Spi\u0161 2026"}]},{"@type":"WebSite","@id":"https:\/\/vraji.sk\/pl\/#website","url":"https:\/\/vraji.sk\/pl\/","name":"OOCR","description":"Regi\u00f3n Slovensk\u00fd raj a Spi\u0161 | Z\u00e1\u017eitky, turistika, hist\u00f3ria | vRaji.sk","publisher":{"@id":"https:\/\/vraji.sk\/pl\/#organization"},"potentialAction":[{"@type":"SearchAction","target":{"@type":"EntryPoint","urlTemplate":"https:\/\/vraji.sk\/pl\/?s={search_term_string}"},"query-input":{"@type":"PropertyValueSpecification","valueRequired":true,"valueName":"search_term_string"}}],"inLanguage":"pl-PL"},{"@type":"Organization","@id":"https:\/\/vraji.sk\/pl\/#organization","name":"OOCR","url":"https:\/\/vraji.sk\/pl\/","logo":{"@type":"ImageObject","inLanguage":"pl-PL","@id":"https:\/\/vraji.sk\/pl\/#\/schema\/logo\/image\/","url":"https:\/\/vraji.sk\/wp-content\/uploads\/2021\/11\/biele-logo-1.svg","contentUrl":"https:\/\/vraji.sk\/wp-content\/uploads\/2021\/11\/biele-logo-1.svg","caption":"OOCR"},"image":{"@id":"https:\/\/vraji.sk\/pl\/#\/schema\/logo\/image\/"}},{"@type":"Person","@id":"https:\/\/vraji.sk\/pl\/#\/schema\/person\/6ba5da72601ea4018533f90f796d4530","name":"OOCR","image":{"@type":"ImageObject","inLanguage":"pl-PL","@id":"https:\/\/secure.gravatar.com\/avatar\/254aa66d580269ab31c41bb5eb446b00d03ea31eab4a58840a0e31f2890e31c4?s=96&d=mm&r=g","url":"https:\/\/secure.gravatar.com\/avatar\/254aa66d580269ab31c41bb5eb446b00d03ea31eab4a58840a0e31f2890e31c4?s=96&d=mm&r=g","contentUrl":"https:\/\/secure.gravatar.com\/avatar\/254aa66d580269ab31c41bb5eb446b00d03ea31eab4a58840a0e31f2890e31c4?s=96&d=mm&r=g","caption":"OOCR"},"url":"https:\/\/vraji.sk\/pl\/author\/oocr-info\/"}]}},"_links":{"self":[{"href":"https:\/\/vraji.sk\/pl\/wp-json\/wp\/v2\/posts\/22897","targetHints":{"allow":["GET"]}}],"collection":[{"href":"https:\/\/vraji.sk\/pl\/wp-json\/wp\/v2\/posts"}],"about":[{"href":"https:\/\/vraji.sk\/pl\/wp-json\/wp\/v2\/types\/post"}],"author":[{"embeddable":true,"href":"https:\/\/vraji.sk\/pl\/wp-json\/wp\/v2\/users\/52"}],"replies":[{"embeddable":true,"href":"https:\/\/vraji.sk\/pl\/wp-json\/wp\/v2\/comments?post=22897"}],"version-history":[{"count":6,"href":"https:\/\/vraji.sk\/pl\/wp-json\/wp\/v2\/posts\/22897\/revisions"}],"predecessor-version":[{"id":22931,"href":"https:\/\/vraji.sk\/pl\/wp-json\/wp\/v2\/posts\/22897\/revisions\/22931"}],"wp:featuredmedia":[{"embeddable":true,"href":"https:\/\/vraji.sk\/pl\/wp-json\/wp\/v2\/media\/22898"}],"wp:attachment":[{"href":"https:\/\/vraji.sk\/pl\/wp-json\/wp\/v2\/media?parent=22897"}],"wp:term":[{"taxonomy":"category","embeddable":true,"href":"https:\/\/vraji.sk\/pl\/wp-json\/wp\/v2\/categories?post=22897"},{"taxonomy":"post_tag","embeddable":true,"href":"https:\/\/vraji.sk\/pl\/wp-json\/wp\/v2\/tags?post=22897"}],"curies":[{"name":"wp","href":"https:\/\/api.w.org\/{rel}","templated":true}]}}