{"id":9526,"date":"2022-04-01T10:03:09","date_gmt":"2022-04-01T10:03:09","guid":{"rendered":"https:\/\/vraji.sk\/?p=9526"},"modified":"2023-01-13T11:26:18","modified_gmt":"2023-01-13T11:26:18","slug":"kuriazuzana","status":"publish","type":"post","link":"https:\/\/vraji.sk\/pl\/kuriazuzana\/","title":{"rendered":"Obnova K\u00farie Zuzana v Marku\u0161ovciach"},"content":{"rendered":"\n<figure class=\"wp-block-image size-large is-style-rounded\"><img loading=\"lazy\" decoding=\"async\" width=\"1024\" height=\"683\" src=\"https:\/\/vraji.sk\/wp-content\/uploads\/2022\/04\/Na-web-1-1024x683.jpg\" alt=\"\" class=\"wp-image-9529\" srcset=\"https:\/\/vraji.sk\/wp-content\/uploads\/2022\/04\/Na-web-1-1024x683.jpg 1024w, https:\/\/vraji.sk\/wp-content\/uploads\/2022\/04\/Na-web-1-300x200.jpg 300w, https:\/\/vraji.sk\/wp-content\/uploads\/2022\/04\/Na-web-1-768x512.jpg 768w, https:\/\/vraji.sk\/wp-content\/uploads\/2022\/04\/Na-web-1.jpg 1500w\" sizes=\"auto, (max-width: 1024px) 100vw, 1024px\" \/><\/figure>\n\n\n\n<p><strong><em>M\u00fazeum Spi\u0161a v Spi\u0161skej Novej Vsi v roku 2020 uspelo s projektom na rekon\u0161trukciu historickej hospod\u00e1rskej k\u00farie v are\u00e1li franc\u00fazskeho parku pri ka\u0161tieli a letohr\u00e1dku Dardanely v Marku\u0161ovciach.  O projekte, jeho cie\u013eoch a priebehu n\u00e1m prezradila viac pani riadite\u013eka M\u00fazea Spi\u0161a, Zuzana Krempask\u00e1.  <\/em><\/strong><\/p>\n\n\n\n<div class=\"row\">\n    <div class=\"col\">\n        <hr class=\"mt-45 mb-45\">\n    <\/div>\n<\/div>\n\n\n<p class=\"has-text-align-left\">&#8222;M\u00fazeum Spi\u0161a v&nbsp;Spi\u0161skej Novej Vsi sa svoj\u00edm projektom K\u00faria Zuzana \u2013 z\u00e1\u017eitok v&nbsp;m\u00fazeu stalo prij\u00edmate\u013eom&nbsp;grantu podporen\u00e9ho&nbsp;z&nbsp;Finan\u010dn\u00e9ho mechanizmu&nbsp;Eur\u00f3pskeho hospod\u00e1rskeho priestoru a&nbsp;N\u00f3rskeho mechanizmu, \u0160t\u00e1tneho rozpo\u010dtu SR a&nbsp;rozpo\u010dtu Ko\u0161ick\u00e9ho samospr\u00e1vneho kraja, ktor\u00fd je zria\u010fovate\u013eom M\u00fazea Spi\u0161a. Spolu s&nbsp;partnermi projektu, ktor\u00fdmi s\u00fa OOCR Slovensk\u00fd raj \u2013 Spi\u0161, Stredn\u00e1 odborn\u00e1 \u0161kola drev\u00e1rska v&nbsp;SNV a&nbsp;zahrani\u010dn\u00fd partner spolo\u010dnos\u0165 Gagarin z&nbsp;Islandu, zrealizuj\u00fa projekt do apr\u00edla 2024.<\/p>\n\n\n\n<p class=\"has-text-align-left\">V\u0161etci \u00fa\u010dastn\u00edci projektu spolupracuj\u00fa s&nbsp;riadiacim org\u00e1nom, ktor\u00fdm je MIRRaI (Ministerstvo invest\u00edci\u00ed region\u00e1lneho rozvoja a&nbsp;informatiz\u00e1cie, ale s donorom z&nbsp;N\u00f3rska.<\/p>\n\n\n\n<p class=\"has-text-align-left\"><strong>Z\u00e1merom a&nbsp;cie\u013eom projektu je:<\/strong><\/p>\n\n\n\n<p class=\"has-text-align-left\">&#8211; z\u00e1chrana N\u00e1rodnej kult\u00farnej pamiatky \u2013 Hospod\u00e1rskej budovy pri ka\u0161tieli v Marku\u0161ovciach, jej rekon\u0161trukcia a&nbsp;uvedenie budovy do dobr\u00e9ho stavebno-technick\u00e9ho stavu, \u010do je&nbsp; podmienkou pre&nbsp; realiz\u00e1ciu infra\u0161trukt\u00fary v&nbsp;zmysle projektu;<\/p>\n\n\n\n<p class=\"has-text-align-left\">&#8211; v\u00fdsledkom rekon\u0161trukcie bude polyfunk\u010dn\u00fd kult\u00farny objekt s&nbsp;variabilitou vyu\u017eitia priestorov pre n\u00e1v\u0161tevn\u00edkov a&nbsp;zamestnancov. Rekon\u0161trukcia im zabezpe\u010d\u00ed komfort a&nbsp;eur\u00f3psky \u0161tandard. Z\u00e1rove\u0148 umo\u017en\u00ed realiz\u00e1ciu&nbsp;pl\u00e1novan\u00fdch aktiv\u00edt charakterizovan\u00fdch&nbsp;v&nbsp;predkladanom projekte;<\/p>\n\n\n\n<p class=\"has-text-align-left\">&#8211;&nbsp;nov\u00e9 expoz\u00edcie a&nbsp;programy poskytn\u00fa nov\u00fd poh\u013ead na m\u00fazeum a&nbsp;jeho vyu\u017eitie, nov\u00fd sp\u00f4sob vzdel\u00e1vania a prezent\u00e1cie z\u00e1\u017eitku. Vyu\u017eitie&nbsp;virtu\u00e1lnej reality n\u00e1m sprostredkuje&nbsp;<strong>personaliz\u00e1ciu&nbsp; historickej zbierky<\/strong>. Historick\u00e1 postava vyst\u00fapi a&nbsp;stane sa rozpr\u00e1va\u010dom. Nov\u00e1 forma prezent\u00e1cie, ktor\u00e1 napoj\u00ed n\u00e1v\u0161tevn\u00edka na vlastn\u00e9 z\u00e1\u017eitky. <strong>Zapojen\u00edm v\u0161etk\u00fdch zmyslov &#8211; dobov\u00e1 hudba, odev, remeslo&#8230; &#8211; vr\u00e1time n\u00e1v\u0161tevn\u00edka v&nbsp;\u010dase na p\u00f4vodnom mieste (autenticita).<\/strong><\/p>\n\n\n\n<p class=\"has-text-align-left\">Grant&nbsp;n\u00e1m pom\u00f4\u017ee zhodnoti\u0165 potenci\u00e1l cel\u00e9ho are\u00e1lu&nbsp;v&nbsp;Marku\u0161ovciach a pon\u00faknu\u0165 n\u00e1v\u0161tevn\u00edkom slu\u017eby eur\u00f3pskej \u00farovne. Projekt k\u00faria Zuzana je prste\u0148om, ktor\u00fd spoj\u00ed klenoty ka\u0161tie\u013e a&nbsp;letohr\u00e1dok Dardanely s&nbsp;ich expoz\u00edciami, prinesie o\u017eivenie cel\u00e9ho are\u00e1lu a zv\u00fd\u0161enie n\u00e1v\u0161tevnosti.<\/p>\n\n\n\n<p class=\"has-text-align-left\">D\u00f4le\u017eit\u00fdm krokom je spolupr\u00e1ca s&nbsp;partnermi, zapojenie mlad\u00fdch \u013eud\u00ed, obyvate\u013eov regi\u00f3nu, marginalizovan\u00fdch skup\u00edn tak, aby sa stali akt\u00edvnou s\u00fa\u010das\u0165ou a&nbsp;tvorcami projektu K\u00faria Zuzana \u2013 z\u00e1\u017eitok v m\u00fazeu.<\/p>\n\n\n\n<p class=\"has-text-align-left\">Ver\u00edme, \u017ee sa n\u00e1m spolo\u010dne&nbsp;podar\u00ed naplni\u0165 toto poslanie a&nbsp;\u017ee sa u\u017e v&nbsp;roku 2024 stretneme v&nbsp;rekon\u0161truovanej K\u00farii Zuzana, na prehliadke nov\u00fdch expoz\u00edci\u00ed, v&nbsp;exkluz\u00edvnych priestoroch pre n\u00e1v\u0161tevn\u00edkov, kde im poskytneme slu\u017eby, relax, z\u00e1bavu, ale i&nbsp;vzdel\u00e1vanie.&#8221;&nbsp;<\/p>\n\n\n\n<div class=\"row\">\n    <div class=\"col\">\n        <hr class=\"mt-45 mb-45\">\n    <\/div>\n<\/div>\n\n\n<p><\/p>\n\n\n\n<p>Dr\u017e\u00edme projektu palce. <strong>Aktu\u00e1lne inform\u00e1cie o napredovan\u00ed projektu, aktualiz\u00e1cie a fotografie o pokroku v implement\u00e1cii projektov\u00fdch aktiv\u00edt <\/strong>m\u00f4\u017eete n\u00e1js\u0165<strong> <a href=\"http:\/\/www.zazitokvmuzeu.sk\" target=\"_blank\" rel=\"noreferrer noopener\">na webovej str\u00e1nke www.zazitokvmuzeu.sk<\/a><\/strong>.<\/p>\n\n\n\n<p>Rovnako si m\u00f4\u017eete vypo\u010du\u0165 z\u00e1znam z \u00favodnej konferencie o hist\u00f3rii, s\u00fa\u010dasnosti a v\u00edzii historick\u00e9ho are\u00e1lu v Marku\u0161ovciach: <\/p>\n\n\n\n<figure class=\"wp-block-embed is-type-video is-provider-youtube wp-block-embed-youtube wp-embed-aspect-16-9 wp-has-aspect-ratio\"><div class=\"wp-block-embed__wrapper\">\n<iframe loading=\"lazy\" title=\"Z\u00e1znam z otv\u00e1racej konferencie K\u00faria Zuzana \u2013 z\u00e1\u017eitok v m\u00fazeu\" width=\"640\" height=\"360\" src=\"https:\/\/www.youtube.com\/embed\/ndytwiNYV6A?feature=oembed\" frameborder=\"0\" allow=\"accelerometer; autoplay; clipboard-write; encrypted-media; gyroscope; picture-in-picture; web-share\" referrerpolicy=\"strict-origin-when-cross-origin\" allowfullscreen><\/iframe>\n<\/div><\/figure>\n\n\n\n<p>&#8211; vr\u00e1tane pridania <strong>log<\/strong> s&nbsp;hypertextov\u00fdmi odkazmi na web s\u00eddla (Granty EHP, \u0160t\u00e1tny rozpo\u010det SR &#8211; slovensk\u00fd znak, M\u00fazeum Spi\u0161a v SNV, SO\u0160D a Gagar\u00edn) a<strong> verzie v anglickom jazyku.<\/strong><\/p>\n\n\n\n<div class=\"wp-block-columns is-layout-flex wp-container-core-columns-is-layout-9d6595d7 wp-block-columns-is-layout-flex\">\n<div class=\"wp-block-column is-layout-flow wp-block-column-is-layout-flow\"><div class=\"wp-block-image\">\n<figure class=\"aligncenter size-large\"><a href=\"https:\/\/eeagrants.org\/\"><img loading=\"lazy\" decoding=\"async\" width=\"1024\" height=\"718\" src=\"https:\/\/vraji.sk\/wp-content\/uploads\/2022\/04\/EEA_grants@4x-1024x718.png\" alt=\"\" class=\"wp-image-11058\" srcset=\"https:\/\/vraji.sk\/wp-content\/uploads\/2022\/04\/EEA_grants@4x-1024x718.png 1024w, https:\/\/vraji.sk\/wp-content\/uploads\/2022\/04\/EEA_grants@4x-300x210.png 300w, https:\/\/vraji.sk\/wp-content\/uploads\/2022\/04\/EEA_grants@4x-768x538.png 768w, https:\/\/vraji.sk\/wp-content\/uploads\/2022\/04\/EEA_grants@4x-1536x1076.png 1536w, https:\/\/vraji.sk\/wp-content\/uploads\/2022\/04\/EEA_grants@4x.png 1674w\" sizes=\"auto, (max-width: 1024px) 100vw, 1024px\" \/><\/a><\/figure>\n<\/div><\/div>\n\n\n\n<div class=\"wp-block-column is-vertically-aligned-center is-layout-flow wp-block-column-is-layout-flow\"><div class=\"wp-block-image\">\n<figure class=\"aligncenter size-full is-resized\"><a href=\"https:\/\/www.mirri.gov.sk\/\"><img loading=\"lazy\" decoding=\"async\" src=\"https:\/\/vraji.sk\/wp-content\/uploads\/2023\/01\/Statny-znak.png\" alt=\"\" class=\"wp-image-11424\" width=\"98\" height=\"119\"\/><\/a><\/figure>\n<\/div><\/div>\n\n\n\n<div class=\"wp-block-column is-layout-flow wp-block-column-is-layout-flow\"><div class=\"wp-block-image\">\n<figure class=\"aligncenter size-full\"><a href=\"https:\/\/www.gagarin.is\/\"><img loading=\"lazy\" decoding=\"async\" width=\"176\" height=\"165\" src=\"https:\/\/vraji.sk\/wp-content\/uploads\/2022\/04\/Gagarin.jpg\" alt=\"\" class=\"wp-image-11068\" srcset=\"https:\/\/vraji.sk\/wp-content\/uploads\/2022\/04\/Gagarin.jpg 176w, https:\/\/vraji.sk\/wp-content\/uploads\/2022\/04\/Gagarin-24x24.jpg 24w\" sizes=\"auto, (max-width: 176px) 100vw, 176px\" \/><\/a><\/figure>\n<\/div><\/div>\n\n\n\n<div class=\"wp-block-column is-layout-flow wp-block-column-is-layout-flow\"><div class=\"wp-block-image\">\n<figure class=\"aligncenter size-large\"><a href=\"https:\/\/www.zazitokvmuzeu.sk\/\"><img loading=\"lazy\" decoding=\"async\" width=\"1024\" height=\"737\" src=\"https:\/\/vraji.sk\/wp-content\/uploads\/2022\/04\/MZ_logo_farba-1024x737.png\" alt=\"\" class=\"wp-image-11072\" srcset=\"https:\/\/vraji.sk\/wp-content\/uploads\/2022\/04\/MZ_logo_farba-1024x737.png 1024w, https:\/\/vraji.sk\/wp-content\/uploads\/2022\/04\/MZ_logo_farba-300x216.png 300w, https:\/\/vraji.sk\/wp-content\/uploads\/2022\/04\/MZ_logo_farba-768x553.png 768w, https:\/\/vraji.sk\/wp-content\/uploads\/2022\/04\/MZ_logo_farba.png 1334w\" sizes=\"auto, (max-width: 1024px) 100vw, 1024px\" \/><\/a><\/figure>\n<\/div><\/div>\n\n\n\n<div class=\"wp-block-column is-layout-flow wp-block-column-is-layout-flow\"><div class=\"wp-block-image\">\n<figure class=\"aligncenter size-full\"><a href=\"https:\/\/sosdsnv.edupage.org\/\"><img loading=\"lazy\" decoding=\"async\" width=\"550\" height=\"465\" src=\"https:\/\/vraji.sk\/wp-content\/uploads\/2022\/10\/SPS-drevarska.png\" alt=\"\" class=\"wp-image-11066\" srcset=\"https:\/\/vraji.sk\/wp-content\/uploads\/2022\/10\/SPS-drevarska.png 550w, https:\/\/vraji.sk\/wp-content\/uploads\/2022\/10\/SPS-drevarska-300x254.png 300w\" sizes=\"auto, (max-width: 550px) 100vw, 550px\" \/><\/a><\/figure>\n<\/div><\/div>\n<\/div>\n","protected":false},"excerpt":{"rendered":"<p>M\u00fazeum Spi\u0161a v Spi\u0161skej Novej Vsi v roku 2020 uspelo s projektom na rekon\u0161trukciu historickej ho<\/p>\n","protected":false},"author":52,"featured_media":9536,"comment_status":"open","ping_status":"open","sticky":false,"template":"","format":"standard","meta":{"_acf_changed":false,"footnotes":""},"categories":[1],"tags":[],"class_list":["post-9526","post","type-post","status-publish","format-standard","has-post-thumbnail","hentry","category-uncategorized-sk"],"acf":[],"yoast_head":"<!-- This site is optimized with the Yoast SEO plugin v27.4 - https:\/\/yoast.com\/product\/yoast-seo-wordpress\/ -->\n<title>Obnova K\u00farie Zuzana v Marku\u0161ovciach - OOCR<\/title>\n<meta name=\"description\" content=\"Pri renesan\u010dnom ka\u0161tieli a letohr\u00e1dku Dardanely v Marku\u0161ovciach bola zrekon\u0161truovan\u00e1 historick\u00e1 K\u00faria Zuzana z 18. storo\u010dia.\" \/>\n<meta name=\"robots\" content=\"index, follow, max-snippet:-1, max-image-preview:large, max-video-preview:-1\" \/>\n<link rel=\"canonical\" href=\"https:\/\/vraji.sk\/pl\/kuriazuzana\/\" \/>\n<meta property=\"og:locale\" content=\"pl_PL\" \/>\n<meta property=\"og:type\" content=\"article\" \/>\n<meta property=\"og:title\" content=\"Obnova K\u00farie Zuzana v Marku\u0161ovciach - OOCR\" \/>\n<meta property=\"og:description\" content=\"Pri renesan\u010dnom ka\u0161tieli a letohr\u00e1dku Dardanely v Marku\u0161ovciach bola zrekon\u0161truovan\u00e1 historick\u00e1 K\u00faria Zuzana z 18. storo\u010dia.\" \/>\n<meta property=\"og:url\" content=\"https:\/\/vraji.sk\/pl\/kuriazuzana\/\" \/>\n<meta property=\"og:site_name\" content=\"OOCR\" \/>\n<meta property=\"article:published_time\" content=\"2022-04-01T10:03:09+00:00\" \/>\n<meta property=\"article:modified_time\" content=\"2023-01-13T11:26:18+00:00\" \/>\n<meta property=\"og:image\" content=\"https:\/\/vraji.sk\/wp-content\/uploads\/2022\/04\/na-web-3.jpg\" \/>\n\t<meta property=\"og:image:width\" content=\"1498\" \/>\n\t<meta property=\"og:image:height\" content=\"749\" \/>\n\t<meta property=\"og:image:type\" content=\"image\/jpeg\" \/>\n<meta name=\"author\" content=\"OOCR\" \/>\n<meta name=\"twitter:card\" content=\"summary_large_image\" \/>\n<meta name=\"twitter:label1\" content=\"Napisane przez\" \/>\n\t<meta name=\"twitter:data1\" content=\"OOCR\" \/>\n\t<meta name=\"twitter:label2\" content=\"Szacowany czas czytania\" \/>\n\t<meta name=\"twitter:data2\" content=\"4 minuty\" \/>\n<script type=\"application\/ld+json\" class=\"yoast-schema-graph\">{\"@context\":\"https:\\\/\\\/schema.org\",\"@graph\":[{\"@type\":\"Article\",\"@id\":\"https:\\\/\\\/vraji.sk\\\/pl\\\/kuriazuzana\\\/#article\",\"isPartOf\":{\"@id\":\"https:\\\/\\\/vraji.sk\\\/pl\\\/kuriazuzana\\\/\"},\"author\":{\"name\":\"OOCR\",\"@id\":\"https:\\\/\\\/vraji.sk\\\/pl\\\/#\\\/schema\\\/person\\\/6ba5da72601ea4018533f90f796d4530\"},\"headline\":\"Obnova K\u00farie Zuzana v Marku\u0161ovciach\",\"datePublished\":\"2022-04-01T10:03:09+00:00\",\"dateModified\":\"2023-01-13T11:26:18+00:00\",\"mainEntityOfPage\":{\"@id\":\"https:\\\/\\\/vraji.sk\\\/pl\\\/kuriazuzana\\\/\"},\"wordCount\":686,\"commentCount\":0,\"publisher\":{\"@id\":\"https:\\\/\\\/vraji.sk\\\/pl\\\/#organization\"},\"image\":{\"@id\":\"https:\\\/\\\/vraji.sk\\\/pl\\\/kuriazuzana\\\/#primaryimage\"},\"thumbnailUrl\":\"https:\\\/\\\/vraji.sk\\\/wp-content\\\/uploads\\\/2022\\\/04\\\/na-web-3.jpg\",\"articleSection\":[\"Uncategorized @sk\"],\"inLanguage\":\"pl-PL\",\"potentialAction\":[{\"@type\":\"CommentAction\",\"name\":\"Comment\",\"target\":[\"https:\\\/\\\/vraji.sk\\\/pl\\\/kuriazuzana\\\/#respond\"]}]},{\"@type\":\"WebPage\",\"@id\":\"https:\\\/\\\/vraji.sk\\\/pl\\\/kuriazuzana\\\/\",\"url\":\"https:\\\/\\\/vraji.sk\\\/pl\\\/kuriazuzana\\\/\",\"name\":\"Obnova K\u00farie Zuzana v Marku\u0161ovciach - OOCR\",\"isPartOf\":{\"@id\":\"https:\\\/\\\/vraji.sk\\\/pl\\\/#website\"},\"primaryImageOfPage\":{\"@id\":\"https:\\\/\\\/vraji.sk\\\/pl\\\/kuriazuzana\\\/#primaryimage\"},\"image\":{\"@id\":\"https:\\\/\\\/vraji.sk\\\/pl\\\/kuriazuzana\\\/#primaryimage\"},\"thumbnailUrl\":\"https:\\\/\\\/vraji.sk\\\/wp-content\\\/uploads\\\/2022\\\/04\\\/na-web-3.jpg\",\"datePublished\":\"2022-04-01T10:03:09+00:00\",\"dateModified\":\"2023-01-13T11:26:18+00:00\",\"description\":\"Pri renesan\u010dnom ka\u0161tieli a letohr\u00e1dku Dardanely v Marku\u0161ovciach bola zrekon\u0161truovan\u00e1 historick\u00e1 K\u00faria Zuzana z 18. storo\u010dia.\",\"breadcrumb\":{\"@id\":\"https:\\\/\\\/vraji.sk\\\/pl\\\/kuriazuzana\\\/#breadcrumb\"},\"inLanguage\":\"pl-PL\",\"potentialAction\":[{\"@type\":\"ReadAction\",\"target\":[\"https:\\\/\\\/vraji.sk\\\/pl\\\/kuriazuzana\\\/\"]}]},{\"@type\":\"ImageObject\",\"inLanguage\":\"pl-PL\",\"@id\":\"https:\\\/\\\/vraji.sk\\\/pl\\\/kuriazuzana\\\/#primaryimage\",\"url\":\"https:\\\/\\\/vraji.sk\\\/wp-content\\\/uploads\\\/2022\\\/04\\\/na-web-3.jpg\",\"contentUrl\":\"https:\\\/\\\/vraji.sk\\\/wp-content\\\/uploads\\\/2022\\\/04\\\/na-web-3.jpg\",\"width\":1498,\"height\":749},{\"@type\":\"BreadcrumbList\",\"@id\":\"https:\\\/\\\/vraji.sk\\\/pl\\\/kuriazuzana\\\/#breadcrumb\",\"itemListElement\":[{\"@type\":\"ListItem\",\"position\":1,\"name\":\"Home\",\"item\":\"https:\\\/\\\/vraji.sk\\\/pl\\\/strona-glowna\\\/\"},{\"@type\":\"ListItem\",\"position\":2,\"name\":\"Obnova K\u00farie Zuzana v Marku\u0161ovciach\"}]},{\"@type\":\"WebSite\",\"@id\":\"https:\\\/\\\/vraji.sk\\\/pl\\\/#website\",\"url\":\"https:\\\/\\\/vraji.sk\\\/pl\\\/\",\"name\":\"OOCR\",\"description\":\"Regi\u00f3n Slovensk\u00fd raj a Spi\u0161 | Z\u00e1\u017eitky, turistika, hist\u00f3ria | vRaji.sk\",\"publisher\":{\"@id\":\"https:\\\/\\\/vraji.sk\\\/pl\\\/#organization\"},\"potentialAction\":[{\"@type\":\"SearchAction\",\"target\":{\"@type\":\"EntryPoint\",\"urlTemplate\":\"https:\\\/\\\/vraji.sk\\\/pl\\\/?s={search_term_string}\"},\"query-input\":{\"@type\":\"PropertyValueSpecification\",\"valueRequired\":true,\"valueName\":\"search_term_string\"}}],\"inLanguage\":\"pl-PL\"},{\"@type\":\"Organization\",\"@id\":\"https:\\\/\\\/vraji.sk\\\/pl\\\/#organization\",\"name\":\"OOCR\",\"url\":\"https:\\\/\\\/vraji.sk\\\/pl\\\/\",\"logo\":{\"@type\":\"ImageObject\",\"inLanguage\":\"pl-PL\",\"@id\":\"https:\\\/\\\/vraji.sk\\\/pl\\\/#\\\/schema\\\/logo\\\/image\\\/\",\"url\":\"https:\\\/\\\/vraji.sk\\\/wp-content\\\/uploads\\\/2021\\\/11\\\/biele-logo-1.svg\",\"contentUrl\":\"https:\\\/\\\/vraji.sk\\\/wp-content\\\/uploads\\\/2021\\\/11\\\/biele-logo-1.svg\",\"caption\":\"OOCR\"},\"image\":{\"@id\":\"https:\\\/\\\/vraji.sk\\\/pl\\\/#\\\/schema\\\/logo\\\/image\\\/\"}},{\"@type\":\"Person\",\"@id\":\"https:\\\/\\\/vraji.sk\\\/pl\\\/#\\\/schema\\\/person\\\/6ba5da72601ea4018533f90f796d4530\",\"name\":\"OOCR\",\"image\":{\"@type\":\"ImageObject\",\"inLanguage\":\"pl-PL\",\"@id\":\"https:\\\/\\\/secure.gravatar.com\\\/avatar\\\/254aa66d580269ab31c41bb5eb446b00d03ea31eab4a58840a0e31f2890e31c4?s=96&d=mm&r=g\",\"url\":\"https:\\\/\\\/secure.gravatar.com\\\/avatar\\\/254aa66d580269ab31c41bb5eb446b00d03ea31eab4a58840a0e31f2890e31c4?s=96&d=mm&r=g\",\"contentUrl\":\"https:\\\/\\\/secure.gravatar.com\\\/avatar\\\/254aa66d580269ab31c41bb5eb446b00d03ea31eab4a58840a0e31f2890e31c4?s=96&d=mm&r=g\",\"caption\":\"OOCR\"},\"url\":\"https:\\\/\\\/vraji.sk\\\/pl\\\/author\\\/oocr-info\\\/\"}]}<\/script>\n<!-- \/ Yoast SEO plugin. -->","yoast_head_json":{"title":"Obnova K\u00farie Zuzana v Marku\u0161ovciach - OOCR","description":"Pri renesan\u010dnom ka\u0161tieli a letohr\u00e1dku Dardanely v Marku\u0161ovciach bola zrekon\u0161truovan\u00e1 historick\u00e1 K\u00faria Zuzana z 18. storo\u010dia.","robots":{"index":"index","follow":"follow","max-snippet":"max-snippet:-1","max-image-preview":"max-image-preview:large","max-video-preview":"max-video-preview:-1"},"canonical":"https:\/\/vraji.sk\/pl\/kuriazuzana\/","og_locale":"pl_PL","og_type":"article","og_title":"Obnova K\u00farie Zuzana v Marku\u0161ovciach - OOCR","og_description":"Pri renesan\u010dnom ka\u0161tieli a letohr\u00e1dku Dardanely v Marku\u0161ovciach bola zrekon\u0161truovan\u00e1 historick\u00e1 K\u00faria Zuzana z 18. storo\u010dia.","og_url":"https:\/\/vraji.sk\/pl\/kuriazuzana\/","og_site_name":"OOCR","article_published_time":"2022-04-01T10:03:09+00:00","article_modified_time":"2023-01-13T11:26:18+00:00","og_image":[{"width":1498,"height":749,"url":"https:\/\/vraji.sk\/wp-content\/uploads\/2022\/04\/na-web-3.jpg","type":"image\/jpeg"}],"author":"OOCR","twitter_card":"summary_large_image","twitter_misc":{"Napisane przez":"OOCR","Szacowany czas czytania":"4 minuty"},"schema":{"@context":"https:\/\/schema.org","@graph":[{"@type":"Article","@id":"https:\/\/vraji.sk\/pl\/kuriazuzana\/#article","isPartOf":{"@id":"https:\/\/vraji.sk\/pl\/kuriazuzana\/"},"author":{"name":"OOCR","@id":"https:\/\/vraji.sk\/pl\/#\/schema\/person\/6ba5da72601ea4018533f90f796d4530"},"headline":"Obnova K\u00farie Zuzana v Marku\u0161ovciach","datePublished":"2022-04-01T10:03:09+00:00","dateModified":"2023-01-13T11:26:18+00:00","mainEntityOfPage":{"@id":"https:\/\/vraji.sk\/pl\/kuriazuzana\/"},"wordCount":686,"commentCount":0,"publisher":{"@id":"https:\/\/vraji.sk\/pl\/#organization"},"image":{"@id":"https:\/\/vraji.sk\/pl\/kuriazuzana\/#primaryimage"},"thumbnailUrl":"https:\/\/vraji.sk\/wp-content\/uploads\/2022\/04\/na-web-3.jpg","articleSection":["Uncategorized @sk"],"inLanguage":"pl-PL","potentialAction":[{"@type":"CommentAction","name":"Comment","target":["https:\/\/vraji.sk\/pl\/kuriazuzana\/#respond"]}]},{"@type":"WebPage","@id":"https:\/\/vraji.sk\/pl\/kuriazuzana\/","url":"https:\/\/vraji.sk\/pl\/kuriazuzana\/","name":"Obnova K\u00farie Zuzana v Marku\u0161ovciach - OOCR","isPartOf":{"@id":"https:\/\/vraji.sk\/pl\/#website"},"primaryImageOfPage":{"@id":"https:\/\/vraji.sk\/pl\/kuriazuzana\/#primaryimage"},"image":{"@id":"https:\/\/vraji.sk\/pl\/kuriazuzana\/#primaryimage"},"thumbnailUrl":"https:\/\/vraji.sk\/wp-content\/uploads\/2022\/04\/na-web-3.jpg","datePublished":"2022-04-01T10:03:09+00:00","dateModified":"2023-01-13T11:26:18+00:00","description":"Pri renesan\u010dnom ka\u0161tieli a letohr\u00e1dku Dardanely v Marku\u0161ovciach bola zrekon\u0161truovan\u00e1 historick\u00e1 K\u00faria Zuzana z 18. storo\u010dia.","breadcrumb":{"@id":"https:\/\/vraji.sk\/pl\/kuriazuzana\/#breadcrumb"},"inLanguage":"pl-PL","potentialAction":[{"@type":"ReadAction","target":["https:\/\/vraji.sk\/pl\/kuriazuzana\/"]}]},{"@type":"ImageObject","inLanguage":"pl-PL","@id":"https:\/\/vraji.sk\/pl\/kuriazuzana\/#primaryimage","url":"https:\/\/vraji.sk\/wp-content\/uploads\/2022\/04\/na-web-3.jpg","contentUrl":"https:\/\/vraji.sk\/wp-content\/uploads\/2022\/04\/na-web-3.jpg","width":1498,"height":749},{"@type":"BreadcrumbList","@id":"https:\/\/vraji.sk\/pl\/kuriazuzana\/#breadcrumb","itemListElement":[{"@type":"ListItem","position":1,"name":"Home","item":"https:\/\/vraji.sk\/pl\/strona-glowna\/"},{"@type":"ListItem","position":2,"name":"Obnova K\u00farie Zuzana v Marku\u0161ovciach"}]},{"@type":"WebSite","@id":"https:\/\/vraji.sk\/pl\/#website","url":"https:\/\/vraji.sk\/pl\/","name":"OOCR","description":"Regi\u00f3n Slovensk\u00fd raj a Spi\u0161 | Z\u00e1\u017eitky, turistika, hist\u00f3ria | vRaji.sk","publisher":{"@id":"https:\/\/vraji.sk\/pl\/#organization"},"potentialAction":[{"@type":"SearchAction","target":{"@type":"EntryPoint","urlTemplate":"https:\/\/vraji.sk\/pl\/?s={search_term_string}"},"query-input":{"@type":"PropertyValueSpecification","valueRequired":true,"valueName":"search_term_string"}}],"inLanguage":"pl-PL"},{"@type":"Organization","@id":"https:\/\/vraji.sk\/pl\/#organization","name":"OOCR","url":"https:\/\/vraji.sk\/pl\/","logo":{"@type":"ImageObject","inLanguage":"pl-PL","@id":"https:\/\/vraji.sk\/pl\/#\/schema\/logo\/image\/","url":"https:\/\/vraji.sk\/wp-content\/uploads\/2021\/11\/biele-logo-1.svg","contentUrl":"https:\/\/vraji.sk\/wp-content\/uploads\/2021\/11\/biele-logo-1.svg","caption":"OOCR"},"image":{"@id":"https:\/\/vraji.sk\/pl\/#\/schema\/logo\/image\/"}},{"@type":"Person","@id":"https:\/\/vraji.sk\/pl\/#\/schema\/person\/6ba5da72601ea4018533f90f796d4530","name":"OOCR","image":{"@type":"ImageObject","inLanguage":"pl-PL","@id":"https:\/\/secure.gravatar.com\/avatar\/254aa66d580269ab31c41bb5eb446b00d03ea31eab4a58840a0e31f2890e31c4?s=96&d=mm&r=g","url":"https:\/\/secure.gravatar.com\/avatar\/254aa66d580269ab31c41bb5eb446b00d03ea31eab4a58840a0e31f2890e31c4?s=96&d=mm&r=g","contentUrl":"https:\/\/secure.gravatar.com\/avatar\/254aa66d580269ab31c41bb5eb446b00d03ea31eab4a58840a0e31f2890e31c4?s=96&d=mm&r=g","caption":"OOCR"},"url":"https:\/\/vraji.sk\/pl\/author\/oocr-info\/"}]}},"_links":{"self":[{"href":"https:\/\/vraji.sk\/pl\/wp-json\/wp\/v2\/posts\/9526","targetHints":{"allow":["GET"]}}],"collection":[{"href":"https:\/\/vraji.sk\/pl\/wp-json\/wp\/v2\/posts"}],"about":[{"href":"https:\/\/vraji.sk\/pl\/wp-json\/wp\/v2\/types\/post"}],"author":[{"embeddable":true,"href":"https:\/\/vraji.sk\/pl\/wp-json\/wp\/v2\/users\/52"}],"replies":[{"embeddable":true,"href":"https:\/\/vraji.sk\/pl\/wp-json\/wp\/v2\/comments?post=9526"}],"version-history":[{"count":8,"href":"https:\/\/vraji.sk\/pl\/wp-json\/wp\/v2\/posts\/9526\/revisions"}],"predecessor-version":[{"id":11428,"href":"https:\/\/vraji.sk\/pl\/wp-json\/wp\/v2\/posts\/9526\/revisions\/11428"}],"wp:featuredmedia":[{"embeddable":true,"href":"https:\/\/vraji.sk\/pl\/wp-json\/wp\/v2\/media\/9536"}],"wp:attachment":[{"href":"https:\/\/vraji.sk\/pl\/wp-json\/wp\/v2\/media?parent=9526"}],"wp:term":[{"taxonomy":"category","embeddable":true,"href":"https:\/\/vraji.sk\/pl\/wp-json\/wp\/v2\/categories?post=9526"},{"taxonomy":"post_tag","embeddable":true,"href":"https:\/\/vraji.sk\/pl\/wp-json\/wp\/v2\/tags?post=9526"}],"curies":[{"name":"wp","href":"https:\/\/api.w.org\/{rel}","templated":true}]}}